{"id":5846,"date":"2018-03-14T10:47:12","date_gmt":"2018-03-14T09:47:12","guid":{"rendered":"http:\/\/www.naturparkmagazin.de\/schwaebisch-fraenkischer-wald\/?p=5846"},"modified":"2018-01-09T11:01:38","modified_gmt":"2018-01-09T10:01:38","slug":"naturpark-aktiv-erholung-pur-im-wald","status":"publish","type":"post","link":"https:\/\/www.naturparkmagazin.de\/schwaebisch-fraenkischer-wald\/naturpark-aktiv-erholung-pur-im-wald\/","title":{"rendered":"Naturpark aktiv: Erholung pur im Wald"},"content":{"rendered":"<ol start=\"29\">\n<li>April \u2013 Sonntag\n<div id=\"attachment_5847\" style=\"width: 310px\" class=\"wp-caption alignright\"><a href=\"https:\/\/www.naturparkmagazin.de\/schwaebisch-fraenkischer-wald\/wp-content\/uploads\/sites\/34\/18.04.29_Np-aktiv_Ehrle.jpg\"><img aria-describedby=\"caption-attachment-5847\" decoding=\"async\" loading=\"lazy\" class=\"size-full wp-image-5847\" src=\"https:\/\/www.naturparkmagazin.de\/schwaebisch-fraenkischer-wald\/wp-content\/uploads\/sites\/34\/18.04.29_Np-aktiv_Ehrle.jpg\" alt=\"Erholung pur im Wald\" width=\"300\" height=\"500\" srcset=\"https:\/\/www.naturparkmagazin.de\/schwaebisch-fraenkischer-wald\/wp-content\/uploads\/sites\/34\/18.04.29_Np-aktiv_Ehrle.jpg 300w, https:\/\/www.naturparkmagazin.de\/schwaebisch-fraenkischer-wald\/wp-content\/uploads\/sites\/34\/18.04.29_Np-aktiv_Ehrle-200x333.jpg 200w\" sizes=\"(max-width: 300px) 100vw, 300px\" \/><\/a><p id=\"caption-attachment-5847\" class=\"wp-caption-text\">Erholung pur im Wald<\/p><\/div><\/li>\n<\/ol>\n<p>Frisches Gr\u00fcn, Vogelgezwitscher, eine warme Fr\u00fchlingsbrise und der waldige Duft sind eine Wohltat f\u00fcr gestresste Gem\u00fcter. Naturparkf\u00fchrerin Jutta Ehrle f\u00fchrt durch verschiedene Waldtypen, die alle auf ihre Weise ansprechend sind. Jeder kann seine pers\u00f6nliche Beziehung zum Lebensraum Wald entdecken. Auch kulturhistorische Sch\u00e4tze sind im Wald versteckt, und \u00fcber fr\u00fchere Waldnutzung gibt es viel zu erz\u00e4hlen.<\/p>\n<ul>\n<li>Start: 14.30 Uhr<\/li>\n<li>Treffpunkt: Waldenburg, Parkplatz Sportanlagen, Albert-Schweitzer-Stra\u00dfe<\/li>\n<li>Dauer: Ca. 3 Stunden<\/li>\n<li>Kosten: 6 \u20ac\/Person<\/li>\n<li>Sitzkissen mitbringen<\/li>\n<li>Kontakt: 0 79 71 \/ 97 79 79, <a href=\"mailto:ehrle@die-naturparkfuehrer.de\" target=\"_blank\">ehrle@die-naturparkfuehrer.de<\/a><\/li>\n<\/ul>\n<p>&nbsp;<\/p>\n","protected":false},"excerpt":{"rendered":"<p>29.04: Mit Naturparkf\u00fchrerin Jutta Ehrle verschiedene Waldtypen entdecken<\/p>\n","protected":false},"author":25,"featured_media":5848,"comment_status":"open","ping_status":"open","sticky":false,"template":"","format":"standard","meta":[],"categories":[11],"tags":[1069],"yoast_head":"<!-- This site is optimized with the Yoast SEO plugin v19.10 - https:\/\/yoast.com\/wordpress\/plugins\/seo\/ -->\n<title>Naturpark aktiv: Erholung pur im Wald - Naturpark Schw\u00e4bisch-Fr\u00e4nkischer Wald<\/title>\n<meta name=\"robots\" content=\"index, follow, max-snippet:-1, max-image-preview:large, max-video-preview:-1\" \/>\n<link rel=\"canonical\" href=\"https:\/\/www.naturparkmagazin.de\/schwaebisch-fraenkischer-wald\/naturpark-aktiv-erholung-pur-im-wald\/\" \/>\n<meta property=\"og:locale\" content=\"de_DE\" \/>\n<meta property=\"og:type\" content=\"article\" \/>\n<meta property=\"og:title\" content=\"Naturpark aktiv: Erholung pur im Wald - Naturpark Schw\u00e4bisch-Fr\u00e4nkischer Wald\" \/>\n<meta property=\"og:description\" content=\"29.04: Mit Naturparkf\u00fchrerin Jutta Ehrle verschiedene Waldtypen entdecken\" \/>\n<meta property=\"og:url\" content=\"https:\/\/www.naturparkmagazin.de\/schwaebisch-fraenkischer-wald\/naturpark-aktiv-erholung-pur-im-wald\/\" \/>\n<meta property=\"og:site_name\" content=\"Naturpark Schw\u00e4bisch-Fr\u00e4nkischer Wald\" \/>\n<meta property=\"article:author\" content=\"https:\/\/www.facebook.com\/naturparkSFW\" \/>\n<meta property=\"article:published_time\" content=\"2018-03-14T09:47:12+00:00\" \/>\n<meta property=\"article:modified_time\" content=\"2018-01-09T10:01:38+00:00\" \/>\n<meta property=\"og:image\" content=\"https:\/\/www.naturparkmagazin.de\/schwaebisch-fraenkischer-wald\/wp-content\/uploads\/sites\/34\/18.04.29_Np-aktiv_Ehrle1.jpg\" \/>\n\t<meta property=\"og:image:width\" content=\"200\" \/>\n\t<meta property=\"og:image:height\" content=\"200\" \/>\n\t<meta property=\"og:image:type\" content=\"image\/jpeg\" \/>\n<meta name=\"author\" content=\"Naturpark-Team\" \/>\n<meta name=\"twitter:label1\" content=\"Verfasst von\" \/>\n\t<meta name=\"twitter:data1\" content=\"Naturpark-Team\" \/>\n<script type=\"application\/ld+json\" class=\"yoast-schema-graph\">{\"@context\":\"https:\/\/schema.org\",\"@graph\":[{\"@type\":\"WebPage\",\"@id\":\"https:\/\/www.naturparkmagazin.de\/schwaebisch-fraenkischer-wald\/naturpark-aktiv-erholung-pur-im-wald\/\",\"url\":\"https:\/\/www.naturparkmagazin.de\/schwaebisch-fraenkischer-wald\/naturpark-aktiv-erholung-pur-im-wald\/\",\"name\":\"Naturpark aktiv: Erholung pur im Wald - Naturpark Schw\u00e4bisch-Fr\u00e4nkischer Wald\",\"isPartOf\":{\"@id\":\"https:\/\/www.naturparkmagazin.de\/schwaebisch-fraenkischer-wald\/#website\"},\"datePublished\":\"2018-03-14T09:47:12+00:00\",\"dateModified\":\"2018-01-09T10:01:38+00:00\",\"author\":{\"@id\":\"https:\/\/www.naturparkmagazin.de\/schwaebisch-fraenkischer-wald\/#\/schema\/person\/f047a3702ae747fd7830cf8ac95e6066\"},\"breadcrumb\":{\"@id\":\"https:\/\/www.naturparkmagazin.de\/schwaebisch-fraenkischer-wald\/naturpark-aktiv-erholung-pur-im-wald\/#breadcrumb\"},\"inLanguage\":\"de\",\"potentialAction\":[{\"@type\":\"ReadAction\",\"target\":[\"https:\/\/www.naturparkmagazin.de\/schwaebisch-fraenkischer-wald\/naturpark-aktiv-erholung-pur-im-wald\/\"]}]},{\"@type\":\"BreadcrumbList\",\"@id\":\"https:\/\/www.naturparkmagazin.de\/schwaebisch-fraenkischer-wald\/naturpark-aktiv-erholung-pur-im-wald\/#breadcrumb\",\"itemListElement\":[{\"@type\":\"ListItem\",\"position\":1,\"name\":\"Home\",\"item\":\"https:\/\/www.naturparkmagazin.de\/schwaebisch-fraenkischer-wald\/\"},{\"@type\":\"ListItem\",\"position\":2,\"name\":\"Naturpark aktiv: Erholung pur im Wald\"}]},{\"@type\":\"WebSite\",\"@id\":\"https:\/\/www.naturparkmagazin.de\/schwaebisch-fraenkischer-wald\/#website\",\"url\":\"https:\/\/www.naturparkmagazin.de\/schwaebisch-fraenkischer-wald\/\",\"name\":\"Naturpark Schw\u00e4bisch-Fr\u00e4nkischer Wald\",\"description\":\"\",\"potentialAction\":[{\"@type\":\"SearchAction\",\"target\":{\"@type\":\"EntryPoint\",\"urlTemplate\":\"https:\/\/www.naturparkmagazin.de\/schwaebisch-fraenkischer-wald\/?s={search_term_string}\"},\"query-input\":\"required name=search_term_string\"}],\"inLanguage\":\"de\"},{\"@type\":\"Person\",\"@id\":\"https:\/\/www.naturparkmagazin.de\/schwaebisch-fraenkischer-wald\/#\/schema\/person\/f047a3702ae747fd7830cf8ac95e6066\",\"name\":\"Naturpark-Team\",\"sameAs\":[\"http:\/\/www.naturpark-sfw.de\",\"https:\/\/www.facebook.com\/naturparkSFW\"],\"url\":\"https:\/\/www.naturparkmagazin.de\/schwaebisch-fraenkischer-wald\/author\/bernharddrixler\/\"}]}<\/script>\n<!-- \/ Yoast SEO plugin. -->","yoast_head_json":{"title":"Naturpark aktiv: Erholung pur im Wald - Naturpark Schw\u00e4bisch-Fr\u00e4nkischer Wald","robots":{"index":"index","follow":"follow","max-snippet":"max-snippet:-1","max-image-preview":"max-image-preview:large","max-video-preview":"max-video-preview:-1"},"canonical":"https:\/\/www.naturparkmagazin.de\/schwaebisch-fraenkischer-wald\/naturpark-aktiv-erholung-pur-im-wald\/","og_locale":"de_DE","og_type":"article","og_title":"Naturpark aktiv: Erholung pur im Wald - Naturpark Schw\u00e4bisch-Fr\u00e4nkischer Wald","og_description":"29.04: Mit Naturparkf\u00fchrerin Jutta Ehrle verschiedene Waldtypen entdecken","og_url":"https:\/\/www.naturparkmagazin.de\/schwaebisch-fraenkischer-wald\/naturpark-aktiv-erholung-pur-im-wald\/","og_site_name":"Naturpark Schw\u00e4bisch-Fr\u00e4nkischer Wald","article_author":"https:\/\/www.facebook.com\/naturparkSFW","article_published_time":"2018-03-14T09:47:12+00:00","article_modified_time":"2018-01-09T10:01:38+00:00","og_image":[{"width":200,"height":200,"url":"https:\/\/www.naturparkmagazin.de\/schwaebisch-fraenkischer-wald\/wp-content\/uploads\/sites\/34\/18.04.29_Np-aktiv_Ehrle1.jpg","type":"image\/jpeg"}],"author":"Naturpark-Team","twitter_misc":{"Verfasst von":"Naturpark-Team"},"schema":{"@context":"https:\/\/schema.org","@graph":[{"@type":"WebPage","@id":"https:\/\/www.naturparkmagazin.de\/schwaebisch-fraenkischer-wald\/naturpark-aktiv-erholung-pur-im-wald\/","url":"https:\/\/www.naturparkmagazin.de\/schwaebisch-fraenkischer-wald\/naturpark-aktiv-erholung-pur-im-wald\/","name":"Naturpark aktiv: Erholung pur im Wald - Naturpark Schw\u00e4bisch-Fr\u00e4nkischer Wald","isPartOf":{"@id":"https:\/\/www.naturparkmagazin.de\/schwaebisch-fraenkischer-wald\/#website"},"datePublished":"2018-03-14T09:47:12+00:00","dateModified":"2018-01-09T10:01:38+00:00","author":{"@id":"https:\/\/www.naturparkmagazin.de\/schwaebisch-fraenkischer-wald\/#\/schema\/person\/f047a3702ae747fd7830cf8ac95e6066"},"breadcrumb":{"@id":"https:\/\/www.naturparkmagazin.de\/schwaebisch-fraenkischer-wald\/naturpark-aktiv-erholung-pur-im-wald\/#breadcrumb"},"inLanguage":"de","potentialAction":[{"@type":"ReadAction","target":["https:\/\/www.naturparkmagazin.de\/schwaebisch-fraenkischer-wald\/naturpark-aktiv-erholung-pur-im-wald\/"]}]},{"@type":"BreadcrumbList","@id":"https:\/\/www.naturparkmagazin.de\/schwaebisch-fraenkischer-wald\/naturpark-aktiv-erholung-pur-im-wald\/#breadcrumb","itemListElement":[{"@type":"ListItem","position":1,"name":"Home","item":"https:\/\/www.naturparkmagazin.de\/schwaebisch-fraenkischer-wald\/"},{"@type":"ListItem","position":2,"name":"Naturpark aktiv: Erholung pur im Wald"}]},{"@type":"WebSite","@id":"https:\/\/www.naturparkmagazin.de\/schwaebisch-fraenkischer-wald\/#website","url":"https:\/\/www.naturparkmagazin.de\/schwaebisch-fraenkischer-wald\/","name":"Naturpark Schw\u00e4bisch-Fr\u00e4nkischer Wald","description":"","potentialAction":[{"@type":"SearchAction","target":{"@type":"EntryPoint","urlTemplate":"https:\/\/www.naturparkmagazin.de\/schwaebisch-fraenkischer-wald\/?s={search_term_string}"},"query-input":"required name=search_term_string"}],"inLanguage":"de"},{"@type":"Person","@id":"https:\/\/www.naturparkmagazin.de\/schwaebisch-fraenkischer-wald\/#\/schema\/person\/f047a3702ae747fd7830cf8ac95e6066","name":"Naturpark-Team","sameAs":["http:\/\/www.naturpark-sfw.de","https:\/\/www.facebook.com\/naturparkSFW"],"url":"https:\/\/www.naturparkmagazin.de\/schwaebisch-fraenkischer-wald\/author\/bernharddrixler\/"}]}},"_links":{"self":[{"href":"https:\/\/www.naturparkmagazin.de\/schwaebisch-fraenkischer-wald\/wp-json\/wp\/v2\/posts\/5846"}],"collection":[{"href":"https:\/\/www.naturparkmagazin.de\/schwaebisch-fraenkischer-wald\/wp-json\/wp\/v2\/posts"}],"about":[{"href":"https:\/\/www.naturparkmagazin.de\/schwaebisch-fraenkischer-wald\/wp-json\/wp\/v2\/types\/post"}],"author":[{"embeddable":true,"href":"https:\/\/www.naturparkmagazin.de\/schwaebisch-fraenkischer-wald\/wp-json\/wp\/v2\/users\/25"}],"replies":[{"embeddable":true,"href":"https:\/\/www.naturparkmagazin.de\/schwaebisch-fraenkischer-wald\/wp-json\/wp\/v2\/comments?post=5846"}],"version-history":[{"count":3,"href":"https:\/\/www.naturparkmagazin.de\/schwaebisch-fraenkischer-wald\/wp-json\/wp\/v2\/posts\/5846\/revisions"}],"predecessor-version":[{"id":5851,"href":"https:\/\/www.naturparkmagazin.de\/schwaebisch-fraenkischer-wald\/wp-json\/wp\/v2\/posts\/5846\/revisions\/5851"}],"wp:featuredmedia":[{"embeddable":true,"href":"https:\/\/www.naturparkmagazin.de\/schwaebisch-fraenkischer-wald\/wp-json\/wp\/v2\/media\/5848"}],"wp:attachment":[{"href":"https:\/\/www.naturparkmagazin.de\/schwaebisch-fraenkischer-wald\/wp-json\/wp\/v2\/media?parent=5846"}],"wp:term":[{"taxonomy":"category","embeddable":true,"href":"https:\/\/www.naturparkmagazin.de\/schwaebisch-fraenkischer-wald\/wp-json\/wp\/v2\/categories?post=5846"},{"taxonomy":"post_tag","embeddable":true,"href":"https:\/\/www.naturparkmagazin.de\/schwaebisch-fraenkischer-wald\/wp-json\/wp\/v2\/tags?post=5846"}],"curies":[{"name":"wp","href":"https:\/\/api.w.org\/{rel}","templated":true}]}}