{"id":586,"date":"2014-01-22T14:40:22","date_gmt":"2014-01-22T12:40:22","guid":{"rendered":"http:\/\/www.naturparkmagazin.de\/schwaebisch-fraenkischer-wald\/?p=586"},"modified":"2014-01-27T14:56:36","modified_gmt":"2014-01-27T12:56:36","slug":"unterwegs-an-lichtmess-mit-den-naturparkfuehrer","status":"publish","type":"post","link":"https:\/\/www.naturparkmagazin.de\/schwaebisch-fraenkischer-wald\/unterwegs-an-lichtmess-mit-den-naturparkfuehrer\/","title":{"rendered":"Unterwegs an Lichtmess mit den Naturparkf\u00fchrer"},"content":{"rendered":"<div id=\"attachment_587\" style=\"width: 510px\" class=\"wp-caption aligncenter\"><a href=\"https:\/\/www.naturparkmagazin.de\/schwaebisch-fraenkischer-wald\/wp-content\/uploads\/sites\/34\/140202_Ruecker_beitrag.jpg\"><img aria-describedby=\"caption-attachment-587\" decoding=\"async\" loading=\"lazy\" class=\"size-full wp-image-587 \" title=\"Copyright: Naturpark Schw\u00e4bisch-Fr\u00e4nkischer Wald\" alt=\"Copyright: Naturpark Schw\u00e4bisch-Fr\u00e4nkischer Wald\" src=\"https:\/\/www.naturparkmagazin.de\/schwaebisch-fraenkischer-wald\/wp-content\/uploads\/sites\/34\/140202_Ruecker_beitrag.jpg\" width=\"500\" height=\"300\" srcset=\"https:\/\/www.naturparkmagazin.de\/schwaebisch-fraenkischer-wald\/wp-content\/uploads\/sites\/34\/140202_Ruecker_beitrag.jpg 500w, https:\/\/www.naturparkmagazin.de\/schwaebisch-fraenkischer-wald\/wp-content\/uploads\/sites\/34\/140202_Ruecker_beitrag-300x180.jpg 300w, https:\/\/www.naturparkmagazin.de\/schwaebisch-fraenkischer-wald\/wp-content\/uploads\/sites\/34\/140202_Ruecker_beitrag-200x120.jpg 200w\" sizes=\"(max-width: 500px) 100vw, 500px\" \/><\/a><p id=\"caption-attachment-587\" class=\"wp-caption-text\">Copyright: Naturpark Schw\u00e4bisch-Fr\u00e4nkischer Wald<\/p><\/div>\n<p>Mit der Lichtmess erwacht unsere Hoffnung auf den Fr\u00fchling. Und es gibt keinen besseren Weg, sich die Zeit zu vertreiben als mit unseren Naturparkf\u00fchrern. Diesen Monat gibt es interessante kulturelle und sportliche Angebote. Erfahren Sie den Naturpark durch den Blick des Dichters, lernen Sie, welche Traditionen hinter Lichtmess stecken!<\/p>\n<p>&nbsp;<\/p>\n<p><b>Sonntag, 2. Februar <\/b><\/p>\n<p><b>Lichtmess-Wanderung <\/b><b><\/b><\/p>\n<p>An Lichtmess beginnt das \u201eBauernjahr im Freien\u201c. Mit Liedern, Geschichten und Ritualen feiern wir dieses keltische Jahreskreisfest, das von den Christen \u00fcbernommene wurde. Vom Riegenhof aus wandern wir zur Traubenm\u00fchle entlang der Fichtenberger Rot, den K\u00fcmmerlesbach hinauf und am Welterbe Limes wieder zur\u00fcck. Die etwa dreist\u00fcndige Wanderung mit Naturparkf\u00fchrerin Michaela K\u00f6hler geht um 10 Uhr los. Treffpunkt ist der Demeterhof Braun, Riegenhof 4 in Mainhardt-Riegenhof. Erwachsene zahlen 6 \u20ac und Kinder 3 \u20ac inklusive Getr\u00e4nke. Jeder sollte eine Tasse auf die Wanderung mitbringen. Eine Anmeldung ist nicht erforderlich.<\/p>\n<p>Weitere Infos unter:\nTelefon 0160-3557831\nkoehler@die-naturparkfuehrer.de<\/p>\n<p>&nbsp;<\/p>\n<p>&nbsp;<\/p>\n<p><b>Sonntag, 2. Februar <\/b><\/p>\n<p><b>An Lichtmess nach Lichtenstern <\/b><\/p>\n<p>L\u00f6wensteiner Bergtour: Eine Lichtmesswanderung mit meditativen Elementen auf der Suche nach den ersten Fr\u00fchlingsanzeichen. Sabine R\u00fccker nimmt Sie mit \u00fcber die Lumpenlochh\u00f6hle und den Wohlfahrtsberg, den Hausberg L\u00f6wensteins, zum ehemaligen Zisterzienserinnen-Kloster Lichtenstern. Wo der Name \u201eLichtenstern&#8220; herkommt erfahren Sie bei einer kleinen F\u00fchrung. Unterwegs w\u00e4rmt ein hei\u00dfer Tee die kalten Glieder. Los geht\u2019s um 14 Uhr auf die dreist\u00fcndige Wanderung. Der Treffpunkt ist in L\u00f6wenstein auf dem Parkplatz der Ev. Stadtkirche bei der Manfred-Kyber-Schule. Die Kosten betragen 7,50 \u20ac pro Person inklusive Umtrunk, bitte Tassen mitbringen. Eine Anmeldung ist nicht erforderlich.<\/p>\n<p>Weitere Infos unter:\nTelefon 07130-401120\nruecker@die-naturparkfuehrer.de<\/p>\n<p>&nbsp;<\/p>\n","protected":false},"excerpt":{"rendered":"<p>Mit der Lichtmess erwacht unsere Hoffnung auf den Fr\u00fchling. Und es gibt keinen besseren Weg, sich die Zeit zu vertreiben als mit unseren Naturparkf\u00fchrern. Diesen Monat gibt es interessante kulturelle und sportliche Angebote. Erfahren Sie den Naturpark durch den Blick des Dichters, lernen Sie, welche Traditionen hinter Lichtmess stecken!<\/p>\n","protected":false},"author":51,"featured_media":587,"comment_status":"open","ping_status":"open","sticky":false,"template":"","format":"standard","meta":[],"categories":[11],"tags":[],"yoast_head":"<!-- This site is optimized with the Yoast SEO plugin v19.10 - https:\/\/yoast.com\/wordpress\/plugins\/seo\/ -->\n<title>Unterwegs an Lichtmess mit den Naturparkf\u00fchrer  - Naturpark Schw\u00e4bisch-Fr\u00e4nkischer Wald<\/title>\n<meta name=\"robots\" content=\"index, follow, max-snippet:-1, max-image-preview:large, max-video-preview:-1\" \/>\n<link rel=\"canonical\" href=\"https:\/\/www.naturparkmagazin.de\/schwaebisch-fraenkischer-wald\/unterwegs-an-lichtmess-mit-den-naturparkfuehrer\/\" \/>\n<meta property=\"og:locale\" content=\"de_DE\" \/>\n<meta property=\"og:type\" content=\"article\" \/>\n<meta property=\"og:title\" content=\"Unterwegs an Lichtmess mit den Naturparkf\u00fchrer  - Naturpark Schw\u00e4bisch-Fr\u00e4nkischer Wald\" \/>\n<meta property=\"og:description\" content=\"Mit der Lichtmess erwacht unsere Hoffnung auf den Fr\u00fchling. Und es gibt keinen besseren Weg, sich die Zeit zu vertreiben als mit unseren Naturparkf\u00fchrern. Diesen Monat gibt es interessante kulturelle und sportliche Angebote. Erfahren Sie den Naturpark durch den Blick des Dichters, lernen Sie, welche Traditionen hinter Lichtmess stecken!\" \/>\n<meta property=\"og:url\" content=\"https:\/\/www.naturparkmagazin.de\/schwaebisch-fraenkischer-wald\/unterwegs-an-lichtmess-mit-den-naturparkfuehrer\/\" \/>\n<meta property=\"og:site_name\" content=\"Naturpark Schw\u00e4bisch-Fr\u00e4nkischer Wald\" \/>\n<meta property=\"article:published_time\" content=\"2014-01-22T12:40:22+00:00\" \/>\n<meta property=\"article:modified_time\" content=\"2014-01-27T12:56:36+00:00\" \/>\n<meta property=\"og:image\" content=\"https:\/\/www.naturparkmagazin.de\/schwaebisch-fraenkischer-wald\/wp-content\/uploads\/sites\/34\/140202_Ruecker_beitrag.jpg\" \/>\n\t<meta property=\"og:image:width\" content=\"500\" \/>\n\t<meta property=\"og:image:height\" content=\"300\" \/>\n\t<meta property=\"og:image:type\" content=\"image\/jpeg\" \/>\n<meta name=\"author\" content=\"beatrixlosem\" \/>\n<meta name=\"twitter:label1\" content=\"Verfasst von\" \/>\n\t<meta name=\"twitter:data1\" content=\"beatrixlosem\" \/>\n\t<meta name=\"twitter:label2\" content=\"Gesch\u00e4tzte Lesezeit\" \/>\n\t<meta name=\"twitter:data2\" content=\"1\u00a0Minute\" \/>\n<script type=\"application\/ld+json\" class=\"yoast-schema-graph\">{\"@context\":\"https:\/\/schema.org\",\"@graph\":[{\"@type\":\"WebPage\",\"@id\":\"https:\/\/www.naturparkmagazin.de\/schwaebisch-fraenkischer-wald\/unterwegs-an-lichtmess-mit-den-naturparkfuehrer\/\",\"url\":\"https:\/\/www.naturparkmagazin.de\/schwaebisch-fraenkischer-wald\/unterwegs-an-lichtmess-mit-den-naturparkfuehrer\/\",\"name\":\"Unterwegs an Lichtmess mit den Naturparkf\u00fchrer - Naturpark Schw\u00e4bisch-Fr\u00e4nkischer Wald\",\"isPartOf\":{\"@id\":\"https:\/\/www.naturparkmagazin.de\/schwaebisch-fraenkischer-wald\/#website\"},\"datePublished\":\"2014-01-22T12:40:22+00:00\",\"dateModified\":\"2014-01-27T12:56:36+00:00\",\"author\":{\"@id\":\"https:\/\/www.naturparkmagazin.de\/schwaebisch-fraenkischer-wald\/#\/schema\/person\/d71357578c318b6db03be60b1f60396b\"},\"breadcrumb\":{\"@id\":\"https:\/\/www.naturparkmagazin.de\/schwaebisch-fraenkischer-wald\/unterwegs-an-lichtmess-mit-den-naturparkfuehrer\/#breadcrumb\"},\"inLanguage\":\"de\",\"potentialAction\":[{\"@type\":\"ReadAction\",\"target\":[\"https:\/\/www.naturparkmagazin.de\/schwaebisch-fraenkischer-wald\/unterwegs-an-lichtmess-mit-den-naturparkfuehrer\/\"]}]},{\"@type\":\"BreadcrumbList\",\"@id\":\"https:\/\/www.naturparkmagazin.de\/schwaebisch-fraenkischer-wald\/unterwegs-an-lichtmess-mit-den-naturparkfuehrer\/#breadcrumb\",\"itemListElement\":[{\"@type\":\"ListItem\",\"position\":1,\"name\":\"Home\",\"item\":\"https:\/\/www.naturparkmagazin.de\/schwaebisch-fraenkischer-wald\/\"},{\"@type\":\"ListItem\",\"position\":2,\"name\":\"Unterwegs an Lichtmess mit den Naturparkf\u00fchrer\"}]},{\"@type\":\"WebSite\",\"@id\":\"https:\/\/www.naturparkmagazin.de\/schwaebisch-fraenkischer-wald\/#website\",\"url\":\"https:\/\/www.naturparkmagazin.de\/schwaebisch-fraenkischer-wald\/\",\"name\":\"Naturpark Schw\u00e4bisch-Fr\u00e4nkischer Wald\",\"description\":\"\",\"potentialAction\":[{\"@type\":\"SearchAction\",\"target\":{\"@type\":\"EntryPoint\",\"urlTemplate\":\"https:\/\/www.naturparkmagazin.de\/schwaebisch-fraenkischer-wald\/?s={search_term_string}\"},\"query-input\":\"required name=search_term_string\"}],\"inLanguage\":\"de\"},{\"@type\":\"Person\",\"@id\":\"https:\/\/www.naturparkmagazin.de\/schwaebisch-fraenkischer-wald\/#\/schema\/person\/d71357578c318b6db03be60b1f60396b\",\"name\":\"beatrixlosem\",\"url\":\"https:\/\/www.naturparkmagazin.de\/schwaebisch-fraenkischer-wald\/author\/beatrixlosem\/\"}]}<\/script>\n<!-- \/ Yoast SEO plugin. -->","yoast_head_json":{"title":"Unterwegs an Lichtmess mit den Naturparkf\u00fchrer  - Naturpark Schw\u00e4bisch-Fr\u00e4nkischer Wald","robots":{"index":"index","follow":"follow","max-snippet":"max-snippet:-1","max-image-preview":"max-image-preview:large","max-video-preview":"max-video-preview:-1"},"canonical":"https:\/\/www.naturparkmagazin.de\/schwaebisch-fraenkischer-wald\/unterwegs-an-lichtmess-mit-den-naturparkfuehrer\/","og_locale":"de_DE","og_type":"article","og_title":"Unterwegs an Lichtmess mit den Naturparkf\u00fchrer  - Naturpark Schw\u00e4bisch-Fr\u00e4nkischer Wald","og_description":"Mit der Lichtmess erwacht unsere Hoffnung auf den Fr\u00fchling. Und es gibt keinen besseren Weg, sich die Zeit zu vertreiben als mit unseren Naturparkf\u00fchrern. Diesen Monat gibt es interessante kulturelle und sportliche Angebote. Erfahren Sie den Naturpark durch den Blick des Dichters, lernen Sie, welche Traditionen hinter Lichtmess stecken!","og_url":"https:\/\/www.naturparkmagazin.de\/schwaebisch-fraenkischer-wald\/unterwegs-an-lichtmess-mit-den-naturparkfuehrer\/","og_site_name":"Naturpark Schw\u00e4bisch-Fr\u00e4nkischer Wald","article_published_time":"2014-01-22T12:40:22+00:00","article_modified_time":"2014-01-27T12:56:36+00:00","og_image":[{"width":500,"height":300,"url":"https:\/\/www.naturparkmagazin.de\/schwaebisch-fraenkischer-wald\/wp-content\/uploads\/sites\/34\/140202_Ruecker_beitrag.jpg","type":"image\/jpeg"}],"author":"beatrixlosem","twitter_misc":{"Verfasst von":"beatrixlosem","Gesch\u00e4tzte Lesezeit":"1\u00a0Minute"},"schema":{"@context":"https:\/\/schema.org","@graph":[{"@type":"WebPage","@id":"https:\/\/www.naturparkmagazin.de\/schwaebisch-fraenkischer-wald\/unterwegs-an-lichtmess-mit-den-naturparkfuehrer\/","url":"https:\/\/www.naturparkmagazin.de\/schwaebisch-fraenkischer-wald\/unterwegs-an-lichtmess-mit-den-naturparkfuehrer\/","name":"Unterwegs an Lichtmess mit den Naturparkf\u00fchrer - Naturpark Schw\u00e4bisch-Fr\u00e4nkischer Wald","isPartOf":{"@id":"https:\/\/www.naturparkmagazin.de\/schwaebisch-fraenkischer-wald\/#website"},"datePublished":"2014-01-22T12:40:22+00:00","dateModified":"2014-01-27T12:56:36+00:00","author":{"@id":"https:\/\/www.naturparkmagazin.de\/schwaebisch-fraenkischer-wald\/#\/schema\/person\/d71357578c318b6db03be60b1f60396b"},"breadcrumb":{"@id":"https:\/\/www.naturparkmagazin.de\/schwaebisch-fraenkischer-wald\/unterwegs-an-lichtmess-mit-den-naturparkfuehrer\/#breadcrumb"},"inLanguage":"de","potentialAction":[{"@type":"ReadAction","target":["https:\/\/www.naturparkmagazin.de\/schwaebisch-fraenkischer-wald\/unterwegs-an-lichtmess-mit-den-naturparkfuehrer\/"]}]},{"@type":"BreadcrumbList","@id":"https:\/\/www.naturparkmagazin.de\/schwaebisch-fraenkischer-wald\/unterwegs-an-lichtmess-mit-den-naturparkfuehrer\/#breadcrumb","itemListElement":[{"@type":"ListItem","position":1,"name":"Home","item":"https:\/\/www.naturparkmagazin.de\/schwaebisch-fraenkischer-wald\/"},{"@type":"ListItem","position":2,"name":"Unterwegs an Lichtmess mit den Naturparkf\u00fchrer"}]},{"@type":"WebSite","@id":"https:\/\/www.naturparkmagazin.de\/schwaebisch-fraenkischer-wald\/#website","url":"https:\/\/www.naturparkmagazin.de\/schwaebisch-fraenkischer-wald\/","name":"Naturpark Schw\u00e4bisch-Fr\u00e4nkischer Wald","description":"","potentialAction":[{"@type":"SearchAction","target":{"@type":"EntryPoint","urlTemplate":"https:\/\/www.naturparkmagazin.de\/schwaebisch-fraenkischer-wald\/?s={search_term_string}"},"query-input":"required name=search_term_string"}],"inLanguage":"de"},{"@type":"Person","@id":"https:\/\/www.naturparkmagazin.de\/schwaebisch-fraenkischer-wald\/#\/schema\/person\/d71357578c318b6db03be60b1f60396b","name":"beatrixlosem","url":"https:\/\/www.naturparkmagazin.de\/schwaebisch-fraenkischer-wald\/author\/beatrixlosem\/"}]}},"_links":{"self":[{"href":"https:\/\/www.naturparkmagazin.de\/schwaebisch-fraenkischer-wald\/wp-json\/wp\/v2\/posts\/586"}],"collection":[{"href":"https:\/\/www.naturparkmagazin.de\/schwaebisch-fraenkischer-wald\/wp-json\/wp\/v2\/posts"}],"about":[{"href":"https:\/\/www.naturparkmagazin.de\/schwaebisch-fraenkischer-wald\/wp-json\/wp\/v2\/types\/post"}],"author":[{"embeddable":true,"href":"https:\/\/www.naturparkmagazin.de\/schwaebisch-fraenkischer-wald\/wp-json\/wp\/v2\/users\/51"}],"replies":[{"embeddable":true,"href":"https:\/\/www.naturparkmagazin.de\/schwaebisch-fraenkischer-wald\/wp-json\/wp\/v2\/comments?post=586"}],"version-history":[{"count":3,"href":"https:\/\/www.naturparkmagazin.de\/schwaebisch-fraenkischer-wald\/wp-json\/wp\/v2\/posts\/586\/revisions"}],"predecessor-version":[{"id":590,"href":"https:\/\/www.naturparkmagazin.de\/schwaebisch-fraenkischer-wald\/wp-json\/wp\/v2\/posts\/586\/revisions\/590"}],"wp:featuredmedia":[{"embeddable":true,"href":"https:\/\/www.naturparkmagazin.de\/schwaebisch-fraenkischer-wald\/wp-json\/wp\/v2\/media\/587"}],"wp:attachment":[{"href":"https:\/\/www.naturparkmagazin.de\/schwaebisch-fraenkischer-wald\/wp-json\/wp\/v2\/media?parent=586"}],"wp:term":[{"taxonomy":"category","embeddable":true,"href":"https:\/\/www.naturparkmagazin.de\/schwaebisch-fraenkischer-wald\/wp-json\/wp\/v2\/categories?post=586"},{"taxonomy":"post_tag","embeddable":true,"href":"https:\/\/www.naturparkmagazin.de\/schwaebisch-fraenkischer-wald\/wp-json\/wp\/v2\/tags?post=586"}],"curies":[{"name":"wp","href":"https:\/\/api.w.org\/{rel}","templated":true}]}}