{"id":5896,"date":"2018-01-16T10:55:13","date_gmt":"2018-01-16T09:55:13","guid":{"rendered":"http:\/\/www.naturparkmagazin.de\/schwaebisch-fraenkischer-wald\/?p=5896"},"modified":"2018-01-17T11:35:47","modified_gmt":"2018-01-17T10:35:47","slug":"sonderausstellung-im-naturparkzentrum-geplant-2000m-weltacker","status":"publish","type":"post","link":"https:\/\/www.naturparkmagazin.de\/schwaebisch-fraenkischer-wald\/sonderausstellung-im-naturparkzentrum-geplant-2000m-weltacker\/","title":{"rendered":"Sonderausstellung im Naturparkzentrum geplant: 2000m\u00b2 Weltacker"},"content":{"rendered":"<p>Auf unserer Erde leben nun etwa sieben Milliarden Menschen. Diese Zahl w\u00e4chst weiter &#8211; unser Planet jedoch nicht. <a href=\"https:\/\/www.naturparkmagazin.de\/schwaebisch-fraenkischer-wald\/wp-content\/uploads\/sites\/34\/2000m2_Weltacker_Beispiel.jpg\"><img decoding=\"async\" loading=\"lazy\" class=\"alignright size-full wp-image-5897\" src=\"https:\/\/www.naturparkmagazin.de\/schwaebisch-fraenkischer-wald\/wp-content\/uploads\/sites\/34\/2000m2_Weltacker_Beispiel.jpg\" alt=\"Darstellung Weltacker\" width=\"500\" height=\"300\" srcset=\"https:\/\/www.naturparkmagazin.de\/schwaebisch-fraenkischer-wald\/wp-content\/uploads\/sites\/34\/2000m2_Weltacker_Beispiel.jpg 500w, https:\/\/www.naturparkmagazin.de\/schwaebisch-fraenkischer-wald\/wp-content\/uploads\/sites\/34\/2000m2_Weltacker_Beispiel-300x180.jpg 300w, https:\/\/www.naturparkmagazin.de\/schwaebisch-fraenkischer-wald\/wp-content\/uploads\/sites\/34\/2000m2_Weltacker_Beispiel-200x120.jpg 200w\" sizes=\"(max-width: 500px) 100vw, 500px\" \/><\/a><\/p>\n<p>Die Fl\u00e4chen, die uns zur Verf\u00fcgung stehen sind also begrenzt. Aber wie steht es um die Ern\u00e4hrungssicherung? Wenn wir die globale Ackerfl\u00e4che von 1,4 Milliarden Hektar durch die Zahl der Erdenb\u00fcrger teilen, ergibt das 2000 m\u00b2 pro Nase. Darauf muss also alles wachsen, womit Mutter Erde uns n\u00e4hrt und versorgt: Getreide, Reis, Kartoffeln, Obst, Gem\u00fcse, \u00d6lpflanzen, Zuckerr\u00fcben\u2026 aber auch all das Futter f\u00fcr die Tiere, deren Fleisch, Milch und Eier wir verzehren, das vom Acker und nicht von Wiesen und Weiden stammt. Zudem die Baumwolle f\u00fcr Jeans, Genussmittel und obendrein noch Bio-Gas oder Bio-Diesel und nachwachsende Rohstoffe f\u00fcr die Industrie.<\/p>\n<p>Um sich das besser vorzustellen, hat die Initiative \u201e2000 m\u00b2 Weltacker\u201c der Zukunftsstiftung Landwirtschaft einen Weltacker mit 2000 m\u00b2 angelegt; so wie der weltweite Durchschnittsacker aussieht. Diesen k\u00f6nnen Sie sich unter <a href=\"http:\/\/www.2000m2.eu\/de\" target=\"_blank\">www.2000m2.eu\/de<\/a> anschauen.<\/p>\n<p>Im Naturparkzentrum in Murrhardt wird es ab Ende Februar eine Sonderausstellung zu diesem spannenden Projekt geben.<\/p>\n","protected":false},"excerpt":{"rendered":"<p>Wie steht es um die Ern\u00e4hrungssicherung?<\/p>\n","protected":false},"author":25,"featured_media":5898,"comment_status":"open","ping_status":"open","sticky":false,"template":"","format":"standard","meta":[],"categories":[7],"tags":[1069],"yoast_head":"<!-- This site is optimized with the Yoast SEO plugin v19.10 - https:\/\/yoast.com\/wordpress\/plugins\/seo\/ -->\n<title>Sonderausstellung im Naturparkzentrum geplant: 2000m\u00b2 Weltacker - Naturpark Schw\u00e4bisch-Fr\u00e4nkischer Wald<\/title>\n<meta name=\"robots\" content=\"index, follow, max-snippet:-1, max-image-preview:large, max-video-preview:-1\" \/>\n<link rel=\"canonical\" href=\"https:\/\/www.naturparkmagazin.de\/schwaebisch-fraenkischer-wald\/sonderausstellung-im-naturparkzentrum-geplant-2000m-weltacker\/\" \/>\n<meta property=\"og:locale\" content=\"de_DE\" \/>\n<meta property=\"og:type\" content=\"article\" \/>\n<meta property=\"og:title\" content=\"Sonderausstellung im Naturparkzentrum geplant: 2000m\u00b2 Weltacker - Naturpark Schw\u00e4bisch-Fr\u00e4nkischer Wald\" \/>\n<meta property=\"og:description\" content=\"Wie steht es um die Ern\u00e4hrungssicherung?\" \/>\n<meta property=\"og:url\" content=\"https:\/\/www.naturparkmagazin.de\/schwaebisch-fraenkischer-wald\/sonderausstellung-im-naturparkzentrum-geplant-2000m-weltacker\/\" \/>\n<meta property=\"og:site_name\" content=\"Naturpark Schw\u00e4bisch-Fr\u00e4nkischer Wald\" \/>\n<meta property=\"article:author\" content=\"https:\/\/www.facebook.com\/naturparkSFW\" \/>\n<meta property=\"article:published_time\" content=\"2018-01-16T09:55:13+00:00\" \/>\n<meta property=\"article:modified_time\" content=\"2018-01-17T10:35:47+00:00\" \/>\n<meta property=\"og:image\" content=\"https:\/\/www.naturparkmagazin.de\/schwaebisch-fraenkischer-wald\/wp-content\/uploads\/sites\/34\/2000m2_Weltacker_Beispiel1.jpg\" \/>\n\t<meta property=\"og:image:width\" content=\"200\" \/>\n\t<meta property=\"og:image:height\" content=\"200\" \/>\n\t<meta property=\"og:image:type\" content=\"image\/jpeg\" \/>\n<meta name=\"author\" content=\"Naturpark-Team\" \/>\n<meta name=\"twitter:label1\" content=\"Verfasst von\" \/>\n\t<meta name=\"twitter:data1\" content=\"Naturpark-Team\" \/>\n\t<meta name=\"twitter:label2\" content=\"Gesch\u00e4tzte Lesezeit\" \/>\n\t<meta name=\"twitter:data2\" content=\"1\u00a0Minute\" \/>\n<script type=\"application\/ld+json\" class=\"yoast-schema-graph\">{\"@context\":\"https:\/\/schema.org\",\"@graph\":[{\"@type\":\"WebPage\",\"@id\":\"https:\/\/www.naturparkmagazin.de\/schwaebisch-fraenkischer-wald\/sonderausstellung-im-naturparkzentrum-geplant-2000m-weltacker\/\",\"url\":\"https:\/\/www.naturparkmagazin.de\/schwaebisch-fraenkischer-wald\/sonderausstellung-im-naturparkzentrum-geplant-2000m-weltacker\/\",\"name\":\"Sonderausstellung im Naturparkzentrum geplant: 2000m\u00b2 Weltacker - Naturpark Schw\u00e4bisch-Fr\u00e4nkischer Wald\",\"isPartOf\":{\"@id\":\"https:\/\/www.naturparkmagazin.de\/schwaebisch-fraenkischer-wald\/#website\"},\"datePublished\":\"2018-01-16T09:55:13+00:00\",\"dateModified\":\"2018-01-17T10:35:47+00:00\",\"author\":{\"@id\":\"https:\/\/www.naturparkmagazin.de\/schwaebisch-fraenkischer-wald\/#\/schema\/person\/f047a3702ae747fd7830cf8ac95e6066\"},\"breadcrumb\":{\"@id\":\"https:\/\/www.naturparkmagazin.de\/schwaebisch-fraenkischer-wald\/sonderausstellung-im-naturparkzentrum-geplant-2000m-weltacker\/#breadcrumb\"},\"inLanguage\":\"de\",\"potentialAction\":[{\"@type\":\"ReadAction\",\"target\":[\"https:\/\/www.naturparkmagazin.de\/schwaebisch-fraenkischer-wald\/sonderausstellung-im-naturparkzentrum-geplant-2000m-weltacker\/\"]}]},{\"@type\":\"BreadcrumbList\",\"@id\":\"https:\/\/www.naturparkmagazin.de\/schwaebisch-fraenkischer-wald\/sonderausstellung-im-naturparkzentrum-geplant-2000m-weltacker\/#breadcrumb\",\"itemListElement\":[{\"@type\":\"ListItem\",\"position\":1,\"name\":\"Home\",\"item\":\"https:\/\/www.naturparkmagazin.de\/schwaebisch-fraenkischer-wald\/\"},{\"@type\":\"ListItem\",\"position\":2,\"name\":\"Sonderausstellung im Naturparkzentrum geplant: 2000m\u00b2 Weltacker\"}]},{\"@type\":\"WebSite\",\"@id\":\"https:\/\/www.naturparkmagazin.de\/schwaebisch-fraenkischer-wald\/#website\",\"url\":\"https:\/\/www.naturparkmagazin.de\/schwaebisch-fraenkischer-wald\/\",\"name\":\"Naturpark Schw\u00e4bisch-Fr\u00e4nkischer Wald\",\"description\":\"\",\"potentialAction\":[{\"@type\":\"SearchAction\",\"target\":{\"@type\":\"EntryPoint\",\"urlTemplate\":\"https:\/\/www.naturparkmagazin.de\/schwaebisch-fraenkischer-wald\/?s={search_term_string}\"},\"query-input\":\"required name=search_term_string\"}],\"inLanguage\":\"de\"},{\"@type\":\"Person\",\"@id\":\"https:\/\/www.naturparkmagazin.de\/schwaebisch-fraenkischer-wald\/#\/schema\/person\/f047a3702ae747fd7830cf8ac95e6066\",\"name\":\"Naturpark-Team\",\"sameAs\":[\"http:\/\/www.naturpark-sfw.de\",\"https:\/\/www.facebook.com\/naturparkSFW\"],\"url\":\"https:\/\/www.naturparkmagazin.de\/schwaebisch-fraenkischer-wald\/author\/bernharddrixler\/\"}]}<\/script>\n<!-- \/ Yoast SEO plugin. -->","yoast_head_json":{"title":"Sonderausstellung im Naturparkzentrum geplant: 2000m\u00b2 Weltacker - Naturpark Schw\u00e4bisch-Fr\u00e4nkischer Wald","robots":{"index":"index","follow":"follow","max-snippet":"max-snippet:-1","max-image-preview":"max-image-preview:large","max-video-preview":"max-video-preview:-1"},"canonical":"https:\/\/www.naturparkmagazin.de\/schwaebisch-fraenkischer-wald\/sonderausstellung-im-naturparkzentrum-geplant-2000m-weltacker\/","og_locale":"de_DE","og_type":"article","og_title":"Sonderausstellung im Naturparkzentrum geplant: 2000m\u00b2 Weltacker - Naturpark Schw\u00e4bisch-Fr\u00e4nkischer Wald","og_description":"Wie steht es um die Ern\u00e4hrungssicherung?","og_url":"https:\/\/www.naturparkmagazin.de\/schwaebisch-fraenkischer-wald\/sonderausstellung-im-naturparkzentrum-geplant-2000m-weltacker\/","og_site_name":"Naturpark Schw\u00e4bisch-Fr\u00e4nkischer Wald","article_author":"https:\/\/www.facebook.com\/naturparkSFW","article_published_time":"2018-01-16T09:55:13+00:00","article_modified_time":"2018-01-17T10:35:47+00:00","og_image":[{"width":200,"height":200,"url":"https:\/\/www.naturparkmagazin.de\/schwaebisch-fraenkischer-wald\/wp-content\/uploads\/sites\/34\/2000m2_Weltacker_Beispiel1.jpg","type":"image\/jpeg"}],"author":"Naturpark-Team","twitter_misc":{"Verfasst von":"Naturpark-Team","Gesch\u00e4tzte Lesezeit":"1\u00a0Minute"},"schema":{"@context":"https:\/\/schema.org","@graph":[{"@type":"WebPage","@id":"https:\/\/www.naturparkmagazin.de\/schwaebisch-fraenkischer-wald\/sonderausstellung-im-naturparkzentrum-geplant-2000m-weltacker\/","url":"https:\/\/www.naturparkmagazin.de\/schwaebisch-fraenkischer-wald\/sonderausstellung-im-naturparkzentrum-geplant-2000m-weltacker\/","name":"Sonderausstellung im Naturparkzentrum geplant: 2000m\u00b2 Weltacker - Naturpark Schw\u00e4bisch-Fr\u00e4nkischer Wald","isPartOf":{"@id":"https:\/\/www.naturparkmagazin.de\/schwaebisch-fraenkischer-wald\/#website"},"datePublished":"2018-01-16T09:55:13+00:00","dateModified":"2018-01-17T10:35:47+00:00","author":{"@id":"https:\/\/www.naturparkmagazin.de\/schwaebisch-fraenkischer-wald\/#\/schema\/person\/f047a3702ae747fd7830cf8ac95e6066"},"breadcrumb":{"@id":"https:\/\/www.naturparkmagazin.de\/schwaebisch-fraenkischer-wald\/sonderausstellung-im-naturparkzentrum-geplant-2000m-weltacker\/#breadcrumb"},"inLanguage":"de","potentialAction":[{"@type":"ReadAction","target":["https:\/\/www.naturparkmagazin.de\/schwaebisch-fraenkischer-wald\/sonderausstellung-im-naturparkzentrum-geplant-2000m-weltacker\/"]}]},{"@type":"BreadcrumbList","@id":"https:\/\/www.naturparkmagazin.de\/schwaebisch-fraenkischer-wald\/sonderausstellung-im-naturparkzentrum-geplant-2000m-weltacker\/#breadcrumb","itemListElement":[{"@type":"ListItem","position":1,"name":"Home","item":"https:\/\/www.naturparkmagazin.de\/schwaebisch-fraenkischer-wald\/"},{"@type":"ListItem","position":2,"name":"Sonderausstellung im Naturparkzentrum geplant: 2000m\u00b2 Weltacker"}]},{"@type":"WebSite","@id":"https:\/\/www.naturparkmagazin.de\/schwaebisch-fraenkischer-wald\/#website","url":"https:\/\/www.naturparkmagazin.de\/schwaebisch-fraenkischer-wald\/","name":"Naturpark Schw\u00e4bisch-Fr\u00e4nkischer Wald","description":"","potentialAction":[{"@type":"SearchAction","target":{"@type":"EntryPoint","urlTemplate":"https:\/\/www.naturparkmagazin.de\/schwaebisch-fraenkischer-wald\/?s={search_term_string}"},"query-input":"required name=search_term_string"}],"inLanguage":"de"},{"@type":"Person","@id":"https:\/\/www.naturparkmagazin.de\/schwaebisch-fraenkischer-wald\/#\/schema\/person\/f047a3702ae747fd7830cf8ac95e6066","name":"Naturpark-Team","sameAs":["http:\/\/www.naturpark-sfw.de","https:\/\/www.facebook.com\/naturparkSFW"],"url":"https:\/\/www.naturparkmagazin.de\/schwaebisch-fraenkischer-wald\/author\/bernharddrixler\/"}]}},"_links":{"self":[{"href":"https:\/\/www.naturparkmagazin.de\/schwaebisch-fraenkischer-wald\/wp-json\/wp\/v2\/posts\/5896"}],"collection":[{"href":"https:\/\/www.naturparkmagazin.de\/schwaebisch-fraenkischer-wald\/wp-json\/wp\/v2\/posts"}],"about":[{"href":"https:\/\/www.naturparkmagazin.de\/schwaebisch-fraenkischer-wald\/wp-json\/wp\/v2\/types\/post"}],"author":[{"embeddable":true,"href":"https:\/\/www.naturparkmagazin.de\/schwaebisch-fraenkischer-wald\/wp-json\/wp\/v2\/users\/25"}],"replies":[{"embeddable":true,"href":"https:\/\/www.naturparkmagazin.de\/schwaebisch-fraenkischer-wald\/wp-json\/wp\/v2\/comments?post=5896"}],"version-history":[{"count":1,"href":"https:\/\/www.naturparkmagazin.de\/schwaebisch-fraenkischer-wald\/wp-json\/wp\/v2\/posts\/5896\/revisions"}],"predecessor-version":[{"id":5899,"href":"https:\/\/www.naturparkmagazin.de\/schwaebisch-fraenkischer-wald\/wp-json\/wp\/v2\/posts\/5896\/revisions\/5899"}],"wp:featuredmedia":[{"embeddable":true,"href":"https:\/\/www.naturparkmagazin.de\/schwaebisch-fraenkischer-wald\/wp-json\/wp\/v2\/media\/5898"}],"wp:attachment":[{"href":"https:\/\/www.naturparkmagazin.de\/schwaebisch-fraenkischer-wald\/wp-json\/wp\/v2\/media?parent=5896"}],"wp:term":[{"taxonomy":"category","embeddable":true,"href":"https:\/\/www.naturparkmagazin.de\/schwaebisch-fraenkischer-wald\/wp-json\/wp\/v2\/categories?post=5896"},{"taxonomy":"post_tag","embeddable":true,"href":"https:\/\/www.naturparkmagazin.de\/schwaebisch-fraenkischer-wald\/wp-json\/wp\/v2\/tags?post=5896"}],"curies":[{"name":"wp","href":"https:\/\/api.w.org\/{rel}","templated":true}]}}