{"id":591,"date":"2014-01-22T14:30:54","date_gmt":"2014-01-22T12:30:54","guid":{"rendered":"http:\/\/www.naturparkmagazin.de\/schwaebisch-fraenkischer-wald\/?p=591"},"modified":"2014-01-27T15:15:26","modified_gmt":"2014-01-27T13:15:26","slug":"vom-fischweiher-zum-naherholungsgebiet","status":"publish","type":"post","link":"https:\/\/www.naturparkmagazin.de\/schwaebisch-fraenkischer-wald\/vom-fischweiher-zum-naherholungsgebiet\/","title":{"rendered":"Vom Fischweiher zum Naherholungsgebiet"},"content":{"rendered":"<div id=\"attachment_594\" style=\"width: 510px\" class=\"wp-caption aligncenter\"><a href=\"https:\/\/www.naturparkmagazin.de\/schwaebisch-fraenkischer-wald\/wp-content\/uploads\/sites\/34\/Starkholzbacher-See_Copyright_F\u00f6rderverein_Satrkholzbacher_See.jpg\"><img aria-describedby=\"caption-attachment-594\" decoding=\"async\" loading=\"lazy\" class=\"size-full wp-image-594 \" title=\"Starkholzbacher See - Copyright: F\u00f6rderverein Starkholzbacher See\" alt=\"Starkholzbacher See - Copyright: F\u00f6rderverein Starkholzbacher See\" src=\"https:\/\/www.naturparkmagazin.de\/schwaebisch-fraenkischer-wald\/wp-content\/uploads\/sites\/34\/Starkholzbacher-See_Copyright_F\u00f6rderverein_Satrkholzbacher_See.jpg\" width=\"500\" height=\"299\" srcset=\"https:\/\/www.naturparkmagazin.de\/schwaebisch-fraenkischer-wald\/wp-content\/uploads\/sites\/34\/Starkholzbacher-See_Copyright_F\u00f6rderverein_Satrkholzbacher_See.jpg 500w, https:\/\/www.naturparkmagazin.de\/schwaebisch-fraenkischer-wald\/wp-content\/uploads\/sites\/34\/Starkholzbacher-See_Copyright_F\u00f6rderverein_Satrkholzbacher_See-300x179.jpg 300w, https:\/\/www.naturparkmagazin.de\/schwaebisch-fraenkischer-wald\/wp-content\/uploads\/sites\/34\/Starkholzbacher-See_Copyright_F\u00f6rderverein_Satrkholzbacher_See-200x120.jpg 200w\" sizes=\"(max-width: 500px) 100vw, 500px\" \/><\/a><p id=\"caption-attachment-594\" class=\"wp-caption-text\">Starkholzbacher See &#8211; Copyright: F\u00f6rderverein Starkholzbacher See<\/p><\/div>\n<p><b>Sonntag, 9. Februar<\/b><\/p>\n<p>Auf der Wanderung mit Michaela K\u00f6hler zur Gipsm\u00fchle am Starkholzbacher See gibt es viel zu erfahren. Die Themen reichen von Weiher und Fischgrube zur fast 150 Jahre alten Gipsm\u00fchle des Georg Michael Thier. Bereits im Mittelalter besa\u00df das Kloster Comburg hier Fischrechte. Heute ist die Umgebung ein wichtiges Erholungsgebiet f\u00fcr Schw\u00e4bisch Hall. Die Wanderung f\u00e4ngt um 10 Uhr an und geht ca. drei Stunden. Der Treffpunkt ist in Schw\u00e4bisch Hall am Wanderparkplatz Starkholzbacher See auf der K 2669 zwischen Bibersfeld und Hilbenhof. Die Kosten betragen 6 \u20ac pro Person inklusive Getr\u00e4nke.\u00a0Jeder sollte eine Tasse auf die Wanderung mitbringen. Eine Anmeldung ist bis 8. Februar m\u00f6glich.<\/p>\n<p>Weitere Infos unter:\nTelefon 0160-3557831\nkoehler@die-naturparkfuehrer.de<\/p>\n","protected":false},"excerpt":{"rendered":"<p>Auf der Wanderung am 9. Februar mit Michaela K\u00f6hler zur Gipsm\u00fchle am Starkholzbacher See gibt es viel zu erfahren. Die Themen reichen von Weiher und Fischgrube zur fast 150 Jahre alten Gipsm\u00fchle des Georg Michael Thier. Bereits im Mittelalter besa\u00df das Kloster Comburg hier Fischrechte. Heute ist die Umgebung ein wichtiges Erholungsgebiet f\u00fcr Schw\u00e4bisch Hall.<\/p>\n","protected":false},"author":51,"featured_media":594,"comment_status":"open","ping_status":"open","sticky":false,"template":"","format":"standard","meta":[],"categories":[11],"tags":[],"yoast_head":"<!-- This site is optimized with the Yoast SEO plugin v19.10 - https:\/\/yoast.com\/wordpress\/plugins\/seo\/ -->\n<title>Vom Fischweiher zum Naherholungsgebiet  - Naturpark Schw\u00e4bisch-Fr\u00e4nkischer Wald<\/title>\n<meta name=\"robots\" content=\"index, follow, max-snippet:-1, max-image-preview:large, max-video-preview:-1\" \/>\n<link rel=\"canonical\" href=\"https:\/\/www.naturparkmagazin.de\/schwaebisch-fraenkischer-wald\/vom-fischweiher-zum-naherholungsgebiet\/\" \/>\n<meta property=\"og:locale\" content=\"de_DE\" \/>\n<meta property=\"og:type\" content=\"article\" \/>\n<meta property=\"og:title\" content=\"Vom Fischweiher zum Naherholungsgebiet  - Naturpark Schw\u00e4bisch-Fr\u00e4nkischer Wald\" \/>\n<meta property=\"og:description\" content=\"Auf der Wanderung am 9. Februar mit Michaela K\u00f6hler zur Gipsm\u00fchle am Starkholzbacher See gibt es viel zu erfahren. Die Themen reichen von Weiher und Fischgrube zur fast 150 Jahre alten Gipsm\u00fchle des Georg Michael Thier. Bereits im Mittelalter besa\u00df das Kloster Comburg hier Fischrechte. Heute ist die Umgebung ein wichtiges Erholungsgebiet f\u00fcr Schw\u00e4bisch Hall.\" \/>\n<meta property=\"og:url\" content=\"https:\/\/www.naturparkmagazin.de\/schwaebisch-fraenkischer-wald\/vom-fischweiher-zum-naherholungsgebiet\/\" \/>\n<meta property=\"og:site_name\" content=\"Naturpark Schw\u00e4bisch-Fr\u00e4nkischer Wald\" \/>\n<meta property=\"article:published_time\" content=\"2014-01-22T12:30:54+00:00\" \/>\n<meta property=\"article:modified_time\" content=\"2014-01-27T13:15:26+00:00\" \/>\n<meta property=\"og:image\" content=\"https:\/\/www.naturparkmagazin.de\/schwaebisch-fraenkischer-wald\/wp-content\/uploads\/sites\/34\/Starkholzbacher-See_Copyright_F\u00f6rderverein_Satrkholzbacher_See.jpg\" \/>\n\t<meta property=\"og:image:width\" content=\"500\" \/>\n\t<meta property=\"og:image:height\" content=\"299\" \/>\n\t<meta property=\"og:image:type\" content=\"image\/jpeg\" \/>\n<meta name=\"author\" content=\"beatrixlosem\" \/>\n<meta name=\"twitter:label1\" content=\"Verfasst von\" \/>\n\t<meta name=\"twitter:data1\" content=\"beatrixlosem\" \/>\n\t<meta name=\"twitter:label2\" content=\"Gesch\u00e4tzte Lesezeit\" \/>\n\t<meta name=\"twitter:data2\" content=\"1\u00a0Minute\" \/>\n<script type=\"application\/ld+json\" class=\"yoast-schema-graph\">{\"@context\":\"https:\/\/schema.org\",\"@graph\":[{\"@type\":\"WebPage\",\"@id\":\"https:\/\/www.naturparkmagazin.de\/schwaebisch-fraenkischer-wald\/vom-fischweiher-zum-naherholungsgebiet\/\",\"url\":\"https:\/\/www.naturparkmagazin.de\/schwaebisch-fraenkischer-wald\/vom-fischweiher-zum-naherholungsgebiet\/\",\"name\":\"Vom Fischweiher zum Naherholungsgebiet - Naturpark Schw\u00e4bisch-Fr\u00e4nkischer Wald\",\"isPartOf\":{\"@id\":\"https:\/\/www.naturparkmagazin.de\/schwaebisch-fraenkischer-wald\/#website\"},\"datePublished\":\"2014-01-22T12:30:54+00:00\",\"dateModified\":\"2014-01-27T13:15:26+00:00\",\"author\":{\"@id\":\"https:\/\/www.naturparkmagazin.de\/schwaebisch-fraenkischer-wald\/#\/schema\/person\/d71357578c318b6db03be60b1f60396b\"},\"breadcrumb\":{\"@id\":\"https:\/\/www.naturparkmagazin.de\/schwaebisch-fraenkischer-wald\/vom-fischweiher-zum-naherholungsgebiet\/#breadcrumb\"},\"inLanguage\":\"de\",\"potentialAction\":[{\"@type\":\"ReadAction\",\"target\":[\"https:\/\/www.naturparkmagazin.de\/schwaebisch-fraenkischer-wald\/vom-fischweiher-zum-naherholungsgebiet\/\"]}]},{\"@type\":\"BreadcrumbList\",\"@id\":\"https:\/\/www.naturparkmagazin.de\/schwaebisch-fraenkischer-wald\/vom-fischweiher-zum-naherholungsgebiet\/#breadcrumb\",\"itemListElement\":[{\"@type\":\"ListItem\",\"position\":1,\"name\":\"Home\",\"item\":\"https:\/\/www.naturparkmagazin.de\/schwaebisch-fraenkischer-wald\/\"},{\"@type\":\"ListItem\",\"position\":2,\"name\":\"Vom Fischweiher zum Naherholungsgebiet\"}]},{\"@type\":\"WebSite\",\"@id\":\"https:\/\/www.naturparkmagazin.de\/schwaebisch-fraenkischer-wald\/#website\",\"url\":\"https:\/\/www.naturparkmagazin.de\/schwaebisch-fraenkischer-wald\/\",\"name\":\"Naturpark Schw\u00e4bisch-Fr\u00e4nkischer Wald\",\"description\":\"\",\"potentialAction\":[{\"@type\":\"SearchAction\",\"target\":{\"@type\":\"EntryPoint\",\"urlTemplate\":\"https:\/\/www.naturparkmagazin.de\/schwaebisch-fraenkischer-wald\/?s={search_term_string}\"},\"query-input\":\"required name=search_term_string\"}],\"inLanguage\":\"de\"},{\"@type\":\"Person\",\"@id\":\"https:\/\/www.naturparkmagazin.de\/schwaebisch-fraenkischer-wald\/#\/schema\/person\/d71357578c318b6db03be60b1f60396b\",\"name\":\"beatrixlosem\",\"url\":\"https:\/\/www.naturparkmagazin.de\/schwaebisch-fraenkischer-wald\/author\/beatrixlosem\/\"}]}<\/script>\n<!-- \/ Yoast SEO plugin. -->","yoast_head_json":{"title":"Vom Fischweiher zum Naherholungsgebiet  - Naturpark Schw\u00e4bisch-Fr\u00e4nkischer Wald","robots":{"index":"index","follow":"follow","max-snippet":"max-snippet:-1","max-image-preview":"max-image-preview:large","max-video-preview":"max-video-preview:-1"},"canonical":"https:\/\/www.naturparkmagazin.de\/schwaebisch-fraenkischer-wald\/vom-fischweiher-zum-naherholungsgebiet\/","og_locale":"de_DE","og_type":"article","og_title":"Vom Fischweiher zum Naherholungsgebiet  - Naturpark Schw\u00e4bisch-Fr\u00e4nkischer Wald","og_description":"Auf der Wanderung am 9. Februar mit Michaela K\u00f6hler zur Gipsm\u00fchle am Starkholzbacher See gibt es viel zu erfahren. Die Themen reichen von Weiher und Fischgrube zur fast 150 Jahre alten Gipsm\u00fchle des Georg Michael Thier. Bereits im Mittelalter besa\u00df das Kloster Comburg hier Fischrechte. Heute ist die Umgebung ein wichtiges Erholungsgebiet f\u00fcr Schw\u00e4bisch Hall.","og_url":"https:\/\/www.naturparkmagazin.de\/schwaebisch-fraenkischer-wald\/vom-fischweiher-zum-naherholungsgebiet\/","og_site_name":"Naturpark Schw\u00e4bisch-Fr\u00e4nkischer Wald","article_published_time":"2014-01-22T12:30:54+00:00","article_modified_time":"2014-01-27T13:15:26+00:00","og_image":[{"width":500,"height":299,"url":"https:\/\/www.naturparkmagazin.de\/schwaebisch-fraenkischer-wald\/wp-content\/uploads\/sites\/34\/Starkholzbacher-See_Copyright_F\u00f6rderverein_Satrkholzbacher_See.jpg","type":"image\/jpeg"}],"author":"beatrixlosem","twitter_misc":{"Verfasst von":"beatrixlosem","Gesch\u00e4tzte Lesezeit":"1\u00a0Minute"},"schema":{"@context":"https:\/\/schema.org","@graph":[{"@type":"WebPage","@id":"https:\/\/www.naturparkmagazin.de\/schwaebisch-fraenkischer-wald\/vom-fischweiher-zum-naherholungsgebiet\/","url":"https:\/\/www.naturparkmagazin.de\/schwaebisch-fraenkischer-wald\/vom-fischweiher-zum-naherholungsgebiet\/","name":"Vom Fischweiher zum Naherholungsgebiet - Naturpark Schw\u00e4bisch-Fr\u00e4nkischer Wald","isPartOf":{"@id":"https:\/\/www.naturparkmagazin.de\/schwaebisch-fraenkischer-wald\/#website"},"datePublished":"2014-01-22T12:30:54+00:00","dateModified":"2014-01-27T13:15:26+00:00","author":{"@id":"https:\/\/www.naturparkmagazin.de\/schwaebisch-fraenkischer-wald\/#\/schema\/person\/d71357578c318b6db03be60b1f60396b"},"breadcrumb":{"@id":"https:\/\/www.naturparkmagazin.de\/schwaebisch-fraenkischer-wald\/vom-fischweiher-zum-naherholungsgebiet\/#breadcrumb"},"inLanguage":"de","potentialAction":[{"@type":"ReadAction","target":["https:\/\/www.naturparkmagazin.de\/schwaebisch-fraenkischer-wald\/vom-fischweiher-zum-naherholungsgebiet\/"]}]},{"@type":"BreadcrumbList","@id":"https:\/\/www.naturparkmagazin.de\/schwaebisch-fraenkischer-wald\/vom-fischweiher-zum-naherholungsgebiet\/#breadcrumb","itemListElement":[{"@type":"ListItem","position":1,"name":"Home","item":"https:\/\/www.naturparkmagazin.de\/schwaebisch-fraenkischer-wald\/"},{"@type":"ListItem","position":2,"name":"Vom Fischweiher zum Naherholungsgebiet"}]},{"@type":"WebSite","@id":"https:\/\/www.naturparkmagazin.de\/schwaebisch-fraenkischer-wald\/#website","url":"https:\/\/www.naturparkmagazin.de\/schwaebisch-fraenkischer-wald\/","name":"Naturpark Schw\u00e4bisch-Fr\u00e4nkischer Wald","description":"","potentialAction":[{"@type":"SearchAction","target":{"@type":"EntryPoint","urlTemplate":"https:\/\/www.naturparkmagazin.de\/schwaebisch-fraenkischer-wald\/?s={search_term_string}"},"query-input":"required name=search_term_string"}],"inLanguage":"de"},{"@type":"Person","@id":"https:\/\/www.naturparkmagazin.de\/schwaebisch-fraenkischer-wald\/#\/schema\/person\/d71357578c318b6db03be60b1f60396b","name":"beatrixlosem","url":"https:\/\/www.naturparkmagazin.de\/schwaebisch-fraenkischer-wald\/author\/beatrixlosem\/"}]}},"_links":{"self":[{"href":"https:\/\/www.naturparkmagazin.de\/schwaebisch-fraenkischer-wald\/wp-json\/wp\/v2\/posts\/591"}],"collection":[{"href":"https:\/\/www.naturparkmagazin.de\/schwaebisch-fraenkischer-wald\/wp-json\/wp\/v2\/posts"}],"about":[{"href":"https:\/\/www.naturparkmagazin.de\/schwaebisch-fraenkischer-wald\/wp-json\/wp\/v2\/types\/post"}],"author":[{"embeddable":true,"href":"https:\/\/www.naturparkmagazin.de\/schwaebisch-fraenkischer-wald\/wp-json\/wp\/v2\/users\/51"}],"replies":[{"embeddable":true,"href":"https:\/\/www.naturparkmagazin.de\/schwaebisch-fraenkischer-wald\/wp-json\/wp\/v2\/comments?post=591"}],"version-history":[{"count":3,"href":"https:\/\/www.naturparkmagazin.de\/schwaebisch-fraenkischer-wald\/wp-json\/wp\/v2\/posts\/591\/revisions"}],"predecessor-version":[{"id":595,"href":"https:\/\/www.naturparkmagazin.de\/schwaebisch-fraenkischer-wald\/wp-json\/wp\/v2\/posts\/591\/revisions\/595"}],"wp:featuredmedia":[{"embeddable":true,"href":"https:\/\/www.naturparkmagazin.de\/schwaebisch-fraenkischer-wald\/wp-json\/wp\/v2\/media\/594"}],"wp:attachment":[{"href":"https:\/\/www.naturparkmagazin.de\/schwaebisch-fraenkischer-wald\/wp-json\/wp\/v2\/media?parent=591"}],"wp:term":[{"taxonomy":"category","embeddable":true,"href":"https:\/\/www.naturparkmagazin.de\/schwaebisch-fraenkischer-wald\/wp-json\/wp\/v2\/categories?post=591"},{"taxonomy":"post_tag","embeddable":true,"href":"https:\/\/www.naturparkmagazin.de\/schwaebisch-fraenkischer-wald\/wp-json\/wp\/v2\/tags?post=591"}],"curies":[{"name":"wp","href":"https:\/\/api.w.org\/{rel}","templated":true}]}}