{"id":5967,"date":"2018-04-16T09:28:44","date_gmt":"2018-04-16T07:28:44","guid":{"rendered":"http:\/\/www.naturparkmagazin.de\/schwaebisch-fraenkischer-wald\/?p=5967"},"modified":"2018-01-22T09:43:38","modified_gmt":"2018-01-22T08:43:38","slug":"naturpark-aktiv-breitenauer-see-perle-des-weinsberger-tals","status":"publish","type":"post","link":"https:\/\/www.naturparkmagazin.de\/schwaebisch-fraenkischer-wald\/naturpark-aktiv-breitenauer-see-perle-des-weinsberger-tals\/","title":{"rendered":"Naturpark aktiv: Breitenauer See &#8211; Perle des Weinsberger Tals"},"content":{"rendered":"<ol start=\"13\">\n<li>Mai \u2013 Sonntag\n<div id=\"attachment_5968\" style=\"width: 510px\" class=\"wp-caption alignright\"><a href=\"https:\/\/www.naturparkmagazin.de\/schwaebisch-fraenkischer-wald\/wp-content\/uploads\/sites\/34\/18.05.13_NP-aktiv_Ruecker.jpg\"><img aria-describedby=\"caption-attachment-5968\" decoding=\"async\" loading=\"lazy\" class=\"size-full wp-image-5968\" src=\"https:\/\/www.naturparkmagazin.de\/schwaebisch-fraenkischer-wald\/wp-content\/uploads\/sites\/34\/18.05.13_NP-aktiv_Ruecker.jpg\" alt=\"Breitenauer See - Perle des Weinsberger Tals\" width=\"500\" height=\"300\" srcset=\"https:\/\/www.naturparkmagazin.de\/schwaebisch-fraenkischer-wald\/wp-content\/uploads\/sites\/34\/18.05.13_NP-aktiv_Ruecker.jpg 500w, https:\/\/www.naturparkmagazin.de\/schwaebisch-fraenkischer-wald\/wp-content\/uploads\/sites\/34\/18.05.13_NP-aktiv_Ruecker-300x180.jpg 300w, https:\/\/www.naturparkmagazin.de\/schwaebisch-fraenkischer-wald\/wp-content\/uploads\/sites\/34\/18.05.13_NP-aktiv_Ruecker-200x120.jpg 200w\" sizes=\"(max-width: 500px) 100vw, 500px\" \/><\/a><p id=\"caption-attachment-5968\" class=\"wp-caption-text\">Breitenauer See &#8211; Perle des Weinsberger Tals<\/p><\/div><\/li>\n<\/ol>\n<p>Heiteres, Mystisches und Informatives gibt es auf dem gem\u00fctlichen Spaziergang mit Naturparkf\u00fchrerin Sabine R\u00fccker rund um den Breitenauer See zu erfahren. Eingebettet in Weinberge und W\u00e4lder bietet sich eine atemberaubende Kulisse mit immer neuen Perspektiven. Dazu gibt es regionale K\u00f6stlichkeiten zu probieren. In Kooperation mit der Gemeinde Obersulm.<\/p>\n<ul>\n<li>Start: 11 Uhr<\/li>\n<li>Treffpunkt: Obersulm, Breitenauer See, Parkplatz P1<\/li>\n<li>Dauer: Ca. 3 Stunden<\/li>\n<li>Kosten: 7,50 \u20ac\/Person, inkl. Kostproben<\/li>\n<li>Anmeldung bis 12. Mai<\/li>\n<li>Info: F\u00fcr Menschen im Rollstuhl oder mit Geheinschr\u00e4nkungen geeignet, Strecke ca. 4 km, barrierefreie Toilette und ausgeschilderte Behindertenparkpl\u00e4tze vorhanden.<\/li>\n<li>Rollstuhlgerecht\/Kinderwagentauglich<\/li>\n<li>Kontakt: 0 71 94 \/ 9 54 85 45, <a href=\"mailto:ruecker@die-naturparkfuehrer.de\" target=\"_blank\">ruecker@die-naturparkfuehrer.de<\/a><\/li>\n<\/ul>\n<p>&nbsp;<\/p>\n","protected":false},"excerpt":{"rendered":"<p>13.05.: Spaziergang mit Naturparkf\u00fchrerin Sabine R\u00fccker, f\u00fcr Menschen im Rollstuhl oder mit Geheinschr\u00e4nkungen geeignet<\/p>\n","protected":false},"author":25,"featured_media":5969,"comment_status":"open","ping_status":"open","sticky":false,"template":"","format":"standard","meta":[],"categories":[11],"tags":[1069],"yoast_head":"<!-- This site is optimized with the Yoast SEO plugin v19.10 - https:\/\/yoast.com\/wordpress\/plugins\/seo\/ -->\n<title>Naturpark aktiv: Breitenauer See - Perle des Weinsberger Tals - Naturpark Schw\u00e4bisch-Fr\u00e4nkischer Wald<\/title>\n<meta name=\"robots\" content=\"index, follow, max-snippet:-1, max-image-preview:large, max-video-preview:-1\" \/>\n<link rel=\"canonical\" href=\"https:\/\/www.naturparkmagazin.de\/schwaebisch-fraenkischer-wald\/naturpark-aktiv-breitenauer-see-perle-des-weinsberger-tals\/\" \/>\n<meta property=\"og:locale\" content=\"de_DE\" \/>\n<meta property=\"og:type\" content=\"article\" \/>\n<meta property=\"og:title\" content=\"Naturpark aktiv: Breitenauer See - Perle des Weinsberger Tals - Naturpark Schw\u00e4bisch-Fr\u00e4nkischer Wald\" \/>\n<meta property=\"og:description\" content=\"13.05.: Spaziergang mit Naturparkf\u00fchrerin Sabine R\u00fccker, f\u00fcr Menschen im Rollstuhl oder mit Geheinschr\u00e4nkungen geeignet\" \/>\n<meta property=\"og:url\" content=\"https:\/\/www.naturparkmagazin.de\/schwaebisch-fraenkischer-wald\/naturpark-aktiv-breitenauer-see-perle-des-weinsberger-tals\/\" \/>\n<meta property=\"og:site_name\" content=\"Naturpark Schw\u00e4bisch-Fr\u00e4nkischer Wald\" \/>\n<meta property=\"article:author\" content=\"https:\/\/www.facebook.com\/naturparkSFW\" \/>\n<meta property=\"article:published_time\" content=\"2018-04-16T07:28:44+00:00\" \/>\n<meta property=\"article:modified_time\" content=\"2018-01-22T08:43:38+00:00\" \/>\n<meta property=\"og:image\" content=\"https:\/\/www.naturparkmagazin.de\/schwaebisch-fraenkischer-wald\/wp-content\/uploads\/sites\/34\/18.05.13_NP-aktiv_Ruecker1.jpg\" \/>\n\t<meta property=\"og:image:width\" content=\"200\" \/>\n\t<meta property=\"og:image:height\" content=\"200\" \/>\n\t<meta property=\"og:image:type\" content=\"image\/jpeg\" \/>\n<meta name=\"author\" content=\"Naturpark-Team\" \/>\n<meta name=\"twitter:label1\" content=\"Verfasst von\" \/>\n\t<meta name=\"twitter:data1\" content=\"Naturpark-Team\" \/>\n\t<meta name=\"twitter:label2\" content=\"Gesch\u00e4tzte Lesezeit\" \/>\n\t<meta name=\"twitter:data2\" content=\"1\u00a0Minute\" \/>\n<script type=\"application\/ld+json\" class=\"yoast-schema-graph\">{\"@context\":\"https:\/\/schema.org\",\"@graph\":[{\"@type\":\"WebPage\",\"@id\":\"https:\/\/www.naturparkmagazin.de\/schwaebisch-fraenkischer-wald\/naturpark-aktiv-breitenauer-see-perle-des-weinsberger-tals\/\",\"url\":\"https:\/\/www.naturparkmagazin.de\/schwaebisch-fraenkischer-wald\/naturpark-aktiv-breitenauer-see-perle-des-weinsberger-tals\/\",\"name\":\"Naturpark aktiv: Breitenauer See - Perle des Weinsberger Tals - Naturpark Schw\u00e4bisch-Fr\u00e4nkischer Wald\",\"isPartOf\":{\"@id\":\"https:\/\/www.naturparkmagazin.de\/schwaebisch-fraenkischer-wald\/#website\"},\"datePublished\":\"2018-04-16T07:28:44+00:00\",\"dateModified\":\"2018-01-22T08:43:38+00:00\",\"author\":{\"@id\":\"https:\/\/www.naturparkmagazin.de\/schwaebisch-fraenkischer-wald\/#\/schema\/person\/f047a3702ae747fd7830cf8ac95e6066\"},\"breadcrumb\":{\"@id\":\"https:\/\/www.naturparkmagazin.de\/schwaebisch-fraenkischer-wald\/naturpark-aktiv-breitenauer-see-perle-des-weinsberger-tals\/#breadcrumb\"},\"inLanguage\":\"de\",\"potentialAction\":[{\"@type\":\"ReadAction\",\"target\":[\"https:\/\/www.naturparkmagazin.de\/schwaebisch-fraenkischer-wald\/naturpark-aktiv-breitenauer-see-perle-des-weinsberger-tals\/\"]}]},{\"@type\":\"BreadcrumbList\",\"@id\":\"https:\/\/www.naturparkmagazin.de\/schwaebisch-fraenkischer-wald\/naturpark-aktiv-breitenauer-see-perle-des-weinsberger-tals\/#breadcrumb\",\"itemListElement\":[{\"@type\":\"ListItem\",\"position\":1,\"name\":\"Home\",\"item\":\"https:\/\/www.naturparkmagazin.de\/schwaebisch-fraenkischer-wald\/\"},{\"@type\":\"ListItem\",\"position\":2,\"name\":\"Naturpark aktiv: Breitenauer See &#8211; Perle des Weinsberger Tals\"}]},{\"@type\":\"WebSite\",\"@id\":\"https:\/\/www.naturparkmagazin.de\/schwaebisch-fraenkischer-wald\/#website\",\"url\":\"https:\/\/www.naturparkmagazin.de\/schwaebisch-fraenkischer-wald\/\",\"name\":\"Naturpark Schw\u00e4bisch-Fr\u00e4nkischer Wald\",\"description\":\"\",\"potentialAction\":[{\"@type\":\"SearchAction\",\"target\":{\"@type\":\"EntryPoint\",\"urlTemplate\":\"https:\/\/www.naturparkmagazin.de\/schwaebisch-fraenkischer-wald\/?s={search_term_string}\"},\"query-input\":\"required name=search_term_string\"}],\"inLanguage\":\"de\"},{\"@type\":\"Person\",\"@id\":\"https:\/\/www.naturparkmagazin.de\/schwaebisch-fraenkischer-wald\/#\/schema\/person\/f047a3702ae747fd7830cf8ac95e6066\",\"name\":\"Naturpark-Team\",\"sameAs\":[\"http:\/\/www.naturpark-sfw.de\",\"https:\/\/www.facebook.com\/naturparkSFW\"],\"url\":\"https:\/\/www.naturparkmagazin.de\/schwaebisch-fraenkischer-wald\/author\/bernharddrixler\/\"}]}<\/script>\n<!-- \/ Yoast SEO plugin. -->","yoast_head_json":{"title":"Naturpark aktiv: Breitenauer See - Perle des Weinsberger Tals - Naturpark Schw\u00e4bisch-Fr\u00e4nkischer Wald","robots":{"index":"index","follow":"follow","max-snippet":"max-snippet:-1","max-image-preview":"max-image-preview:large","max-video-preview":"max-video-preview:-1"},"canonical":"https:\/\/www.naturparkmagazin.de\/schwaebisch-fraenkischer-wald\/naturpark-aktiv-breitenauer-see-perle-des-weinsberger-tals\/","og_locale":"de_DE","og_type":"article","og_title":"Naturpark aktiv: Breitenauer See - Perle des Weinsberger Tals - Naturpark Schw\u00e4bisch-Fr\u00e4nkischer Wald","og_description":"13.05.: Spaziergang mit Naturparkf\u00fchrerin Sabine R\u00fccker, f\u00fcr Menschen im Rollstuhl oder mit Geheinschr\u00e4nkungen geeignet","og_url":"https:\/\/www.naturparkmagazin.de\/schwaebisch-fraenkischer-wald\/naturpark-aktiv-breitenauer-see-perle-des-weinsberger-tals\/","og_site_name":"Naturpark Schw\u00e4bisch-Fr\u00e4nkischer Wald","article_author":"https:\/\/www.facebook.com\/naturparkSFW","article_published_time":"2018-04-16T07:28:44+00:00","article_modified_time":"2018-01-22T08:43:38+00:00","og_image":[{"width":200,"height":200,"url":"https:\/\/www.naturparkmagazin.de\/schwaebisch-fraenkischer-wald\/wp-content\/uploads\/sites\/34\/18.05.13_NP-aktiv_Ruecker1.jpg","type":"image\/jpeg"}],"author":"Naturpark-Team","twitter_misc":{"Verfasst von":"Naturpark-Team","Gesch\u00e4tzte Lesezeit":"1\u00a0Minute"},"schema":{"@context":"https:\/\/schema.org","@graph":[{"@type":"WebPage","@id":"https:\/\/www.naturparkmagazin.de\/schwaebisch-fraenkischer-wald\/naturpark-aktiv-breitenauer-see-perle-des-weinsberger-tals\/","url":"https:\/\/www.naturparkmagazin.de\/schwaebisch-fraenkischer-wald\/naturpark-aktiv-breitenauer-see-perle-des-weinsberger-tals\/","name":"Naturpark aktiv: Breitenauer See - Perle des Weinsberger Tals - Naturpark Schw\u00e4bisch-Fr\u00e4nkischer Wald","isPartOf":{"@id":"https:\/\/www.naturparkmagazin.de\/schwaebisch-fraenkischer-wald\/#website"},"datePublished":"2018-04-16T07:28:44+00:00","dateModified":"2018-01-22T08:43:38+00:00","author":{"@id":"https:\/\/www.naturparkmagazin.de\/schwaebisch-fraenkischer-wald\/#\/schema\/person\/f047a3702ae747fd7830cf8ac95e6066"},"breadcrumb":{"@id":"https:\/\/www.naturparkmagazin.de\/schwaebisch-fraenkischer-wald\/naturpark-aktiv-breitenauer-see-perle-des-weinsberger-tals\/#breadcrumb"},"inLanguage":"de","potentialAction":[{"@type":"ReadAction","target":["https:\/\/www.naturparkmagazin.de\/schwaebisch-fraenkischer-wald\/naturpark-aktiv-breitenauer-see-perle-des-weinsberger-tals\/"]}]},{"@type":"BreadcrumbList","@id":"https:\/\/www.naturparkmagazin.de\/schwaebisch-fraenkischer-wald\/naturpark-aktiv-breitenauer-see-perle-des-weinsberger-tals\/#breadcrumb","itemListElement":[{"@type":"ListItem","position":1,"name":"Home","item":"https:\/\/www.naturparkmagazin.de\/schwaebisch-fraenkischer-wald\/"},{"@type":"ListItem","position":2,"name":"Naturpark aktiv: Breitenauer See &#8211; Perle des Weinsberger Tals"}]},{"@type":"WebSite","@id":"https:\/\/www.naturparkmagazin.de\/schwaebisch-fraenkischer-wald\/#website","url":"https:\/\/www.naturparkmagazin.de\/schwaebisch-fraenkischer-wald\/","name":"Naturpark Schw\u00e4bisch-Fr\u00e4nkischer Wald","description":"","potentialAction":[{"@type":"SearchAction","target":{"@type":"EntryPoint","urlTemplate":"https:\/\/www.naturparkmagazin.de\/schwaebisch-fraenkischer-wald\/?s={search_term_string}"},"query-input":"required name=search_term_string"}],"inLanguage":"de"},{"@type":"Person","@id":"https:\/\/www.naturparkmagazin.de\/schwaebisch-fraenkischer-wald\/#\/schema\/person\/f047a3702ae747fd7830cf8ac95e6066","name":"Naturpark-Team","sameAs":["http:\/\/www.naturpark-sfw.de","https:\/\/www.facebook.com\/naturparkSFW"],"url":"https:\/\/www.naturparkmagazin.de\/schwaebisch-fraenkischer-wald\/author\/bernharddrixler\/"}]}},"_links":{"self":[{"href":"https:\/\/www.naturparkmagazin.de\/schwaebisch-fraenkischer-wald\/wp-json\/wp\/v2\/posts\/5967"}],"collection":[{"href":"https:\/\/www.naturparkmagazin.de\/schwaebisch-fraenkischer-wald\/wp-json\/wp\/v2\/posts"}],"about":[{"href":"https:\/\/www.naturparkmagazin.de\/schwaebisch-fraenkischer-wald\/wp-json\/wp\/v2\/types\/post"}],"author":[{"embeddable":true,"href":"https:\/\/www.naturparkmagazin.de\/schwaebisch-fraenkischer-wald\/wp-json\/wp\/v2\/users\/25"}],"replies":[{"embeddable":true,"href":"https:\/\/www.naturparkmagazin.de\/schwaebisch-fraenkischer-wald\/wp-json\/wp\/v2\/comments?post=5967"}],"version-history":[{"count":3,"href":"https:\/\/www.naturparkmagazin.de\/schwaebisch-fraenkischer-wald\/wp-json\/wp\/v2\/posts\/5967\/revisions"}],"predecessor-version":[{"id":5972,"href":"https:\/\/www.naturparkmagazin.de\/schwaebisch-fraenkischer-wald\/wp-json\/wp\/v2\/posts\/5967\/revisions\/5972"}],"wp:featuredmedia":[{"embeddable":true,"href":"https:\/\/www.naturparkmagazin.de\/schwaebisch-fraenkischer-wald\/wp-json\/wp\/v2\/media\/5969"}],"wp:attachment":[{"href":"https:\/\/www.naturparkmagazin.de\/schwaebisch-fraenkischer-wald\/wp-json\/wp\/v2\/media?parent=5967"}],"wp:term":[{"taxonomy":"category","embeddable":true,"href":"https:\/\/www.naturparkmagazin.de\/schwaebisch-fraenkischer-wald\/wp-json\/wp\/v2\/categories?post=5967"},{"taxonomy":"post_tag","embeddable":true,"href":"https:\/\/www.naturparkmagazin.de\/schwaebisch-fraenkischer-wald\/wp-json\/wp\/v2\/tags?post=5967"}],"curies":[{"name":"wp","href":"https:\/\/api.w.org\/{rel}","templated":true}]}}