{"id":6072,"date":"2018-07-16T10:58:45","date_gmt":"2018-07-16T08:58:45","guid":{"rendered":"http:\/\/www.naturparkmagazin.de\/schwaebisch-fraenkischer-wald\/?p=6072"},"modified":"2018-07-04T07:02:40","modified_gmt":"2018-07-04T05:02:40","slug":"6072","status":"publish","type":"post","link":"https:\/\/www.naturparkmagazin.de\/schwaebisch-fraenkischer-wald\/6072\/","title":{"rendered":"Brunch auf dem Bauernhof"},"content":{"rendered":"<p>Sonntag, 5. August<\/p>\n<div id=\"attachment_6546\" style=\"width: 310px\" class=\"wp-caption alignright\"><a href=\"https:\/\/www.naturparkmagazin.de\/schwaebisch-fraenkischer-wald\/wp-content\/uploads\/sites\/34\/180805_BadBauernhof-1.jpg\"><img aria-describedby=\"caption-attachment-6546\" decoding=\"async\" loading=\"lazy\" class=\"size-full wp-image-6546\" src=\"https:\/\/www.naturparkmagazin.de\/schwaebisch-fraenkischer-wald\/wp-content\/uploads\/sites\/34\/180805_BadBauernhof-1.jpg\" alt=\"Brunch auf dem Bauernhof\" width=\"300\" height=\"500\" srcset=\"https:\/\/www.naturparkmagazin.de\/schwaebisch-fraenkischer-wald\/wp-content\/uploads\/sites\/34\/180805_BadBauernhof-1.jpg 300w, https:\/\/www.naturparkmagazin.de\/schwaebisch-fraenkischer-wald\/wp-content\/uploads\/sites\/34\/180805_BadBauernhof-1-200x333.jpg 200w\" sizes=\"(max-width: 300px) 100vw, 300px\" \/><\/a><p id=\"caption-attachment-6546\" class=\"wp-caption-text\">Brunch auf dem Bauernhof<\/p><\/div>\n<p>Inmitten von duftenden Heuwiesen oder rustikalen Bauernhofscheunen sitzen, kulinarische Schlemmereien direkt vom Hof genie\u00dfen und nebenbei ins b\u00e4uerliche Leben hineinschnuppern \u2013 all dies ist m\u00f6glich beim allj\u00e4hrlichen Brunch auf dem Bauernhof am ersten Sonntag im August. Im gesamten Naturparkgebiet laden landwirtschaftliche Betriebe ein zu einem reichhaltigen Brunch-Buffett mit regional produzierten Speisen und Getr\u00e4nken.<\/p>\n<p>Wir m\u00f6chten mit der Aktion die Direktvermarkter im Naturpark unterst\u00fctzen. Landwirte, die als Direktvermarkter t\u00e4tig sind, verkaufen ihre Erzeugnisse direkt an den Kunden bspw. \u00fcber Hofl\u00e4den oder auf Wochenm\u00e4rkten. Der Verbraucher erh\u00e4lt dadurch die M\u00f6glichkeit, den Hersteller der Nahrungsmittel pers\u00f6nlich kennen zu lernen. Die Direktvermarktung ist dazu umweltfreundlich und gerecht, da durch kurze Transportwege das Klima geschont wird und der Landwirt eine faire Bezahlung erh\u00e4lt. Durch das Einkaufen in Hofl\u00e4den und Co. l\u00e4sst sich somit ganz bewusst die heimische Landwirtschaft unterst\u00fctzen.<\/p>\n<p>Bitte melden Sie sich direkt bei folgenden H\u00f6fen an:<\/p>\n<p><span style=\"color: #000000\"><a style=\"color: #000000;text-decoration: underline\" href=\"https:\/\/www.hofkaeserei-bundschuh.de\/\" target=\"_blank\">Hofk\u00e4serei Bundschuh, Mainhardt, <\/a>Telefon: 0 79 03 \/ 14 48, <a href=\"mailto:kk.bundschuh@t-online.de\" target=\"_blank\">kk.bundschuh@t-online.de<\/a><\/span><\/p>\n<p><span style=\"color: #000000\"><a style=\"color: #000000;text-decoration: underline\" href=\"http:\/\/www.demeterhof.info\/\" target=\"_blank\">Kulturscheune Riegenhof, Mainhardt, <\/a>Telefon: 0 79 03 \/ 27 82, <a href=\"mailto:doris@biolaedle.de\" target=\"_blank\">doris@biolaedle.de<\/a><\/span><\/p>\n<p><span style=\"color: #000000\"><a style=\"color: #000000;text-decoration: underline\" href=\"https:\/\/www.kornberger-viehstall.de\/\" target=\"_blank\">Kornberger Viehstall, Oberrot-Kornberg, <\/a>Telefon: 0 79 77 \/ 9 11 99 33, <a href=\"mailto:info@kornberger-viehstall.de\" target=\"_blank\">info@kornberger-viehstall.de<\/a><\/span><\/p>\n<p><a href=\"http:\/\/www.schafhof-jauernik.de\/\" target=\"_blank\">Schafhof Jauernik, Bretzfeld-Wei\u00dflensburg, <\/a>Telefon: 0 79 46 \/ 62 26, Hinweis: Das Fr\u00fchts\u00fcck auf dem Schafhof Jauernik findet am 12. August 2018 statt!<\/p>\n","protected":false},"excerpt":{"rendered":"<p>05.08.: Lust aufs Landleben? Dann auf zum Brunch auf dem Bauernhof!<\/p>\n","protected":false},"author":25,"featured_media":6547,"comment_status":"open","ping_status":"open","sticky":false,"template":"","format":"standard","meta":[],"categories":[11],"tags":[1069],"yoast_head":"<!-- This site is optimized with the Yoast SEO plugin v19.10 - https:\/\/yoast.com\/wordpress\/plugins\/seo\/ -->\n<title>Brunch auf dem Bauernhof - Naturpark Schw\u00e4bisch-Fr\u00e4nkischer Wald<\/title>\n<meta name=\"robots\" content=\"index, follow, max-snippet:-1, max-image-preview:large, max-video-preview:-1\" \/>\n<link rel=\"canonical\" href=\"https:\/\/www.naturparkmagazin.de\/schwaebisch-fraenkischer-wald\/6072\/\" \/>\n<meta property=\"og:locale\" content=\"de_DE\" \/>\n<meta property=\"og:type\" content=\"article\" \/>\n<meta property=\"og:title\" content=\"Brunch auf dem Bauernhof - Naturpark Schw\u00e4bisch-Fr\u00e4nkischer Wald\" \/>\n<meta property=\"og:description\" content=\"05.08.: Lust aufs Landleben? Dann auf zum Brunch auf dem Bauernhof!\" \/>\n<meta property=\"og:url\" content=\"https:\/\/www.naturparkmagazin.de\/schwaebisch-fraenkischer-wald\/6072\/\" \/>\n<meta property=\"og:site_name\" content=\"Naturpark Schw\u00e4bisch-Fr\u00e4nkischer Wald\" \/>\n<meta property=\"article:author\" content=\"https:\/\/www.facebook.com\/naturparkSFW\" \/>\n<meta property=\"article:published_time\" content=\"2018-07-16T08:58:45+00:00\" \/>\n<meta property=\"article:modified_time\" content=\"2018-07-04T05:02:40+00:00\" \/>\n<meta property=\"og:image\" content=\"https:\/\/www.naturparkmagazin.de\/schwaebisch-fraenkischer-wald\/wp-content\/uploads\/sites\/34\/180805_BadBauernhof-11.jpg\" \/>\n\t<meta property=\"og:image:width\" content=\"200\" \/>\n\t<meta property=\"og:image:height\" content=\"200\" \/>\n\t<meta property=\"og:image:type\" content=\"image\/jpeg\" \/>\n<meta name=\"author\" content=\"Naturpark-Team\" \/>\n<meta name=\"twitter:label1\" content=\"Verfasst von\" \/>\n\t<meta name=\"twitter:data1\" content=\"Naturpark-Team\" \/>\n\t<meta name=\"twitter:label2\" content=\"Gesch\u00e4tzte Lesezeit\" \/>\n\t<meta name=\"twitter:data2\" content=\"1\u00a0Minute\" \/>\n<script type=\"application\/ld+json\" class=\"yoast-schema-graph\">{\"@context\":\"https:\/\/schema.org\",\"@graph\":[{\"@type\":\"WebPage\",\"@id\":\"https:\/\/www.naturparkmagazin.de\/schwaebisch-fraenkischer-wald\/6072\/\",\"url\":\"https:\/\/www.naturparkmagazin.de\/schwaebisch-fraenkischer-wald\/6072\/\",\"name\":\"Brunch auf dem Bauernhof - Naturpark Schw\u00e4bisch-Fr\u00e4nkischer Wald\",\"isPartOf\":{\"@id\":\"https:\/\/www.naturparkmagazin.de\/schwaebisch-fraenkischer-wald\/#website\"},\"datePublished\":\"2018-07-16T08:58:45+00:00\",\"dateModified\":\"2018-07-04T05:02:40+00:00\",\"author\":{\"@id\":\"https:\/\/www.naturparkmagazin.de\/schwaebisch-fraenkischer-wald\/#\/schema\/person\/f047a3702ae747fd7830cf8ac95e6066\"},\"breadcrumb\":{\"@id\":\"https:\/\/www.naturparkmagazin.de\/schwaebisch-fraenkischer-wald\/6072\/#breadcrumb\"},\"inLanguage\":\"de\",\"potentialAction\":[{\"@type\":\"ReadAction\",\"target\":[\"https:\/\/www.naturparkmagazin.de\/schwaebisch-fraenkischer-wald\/6072\/\"]}]},{\"@type\":\"BreadcrumbList\",\"@id\":\"https:\/\/www.naturparkmagazin.de\/schwaebisch-fraenkischer-wald\/6072\/#breadcrumb\",\"itemListElement\":[{\"@type\":\"ListItem\",\"position\":1,\"name\":\"Home\",\"item\":\"https:\/\/www.naturparkmagazin.de\/schwaebisch-fraenkischer-wald\/\"},{\"@type\":\"ListItem\",\"position\":2,\"name\":\"Brunch auf dem Bauernhof\"}]},{\"@type\":\"WebSite\",\"@id\":\"https:\/\/www.naturparkmagazin.de\/schwaebisch-fraenkischer-wald\/#website\",\"url\":\"https:\/\/www.naturparkmagazin.de\/schwaebisch-fraenkischer-wald\/\",\"name\":\"Naturpark Schw\u00e4bisch-Fr\u00e4nkischer Wald\",\"description\":\"\",\"potentialAction\":[{\"@type\":\"SearchAction\",\"target\":{\"@type\":\"EntryPoint\",\"urlTemplate\":\"https:\/\/www.naturparkmagazin.de\/schwaebisch-fraenkischer-wald\/?s={search_term_string}\"},\"query-input\":\"required name=search_term_string\"}],\"inLanguage\":\"de\"},{\"@type\":\"Person\",\"@id\":\"https:\/\/www.naturparkmagazin.de\/schwaebisch-fraenkischer-wald\/#\/schema\/person\/f047a3702ae747fd7830cf8ac95e6066\",\"name\":\"Naturpark-Team\",\"sameAs\":[\"http:\/\/www.naturpark-sfw.de\",\"https:\/\/www.facebook.com\/naturparkSFW\"],\"url\":\"https:\/\/www.naturparkmagazin.de\/schwaebisch-fraenkischer-wald\/author\/bernharddrixler\/\"}]}<\/script>\n<!-- \/ Yoast SEO plugin. -->","yoast_head_json":{"title":"Brunch auf dem Bauernhof - Naturpark Schw\u00e4bisch-Fr\u00e4nkischer Wald","robots":{"index":"index","follow":"follow","max-snippet":"max-snippet:-1","max-image-preview":"max-image-preview:large","max-video-preview":"max-video-preview:-1"},"canonical":"https:\/\/www.naturparkmagazin.de\/schwaebisch-fraenkischer-wald\/6072\/","og_locale":"de_DE","og_type":"article","og_title":"Brunch auf dem Bauernhof - Naturpark Schw\u00e4bisch-Fr\u00e4nkischer Wald","og_description":"05.08.: Lust aufs Landleben? Dann auf zum Brunch auf dem Bauernhof!","og_url":"https:\/\/www.naturparkmagazin.de\/schwaebisch-fraenkischer-wald\/6072\/","og_site_name":"Naturpark Schw\u00e4bisch-Fr\u00e4nkischer Wald","article_author":"https:\/\/www.facebook.com\/naturparkSFW","article_published_time":"2018-07-16T08:58:45+00:00","article_modified_time":"2018-07-04T05:02:40+00:00","og_image":[{"width":200,"height":200,"url":"https:\/\/www.naturparkmagazin.de\/schwaebisch-fraenkischer-wald\/wp-content\/uploads\/sites\/34\/180805_BadBauernhof-11.jpg","type":"image\/jpeg"}],"author":"Naturpark-Team","twitter_misc":{"Verfasst von":"Naturpark-Team","Gesch\u00e4tzte Lesezeit":"1\u00a0Minute"},"schema":{"@context":"https:\/\/schema.org","@graph":[{"@type":"WebPage","@id":"https:\/\/www.naturparkmagazin.de\/schwaebisch-fraenkischer-wald\/6072\/","url":"https:\/\/www.naturparkmagazin.de\/schwaebisch-fraenkischer-wald\/6072\/","name":"Brunch auf dem Bauernhof - Naturpark Schw\u00e4bisch-Fr\u00e4nkischer Wald","isPartOf":{"@id":"https:\/\/www.naturparkmagazin.de\/schwaebisch-fraenkischer-wald\/#website"},"datePublished":"2018-07-16T08:58:45+00:00","dateModified":"2018-07-04T05:02:40+00:00","author":{"@id":"https:\/\/www.naturparkmagazin.de\/schwaebisch-fraenkischer-wald\/#\/schema\/person\/f047a3702ae747fd7830cf8ac95e6066"},"breadcrumb":{"@id":"https:\/\/www.naturparkmagazin.de\/schwaebisch-fraenkischer-wald\/6072\/#breadcrumb"},"inLanguage":"de","potentialAction":[{"@type":"ReadAction","target":["https:\/\/www.naturparkmagazin.de\/schwaebisch-fraenkischer-wald\/6072\/"]}]},{"@type":"BreadcrumbList","@id":"https:\/\/www.naturparkmagazin.de\/schwaebisch-fraenkischer-wald\/6072\/#breadcrumb","itemListElement":[{"@type":"ListItem","position":1,"name":"Home","item":"https:\/\/www.naturparkmagazin.de\/schwaebisch-fraenkischer-wald\/"},{"@type":"ListItem","position":2,"name":"Brunch auf dem Bauernhof"}]},{"@type":"WebSite","@id":"https:\/\/www.naturparkmagazin.de\/schwaebisch-fraenkischer-wald\/#website","url":"https:\/\/www.naturparkmagazin.de\/schwaebisch-fraenkischer-wald\/","name":"Naturpark Schw\u00e4bisch-Fr\u00e4nkischer Wald","description":"","potentialAction":[{"@type":"SearchAction","target":{"@type":"EntryPoint","urlTemplate":"https:\/\/www.naturparkmagazin.de\/schwaebisch-fraenkischer-wald\/?s={search_term_string}"},"query-input":"required name=search_term_string"}],"inLanguage":"de"},{"@type":"Person","@id":"https:\/\/www.naturparkmagazin.de\/schwaebisch-fraenkischer-wald\/#\/schema\/person\/f047a3702ae747fd7830cf8ac95e6066","name":"Naturpark-Team","sameAs":["http:\/\/www.naturpark-sfw.de","https:\/\/www.facebook.com\/naturparkSFW"],"url":"https:\/\/www.naturparkmagazin.de\/schwaebisch-fraenkischer-wald\/author\/bernharddrixler\/"}]}},"_links":{"self":[{"href":"https:\/\/www.naturparkmagazin.de\/schwaebisch-fraenkischer-wald\/wp-json\/wp\/v2\/posts\/6072"}],"collection":[{"href":"https:\/\/www.naturparkmagazin.de\/schwaebisch-fraenkischer-wald\/wp-json\/wp\/v2\/posts"}],"about":[{"href":"https:\/\/www.naturparkmagazin.de\/schwaebisch-fraenkischer-wald\/wp-json\/wp\/v2\/types\/post"}],"author":[{"embeddable":true,"href":"https:\/\/www.naturparkmagazin.de\/schwaebisch-fraenkischer-wald\/wp-json\/wp\/v2\/users\/25"}],"replies":[{"embeddable":true,"href":"https:\/\/www.naturparkmagazin.de\/schwaebisch-fraenkischer-wald\/wp-json\/wp\/v2\/comments?post=6072"}],"version-history":[{"count":4,"href":"https:\/\/www.naturparkmagazin.de\/schwaebisch-fraenkischer-wald\/wp-json\/wp\/v2\/posts\/6072\/revisions"}],"predecessor-version":[{"id":6548,"href":"https:\/\/www.naturparkmagazin.de\/schwaebisch-fraenkischer-wald\/wp-json\/wp\/v2\/posts\/6072\/revisions\/6548"}],"wp:featuredmedia":[{"embeddable":true,"href":"https:\/\/www.naturparkmagazin.de\/schwaebisch-fraenkischer-wald\/wp-json\/wp\/v2\/media\/6547"}],"wp:attachment":[{"href":"https:\/\/www.naturparkmagazin.de\/schwaebisch-fraenkischer-wald\/wp-json\/wp\/v2\/media?parent=6072"}],"wp:term":[{"taxonomy":"category","embeddable":true,"href":"https:\/\/www.naturparkmagazin.de\/schwaebisch-fraenkischer-wald\/wp-json\/wp\/v2\/categories?post=6072"},{"taxonomy":"post_tag","embeddable":true,"href":"https:\/\/www.naturparkmagazin.de\/schwaebisch-fraenkischer-wald\/wp-json\/wp\/v2\/tags?post=6072"}],"curies":[{"name":"wp","href":"https:\/\/api.w.org\/{rel}","templated":true}]}}