{"id":612,"date":"2014-02-19T20:06:41","date_gmt":"2014-02-19T18:06:41","guid":{"rendered":"http:\/\/www.naturparkmagazin.de\/schwaebisch-fraenkischer-wald\/?p=612"},"modified":"2014-02-26T10:43:39","modified_gmt":"2014-02-26T09:43:39","slug":"unterwegs-mit-den-naturparkfuehrer-im-maerz","status":"publish","type":"post","link":"https:\/\/www.naturparkmagazin.de\/schwaebisch-fraenkischer-wald\/unterwegs-mit-den-naturparkfuehrer-im-maerz\/","title":{"rendered":"Unterwegs mit den Naturparkf\u00fchrer im M\u00e4rz"},"content":{"rendered":"<p>Langsam erwacht die Natur wieder und der Fr\u00fchling l\u00e4sst sich sp\u00fcren. Mit den Ver\u00e4nderungen drau\u00dfen erwacht auch wieder in uns der Lust auf Natur und Frische. Die Naturparkf\u00fchrer bieten mit ihren Wanderungen in M\u00e4rz die Gelegenheit, mal wieder in der Natur zu toben. Bei geschichtlichen Wanderungen zu alten Burgruinen oder entlang des Limes\u2018 erfahren Sie mehr \u00fcber die Vorfahrer diese Region oder gehen auf die Suche nach Waldbewohnern und genie\u00dfen dabei den Fr\u00fchlingsbeginn. Drau\u00dfen zu sein, ist auf jeden Fall angesagt!<\/p>\n<p><b>Sonntag, 2. M\u00e4rz <\/b><\/p>\n<p><b>Auf alten Pfaden um den Burgberg <\/b><\/p>\n<p>L\u00f6wensteiner Bergtour: An der alten Handelsstra\u00dfe von Schw\u00e4bisch Hall nach Heilbronn starten wir Richtung Burg L\u00f6wenstein. Nach einem Einblick in die Lumpenlochh\u00f6hle und einem aussichtsreichen Halt an Aussichtsplatte und Hofacker erreichen wir die historische Burgruine. Dort gibt es zur Saisoner\u00f6ffnung eine kleine Burgf\u00fchrung mit Turmbesteigung. Unterwegs gibt es so manch alte Geschichte zu erz\u00e4hlen und ein L\u00f6wensteiner Probierschl\u00fcckle. Auf dem Eselsweg geht es zur\u00fcck zur Aussichtsplatte. Los geht\u2019s mit Naturparkf\u00fchrerin Sabine R\u00fccker um 14 Uhr. Der Treffpunkt ist in L\u00f6wenstein beim Parkplatz unterhalb der Aussichtsplatte auf die B39 Richtung Hirrweiler. Die Wanderung dauert ca. 3 Stunden und kostet \u20ac 7,50 pro Erwachsenen inklusive Umtrunk, Kinder k\u00f6nnen kostenlos mitkommen. Die Strecke ist bedingt kinderwagentauglich. Eine Anmeldung ist nicht erforderlich.<\/p>\n<p>Weitere Infos unter:<\/p>\n<p>Telefon 07130-401120<\/p>\n<p>ruecker@die-naturparkfuehrer.de<\/p>\n<p><b>\u00a0<\/b><\/p>\n<p><b>Sonntag, 9. M\u00e4rz <\/b><\/p>\n<p><b>Auf Spurensuche in Siebenknie <\/b><\/p>\n<p>Begleitet von fr\u00f6hlichem Vogelgezwitscher begeben wir uns auf eine spannende Abenteuertour rund um Siebenknie. Flankiert von dunkelgr\u00fcnen Nadelb\u00e4umen und dichtem Unterholz entdecken und erforschen wir in Gel\u00e4ndespielen gemeinsam die sagenumwobene Welt des Waldes und des Wildes. Wir folgen den Spuren von Rehen, Wildschweinen und F\u00fcchsen und tauchen ein in die Lebenswirklichkeit dieser wilden \u00dcberlebensk\u00fcnstler. In lustigem Beisammensein klingt der Tag schlie\u00dflich mit einem, eigens von Gastwirt Horst Kircher vorbereiteten, k\u00f6stlichem Wild-Men\u00fc langsam aus. Die etwa zweieinhalbst\u00fcndige Tour mit Naturparkf\u00fchrerin Ruth Bohn startet um 14 Uhr vom Parkplatz Gasthaus Waldeck in Murrhardt-Siebenknie. Die Kosten betragen 8 \u20ac f\u00fcr Erwachsene und 4 \u20ac f\u00fcr Kinder unter 10, das Wild-Men\u00fc ist nicht inbegriffen. Die Strecke ist nicht kinderwagentauglich. Eine Anmeldung ist bis 5. M\u00e4rz m\u00f6glich.<\/p>\n<p>Weitere Infos unter:<\/p>\n<p>Telefon 07184-2198<\/p>\n<p>bohn@die-naturparkfuehrer.de<\/p>\n<p><b>\u00a0<a href=\"https:\/\/www.naturparkmagazin.de\/schwaebisch-fraenkischer-wald\/wp-content\/uploads\/sites\/34\/schneegl\u00f6ckle.jpg\"><img decoding=\"async\" loading=\"lazy\" class=\"alignright size-thumbnail wp-image-621\" alt=\"Copyright: Naturpark Schw\u00e4bisch-Fr\u00e4nkischer Wald\" src=\"https:\/\/www.naturparkmagazin.de\/schwaebisch-fraenkischer-wald\/wp-content\/uploads\/sites\/34\/schneegl\u00f6ckle-300x400.jpg\" width=\"334\" height=\"445\" srcset=\"https:\/\/www.naturparkmagazin.de\/schwaebisch-fraenkischer-wald\/wp-content\/uploads\/sites\/34\/schneegl\u00f6ckle-300x400.jpg 300w, https:\/\/www.naturparkmagazin.de\/schwaebisch-fraenkischer-wald\/wp-content\/uploads\/sites\/34\/schneegl\u00f6ckle-620x827.jpg 620w, https:\/\/www.naturparkmagazin.de\/schwaebisch-fraenkischer-wald\/wp-content\/uploads\/sites\/34\/schneegl\u00f6ckle-940x1253.jpg 940w, https:\/\/www.naturparkmagazin.de\/schwaebisch-fraenkischer-wald\/wp-content\/uploads\/sites\/34\/schneegl\u00f6ckle-500x667.jpg 500w, https:\/\/www.naturparkmagazin.de\/schwaebisch-fraenkischer-wald\/wp-content\/uploads\/sites\/34\/schneegl\u00f6ckle-420x560.jpg 420w, https:\/\/www.naturparkmagazin.de\/schwaebisch-fraenkischer-wald\/wp-content\/uploads\/sites\/34\/schneegl\u00f6ckle-135x180.jpg 135w, https:\/\/www.naturparkmagazin.de\/schwaebisch-fraenkischer-wald\/wp-content\/uploads\/sites\/34\/schneegl\u00f6ckle-53x71.jpg 53w, https:\/\/www.naturparkmagazin.de\/schwaebisch-fraenkischer-wald\/wp-content\/uploads\/sites\/34\/schneegl\u00f6ckle-670x893.jpg 670w, https:\/\/www.naturparkmagazin.de\/schwaebisch-fraenkischer-wald\/wp-content\/uploads\/sites\/34\/schneegl\u00f6ckle-200x267.jpg 200w, https:\/\/www.naturparkmagazin.de\/schwaebisch-fraenkischer-wald\/wp-content\/uploads\/sites\/34\/schneegl\u00f6ckle.jpg 1050w\" sizes=\"(max-width: 334px) 100vw, 334px\" \/><\/a><\/b><\/p>\n<p><b>Sonntag, 9. M\u00e4rz <\/b><\/p>\n<p><b>Suche den Fr\u00fchling um Sittenhardt! <\/b><b><\/b><\/p>\n<p>Das abgelegene \u00d6rtchen Sittenhardt liegt umgeben von der ehemaligen \u201eHaller Landheg\u201c. Neben der Geschichte suchen wir die ersten Spuren des Fr\u00fchlings. Vom Parkplatz vor dem Feuersee in Sittenhardt wandern wir im Wald zum Landhegturm, genie\u00dfen die Aussicht auf Schw\u00e4bisch Hall und das Kochertal. Die Tour mit Naturparkf\u00fchrerin Michaela K\u00f6hler startet um 14 Uhr in Schw\u00e4bisch Hall-Sittenhardt vom Parkplatz in der Ortsmitte. Die Wanderung kostet 6 \u20ac pro Person und dauert ca. 3 Stunden. Jeder sollte eine Tasse mitbringen. Eine Anmeldung ist bis 9. M\u00e4rz m\u00f6glich.<\/p>\n<p>Weitere Infos unter:<\/p>\n<p>Telefon 0160-3557831<\/p>\n<p>koehler@die-naturparkfuehrer.de<\/p>\n<p><b>\u00a0<\/b><\/p>\n<p><b>Sonntag, 16. M\u00e4rz<\/b><\/p>\n<p><b>Vollmondwanderung<\/b><b><\/b><\/p>\n<p>Im M\u00e4rz werden die Tage wieder sp\u00fcrbar l\u00e4nger, die Schneeschmelze beginnt und nach Lichtmess hat die Arbeit im Freien wieder begonnen. In dieser Vollmondnacht wandern wir mit Naturparkf\u00fchrerin Michaela K\u00f6hler \u00fcber Mainhardt-M\u00f6nchsberg zum Limes und begr\u00fc\u00dfen mit Ritualen und Liedern das Bauernjahr. Um 18 Uhr geht die Wanderung los und dauert ca. 2 Stunden. Der Treffpunkt ist in Mainhardt-M\u00f6nchsberg beim Parkplatz Fuxi-Pfad am Spiel- und Grillplatz. Erwachsene zahlen 5 \u20ac, Kinder 2,50 \u20ac. Jeder sollte eine Tasse mitbringen. Eine Anmeldung ist nicht erforderlich.<\/p>\n<p>Weitere Infos unter:<\/p>\n<p>Telefon 0160-3557831<\/p>\n<p>koehler@die-naturparkfuehrer.de<\/p>\n<p><b>\u00a0<\/b><\/p>\n<p><b>Sonntag, 23. M\u00e4rz <\/b><\/p>\n<p><b>Von Rittern, R\u00e4ubern und <\/b><b>dem Kl\u00e4mmerlesg\u00e4u <\/b><\/p>\n<p>Naturparkf\u00fchrerin Petra Kuch nimmt Sie mit durch das ehemalige Armenhaus des Schw\u00e4bisch-Fr\u00e4nkischen Waldes. Sie erfahren dabei mehr \u00fcber die Burg Maienfels, die legend\u00e4re R\u00e4uberbande des Mainhardter Waldes und \u00fcber das \u00e4rmliche Leben der Bewohner des Burgfriedens. \u00a0Die zweiundeinhalb st\u00fcndige Wanderung startet um 17 Uhr in W\u00fcstenrot-Maienfels bei der Bushaltestelle am Ortseingang, nahe der Burg. Die Tour kostet 6 \u20ac pro Person, Kinder k\u00f6nnen kostenlos mitkommen. Die Strecke ist weder kinderwagentauglich noch barrierefrei. Eine Anmeldung ist nicht erforderlich.<\/p>\n<p>Weitere Infos unter:<\/p>\n<p>www.wald-safari.de<\/p>\n<p>kuch@die-naturparkfuehrer.de<\/p>\n<p><b>\u00a0<\/b><\/p>\n<p><b>Sonntag, 23. M\u00e4rz <\/b><\/p>\n<p><b>Fr\u00fchlingsbeginn nach alten Traditionen <\/b><b><\/b><\/p>\n<p>Bereits in alten Zeiten feierten unsere Vorfahren den Wandel der Jahreszeiten im Einklang mit der sie umgebenden Natur. An diese Tradition schlie\u00dft diese Wanderung mit Naturparkf\u00fchrerin Edith Noak an. Wir begeben uns an ausgesuchten Pl\u00e4tzen mit Ritualen, Meditation und Geschichten auf die Suche nach unseren Wurzeln. Um 10 Uhr geht\u2019s von Kaisersbach los. Der Treffpunkt ist auf dem Parkplatz Finken auf die L 1150 Richtung Kirchenkirnberg, bei der Abzweigung Bruch \/ Mettelbach. Die dreist\u00fcndige Wanderung kostet 6 \u20ac f\u00fcr Erwachsene und 3 \u20ac f\u00fcr Kinder. Die Strecke ist nicht kinderwagentauglich. Jeder Teilnehmer sollte sich ein Sitzkissen mitbringen. Eine Anmeldung ist erw\u00fcnscht.<\/p>\n<p>Weitere Infos unter:<\/p>\n<p>Telefon 07184-291187<\/p>\n<p>noak@die-naturparkfuehrer.de<\/p>\n<p style=\"text-align: center\"><b>\u00a0<a href=\"https:\/\/www.naturparkmagazin.de\/schwaebisch-fraenkischer-wald\/wp-content\/uploads\/sites\/34\/140330_grabe.jpg\"><img decoding=\"async\" loading=\"lazy\" class=\"size-thumbnail wp-image-619 aligncenter\" alt=\"Copyright: Naturpark Schw\u00e4bisch-Fr\u00e4nkischer Wald\" src=\"https:\/\/www.naturparkmagazin.de\/schwaebisch-fraenkischer-wald\/wp-content\/uploads\/sites\/34\/140330_grabe-300x225.jpg\" width=\"416\" height=\"311\" srcset=\"https:\/\/www.naturparkmagazin.de\/schwaebisch-fraenkischer-wald\/wp-content\/uploads\/sites\/34\/140330_grabe-300x225.jpg 300w, https:\/\/www.naturparkmagazin.de\/schwaebisch-fraenkischer-wald\/wp-content\/uploads\/sites\/34\/140330_grabe-620x465.jpg 620w, https:\/\/www.naturparkmagazin.de\/schwaebisch-fraenkischer-wald\/wp-content\/uploads\/sites\/34\/140330_grabe-940x705.jpg 940w, https:\/\/www.naturparkmagazin.de\/schwaebisch-fraenkischer-wald\/wp-content\/uploads\/sites\/34\/140330_grabe-580x435.jpg 580w, https:\/\/www.naturparkmagazin.de\/schwaebisch-fraenkischer-wald\/wp-content\/uploads\/sites\/34\/140330_grabe-420x315.jpg 420w, https:\/\/www.naturparkmagazin.de\/schwaebisch-fraenkischer-wald\/wp-content\/uploads\/sites\/34\/140330_grabe-180x135.jpg 180w, https:\/\/www.naturparkmagazin.de\/schwaebisch-fraenkischer-wald\/wp-content\/uploads\/sites\/34\/140330_grabe-95x71.jpg 95w, https:\/\/www.naturparkmagazin.de\/schwaebisch-fraenkischer-wald\/wp-content\/uploads\/sites\/34\/140330_grabe-670x503.jpg 670w, https:\/\/www.naturparkmagazin.de\/schwaebisch-fraenkischer-wald\/wp-content\/uploads\/sites\/34\/140330_grabe-200x150.jpg 200w, https:\/\/www.naturparkmagazin.de\/schwaebisch-fraenkischer-wald\/wp-content\/uploads\/sites\/34\/140330_grabe.jpg 1500w\" sizes=\"(max-width: 416px) 100vw, 416px\" \/><\/a><\/b><\/p>\n<p><b>Sonntag, 30. M\u00e4rz<\/b><\/p>\n<p><b>Limeswanderung von Welzheim nach Lorch <\/b><b><\/b><\/p>\n<p>Auf dieser Tagestour entlang des Limeswanderweges werden Ihnen die sichtbaren und die weniger sichtbaren Zeugnisse der R\u00f6mer am heutigen Welterbe Limes von Naturparkf\u00fchrer und Limes-Cicerone Wolfgang Grabe gezeigt und erkl\u00e4rt. Der Soldatenalltag an dieser Grenzlinie und das Leben der Bev\u00f6lkerung in den Kastellorten werden wieder lebendig. So markante Punkte wie das Welzheimer Ostkastell, G\u00f6ckelerturm, Bemberlesstein oder der Wachtturm in Lorch liegen am Wegesrand. Die R\u00fcckfahrt von Lorch nach Welzheim erfolgt mit Bahn und Bus. Die Tour startet gegen 10.30 Uhr nach dem Ankunft vom Bus und Schw\u00e4bischer Waldbahn. Der Treffpunkt ist in Welzheim beim Busbahnhof. Die ganze Tour dauert ca. 6,5 stunden mit R\u00fcckfahrt mit dem \u00d6PNV. Die Kosten betragen 10 \u20ac pro Erwachsenen zuz\u00fcglich einer Busfahrkarte, Kinder kommen kostenlos mit. Festes Schuhwerk ist auf jeden Fall erforderlich und Getr\u00e4nke und ein Rucksackvesper sind mitzubringen. Eine Anmeldung ist nicht erforderlich.<\/p>\n<p>Weitere Infos unter:<\/p>\n<p>Telefon 07182-7726<\/p>\n<p>grabe@die-naturparkfuehrer.de<\/p>\n<p>&nbsp;<\/p>\n<p>&nbsp;<\/p>\n","protected":false},"excerpt":{"rendered":"<p>Langsam erwacht die Natur wieder und der Fr\u00fchling l\u00e4sst sich sp\u00fcren. Mit den Ver\u00e4nderungen drau\u00dfen erwacht auch wieder in uns der Lust auf Natur und Frische. Die Naturparkf\u00fchrer bieten mit ihren Wanderungen in M\u00e4rz die Gelegenheit, mal wieder in der Natur zu toben. <\/p>\n","protected":false},"author":25,"featured_media":622,"comment_status":"open","ping_status":"open","sticky":false,"template":"","format":"standard","meta":[],"categories":[11],"tags":[],"yoast_head":"<!-- This site is optimized with the Yoast SEO plugin v19.10 - https:\/\/yoast.com\/wordpress\/plugins\/seo\/ -->\n<title>Unterwegs mit den Naturparkf\u00fchrer im M\u00e4rz - Naturpark Schw\u00e4bisch-Fr\u00e4nkischer Wald<\/title>\n<meta name=\"robots\" content=\"index, follow, max-snippet:-1, max-image-preview:large, max-video-preview:-1\" \/>\n<link rel=\"canonical\" href=\"https:\/\/www.naturparkmagazin.de\/schwaebisch-fraenkischer-wald\/unterwegs-mit-den-naturparkfuehrer-im-maerz\/\" \/>\n<meta property=\"og:locale\" content=\"de_DE\" \/>\n<meta property=\"og:type\" content=\"article\" \/>\n<meta property=\"og:title\" content=\"Unterwegs mit den Naturparkf\u00fchrer im M\u00e4rz - Naturpark Schw\u00e4bisch-Fr\u00e4nkischer Wald\" \/>\n<meta property=\"og:description\" content=\"Langsam erwacht die Natur wieder und der Fr\u00fchling l\u00e4sst sich sp\u00fcren. Mit den Ver\u00e4nderungen drau\u00dfen erwacht auch wieder in uns der Lust auf Natur und Frische. Die Naturparkf\u00fchrer bieten mit ihren Wanderungen in M\u00e4rz die Gelegenheit, mal wieder in der Natur zu toben.\" \/>\n<meta property=\"og:url\" content=\"https:\/\/www.naturparkmagazin.de\/schwaebisch-fraenkischer-wald\/unterwegs-mit-den-naturparkfuehrer-im-maerz\/\" \/>\n<meta property=\"og:site_name\" content=\"Naturpark Schw\u00e4bisch-Fr\u00e4nkischer Wald\" \/>\n<meta property=\"article:author\" content=\"https:\/\/www.facebook.com\/naturparkSFW\" \/>\n<meta property=\"article:published_time\" content=\"2014-02-19T18:06:41+00:00\" \/>\n<meta property=\"article:modified_time\" content=\"2014-02-26T09:43:39+00:00\" \/>\n<meta property=\"og:image\" content=\"https:\/\/www.naturparkmagazin.de\/schwaebisch-fraenkischer-wald\/wp-content\/uploads\/sites\/34\/winterlinge.jpg\" \/>\n\t<meta property=\"og:image:width\" content=\"1300\" \/>\n\t<meta property=\"og:image:height\" content=\"975\" \/>\n\t<meta property=\"og:image:type\" content=\"image\/jpeg\" \/>\n<meta name=\"author\" content=\"Naturpark-Team\" \/>\n<meta name=\"twitter:label1\" content=\"Verfasst von\" \/>\n\t<meta name=\"twitter:data1\" content=\"Naturpark-Team\" \/>\n\t<meta name=\"twitter:label2\" content=\"Gesch\u00e4tzte Lesezeit\" \/>\n\t<meta name=\"twitter:data2\" content=\"5\u00a0Minuten\" \/>\n<script type=\"application\/ld+json\" class=\"yoast-schema-graph\">{\"@context\":\"https:\/\/schema.org\",\"@graph\":[{\"@type\":\"WebPage\",\"@id\":\"https:\/\/www.naturparkmagazin.de\/schwaebisch-fraenkischer-wald\/unterwegs-mit-den-naturparkfuehrer-im-maerz\/\",\"url\":\"https:\/\/www.naturparkmagazin.de\/schwaebisch-fraenkischer-wald\/unterwegs-mit-den-naturparkfuehrer-im-maerz\/\",\"name\":\"Unterwegs mit den Naturparkf\u00fchrer im M\u00e4rz - Naturpark Schw\u00e4bisch-Fr\u00e4nkischer Wald\",\"isPartOf\":{\"@id\":\"https:\/\/www.naturparkmagazin.de\/schwaebisch-fraenkischer-wald\/#website\"},\"datePublished\":\"2014-02-19T18:06:41+00:00\",\"dateModified\":\"2014-02-26T09:43:39+00:00\",\"author\":{\"@id\":\"https:\/\/www.naturparkmagazin.de\/schwaebisch-fraenkischer-wald\/#\/schema\/person\/f047a3702ae747fd7830cf8ac95e6066\"},\"breadcrumb\":{\"@id\":\"https:\/\/www.naturparkmagazin.de\/schwaebisch-fraenkischer-wald\/unterwegs-mit-den-naturparkfuehrer-im-maerz\/#breadcrumb\"},\"inLanguage\":\"de\",\"potentialAction\":[{\"@type\":\"ReadAction\",\"target\":[\"https:\/\/www.naturparkmagazin.de\/schwaebisch-fraenkischer-wald\/unterwegs-mit-den-naturparkfuehrer-im-maerz\/\"]}]},{\"@type\":\"BreadcrumbList\",\"@id\":\"https:\/\/www.naturparkmagazin.de\/schwaebisch-fraenkischer-wald\/unterwegs-mit-den-naturparkfuehrer-im-maerz\/#breadcrumb\",\"itemListElement\":[{\"@type\":\"ListItem\",\"position\":1,\"name\":\"Home\",\"item\":\"https:\/\/www.naturparkmagazin.de\/schwaebisch-fraenkischer-wald\/\"},{\"@type\":\"ListItem\",\"position\":2,\"name\":\"Unterwegs mit den Naturparkf\u00fchrer im M\u00e4rz\"}]},{\"@type\":\"WebSite\",\"@id\":\"https:\/\/www.naturparkmagazin.de\/schwaebisch-fraenkischer-wald\/#website\",\"url\":\"https:\/\/www.naturparkmagazin.de\/schwaebisch-fraenkischer-wald\/\",\"name\":\"Naturpark Schw\u00e4bisch-Fr\u00e4nkischer Wald\",\"description\":\"\",\"potentialAction\":[{\"@type\":\"SearchAction\",\"target\":{\"@type\":\"EntryPoint\",\"urlTemplate\":\"https:\/\/www.naturparkmagazin.de\/schwaebisch-fraenkischer-wald\/?s={search_term_string}\"},\"query-input\":\"required name=search_term_string\"}],\"inLanguage\":\"de\"},{\"@type\":\"Person\",\"@id\":\"https:\/\/www.naturparkmagazin.de\/schwaebisch-fraenkischer-wald\/#\/schema\/person\/f047a3702ae747fd7830cf8ac95e6066\",\"name\":\"Naturpark-Team\",\"sameAs\":[\"http:\/\/www.naturpark-sfw.de\",\"https:\/\/www.facebook.com\/naturparkSFW\"],\"url\":\"https:\/\/www.naturparkmagazin.de\/schwaebisch-fraenkischer-wald\/author\/bernharddrixler\/\"}]}<\/script>\n<!-- \/ Yoast SEO plugin. -->","yoast_head_json":{"title":"Unterwegs mit den Naturparkf\u00fchrer im M\u00e4rz - Naturpark Schw\u00e4bisch-Fr\u00e4nkischer Wald","robots":{"index":"index","follow":"follow","max-snippet":"max-snippet:-1","max-image-preview":"max-image-preview:large","max-video-preview":"max-video-preview:-1"},"canonical":"https:\/\/www.naturparkmagazin.de\/schwaebisch-fraenkischer-wald\/unterwegs-mit-den-naturparkfuehrer-im-maerz\/","og_locale":"de_DE","og_type":"article","og_title":"Unterwegs mit den Naturparkf\u00fchrer im M\u00e4rz - Naturpark Schw\u00e4bisch-Fr\u00e4nkischer Wald","og_description":"Langsam erwacht die Natur wieder und der Fr\u00fchling l\u00e4sst sich sp\u00fcren. Mit den Ver\u00e4nderungen drau\u00dfen erwacht auch wieder in uns der Lust auf Natur und Frische. Die Naturparkf\u00fchrer bieten mit ihren Wanderungen in M\u00e4rz die Gelegenheit, mal wieder in der Natur zu toben.","og_url":"https:\/\/www.naturparkmagazin.de\/schwaebisch-fraenkischer-wald\/unterwegs-mit-den-naturparkfuehrer-im-maerz\/","og_site_name":"Naturpark Schw\u00e4bisch-Fr\u00e4nkischer Wald","article_author":"https:\/\/www.facebook.com\/naturparkSFW","article_published_time":"2014-02-19T18:06:41+00:00","article_modified_time":"2014-02-26T09:43:39+00:00","og_image":[{"width":1300,"height":975,"url":"https:\/\/www.naturparkmagazin.de\/schwaebisch-fraenkischer-wald\/wp-content\/uploads\/sites\/34\/winterlinge.jpg","type":"image\/jpeg"}],"author":"Naturpark-Team","twitter_misc":{"Verfasst von":"Naturpark-Team","Gesch\u00e4tzte Lesezeit":"5\u00a0Minuten"},"schema":{"@context":"https:\/\/schema.org","@graph":[{"@type":"WebPage","@id":"https:\/\/www.naturparkmagazin.de\/schwaebisch-fraenkischer-wald\/unterwegs-mit-den-naturparkfuehrer-im-maerz\/","url":"https:\/\/www.naturparkmagazin.de\/schwaebisch-fraenkischer-wald\/unterwegs-mit-den-naturparkfuehrer-im-maerz\/","name":"Unterwegs mit den Naturparkf\u00fchrer im M\u00e4rz - Naturpark Schw\u00e4bisch-Fr\u00e4nkischer Wald","isPartOf":{"@id":"https:\/\/www.naturparkmagazin.de\/schwaebisch-fraenkischer-wald\/#website"},"datePublished":"2014-02-19T18:06:41+00:00","dateModified":"2014-02-26T09:43:39+00:00","author":{"@id":"https:\/\/www.naturparkmagazin.de\/schwaebisch-fraenkischer-wald\/#\/schema\/person\/f047a3702ae747fd7830cf8ac95e6066"},"breadcrumb":{"@id":"https:\/\/www.naturparkmagazin.de\/schwaebisch-fraenkischer-wald\/unterwegs-mit-den-naturparkfuehrer-im-maerz\/#breadcrumb"},"inLanguage":"de","potentialAction":[{"@type":"ReadAction","target":["https:\/\/www.naturparkmagazin.de\/schwaebisch-fraenkischer-wald\/unterwegs-mit-den-naturparkfuehrer-im-maerz\/"]}]},{"@type":"BreadcrumbList","@id":"https:\/\/www.naturparkmagazin.de\/schwaebisch-fraenkischer-wald\/unterwegs-mit-den-naturparkfuehrer-im-maerz\/#breadcrumb","itemListElement":[{"@type":"ListItem","position":1,"name":"Home","item":"https:\/\/www.naturparkmagazin.de\/schwaebisch-fraenkischer-wald\/"},{"@type":"ListItem","position":2,"name":"Unterwegs mit den Naturparkf\u00fchrer im M\u00e4rz"}]},{"@type":"WebSite","@id":"https:\/\/www.naturparkmagazin.de\/schwaebisch-fraenkischer-wald\/#website","url":"https:\/\/www.naturparkmagazin.de\/schwaebisch-fraenkischer-wald\/","name":"Naturpark Schw\u00e4bisch-Fr\u00e4nkischer Wald","description":"","potentialAction":[{"@type":"SearchAction","target":{"@type":"EntryPoint","urlTemplate":"https:\/\/www.naturparkmagazin.de\/schwaebisch-fraenkischer-wald\/?s={search_term_string}"},"query-input":"required name=search_term_string"}],"inLanguage":"de"},{"@type":"Person","@id":"https:\/\/www.naturparkmagazin.de\/schwaebisch-fraenkischer-wald\/#\/schema\/person\/f047a3702ae747fd7830cf8ac95e6066","name":"Naturpark-Team","sameAs":["http:\/\/www.naturpark-sfw.de","https:\/\/www.facebook.com\/naturparkSFW"],"url":"https:\/\/www.naturparkmagazin.de\/schwaebisch-fraenkischer-wald\/author\/bernharddrixler\/"}]}},"_links":{"self":[{"href":"https:\/\/www.naturparkmagazin.de\/schwaebisch-fraenkischer-wald\/wp-json\/wp\/v2\/posts\/612"}],"collection":[{"href":"https:\/\/www.naturparkmagazin.de\/schwaebisch-fraenkischer-wald\/wp-json\/wp\/v2\/posts"}],"about":[{"href":"https:\/\/www.naturparkmagazin.de\/schwaebisch-fraenkischer-wald\/wp-json\/wp\/v2\/types\/post"}],"author":[{"embeddable":true,"href":"https:\/\/www.naturparkmagazin.de\/schwaebisch-fraenkischer-wald\/wp-json\/wp\/v2\/users\/25"}],"replies":[{"embeddable":true,"href":"https:\/\/www.naturparkmagazin.de\/schwaebisch-fraenkischer-wald\/wp-json\/wp\/v2\/comments?post=612"}],"version-history":[{"count":5,"href":"https:\/\/www.naturparkmagazin.de\/schwaebisch-fraenkischer-wald\/wp-json\/wp\/v2\/posts\/612\/revisions"}],"predecessor-version":[{"id":655,"href":"https:\/\/www.naturparkmagazin.de\/schwaebisch-fraenkischer-wald\/wp-json\/wp\/v2\/posts\/612\/revisions\/655"}],"wp:featuredmedia":[{"embeddable":true,"href":"https:\/\/www.naturparkmagazin.de\/schwaebisch-fraenkischer-wald\/wp-json\/wp\/v2\/media\/622"}],"wp:attachment":[{"href":"https:\/\/www.naturparkmagazin.de\/schwaebisch-fraenkischer-wald\/wp-json\/wp\/v2\/media?parent=612"}],"wp:term":[{"taxonomy":"category","embeddable":true,"href":"https:\/\/www.naturparkmagazin.de\/schwaebisch-fraenkischer-wald\/wp-json\/wp\/v2\/categories?post=612"},{"taxonomy":"post_tag","embeddable":true,"href":"https:\/\/www.naturparkmagazin.de\/schwaebisch-fraenkischer-wald\/wp-json\/wp\/v2\/tags?post=612"}],"curies":[{"name":"wp","href":"https:\/\/api.w.org\/{rel}","templated":true}]}}