{"id":6214,"date":"2018-03-14T12:03:27","date_gmt":"2018-03-14T11:03:27","guid":{"rendered":"http:\/\/www.naturparkmagazin.de\/schwaebisch-fraenkischer-wald\/?p=6214"},"modified":"2018-03-22T12:09:19","modified_gmt":"2018-03-22T11:09:19","slug":"wir-lassen-es-bluehen-und-spriessen-im-naturpark","status":"publish","type":"post","link":"https:\/\/www.naturparkmagazin.de\/schwaebisch-fraenkischer-wald\/wir-lassen-es-bluehen-und-spriessen-im-naturpark\/","title":{"rendered":"Wir lassen es bl\u00fchen und sprie\u00dfen im Naturpark"},"content":{"rendered":"<p>Der weltweite R\u00fcckgang von Insekten macht leider auch vor unserer Region nicht halt.<\/p>\n<div id=\"attachment_6215\" style=\"width: 510px\" class=\"wp-caption alignright\"><a href=\"https:\/\/www.naturparkmagazin.de\/schwaebisch-fraenkischer-wald\/wp-content\/uploads\/sites\/34\/130605_RPS_Wolf-067.jpg\"><img aria-describedby=\"caption-attachment-6215\" decoding=\"async\" loading=\"lazy\" class=\"size-full wp-image-6215\" src=\"https:\/\/www.naturparkmagazin.de\/schwaebisch-fraenkischer-wald\/wp-content\/uploads\/sites\/34\/130605_RPS_Wolf-067.jpg\" alt=\"\u201eBl\u00fchender Naturpark\u201c\" width=\"500\" height=\"300\" srcset=\"https:\/\/www.naturparkmagazin.de\/schwaebisch-fraenkischer-wald\/wp-content\/uploads\/sites\/34\/130605_RPS_Wolf-067.jpg 500w, https:\/\/www.naturparkmagazin.de\/schwaebisch-fraenkischer-wald\/wp-content\/uploads\/sites\/34\/130605_RPS_Wolf-067-300x180.jpg 300w, https:\/\/www.naturparkmagazin.de\/schwaebisch-fraenkischer-wald\/wp-content\/uploads\/sites\/34\/130605_RPS_Wolf-067-200x120.jpg 200w\" sizes=\"(max-width: 500px) 100vw, 500px\" \/><\/a><p id=\"caption-attachment-6215\" class=\"wp-caption-text\">\u201eBl\u00fchender Naturpark\u201c<\/p><\/div>\n<p>Es sind verschiedene Faktoren, die Honig- und Wildbienen, Schmetterlingen, Schwebfliegen und Co. das Leben erschweren. Ein Aspekt ist, dass Insekten vom Fr\u00fchjahr bis in den Herbst hinein auf bl\u00fchende Pflanzen als Nahrung angewiesen sind; die Artenvielfalt auf Wiesen und Feldern\u00a0 jedoch immer weiter abnimmt. Um die Artenvielalt wieder zu erh\u00f6hen, haben die sieben Naturparke Baden-W\u00fcrttemberg die Kampagne \u201eBl\u00fchender Naturpark\u201c ins Leben gerufen. Landesweit entstehen naturnahe Wiesenfl\u00e4chen auf vorwiegend \u00f6ffentlichen Fl\u00e4chen. Nicht nur Einwohner und Besucher, auch die f\u00fcr uns Menschen so wichtigen Insekten sollen in den Naturparken ein lebenswertes Umfeld vorfinden.<\/p>\n<p>Im Naturpark Schw\u00e4bisch-Fr\u00e4nkischer Wald findet seit letztem Herbst ein Bauhoftraining f\u00fcr 15 Naturparkkommunen* statt, in welchem die Mitarbeiter\/innen lernen, wie naturnahe Wiesen und Staudens\u00e4ume auf \u00f6ffentlichen Fl\u00e4chen angelegt werden k\u00f6nnen.<\/p>\n<p>Am 22. M\u00e4rz wurde nun das erste Praxisseminar durchgef\u00fchrt. Das Biologenehepaar Karin und Martin Wei\u00df erkl\u00e4rte zun\u00e4chst die Unterschiede der verschiedenen Wiesenmischungen und wie sich die gew\u00fcnschten Pflanzen von unerw\u00fcnschten Beikr\u00e4utern unterscheiden lassen. Im Anschluss ging es in der Pilotgemeinde Alth\u00fctte zu den ausgew\u00e4hlten Fl\u00e4chen, auf denen die Bodenvorbereitung und die Ausbringung des mehrj\u00e4hrigen Saatgutes erprobt wurde.<\/p>\n<p>Mit dem diesem neuen Wissen k\u00f6nnen nun auch die neuen Fl\u00e4chen in den 14 weiteren Teilnehmerkommunen angelegt werden.<\/p>\n<p>Seien Sie gespannt, wo es \u00fcberall in den n\u00e4chsten Wochen und Monaten zu sprie\u00dfen und zu bl\u00fchen beginnt!<\/p>\n<p>* Abtsgm\u00fcnd, Adelmannsfelden, Alfdorf, Alth\u00fctte, Backnang, Berglen, Gro\u00dferlach, Kaisersbach, Lorch, Michelbach a.d. Bilz, Michelfeld, Oppenweiler, Pl\u00fcderhausen, Sulzbach a.d. Murr, Welzheim<\/p>\n","protected":false},"excerpt":{"rendered":"<p>Aktion &#8222;Bl\u00fchender Naturpark&#8220; soll die Artenvielfalt in den sieben Naturparken Baden-W\u00fcrttembergs erh\u00f6hen<\/p>\n","protected":false},"author":25,"featured_media":6216,"comment_status":"open","ping_status":"open","sticky":false,"template":"","format":"standard","meta":[],"categories":[7],"tags":[1069],"yoast_head":"<!-- This site is optimized with the Yoast SEO plugin v19.10 - https:\/\/yoast.com\/wordpress\/plugins\/seo\/ -->\n<title>Wir lassen es bl\u00fchen und sprie\u00dfen im Naturpark - Naturpark Schw\u00e4bisch-Fr\u00e4nkischer Wald<\/title>\n<meta name=\"robots\" content=\"index, follow, max-snippet:-1, max-image-preview:large, max-video-preview:-1\" \/>\n<link rel=\"canonical\" href=\"https:\/\/www.naturparkmagazin.de\/schwaebisch-fraenkischer-wald\/wir-lassen-es-bluehen-und-spriessen-im-naturpark\/\" \/>\n<meta property=\"og:locale\" content=\"de_DE\" \/>\n<meta property=\"og:type\" content=\"article\" \/>\n<meta property=\"og:title\" content=\"Wir lassen es bl\u00fchen und sprie\u00dfen im Naturpark - Naturpark Schw\u00e4bisch-Fr\u00e4nkischer Wald\" \/>\n<meta property=\"og:description\" content=\"Aktion &quot;Bl\u00fchender Naturpark&quot; soll die Artenvielfalt in den sieben Naturparken Baden-W\u00fcrttembergs erh\u00f6hen\" \/>\n<meta property=\"og:url\" content=\"https:\/\/www.naturparkmagazin.de\/schwaebisch-fraenkischer-wald\/wir-lassen-es-bluehen-und-spriessen-im-naturpark\/\" \/>\n<meta property=\"og:site_name\" content=\"Naturpark Schw\u00e4bisch-Fr\u00e4nkischer Wald\" \/>\n<meta property=\"article:author\" content=\"https:\/\/www.facebook.com\/naturparkSFW\" \/>\n<meta property=\"article:published_time\" content=\"2018-03-14T11:03:27+00:00\" \/>\n<meta property=\"article:modified_time\" content=\"2018-03-22T11:09:19+00:00\" \/>\n<meta property=\"og:image\" content=\"https:\/\/www.naturparkmagazin.de\/schwaebisch-fraenkischer-wald\/wp-content\/uploads\/sites\/34\/130605_RPS_Wolf-0671.jpg\" \/>\n\t<meta property=\"og:image:width\" content=\"200\" \/>\n\t<meta property=\"og:image:height\" content=\"200\" \/>\n\t<meta property=\"og:image:type\" content=\"image\/jpeg\" \/>\n<meta name=\"author\" content=\"Naturpark-Team\" \/>\n<meta name=\"twitter:label1\" content=\"Verfasst von\" \/>\n\t<meta name=\"twitter:data1\" content=\"Naturpark-Team\" \/>\n\t<meta name=\"twitter:label2\" content=\"Gesch\u00e4tzte Lesezeit\" \/>\n\t<meta name=\"twitter:data2\" content=\"1\u00a0Minute\" \/>\n<script type=\"application\/ld+json\" class=\"yoast-schema-graph\">{\"@context\":\"https:\/\/schema.org\",\"@graph\":[{\"@type\":\"WebPage\",\"@id\":\"https:\/\/www.naturparkmagazin.de\/schwaebisch-fraenkischer-wald\/wir-lassen-es-bluehen-und-spriessen-im-naturpark\/\",\"url\":\"https:\/\/www.naturparkmagazin.de\/schwaebisch-fraenkischer-wald\/wir-lassen-es-bluehen-und-spriessen-im-naturpark\/\",\"name\":\"Wir lassen es bl\u00fchen und sprie\u00dfen im Naturpark - Naturpark Schw\u00e4bisch-Fr\u00e4nkischer Wald\",\"isPartOf\":{\"@id\":\"https:\/\/www.naturparkmagazin.de\/schwaebisch-fraenkischer-wald\/#website\"},\"datePublished\":\"2018-03-14T11:03:27+00:00\",\"dateModified\":\"2018-03-22T11:09:19+00:00\",\"author\":{\"@id\":\"https:\/\/www.naturparkmagazin.de\/schwaebisch-fraenkischer-wald\/#\/schema\/person\/f047a3702ae747fd7830cf8ac95e6066\"},\"breadcrumb\":{\"@id\":\"https:\/\/www.naturparkmagazin.de\/schwaebisch-fraenkischer-wald\/wir-lassen-es-bluehen-und-spriessen-im-naturpark\/#breadcrumb\"},\"inLanguage\":\"de\",\"potentialAction\":[{\"@type\":\"ReadAction\",\"target\":[\"https:\/\/www.naturparkmagazin.de\/schwaebisch-fraenkischer-wald\/wir-lassen-es-bluehen-und-spriessen-im-naturpark\/\"]}]},{\"@type\":\"BreadcrumbList\",\"@id\":\"https:\/\/www.naturparkmagazin.de\/schwaebisch-fraenkischer-wald\/wir-lassen-es-bluehen-und-spriessen-im-naturpark\/#breadcrumb\",\"itemListElement\":[{\"@type\":\"ListItem\",\"position\":1,\"name\":\"Home\",\"item\":\"https:\/\/www.naturparkmagazin.de\/schwaebisch-fraenkischer-wald\/\"},{\"@type\":\"ListItem\",\"position\":2,\"name\":\"Wir lassen es bl\u00fchen und sprie\u00dfen im Naturpark\"}]},{\"@type\":\"WebSite\",\"@id\":\"https:\/\/www.naturparkmagazin.de\/schwaebisch-fraenkischer-wald\/#website\",\"url\":\"https:\/\/www.naturparkmagazin.de\/schwaebisch-fraenkischer-wald\/\",\"name\":\"Naturpark Schw\u00e4bisch-Fr\u00e4nkischer Wald\",\"description\":\"\",\"potentialAction\":[{\"@type\":\"SearchAction\",\"target\":{\"@type\":\"EntryPoint\",\"urlTemplate\":\"https:\/\/www.naturparkmagazin.de\/schwaebisch-fraenkischer-wald\/?s={search_term_string}\"},\"query-input\":\"required name=search_term_string\"}],\"inLanguage\":\"de\"},{\"@type\":\"Person\",\"@id\":\"https:\/\/www.naturparkmagazin.de\/schwaebisch-fraenkischer-wald\/#\/schema\/person\/f047a3702ae747fd7830cf8ac95e6066\",\"name\":\"Naturpark-Team\",\"sameAs\":[\"http:\/\/www.naturpark-sfw.de\",\"https:\/\/www.facebook.com\/naturparkSFW\"],\"url\":\"https:\/\/www.naturparkmagazin.de\/schwaebisch-fraenkischer-wald\/author\/bernharddrixler\/\"}]}<\/script>\n<!-- \/ Yoast SEO plugin. -->","yoast_head_json":{"title":"Wir lassen es bl\u00fchen und sprie\u00dfen im Naturpark - Naturpark Schw\u00e4bisch-Fr\u00e4nkischer Wald","robots":{"index":"index","follow":"follow","max-snippet":"max-snippet:-1","max-image-preview":"max-image-preview:large","max-video-preview":"max-video-preview:-1"},"canonical":"https:\/\/www.naturparkmagazin.de\/schwaebisch-fraenkischer-wald\/wir-lassen-es-bluehen-und-spriessen-im-naturpark\/","og_locale":"de_DE","og_type":"article","og_title":"Wir lassen es bl\u00fchen und sprie\u00dfen im Naturpark - Naturpark Schw\u00e4bisch-Fr\u00e4nkischer Wald","og_description":"Aktion \"Bl\u00fchender Naturpark\" soll die Artenvielfalt in den sieben Naturparken Baden-W\u00fcrttembergs erh\u00f6hen","og_url":"https:\/\/www.naturparkmagazin.de\/schwaebisch-fraenkischer-wald\/wir-lassen-es-bluehen-und-spriessen-im-naturpark\/","og_site_name":"Naturpark Schw\u00e4bisch-Fr\u00e4nkischer Wald","article_author":"https:\/\/www.facebook.com\/naturparkSFW","article_published_time":"2018-03-14T11:03:27+00:00","article_modified_time":"2018-03-22T11:09:19+00:00","og_image":[{"width":200,"height":200,"url":"https:\/\/www.naturparkmagazin.de\/schwaebisch-fraenkischer-wald\/wp-content\/uploads\/sites\/34\/130605_RPS_Wolf-0671.jpg","type":"image\/jpeg"}],"author":"Naturpark-Team","twitter_misc":{"Verfasst von":"Naturpark-Team","Gesch\u00e4tzte Lesezeit":"1\u00a0Minute"},"schema":{"@context":"https:\/\/schema.org","@graph":[{"@type":"WebPage","@id":"https:\/\/www.naturparkmagazin.de\/schwaebisch-fraenkischer-wald\/wir-lassen-es-bluehen-und-spriessen-im-naturpark\/","url":"https:\/\/www.naturparkmagazin.de\/schwaebisch-fraenkischer-wald\/wir-lassen-es-bluehen-und-spriessen-im-naturpark\/","name":"Wir lassen es bl\u00fchen und sprie\u00dfen im Naturpark - Naturpark Schw\u00e4bisch-Fr\u00e4nkischer Wald","isPartOf":{"@id":"https:\/\/www.naturparkmagazin.de\/schwaebisch-fraenkischer-wald\/#website"},"datePublished":"2018-03-14T11:03:27+00:00","dateModified":"2018-03-22T11:09:19+00:00","author":{"@id":"https:\/\/www.naturparkmagazin.de\/schwaebisch-fraenkischer-wald\/#\/schema\/person\/f047a3702ae747fd7830cf8ac95e6066"},"breadcrumb":{"@id":"https:\/\/www.naturparkmagazin.de\/schwaebisch-fraenkischer-wald\/wir-lassen-es-bluehen-und-spriessen-im-naturpark\/#breadcrumb"},"inLanguage":"de","potentialAction":[{"@type":"ReadAction","target":["https:\/\/www.naturparkmagazin.de\/schwaebisch-fraenkischer-wald\/wir-lassen-es-bluehen-und-spriessen-im-naturpark\/"]}]},{"@type":"BreadcrumbList","@id":"https:\/\/www.naturparkmagazin.de\/schwaebisch-fraenkischer-wald\/wir-lassen-es-bluehen-und-spriessen-im-naturpark\/#breadcrumb","itemListElement":[{"@type":"ListItem","position":1,"name":"Home","item":"https:\/\/www.naturparkmagazin.de\/schwaebisch-fraenkischer-wald\/"},{"@type":"ListItem","position":2,"name":"Wir lassen es bl\u00fchen und sprie\u00dfen im Naturpark"}]},{"@type":"WebSite","@id":"https:\/\/www.naturparkmagazin.de\/schwaebisch-fraenkischer-wald\/#website","url":"https:\/\/www.naturparkmagazin.de\/schwaebisch-fraenkischer-wald\/","name":"Naturpark Schw\u00e4bisch-Fr\u00e4nkischer Wald","description":"","potentialAction":[{"@type":"SearchAction","target":{"@type":"EntryPoint","urlTemplate":"https:\/\/www.naturparkmagazin.de\/schwaebisch-fraenkischer-wald\/?s={search_term_string}"},"query-input":"required name=search_term_string"}],"inLanguage":"de"},{"@type":"Person","@id":"https:\/\/www.naturparkmagazin.de\/schwaebisch-fraenkischer-wald\/#\/schema\/person\/f047a3702ae747fd7830cf8ac95e6066","name":"Naturpark-Team","sameAs":["http:\/\/www.naturpark-sfw.de","https:\/\/www.facebook.com\/naturparkSFW"],"url":"https:\/\/www.naturparkmagazin.de\/schwaebisch-fraenkischer-wald\/author\/bernharddrixler\/"}]}},"_links":{"self":[{"href":"https:\/\/www.naturparkmagazin.de\/schwaebisch-fraenkischer-wald\/wp-json\/wp\/v2\/posts\/6214"}],"collection":[{"href":"https:\/\/www.naturparkmagazin.de\/schwaebisch-fraenkischer-wald\/wp-json\/wp\/v2\/posts"}],"about":[{"href":"https:\/\/www.naturparkmagazin.de\/schwaebisch-fraenkischer-wald\/wp-json\/wp\/v2\/types\/post"}],"author":[{"embeddable":true,"href":"https:\/\/www.naturparkmagazin.de\/schwaebisch-fraenkischer-wald\/wp-json\/wp\/v2\/users\/25"}],"replies":[{"embeddable":true,"href":"https:\/\/www.naturparkmagazin.de\/schwaebisch-fraenkischer-wald\/wp-json\/wp\/v2\/comments?post=6214"}],"version-history":[{"count":1,"href":"https:\/\/www.naturparkmagazin.de\/schwaebisch-fraenkischer-wald\/wp-json\/wp\/v2\/posts\/6214\/revisions"}],"predecessor-version":[{"id":6217,"href":"https:\/\/www.naturparkmagazin.de\/schwaebisch-fraenkischer-wald\/wp-json\/wp\/v2\/posts\/6214\/revisions\/6217"}],"wp:featuredmedia":[{"embeddable":true,"href":"https:\/\/www.naturparkmagazin.de\/schwaebisch-fraenkischer-wald\/wp-json\/wp\/v2\/media\/6216"}],"wp:attachment":[{"href":"https:\/\/www.naturparkmagazin.de\/schwaebisch-fraenkischer-wald\/wp-json\/wp\/v2\/media?parent=6214"}],"wp:term":[{"taxonomy":"category","embeddable":true,"href":"https:\/\/www.naturparkmagazin.de\/schwaebisch-fraenkischer-wald\/wp-json\/wp\/v2\/categories?post=6214"},{"taxonomy":"post_tag","embeddable":true,"href":"https:\/\/www.naturparkmagazin.de\/schwaebisch-fraenkischer-wald\/wp-json\/wp\/v2\/tags?post=6214"}],"curies":[{"name":"wp","href":"https:\/\/api.w.org\/{rel}","templated":true}]}}