{"id":6246,"date":"2018-03-14T10:33:23","date_gmt":"2018-03-14T09:33:23","guid":{"rendered":"http:\/\/www.naturparkmagazin.de\/schwaebisch-fraenkischer-wald\/?p=6246"},"modified":"2018-04-05T08:16:17","modified_gmt":"2018-04-05T06:16:17","slug":"die-naturparkmarkt-saison-2018-beginnt-in-aspach-rietenau","status":"publish","type":"post","link":"https:\/\/www.naturparkmagazin.de\/schwaebisch-fraenkischer-wald\/die-naturparkmarkt-saison-2018-beginnt-in-aspach-rietenau\/","title":{"rendered":"Die Naturparkmarkt-Saison 2018 beginnt in Aspach-Rietenau"},"content":{"rendered":"<p>Sonntag, 29. April<\/p>\n<div id=\"attachment_6247\" style=\"width: 310px\" class=\"wp-caption alignright\"><a href=\"https:\/\/www.naturparkmagazin.de\/schwaebisch-fraenkischer-wald\/wp-content\/uploads\/sites\/34\/NPM_Waldenburg1.jpg\"><img aria-describedby=\"caption-attachment-6247\" decoding=\"async\" loading=\"lazy\" class=\"size-full wp-image-6247\" src=\"https:\/\/www.naturparkmagazin.de\/schwaebisch-fraenkischer-wald\/wp-content\/uploads\/sites\/34\/NPM_Waldenburg1.jpg\" alt=\"Die Naturparkmarkt-Saison beginnt in Aspach-Rietenau\" width=\"300\" height=\"500\" srcset=\"https:\/\/www.naturparkmagazin.de\/schwaebisch-fraenkischer-wald\/wp-content\/uploads\/sites\/34\/NPM_Waldenburg1.jpg 300w, https:\/\/www.naturparkmagazin.de\/schwaebisch-fraenkischer-wald\/wp-content\/uploads\/sites\/34\/NPM_Waldenburg1-200x333.jpg 200w\" sizes=\"(max-width: 300px) 100vw, 300px\" \/><\/a><p id=\"caption-attachment-6247\" class=\"wp-caption-text\">Die Naturparkmarkt-Saison 2018 beginnt in Aspach-Rietenau<\/p><\/div>\n<p>Die Naturparkmarkt Saison startet in diesem Jahr zwischen bl\u00fchenden Obstb\u00e4umen in der Gemeinde Aspach. Am 29. April wird zwischen 11-18 Uhr in der Trinkgasse im Ortsteil Rietenau die regionale Vielfalt aus der Naturparkregion angeboten. Freuen Sie sich auf schmackhaften K\u00e4se, knackiges Gem\u00fcse, leckere Wurstspezialit\u00e4ten und erfrischende Getr\u00e4nke. Die Produkte stammen soweit wie m\u00f6glich aus dem Naturparkgebiet, sodass Sie beim pers\u00f6nlichen Plausch am Marktstand auch die Geschichten hinter den K\u00f6stlichkeiten h\u00f6ren k\u00f6nnen.<\/p>\n<p>Neben der kulinarischen Vielfalt pr\u00e4sentieren Kunsthandwerker aus der Region ihr K\u00f6nnen. Ob Holz, Ton, Filz, Stein oder Seife, lassen Sie sich \u00fcberraschen welche n\u00fctzlichen und sch\u00f6nen Dinge daraus entstehen k\u00f6nnen.<\/p>\n<p>Ein abwechslungsreiches Rahmenprogramm rundet den ersten Naturparkmarkt 2018 ab. Hier k\u00f6nnen kleine wie gro\u00dfe Besucher z.B. mit den Naturparkf\u00fchrern basteln und Stockbrot backen. Die Kreisj\u00e4gervereinigung Backnang e.V. informiert anschaulich \u00fcber die Tiere des Waldes und beim Infopavillon der Naturpark Gesch\u00e4ftsstelle dreht sich in diesem Jahr alles um das Thema \u201eSortenvielfalt\u201c.<\/p>\n<p>Die <a href=\"http:\/\/www.aspach.de\" target=\"_blank\">Gemeinde Aspach<\/a> und der <a href=\"http:\/\/www.naturpark-sfw.de\" target=\"_blank\">Naturpark Schw\u00e4bisch-Fr\u00e4nkischer Wald<\/a> freuen sich auf Ihren Besuch beim Naturparkmarkt!<\/p>\n","protected":false},"excerpt":{"rendered":"<p>29.04.: Entschleunigt Schlendern und reginal Schlemmen beim Naturparkmarkt in Aspach-Rietenau<\/p>\n","protected":false},"author":25,"featured_media":6248,"comment_status":"open","ping_status":"open","sticky":false,"template":"","format":"standard","meta":[],"categories":[11],"tags":[1069],"yoast_head":"<!-- This site is optimized with the Yoast SEO plugin v19.10 - https:\/\/yoast.com\/wordpress\/plugins\/seo\/ -->\n<title>Die Naturparkmarkt-Saison 2018 beginnt in Aspach-Rietenau - Naturpark Schw\u00e4bisch-Fr\u00e4nkischer Wald<\/title>\n<meta name=\"robots\" content=\"index, follow, max-snippet:-1, max-image-preview:large, max-video-preview:-1\" \/>\n<link rel=\"canonical\" href=\"https:\/\/www.naturparkmagazin.de\/schwaebisch-fraenkischer-wald\/die-naturparkmarkt-saison-2018-beginnt-in-aspach-rietenau\/\" \/>\n<meta property=\"og:locale\" content=\"de_DE\" \/>\n<meta property=\"og:type\" content=\"article\" \/>\n<meta property=\"og:title\" content=\"Die Naturparkmarkt-Saison 2018 beginnt in Aspach-Rietenau - Naturpark Schw\u00e4bisch-Fr\u00e4nkischer Wald\" \/>\n<meta property=\"og:description\" content=\"29.04.: Entschleunigt Schlendern und reginal Schlemmen beim Naturparkmarkt in Aspach-Rietenau\" \/>\n<meta property=\"og:url\" content=\"https:\/\/www.naturparkmagazin.de\/schwaebisch-fraenkischer-wald\/die-naturparkmarkt-saison-2018-beginnt-in-aspach-rietenau\/\" \/>\n<meta property=\"og:site_name\" content=\"Naturpark Schw\u00e4bisch-Fr\u00e4nkischer Wald\" \/>\n<meta property=\"article:author\" content=\"https:\/\/www.facebook.com\/naturparkSFW\" \/>\n<meta property=\"article:published_time\" content=\"2018-03-14T09:33:23+00:00\" \/>\n<meta property=\"article:modified_time\" content=\"2018-04-05T06:16:17+00:00\" \/>\n<meta property=\"og:image\" content=\"https:\/\/www.naturparkmagazin.de\/schwaebisch-fraenkischer-wald\/wp-content\/uploads\/sites\/34\/NPM_Waldenburg2.jpg\" \/>\n\t<meta property=\"og:image:width\" content=\"200\" \/>\n\t<meta property=\"og:image:height\" content=\"200\" \/>\n\t<meta property=\"og:image:type\" content=\"image\/jpeg\" \/>\n<meta name=\"author\" content=\"Naturpark-Team\" \/>\n<meta name=\"twitter:label1\" content=\"Verfasst von\" \/>\n\t<meta name=\"twitter:data1\" content=\"Naturpark-Team\" \/>\n\t<meta name=\"twitter:label2\" content=\"Gesch\u00e4tzte Lesezeit\" \/>\n\t<meta name=\"twitter:data2\" content=\"1\u00a0Minute\" \/>\n<script type=\"application\/ld+json\" class=\"yoast-schema-graph\">{\"@context\":\"https:\/\/schema.org\",\"@graph\":[{\"@type\":\"WebPage\",\"@id\":\"https:\/\/www.naturparkmagazin.de\/schwaebisch-fraenkischer-wald\/die-naturparkmarkt-saison-2018-beginnt-in-aspach-rietenau\/\",\"url\":\"https:\/\/www.naturparkmagazin.de\/schwaebisch-fraenkischer-wald\/die-naturparkmarkt-saison-2018-beginnt-in-aspach-rietenau\/\",\"name\":\"Die Naturparkmarkt-Saison 2018 beginnt in Aspach-Rietenau - Naturpark Schw\u00e4bisch-Fr\u00e4nkischer Wald\",\"isPartOf\":{\"@id\":\"https:\/\/www.naturparkmagazin.de\/schwaebisch-fraenkischer-wald\/#website\"},\"datePublished\":\"2018-03-14T09:33:23+00:00\",\"dateModified\":\"2018-04-05T06:16:17+00:00\",\"author\":{\"@id\":\"https:\/\/www.naturparkmagazin.de\/schwaebisch-fraenkischer-wald\/#\/schema\/person\/f047a3702ae747fd7830cf8ac95e6066\"},\"breadcrumb\":{\"@id\":\"https:\/\/www.naturparkmagazin.de\/schwaebisch-fraenkischer-wald\/die-naturparkmarkt-saison-2018-beginnt-in-aspach-rietenau\/#breadcrumb\"},\"inLanguage\":\"de\",\"potentialAction\":[{\"@type\":\"ReadAction\",\"target\":[\"https:\/\/www.naturparkmagazin.de\/schwaebisch-fraenkischer-wald\/die-naturparkmarkt-saison-2018-beginnt-in-aspach-rietenau\/\"]}]},{\"@type\":\"BreadcrumbList\",\"@id\":\"https:\/\/www.naturparkmagazin.de\/schwaebisch-fraenkischer-wald\/die-naturparkmarkt-saison-2018-beginnt-in-aspach-rietenau\/#breadcrumb\",\"itemListElement\":[{\"@type\":\"ListItem\",\"position\":1,\"name\":\"Home\",\"item\":\"https:\/\/www.naturparkmagazin.de\/schwaebisch-fraenkischer-wald\/\"},{\"@type\":\"ListItem\",\"position\":2,\"name\":\"Die Naturparkmarkt-Saison 2018 beginnt in Aspach-Rietenau\"}]},{\"@type\":\"WebSite\",\"@id\":\"https:\/\/www.naturparkmagazin.de\/schwaebisch-fraenkischer-wald\/#website\",\"url\":\"https:\/\/www.naturparkmagazin.de\/schwaebisch-fraenkischer-wald\/\",\"name\":\"Naturpark Schw\u00e4bisch-Fr\u00e4nkischer Wald\",\"description\":\"\",\"potentialAction\":[{\"@type\":\"SearchAction\",\"target\":{\"@type\":\"EntryPoint\",\"urlTemplate\":\"https:\/\/www.naturparkmagazin.de\/schwaebisch-fraenkischer-wald\/?s={search_term_string}\"},\"query-input\":\"required name=search_term_string\"}],\"inLanguage\":\"de\"},{\"@type\":\"Person\",\"@id\":\"https:\/\/www.naturparkmagazin.de\/schwaebisch-fraenkischer-wald\/#\/schema\/person\/f047a3702ae747fd7830cf8ac95e6066\",\"name\":\"Naturpark-Team\",\"sameAs\":[\"http:\/\/www.naturpark-sfw.de\",\"https:\/\/www.facebook.com\/naturparkSFW\"],\"url\":\"https:\/\/www.naturparkmagazin.de\/schwaebisch-fraenkischer-wald\/author\/bernharddrixler\/\"}]}<\/script>\n<!-- \/ Yoast SEO plugin. -->","yoast_head_json":{"title":"Die Naturparkmarkt-Saison 2018 beginnt in Aspach-Rietenau - Naturpark Schw\u00e4bisch-Fr\u00e4nkischer Wald","robots":{"index":"index","follow":"follow","max-snippet":"max-snippet:-1","max-image-preview":"max-image-preview:large","max-video-preview":"max-video-preview:-1"},"canonical":"https:\/\/www.naturparkmagazin.de\/schwaebisch-fraenkischer-wald\/die-naturparkmarkt-saison-2018-beginnt-in-aspach-rietenau\/","og_locale":"de_DE","og_type":"article","og_title":"Die Naturparkmarkt-Saison 2018 beginnt in Aspach-Rietenau - Naturpark Schw\u00e4bisch-Fr\u00e4nkischer Wald","og_description":"29.04.: Entschleunigt Schlendern und reginal Schlemmen beim Naturparkmarkt in Aspach-Rietenau","og_url":"https:\/\/www.naturparkmagazin.de\/schwaebisch-fraenkischer-wald\/die-naturparkmarkt-saison-2018-beginnt-in-aspach-rietenau\/","og_site_name":"Naturpark Schw\u00e4bisch-Fr\u00e4nkischer Wald","article_author":"https:\/\/www.facebook.com\/naturparkSFW","article_published_time":"2018-03-14T09:33:23+00:00","article_modified_time":"2018-04-05T06:16:17+00:00","og_image":[{"width":200,"height":200,"url":"https:\/\/www.naturparkmagazin.de\/schwaebisch-fraenkischer-wald\/wp-content\/uploads\/sites\/34\/NPM_Waldenburg2.jpg","type":"image\/jpeg"}],"author":"Naturpark-Team","twitter_misc":{"Verfasst von":"Naturpark-Team","Gesch\u00e4tzte Lesezeit":"1\u00a0Minute"},"schema":{"@context":"https:\/\/schema.org","@graph":[{"@type":"WebPage","@id":"https:\/\/www.naturparkmagazin.de\/schwaebisch-fraenkischer-wald\/die-naturparkmarkt-saison-2018-beginnt-in-aspach-rietenau\/","url":"https:\/\/www.naturparkmagazin.de\/schwaebisch-fraenkischer-wald\/die-naturparkmarkt-saison-2018-beginnt-in-aspach-rietenau\/","name":"Die Naturparkmarkt-Saison 2018 beginnt in Aspach-Rietenau - Naturpark Schw\u00e4bisch-Fr\u00e4nkischer Wald","isPartOf":{"@id":"https:\/\/www.naturparkmagazin.de\/schwaebisch-fraenkischer-wald\/#website"},"datePublished":"2018-03-14T09:33:23+00:00","dateModified":"2018-04-05T06:16:17+00:00","author":{"@id":"https:\/\/www.naturparkmagazin.de\/schwaebisch-fraenkischer-wald\/#\/schema\/person\/f047a3702ae747fd7830cf8ac95e6066"},"breadcrumb":{"@id":"https:\/\/www.naturparkmagazin.de\/schwaebisch-fraenkischer-wald\/die-naturparkmarkt-saison-2018-beginnt-in-aspach-rietenau\/#breadcrumb"},"inLanguage":"de","potentialAction":[{"@type":"ReadAction","target":["https:\/\/www.naturparkmagazin.de\/schwaebisch-fraenkischer-wald\/die-naturparkmarkt-saison-2018-beginnt-in-aspach-rietenau\/"]}]},{"@type":"BreadcrumbList","@id":"https:\/\/www.naturparkmagazin.de\/schwaebisch-fraenkischer-wald\/die-naturparkmarkt-saison-2018-beginnt-in-aspach-rietenau\/#breadcrumb","itemListElement":[{"@type":"ListItem","position":1,"name":"Home","item":"https:\/\/www.naturparkmagazin.de\/schwaebisch-fraenkischer-wald\/"},{"@type":"ListItem","position":2,"name":"Die Naturparkmarkt-Saison 2018 beginnt in Aspach-Rietenau"}]},{"@type":"WebSite","@id":"https:\/\/www.naturparkmagazin.de\/schwaebisch-fraenkischer-wald\/#website","url":"https:\/\/www.naturparkmagazin.de\/schwaebisch-fraenkischer-wald\/","name":"Naturpark Schw\u00e4bisch-Fr\u00e4nkischer Wald","description":"","potentialAction":[{"@type":"SearchAction","target":{"@type":"EntryPoint","urlTemplate":"https:\/\/www.naturparkmagazin.de\/schwaebisch-fraenkischer-wald\/?s={search_term_string}"},"query-input":"required name=search_term_string"}],"inLanguage":"de"},{"@type":"Person","@id":"https:\/\/www.naturparkmagazin.de\/schwaebisch-fraenkischer-wald\/#\/schema\/person\/f047a3702ae747fd7830cf8ac95e6066","name":"Naturpark-Team","sameAs":["http:\/\/www.naturpark-sfw.de","https:\/\/www.facebook.com\/naturparkSFW"],"url":"https:\/\/www.naturparkmagazin.de\/schwaebisch-fraenkischer-wald\/author\/bernharddrixler\/"}]}},"_links":{"self":[{"href":"https:\/\/www.naturparkmagazin.de\/schwaebisch-fraenkischer-wald\/wp-json\/wp\/v2\/posts\/6246"}],"collection":[{"href":"https:\/\/www.naturparkmagazin.de\/schwaebisch-fraenkischer-wald\/wp-json\/wp\/v2\/posts"}],"about":[{"href":"https:\/\/www.naturparkmagazin.de\/schwaebisch-fraenkischer-wald\/wp-json\/wp\/v2\/types\/post"}],"author":[{"embeddable":true,"href":"https:\/\/www.naturparkmagazin.de\/schwaebisch-fraenkischer-wald\/wp-json\/wp\/v2\/users\/25"}],"replies":[{"embeddable":true,"href":"https:\/\/www.naturparkmagazin.de\/schwaebisch-fraenkischer-wald\/wp-json\/wp\/v2\/comments?post=6246"}],"version-history":[{"count":3,"href":"https:\/\/www.naturparkmagazin.de\/schwaebisch-fraenkischer-wald\/wp-json\/wp\/v2\/posts\/6246\/revisions"}],"predecessor-version":[{"id":6269,"href":"https:\/\/www.naturparkmagazin.de\/schwaebisch-fraenkischer-wald\/wp-json\/wp\/v2\/posts\/6246\/revisions\/6269"}],"wp:featuredmedia":[{"embeddable":true,"href":"https:\/\/www.naturparkmagazin.de\/schwaebisch-fraenkischer-wald\/wp-json\/wp\/v2\/media\/6248"}],"wp:attachment":[{"href":"https:\/\/www.naturparkmagazin.de\/schwaebisch-fraenkischer-wald\/wp-json\/wp\/v2\/media?parent=6246"}],"wp:term":[{"taxonomy":"category","embeddable":true,"href":"https:\/\/www.naturparkmagazin.de\/schwaebisch-fraenkischer-wald\/wp-json\/wp\/v2\/categories?post=6246"},{"taxonomy":"post_tag","embeddable":true,"href":"https:\/\/www.naturparkmagazin.de\/schwaebisch-fraenkischer-wald\/wp-json\/wp\/v2\/tags?post=6246"}],"curies":[{"name":"wp","href":"https:\/\/api.w.org\/{rel}","templated":true}]}}