{"id":628,"date":"2014-02-19T20:00:18","date_gmt":"2014-02-19T18:00:18","guid":{"rendered":"http:\/\/www.naturparkmagazin.de\/schwaebisch-fraenkischer-wald\/?p=628"},"modified":"2014-02-26T10:44:32","modified_gmt":"2014-02-26T09:44:32","slug":"29-30-maerz-messe-gesund-vital-in-waiblingen","status":"publish","type":"post","link":"https:\/\/www.naturparkmagazin.de\/schwaebisch-fraenkischer-wald\/29-30-maerz-messe-gesund-vital-in-waiblingen\/","title":{"rendered":"29. und 30. M\u00e4rz, Messe Gesund und Vital in Waiblingen"},"content":{"rendered":"<p><a href=\"https:\/\/www.naturparkmagazin.de\/schwaebisch-fraenkischer-wald\/wp-content\/uploads\/sites\/34\/120421_Gesund_Vital-86.jpg\"><img decoding=\"async\" loading=\"lazy\" class=\"alignright size-thumbnail wp-image-616\" alt=\"Copyright: Naturpark Schw\u00e4bisch-Fr\u00e4nkischer Wald\" src=\"https:\/\/www.naturparkmagazin.de\/schwaebisch-fraenkischer-wald\/wp-content\/uploads\/sites\/34\/120421_Gesund_Vital-86-300x400.jpg\" width=\"300\" height=\"400\" srcset=\"https:\/\/www.naturparkmagazin.de\/schwaebisch-fraenkischer-wald\/wp-content\/uploads\/sites\/34\/120421_Gesund_Vital-86-300x400.jpg 300w, https:\/\/www.naturparkmagazin.de\/schwaebisch-fraenkischer-wald\/wp-content\/uploads\/sites\/34\/120421_Gesund_Vital-86-620x827.jpg 620w, https:\/\/www.naturparkmagazin.de\/schwaebisch-fraenkischer-wald\/wp-content\/uploads\/sites\/34\/120421_Gesund_Vital-86-940x1254.jpg 940w, https:\/\/www.naturparkmagazin.de\/schwaebisch-fraenkischer-wald\/wp-content\/uploads\/sites\/34\/120421_Gesund_Vital-86-500x667.jpg 500w, https:\/\/www.naturparkmagazin.de\/schwaebisch-fraenkischer-wald\/wp-content\/uploads\/sites\/34\/120421_Gesund_Vital-86-420x560.jpg 420w, https:\/\/www.naturparkmagazin.de\/schwaebisch-fraenkischer-wald\/wp-content\/uploads\/sites\/34\/120421_Gesund_Vital-86-135x180.jpg 135w, https:\/\/www.naturparkmagazin.de\/schwaebisch-fraenkischer-wald\/wp-content\/uploads\/sites\/34\/120421_Gesund_Vital-86-53x71.jpg 53w, https:\/\/www.naturparkmagazin.de\/schwaebisch-fraenkischer-wald\/wp-content\/uploads\/sites\/34\/120421_Gesund_Vital-86-670x893.jpg 670w, https:\/\/www.naturparkmagazin.de\/schwaebisch-fraenkischer-wald\/wp-content\/uploads\/sites\/34\/120421_Gesund_Vital-86-200x267.jpg 200w, https:\/\/www.naturparkmagazin.de\/schwaebisch-fraenkischer-wald\/wp-content\/uploads\/sites\/34\/120421_Gesund_Vital-86.jpg 1400w\" sizes=\"(max-width: 300px) 100vw, 300px\" \/><\/a>F\u00fcr die meisten Menschen, egal welchen Alters, geh\u00f6rt es zum t\u00e4glichen Leben, etwas f\u00fcr das \u201eSich-Rundum-Wohlf\u00fchlen\u201c und den Erhalt der Gesundheit zu tun. Zwei Tage lang dreht sich deshalb alles nur um die Themen Ern\u00e4hrung, Wellness, Pr\u00e4vention und Sch\u00f6nheit auf der Messe Gesund &amp; Vital in Waiblingen. Der Naturpark Schw\u00e4bisch-Fr\u00e4nkischer Wald ist zusammen mit den Naturparkf\u00fchrer und der Fremdenverkehrsgemeinschaft Schw\u00e4bischer Wald dabei.<\/p>\n<p>Die Messe findet am 29. und 30. M\u00e4rz schon zum 9. Mal statt. Hier k\u00f6nnen Interessierte alles rund um die Themen Gesundheit, Fitness, und Erholung erfahren. Schwerpunkte der Messe sind gesunde Ern\u00e4hrung, Entspannung, wohlf\u00fchlen und sanft heilen, Bewegung und Fitness, Naturkosmetik, Wellness- und Gesundheitsreisen, und aktive Freizeitgestaltung. Letztes Jahr ist die Messe von rund 60 Ausstellern vertreten worden mit Veranstaltungen und Mitmachaktionen f\u00fcr die ganze Familie. Von Hip-hop Tanzvorf\u00fchrungen zum mittanzen, \u00fcber Vorf\u00fchrungen der neusten Sporttrends bis hin zu Entspannungstechniken, ist ein buntes Programm ein Standard f\u00fcr diese Messe. Der Eintritt ist f\u00fcr alle Besucher frei.<\/p>\n<p>Der Naturpark informiert zusammen mit der Fremdenverkehrsgemeinschaft Schw\u00e4bischer Wald \u00fcber die aktuellen Angebote im Bereich des sanften Naturtourismus\u2018 in der Region. Die Naturparkf\u00fchrer bringen mit einem Barfu\u00dfpfad sowie einigen Ausstellungsst\u00fccken zum Anfassen und Ausprobieren einen Teil der Naturpark-Natur in die Messehallen. Wir freuen uns auf alle Besucher in Waiblingen und ein weitere erfolgreiches Jahr auf der Messe Gesund &amp;Vital. Bis dann!<\/p>\n<p>&nbsp;<\/p>\n","protected":false},"excerpt":{"rendered":"<p>F\u00fcr die meisten Menschen, egal welchen Alters, geh\u00f6rt es zum t\u00e4glichen Leben, etwas f\u00fcr das \u201eSich-Rundum-Wohlf\u00fchlen\u201c und den Erhalt der Gesundheit zu tun. Zwei Tage lang dreht sich deshalb alles nur um die Themen Ern\u00e4hrung, Wellness, Pr\u00e4vention und Sch\u00f6nheit auf der Messe Gesund &amp; Vital in Waiblingen. Der Naturpark Schw\u00e4bisch-Fr\u00e4nkischer Wald ist zusammen mit den Naturparkf\u00fchrer und der Fremdenverkehrsgemeinschaft Schw\u00e4bischer Wald dabei.<\/p>\n","protected":false},"author":25,"featured_media":615,"comment_status":"open","ping_status":"open","sticky":false,"template":"","format":"standard","meta":[],"categories":[11],"tags":[],"yoast_head":"<!-- This site is optimized with the Yoast SEO plugin v19.10 - https:\/\/yoast.com\/wordpress\/plugins\/seo\/ -->\n<title>29. und 30. M\u00e4rz, Messe Gesund und Vital in Waiblingen - Naturpark Schw\u00e4bisch-Fr\u00e4nkischer Wald<\/title>\n<meta name=\"robots\" content=\"index, follow, max-snippet:-1, max-image-preview:large, max-video-preview:-1\" \/>\n<link rel=\"canonical\" href=\"https:\/\/www.naturparkmagazin.de\/schwaebisch-fraenkischer-wald\/29-30-maerz-messe-gesund-vital-in-waiblingen\/\" \/>\n<meta property=\"og:locale\" content=\"de_DE\" \/>\n<meta property=\"og:type\" content=\"article\" \/>\n<meta property=\"og:title\" content=\"29. und 30. M\u00e4rz, Messe Gesund und Vital in Waiblingen - Naturpark Schw\u00e4bisch-Fr\u00e4nkischer Wald\" \/>\n<meta property=\"og:description\" content=\"F\u00fcr die meisten Menschen, egal welchen Alters, geh\u00f6rt es zum t\u00e4glichen Leben, etwas f\u00fcr das \u201eSich-Rundum-Wohlf\u00fchlen\u201c und den Erhalt der Gesundheit zu tun. Zwei Tage lang dreht sich deshalb alles nur um die Themen Ern\u00e4hrung, Wellness, Pr\u00e4vention und Sch\u00f6nheit auf der Messe Gesund &amp; Vital in Waiblingen. Der Naturpark Schw\u00e4bisch-Fr\u00e4nkischer Wald ist zusammen mit den Naturparkf\u00fchrer und der Fremdenverkehrsgemeinschaft Schw\u00e4bischer Wald dabei.\" \/>\n<meta property=\"og:url\" content=\"https:\/\/www.naturparkmagazin.de\/schwaebisch-fraenkischer-wald\/29-30-maerz-messe-gesund-vital-in-waiblingen\/\" \/>\n<meta property=\"og:site_name\" content=\"Naturpark Schw\u00e4bisch-Fr\u00e4nkischer Wald\" \/>\n<meta property=\"article:author\" content=\"https:\/\/www.facebook.com\/naturparkSFW\" \/>\n<meta property=\"article:published_time\" content=\"2014-02-19T18:00:18+00:00\" \/>\n<meta property=\"article:modified_time\" content=\"2014-02-26T09:44:32+00:00\" \/>\n<meta property=\"og:image\" content=\"https:\/\/www.naturparkmagazin.de\/schwaebisch-fraenkischer-wald\/wp-content\/uploads\/sites\/34\/120421_Gesund_Vital-5.jpg\" \/>\n\t<meta property=\"og:image:width\" content=\"2000\" \/>\n\t<meta property=\"og:image:height\" content=\"1500\" \/>\n\t<meta property=\"og:image:type\" content=\"image\/jpeg\" \/>\n<meta name=\"author\" content=\"Naturpark-Team\" \/>\n<meta name=\"twitter:label1\" content=\"Verfasst von\" \/>\n\t<meta name=\"twitter:data1\" content=\"Naturpark-Team\" \/>\n\t<meta name=\"twitter:label2\" content=\"Gesch\u00e4tzte Lesezeit\" \/>\n\t<meta name=\"twitter:data2\" content=\"1\u00a0Minute\" \/>\n<script type=\"application\/ld+json\" class=\"yoast-schema-graph\">{\"@context\":\"https:\/\/schema.org\",\"@graph\":[{\"@type\":\"WebPage\",\"@id\":\"https:\/\/www.naturparkmagazin.de\/schwaebisch-fraenkischer-wald\/29-30-maerz-messe-gesund-vital-in-waiblingen\/\",\"url\":\"https:\/\/www.naturparkmagazin.de\/schwaebisch-fraenkischer-wald\/29-30-maerz-messe-gesund-vital-in-waiblingen\/\",\"name\":\"29. und 30. M\u00e4rz, Messe Gesund und Vital in Waiblingen - Naturpark Schw\u00e4bisch-Fr\u00e4nkischer Wald\",\"isPartOf\":{\"@id\":\"https:\/\/www.naturparkmagazin.de\/schwaebisch-fraenkischer-wald\/#website\"},\"datePublished\":\"2014-02-19T18:00:18+00:00\",\"dateModified\":\"2014-02-26T09:44:32+00:00\",\"author\":{\"@id\":\"https:\/\/www.naturparkmagazin.de\/schwaebisch-fraenkischer-wald\/#\/schema\/person\/f047a3702ae747fd7830cf8ac95e6066\"},\"breadcrumb\":{\"@id\":\"https:\/\/www.naturparkmagazin.de\/schwaebisch-fraenkischer-wald\/29-30-maerz-messe-gesund-vital-in-waiblingen\/#breadcrumb\"},\"inLanguage\":\"de\",\"potentialAction\":[{\"@type\":\"ReadAction\",\"target\":[\"https:\/\/www.naturparkmagazin.de\/schwaebisch-fraenkischer-wald\/29-30-maerz-messe-gesund-vital-in-waiblingen\/\"]}]},{\"@type\":\"BreadcrumbList\",\"@id\":\"https:\/\/www.naturparkmagazin.de\/schwaebisch-fraenkischer-wald\/29-30-maerz-messe-gesund-vital-in-waiblingen\/#breadcrumb\",\"itemListElement\":[{\"@type\":\"ListItem\",\"position\":1,\"name\":\"Home\",\"item\":\"https:\/\/www.naturparkmagazin.de\/schwaebisch-fraenkischer-wald\/\"},{\"@type\":\"ListItem\",\"position\":2,\"name\":\"29. und 30. M\u00e4rz, Messe Gesund und Vital in Waiblingen\"}]},{\"@type\":\"WebSite\",\"@id\":\"https:\/\/www.naturparkmagazin.de\/schwaebisch-fraenkischer-wald\/#website\",\"url\":\"https:\/\/www.naturparkmagazin.de\/schwaebisch-fraenkischer-wald\/\",\"name\":\"Naturpark Schw\u00e4bisch-Fr\u00e4nkischer Wald\",\"description\":\"\",\"potentialAction\":[{\"@type\":\"SearchAction\",\"target\":{\"@type\":\"EntryPoint\",\"urlTemplate\":\"https:\/\/www.naturparkmagazin.de\/schwaebisch-fraenkischer-wald\/?s={search_term_string}\"},\"query-input\":\"required name=search_term_string\"}],\"inLanguage\":\"de\"},{\"@type\":\"Person\",\"@id\":\"https:\/\/www.naturparkmagazin.de\/schwaebisch-fraenkischer-wald\/#\/schema\/person\/f047a3702ae747fd7830cf8ac95e6066\",\"name\":\"Naturpark-Team\",\"sameAs\":[\"http:\/\/www.naturpark-sfw.de\",\"https:\/\/www.facebook.com\/naturparkSFW\"],\"url\":\"https:\/\/www.naturparkmagazin.de\/schwaebisch-fraenkischer-wald\/author\/bernharddrixler\/\"}]}<\/script>\n<!-- \/ Yoast SEO plugin. -->","yoast_head_json":{"title":"29. und 30. M\u00e4rz, Messe Gesund und Vital in Waiblingen - Naturpark Schw\u00e4bisch-Fr\u00e4nkischer Wald","robots":{"index":"index","follow":"follow","max-snippet":"max-snippet:-1","max-image-preview":"max-image-preview:large","max-video-preview":"max-video-preview:-1"},"canonical":"https:\/\/www.naturparkmagazin.de\/schwaebisch-fraenkischer-wald\/29-30-maerz-messe-gesund-vital-in-waiblingen\/","og_locale":"de_DE","og_type":"article","og_title":"29. und 30. M\u00e4rz, Messe Gesund und Vital in Waiblingen - Naturpark Schw\u00e4bisch-Fr\u00e4nkischer Wald","og_description":"F\u00fcr die meisten Menschen, egal welchen Alters, geh\u00f6rt es zum t\u00e4glichen Leben, etwas f\u00fcr das \u201eSich-Rundum-Wohlf\u00fchlen\u201c und den Erhalt der Gesundheit zu tun. Zwei Tage lang dreht sich deshalb alles nur um die Themen Ern\u00e4hrung, Wellness, Pr\u00e4vention und Sch\u00f6nheit auf der Messe Gesund &amp; Vital in Waiblingen. Der Naturpark Schw\u00e4bisch-Fr\u00e4nkischer Wald ist zusammen mit den Naturparkf\u00fchrer und der Fremdenverkehrsgemeinschaft Schw\u00e4bischer Wald dabei.","og_url":"https:\/\/www.naturparkmagazin.de\/schwaebisch-fraenkischer-wald\/29-30-maerz-messe-gesund-vital-in-waiblingen\/","og_site_name":"Naturpark Schw\u00e4bisch-Fr\u00e4nkischer Wald","article_author":"https:\/\/www.facebook.com\/naturparkSFW","article_published_time":"2014-02-19T18:00:18+00:00","article_modified_time":"2014-02-26T09:44:32+00:00","og_image":[{"width":2000,"height":1500,"url":"https:\/\/www.naturparkmagazin.de\/schwaebisch-fraenkischer-wald\/wp-content\/uploads\/sites\/34\/120421_Gesund_Vital-5.jpg","type":"image\/jpeg"}],"author":"Naturpark-Team","twitter_misc":{"Verfasst von":"Naturpark-Team","Gesch\u00e4tzte Lesezeit":"1\u00a0Minute"},"schema":{"@context":"https:\/\/schema.org","@graph":[{"@type":"WebPage","@id":"https:\/\/www.naturparkmagazin.de\/schwaebisch-fraenkischer-wald\/29-30-maerz-messe-gesund-vital-in-waiblingen\/","url":"https:\/\/www.naturparkmagazin.de\/schwaebisch-fraenkischer-wald\/29-30-maerz-messe-gesund-vital-in-waiblingen\/","name":"29. und 30. M\u00e4rz, Messe Gesund und Vital in Waiblingen - Naturpark Schw\u00e4bisch-Fr\u00e4nkischer Wald","isPartOf":{"@id":"https:\/\/www.naturparkmagazin.de\/schwaebisch-fraenkischer-wald\/#website"},"datePublished":"2014-02-19T18:00:18+00:00","dateModified":"2014-02-26T09:44:32+00:00","author":{"@id":"https:\/\/www.naturparkmagazin.de\/schwaebisch-fraenkischer-wald\/#\/schema\/person\/f047a3702ae747fd7830cf8ac95e6066"},"breadcrumb":{"@id":"https:\/\/www.naturparkmagazin.de\/schwaebisch-fraenkischer-wald\/29-30-maerz-messe-gesund-vital-in-waiblingen\/#breadcrumb"},"inLanguage":"de","potentialAction":[{"@type":"ReadAction","target":["https:\/\/www.naturparkmagazin.de\/schwaebisch-fraenkischer-wald\/29-30-maerz-messe-gesund-vital-in-waiblingen\/"]}]},{"@type":"BreadcrumbList","@id":"https:\/\/www.naturparkmagazin.de\/schwaebisch-fraenkischer-wald\/29-30-maerz-messe-gesund-vital-in-waiblingen\/#breadcrumb","itemListElement":[{"@type":"ListItem","position":1,"name":"Home","item":"https:\/\/www.naturparkmagazin.de\/schwaebisch-fraenkischer-wald\/"},{"@type":"ListItem","position":2,"name":"29. und 30. M\u00e4rz, Messe Gesund und Vital in Waiblingen"}]},{"@type":"WebSite","@id":"https:\/\/www.naturparkmagazin.de\/schwaebisch-fraenkischer-wald\/#website","url":"https:\/\/www.naturparkmagazin.de\/schwaebisch-fraenkischer-wald\/","name":"Naturpark Schw\u00e4bisch-Fr\u00e4nkischer Wald","description":"","potentialAction":[{"@type":"SearchAction","target":{"@type":"EntryPoint","urlTemplate":"https:\/\/www.naturparkmagazin.de\/schwaebisch-fraenkischer-wald\/?s={search_term_string}"},"query-input":"required name=search_term_string"}],"inLanguage":"de"},{"@type":"Person","@id":"https:\/\/www.naturparkmagazin.de\/schwaebisch-fraenkischer-wald\/#\/schema\/person\/f047a3702ae747fd7830cf8ac95e6066","name":"Naturpark-Team","sameAs":["http:\/\/www.naturpark-sfw.de","https:\/\/www.facebook.com\/naturparkSFW"],"url":"https:\/\/www.naturparkmagazin.de\/schwaebisch-fraenkischer-wald\/author\/bernharddrixler\/"}]}},"_links":{"self":[{"href":"https:\/\/www.naturparkmagazin.de\/schwaebisch-fraenkischer-wald\/wp-json\/wp\/v2\/posts\/628"}],"collection":[{"href":"https:\/\/www.naturparkmagazin.de\/schwaebisch-fraenkischer-wald\/wp-json\/wp\/v2\/posts"}],"about":[{"href":"https:\/\/www.naturparkmagazin.de\/schwaebisch-fraenkischer-wald\/wp-json\/wp\/v2\/types\/post"}],"author":[{"embeddable":true,"href":"https:\/\/www.naturparkmagazin.de\/schwaebisch-fraenkischer-wald\/wp-json\/wp\/v2\/users\/25"}],"replies":[{"embeddable":true,"href":"https:\/\/www.naturparkmagazin.de\/schwaebisch-fraenkischer-wald\/wp-json\/wp\/v2\/comments?post=628"}],"version-history":[{"count":7,"href":"https:\/\/www.naturparkmagazin.de\/schwaebisch-fraenkischer-wald\/wp-json\/wp\/v2\/posts\/628\/revisions"}],"predecessor-version":[{"id":650,"href":"https:\/\/www.naturparkmagazin.de\/schwaebisch-fraenkischer-wald\/wp-json\/wp\/v2\/posts\/628\/revisions\/650"}],"wp:featuredmedia":[{"embeddable":true,"href":"https:\/\/www.naturparkmagazin.de\/schwaebisch-fraenkischer-wald\/wp-json\/wp\/v2\/media\/615"}],"wp:attachment":[{"href":"https:\/\/www.naturparkmagazin.de\/schwaebisch-fraenkischer-wald\/wp-json\/wp\/v2\/media?parent=628"}],"wp:term":[{"taxonomy":"category","embeddable":true,"href":"https:\/\/www.naturparkmagazin.de\/schwaebisch-fraenkischer-wald\/wp-json\/wp\/v2\/categories?post=628"},{"taxonomy":"post_tag","embeddable":true,"href":"https:\/\/www.naturparkmagazin.de\/schwaebisch-fraenkischer-wald\/wp-json\/wp\/v2\/tags?post=628"}],"curies":[{"name":"wp","href":"https:\/\/api.w.org\/{rel}","templated":true}]}}