{"id":6294,"date":"2018-04-16T09:38:32","date_gmt":"2018-04-16T07:38:32","guid":{"rendered":"http:\/\/www.naturparkmagazin.de\/schwaebisch-fraenkischer-wald\/?p=6294"},"modified":"2018-04-05T09:48:33","modified_gmt":"2018-04-05T07:48:33","slug":"neues-foerderprojekt-der-aktion-mensch-im-naturpark-schwaebisch-fraenkischer-wald","status":"publish","type":"post","link":"https:\/\/www.naturparkmagazin.de\/schwaebisch-fraenkischer-wald\/neues-foerderprojekt-der-aktion-mensch-im-naturpark-schwaebisch-fraenkischer-wald\/","title":{"rendered":"Neues F\u00f6rderprojekt der Aktion Mensch im Naturpark Schw\u00e4bisch-Fr\u00e4nkischer Wald"},"content":{"rendered":"<p>Die <a href=\"https:\/\/www.aktion-mensch.de\/lotterie\/\" target=\"_blank\">Aktion Mensch<\/a> f\u00f6rdert das Projekt \u201eInklusive Wanderbotschafter\/innen im Naturpark Schw\u00e4bisch-Fr\u00e4nkischer Wald\u201c des Bundesverbandes Selbsthilfe K\u00f6rperbehinderter (BSK).<\/p>\n<div id=\"attachment_6296\" style=\"width: 510px\" class=\"wp-caption alignright\"><a href=\"https:\/\/www.naturparkmagazin.de\/schwaebisch-fraenkischer-wald\/wp-content\/uploads\/sites\/34\/180327_Wanderbotschafter_BSK-7.jpg\"><img aria-describedby=\"caption-attachment-6296\" decoding=\"async\" loading=\"lazy\" class=\"size-full wp-image-6296\" src=\"https:\/\/www.naturparkmagazin.de\/schwaebisch-fraenkischer-wald\/wp-content\/uploads\/sites\/34\/180327_Wanderbotschafter_BSK-7.jpg\" alt=\"Die Projektpartner\/innen trafen sich zur Abstimmung des Konzepts und freuen sich auf den baldi-gen Start (v.l.n.r.: Bernhard Drixler, Gesch\u00e4ftsf\u00fchrer Naturpark Schw\u00e4bisch-Fr\u00e4nkischer Wald; Ines Vorberg, Projektleiterin; Simon Maier, Kreisjugendring; Andrea Bofinger, Projektkoordinatorin)\" width=\"500\" height=\"300\" srcset=\"https:\/\/www.naturparkmagazin.de\/schwaebisch-fraenkischer-wald\/wp-content\/uploads\/sites\/34\/180327_Wanderbotschafter_BSK-7.jpg 500w, https:\/\/www.naturparkmagazin.de\/schwaebisch-fraenkischer-wald\/wp-content\/uploads\/sites\/34\/180327_Wanderbotschafter_BSK-7-300x180.jpg 300w, https:\/\/www.naturparkmagazin.de\/schwaebisch-fraenkischer-wald\/wp-content\/uploads\/sites\/34\/180327_Wanderbotschafter_BSK-7-200x120.jpg 200w\" sizes=\"(max-width: 500px) 100vw, 500px\" \/><\/a><p id=\"caption-attachment-6296\" class=\"wp-caption-text\">Die Projektpartner\/innen trafen sich zur Abstimmung des Konzepts und freuen sich auf den baldigen Start (v.l.n.r.: Bernhard Drixler, Gesch\u00e4ftsf\u00fchrer Naturpark Schw\u00e4bisch-Fr\u00e4nkischer Wald; Ines Vorberg, Projektleiterin; Simon Maier, Kreisjugendring; Andrea Bofinger, Projektkoordinatorin)<\/p><\/div>\n<p>Durch gepr\u00fcfte Wegstrecken soll Rollstuhlfahrerinnen\/-fahrern die selbstst\u00e4ndige Nutzung von Wanderwegen erm\u00f6glicht werden. Das Projekt ist auf drei Jahre angelegt und startet am 29. Mai mit einer Auftaktveranstaltung.<\/p>\n<p>Ziel des Projekts ist es, die Teilhabe von Menschen mit Behinderung, insbesondere von mobilit\u00e4tseingeschr\u00e4nkten Menschen, im Bereich Freizeit und Naturerlebnisse zu erm\u00f6glichen. Hierf\u00fcr werden ehrenamtliche Wanderbotschafter\/-innen geschult und mit einem Wander- und Erfassungspaket ausgestattet. Sie testen und bewerten Wege, die zuk\u00fcnftig als Wanderwege angeboten und ausgeschildert werden. Wichtigste Kriterien der Strecken sind, dass sie mit drei bis f\u00fcnf Kilometern L\u00e4nge kurz genug sind, um mit Rollst\u00fchlen und Gehhilfen auch eigenst\u00e4ndig nutzbar zu sein. Au\u00dferdem sollen sie \u00fcber Behindertenparkpl\u00e4tze verf\u00fcgen und sich in direkter N\u00e4he zu geeigneten Toiletten und\/oder Gastronomiebetrieben befinden.<\/p>\n<p>Projektinitiatorin Ines Vorberg, Leiterin des <a href=\"http:\/\/www.lebensfreude-i-v.de\/\" target=\"_blank\">BSK Bereich Alth\u00fctte<\/a>, hat es sich zur Aufgabe gemacht, die Inklusion im l\u00e4ndlichen Raum voranzubringen. Als Projektpartner beteiligen sich der Naturpark Schw\u00e4bisch-Fr\u00e4nkischer Wald mit seinen 48 Mitgliedskommunen und der <a href=\"http:\/\/www.jugendarbeit-rm.de\/bereich\/kreisjugendring-rems-murr\/\" target=\"_blank\">Kreisjugendring Rems-Murr<\/a>. Eine begleitende Zusammenarbeit wird mit den Behindertenbeauftragten der sechs im Naturpark gelegenen Landkreise, dem Landesverband f\u00fcr Menschen mit K\u00f6rper- und Mehrfachbehinderung Baden-W\u00fcrttemberg und den 38 Naturparkf\u00fchrer\/-innen im Naturpark Schw\u00e4bisch-Fr\u00e4nkischer Wald erfolgen.<\/p>\n<p>Von den Projektergebnissen werden Menschen mit und ohne Behinderung gleicherma\u00dfen profitieren, beispielsweise Familien mit Kinderwagen und \u00e4ltere Menschen mit Rollatoren, da die neu erkundeten Wege von allen genutzt werden k\u00f6nnen.\nAls inklusive Wanderbotschafter-\/innen werden nun Menschen gesucht, die selbst Rollstuhlfahrer sind, oder einen direkten Bezug zu den damit verbundenen Herausforderungen und t\u00e4glichen Anforderungen haben. Interessierte, die gerne aktiv drau\u00dfen unterwegs sind und sich am Projekt beteiligen m\u00f6chten, k\u00f6nnen sich bei Projektkoordinatorin Andrea Bofinger f\u00fcr weitere Informationen melden.<\/p>\n<p>Projektkoordinatorin und Ansprechpartnerin: Andrea Bofinger, Agentur StilSicher\nE-Mail: <a href=\"mailto:wanderbotschafter@stil-sicher.eu\" target=\"_blank\">wanderbotschafter@stil-sicher.eu<\/a>, Telefon: 07191-9789029<\/p>\n<p>Terminank\u00fcndigung Auftaktveranstaltung:\n29.05.2018, 17-18.30 Uhr, Festhalle, Helmut-G\u00f6tz-Stra\u00dfe 3, 71540 Murrhardt<\/p>\n","protected":false},"excerpt":{"rendered":"<p>Bundesverband Selbsthilfe K\u00f6rperbehinderter startet neues F\u00f6rderprojekt der Aktion Mensch im Naturpark<\/p>\n","protected":false},"author":25,"featured_media":6298,"comment_status":"open","ping_status":"open","sticky":false,"template":"","format":"standard","meta":[],"categories":[7],"tags":[],"yoast_head":"<!-- This site is optimized with the Yoast SEO plugin v19.10 - https:\/\/yoast.com\/wordpress\/plugins\/seo\/ -->\n<title>Neues F\u00f6rderprojekt der Aktion Mensch im Naturpark Schw\u00e4bisch-Fr\u00e4nkischer Wald - Naturpark Schw\u00e4bisch-Fr\u00e4nkischer Wald<\/title>\n<meta name=\"robots\" content=\"index, follow, max-snippet:-1, max-image-preview:large, max-video-preview:-1\" \/>\n<link rel=\"canonical\" href=\"https:\/\/www.naturparkmagazin.de\/schwaebisch-fraenkischer-wald\/neues-foerderprojekt-der-aktion-mensch-im-naturpark-schwaebisch-fraenkischer-wald\/\" \/>\n<meta property=\"og:locale\" content=\"de_DE\" \/>\n<meta property=\"og:type\" content=\"article\" \/>\n<meta property=\"og:title\" content=\"Neues F\u00f6rderprojekt der Aktion Mensch im Naturpark Schw\u00e4bisch-Fr\u00e4nkischer Wald - Naturpark Schw\u00e4bisch-Fr\u00e4nkischer Wald\" \/>\n<meta property=\"og:description\" content=\"Bundesverband Selbsthilfe K\u00f6rperbehinderter startet neues F\u00f6rderprojekt der Aktion Mensch im Naturpark\" \/>\n<meta property=\"og:url\" content=\"https:\/\/www.naturparkmagazin.de\/schwaebisch-fraenkischer-wald\/neues-foerderprojekt-der-aktion-mensch-im-naturpark-schwaebisch-fraenkischer-wald\/\" \/>\n<meta property=\"og:site_name\" content=\"Naturpark Schw\u00e4bisch-Fr\u00e4nkischer Wald\" \/>\n<meta property=\"article:author\" content=\"https:\/\/www.facebook.com\/naturparkSFW\" \/>\n<meta property=\"article:published_time\" content=\"2018-04-16T07:38:32+00:00\" \/>\n<meta property=\"article:modified_time\" content=\"2018-04-05T07:48:33+00:00\" \/>\n<meta property=\"og:image\" content=\"https:\/\/www.naturparkmagazin.de\/schwaebisch-fraenkischer-wald\/wp-content\/uploads\/sites\/34\/180327_Wanderbotschafter_BSK-71.jpg\" \/>\n\t<meta property=\"og:image:width\" content=\"200\" \/>\n\t<meta property=\"og:image:height\" content=\"200\" \/>\n\t<meta property=\"og:image:type\" content=\"image\/jpeg\" \/>\n<meta name=\"author\" content=\"Naturpark-Team\" \/>\n<meta name=\"twitter:label1\" content=\"Verfasst von\" \/>\n\t<meta name=\"twitter:data1\" content=\"Naturpark-Team\" \/>\n\t<meta name=\"twitter:label2\" content=\"Gesch\u00e4tzte Lesezeit\" \/>\n\t<meta name=\"twitter:data2\" content=\"2\u00a0Minuten\" \/>\n<script type=\"application\/ld+json\" class=\"yoast-schema-graph\">{\"@context\":\"https:\/\/schema.org\",\"@graph\":[{\"@type\":\"WebPage\",\"@id\":\"https:\/\/www.naturparkmagazin.de\/schwaebisch-fraenkischer-wald\/neues-foerderprojekt-der-aktion-mensch-im-naturpark-schwaebisch-fraenkischer-wald\/\",\"url\":\"https:\/\/www.naturparkmagazin.de\/schwaebisch-fraenkischer-wald\/neues-foerderprojekt-der-aktion-mensch-im-naturpark-schwaebisch-fraenkischer-wald\/\",\"name\":\"Neues F\u00f6rderprojekt der Aktion Mensch im Naturpark Schw\u00e4bisch-Fr\u00e4nkischer Wald - Naturpark Schw\u00e4bisch-Fr\u00e4nkischer Wald\",\"isPartOf\":{\"@id\":\"https:\/\/www.naturparkmagazin.de\/schwaebisch-fraenkischer-wald\/#website\"},\"datePublished\":\"2018-04-16T07:38:32+00:00\",\"dateModified\":\"2018-04-05T07:48:33+00:00\",\"author\":{\"@id\":\"https:\/\/www.naturparkmagazin.de\/schwaebisch-fraenkischer-wald\/#\/schema\/person\/f047a3702ae747fd7830cf8ac95e6066\"},\"breadcrumb\":{\"@id\":\"https:\/\/www.naturparkmagazin.de\/schwaebisch-fraenkischer-wald\/neues-foerderprojekt-der-aktion-mensch-im-naturpark-schwaebisch-fraenkischer-wald\/#breadcrumb\"},\"inLanguage\":\"de\",\"potentialAction\":[{\"@type\":\"ReadAction\",\"target\":[\"https:\/\/www.naturparkmagazin.de\/schwaebisch-fraenkischer-wald\/neues-foerderprojekt-der-aktion-mensch-im-naturpark-schwaebisch-fraenkischer-wald\/\"]}]},{\"@type\":\"BreadcrumbList\",\"@id\":\"https:\/\/www.naturparkmagazin.de\/schwaebisch-fraenkischer-wald\/neues-foerderprojekt-der-aktion-mensch-im-naturpark-schwaebisch-fraenkischer-wald\/#breadcrumb\",\"itemListElement\":[{\"@type\":\"ListItem\",\"position\":1,\"name\":\"Home\",\"item\":\"https:\/\/www.naturparkmagazin.de\/schwaebisch-fraenkischer-wald\/\"},{\"@type\":\"ListItem\",\"position\":2,\"name\":\"Neues F\u00f6rderprojekt der Aktion Mensch im Naturpark Schw\u00e4bisch-Fr\u00e4nkischer Wald\"}]},{\"@type\":\"WebSite\",\"@id\":\"https:\/\/www.naturparkmagazin.de\/schwaebisch-fraenkischer-wald\/#website\",\"url\":\"https:\/\/www.naturparkmagazin.de\/schwaebisch-fraenkischer-wald\/\",\"name\":\"Naturpark Schw\u00e4bisch-Fr\u00e4nkischer Wald\",\"description\":\"\",\"potentialAction\":[{\"@type\":\"SearchAction\",\"target\":{\"@type\":\"EntryPoint\",\"urlTemplate\":\"https:\/\/www.naturparkmagazin.de\/schwaebisch-fraenkischer-wald\/?s={search_term_string}\"},\"query-input\":\"required name=search_term_string\"}],\"inLanguage\":\"de\"},{\"@type\":\"Person\",\"@id\":\"https:\/\/www.naturparkmagazin.de\/schwaebisch-fraenkischer-wald\/#\/schema\/person\/f047a3702ae747fd7830cf8ac95e6066\",\"name\":\"Naturpark-Team\",\"sameAs\":[\"http:\/\/www.naturpark-sfw.de\",\"https:\/\/www.facebook.com\/naturparkSFW\"],\"url\":\"https:\/\/www.naturparkmagazin.de\/schwaebisch-fraenkischer-wald\/author\/bernharddrixler\/\"}]}<\/script>\n<!-- \/ Yoast SEO plugin. -->","yoast_head_json":{"title":"Neues F\u00f6rderprojekt der Aktion Mensch im Naturpark Schw\u00e4bisch-Fr\u00e4nkischer Wald - Naturpark Schw\u00e4bisch-Fr\u00e4nkischer Wald","robots":{"index":"index","follow":"follow","max-snippet":"max-snippet:-1","max-image-preview":"max-image-preview:large","max-video-preview":"max-video-preview:-1"},"canonical":"https:\/\/www.naturparkmagazin.de\/schwaebisch-fraenkischer-wald\/neues-foerderprojekt-der-aktion-mensch-im-naturpark-schwaebisch-fraenkischer-wald\/","og_locale":"de_DE","og_type":"article","og_title":"Neues F\u00f6rderprojekt der Aktion Mensch im Naturpark Schw\u00e4bisch-Fr\u00e4nkischer Wald - Naturpark Schw\u00e4bisch-Fr\u00e4nkischer Wald","og_description":"Bundesverband Selbsthilfe K\u00f6rperbehinderter startet neues F\u00f6rderprojekt der Aktion Mensch im Naturpark","og_url":"https:\/\/www.naturparkmagazin.de\/schwaebisch-fraenkischer-wald\/neues-foerderprojekt-der-aktion-mensch-im-naturpark-schwaebisch-fraenkischer-wald\/","og_site_name":"Naturpark Schw\u00e4bisch-Fr\u00e4nkischer Wald","article_author":"https:\/\/www.facebook.com\/naturparkSFW","article_published_time":"2018-04-16T07:38:32+00:00","article_modified_time":"2018-04-05T07:48:33+00:00","og_image":[{"width":200,"height":200,"url":"https:\/\/www.naturparkmagazin.de\/schwaebisch-fraenkischer-wald\/wp-content\/uploads\/sites\/34\/180327_Wanderbotschafter_BSK-71.jpg","type":"image\/jpeg"}],"author":"Naturpark-Team","twitter_misc":{"Verfasst von":"Naturpark-Team","Gesch\u00e4tzte Lesezeit":"2\u00a0Minuten"},"schema":{"@context":"https:\/\/schema.org","@graph":[{"@type":"WebPage","@id":"https:\/\/www.naturparkmagazin.de\/schwaebisch-fraenkischer-wald\/neues-foerderprojekt-der-aktion-mensch-im-naturpark-schwaebisch-fraenkischer-wald\/","url":"https:\/\/www.naturparkmagazin.de\/schwaebisch-fraenkischer-wald\/neues-foerderprojekt-der-aktion-mensch-im-naturpark-schwaebisch-fraenkischer-wald\/","name":"Neues F\u00f6rderprojekt der Aktion Mensch im Naturpark Schw\u00e4bisch-Fr\u00e4nkischer Wald - Naturpark Schw\u00e4bisch-Fr\u00e4nkischer Wald","isPartOf":{"@id":"https:\/\/www.naturparkmagazin.de\/schwaebisch-fraenkischer-wald\/#website"},"datePublished":"2018-04-16T07:38:32+00:00","dateModified":"2018-04-05T07:48:33+00:00","author":{"@id":"https:\/\/www.naturparkmagazin.de\/schwaebisch-fraenkischer-wald\/#\/schema\/person\/f047a3702ae747fd7830cf8ac95e6066"},"breadcrumb":{"@id":"https:\/\/www.naturparkmagazin.de\/schwaebisch-fraenkischer-wald\/neues-foerderprojekt-der-aktion-mensch-im-naturpark-schwaebisch-fraenkischer-wald\/#breadcrumb"},"inLanguage":"de","potentialAction":[{"@type":"ReadAction","target":["https:\/\/www.naturparkmagazin.de\/schwaebisch-fraenkischer-wald\/neues-foerderprojekt-der-aktion-mensch-im-naturpark-schwaebisch-fraenkischer-wald\/"]}]},{"@type":"BreadcrumbList","@id":"https:\/\/www.naturparkmagazin.de\/schwaebisch-fraenkischer-wald\/neues-foerderprojekt-der-aktion-mensch-im-naturpark-schwaebisch-fraenkischer-wald\/#breadcrumb","itemListElement":[{"@type":"ListItem","position":1,"name":"Home","item":"https:\/\/www.naturparkmagazin.de\/schwaebisch-fraenkischer-wald\/"},{"@type":"ListItem","position":2,"name":"Neues F\u00f6rderprojekt der Aktion Mensch im Naturpark Schw\u00e4bisch-Fr\u00e4nkischer Wald"}]},{"@type":"WebSite","@id":"https:\/\/www.naturparkmagazin.de\/schwaebisch-fraenkischer-wald\/#website","url":"https:\/\/www.naturparkmagazin.de\/schwaebisch-fraenkischer-wald\/","name":"Naturpark Schw\u00e4bisch-Fr\u00e4nkischer Wald","description":"","potentialAction":[{"@type":"SearchAction","target":{"@type":"EntryPoint","urlTemplate":"https:\/\/www.naturparkmagazin.de\/schwaebisch-fraenkischer-wald\/?s={search_term_string}"},"query-input":"required name=search_term_string"}],"inLanguage":"de"},{"@type":"Person","@id":"https:\/\/www.naturparkmagazin.de\/schwaebisch-fraenkischer-wald\/#\/schema\/person\/f047a3702ae747fd7830cf8ac95e6066","name":"Naturpark-Team","sameAs":["http:\/\/www.naturpark-sfw.de","https:\/\/www.facebook.com\/naturparkSFW"],"url":"https:\/\/www.naturparkmagazin.de\/schwaebisch-fraenkischer-wald\/author\/bernharddrixler\/"}]}},"_links":{"self":[{"href":"https:\/\/www.naturparkmagazin.de\/schwaebisch-fraenkischer-wald\/wp-json\/wp\/v2\/posts\/6294"}],"collection":[{"href":"https:\/\/www.naturparkmagazin.de\/schwaebisch-fraenkischer-wald\/wp-json\/wp\/v2\/posts"}],"about":[{"href":"https:\/\/www.naturparkmagazin.de\/schwaebisch-fraenkischer-wald\/wp-json\/wp\/v2\/types\/post"}],"author":[{"embeddable":true,"href":"https:\/\/www.naturparkmagazin.de\/schwaebisch-fraenkischer-wald\/wp-json\/wp\/v2\/users\/25"}],"replies":[{"embeddable":true,"href":"https:\/\/www.naturparkmagazin.de\/schwaebisch-fraenkischer-wald\/wp-json\/wp\/v2\/comments?post=6294"}],"version-history":[{"count":3,"href":"https:\/\/www.naturparkmagazin.de\/schwaebisch-fraenkischer-wald\/wp-json\/wp\/v2\/posts\/6294\/revisions"}],"predecessor-version":[{"id":6299,"href":"https:\/\/www.naturparkmagazin.de\/schwaebisch-fraenkischer-wald\/wp-json\/wp\/v2\/posts\/6294\/revisions\/6299"}],"wp:featuredmedia":[{"embeddable":true,"href":"https:\/\/www.naturparkmagazin.de\/schwaebisch-fraenkischer-wald\/wp-json\/wp\/v2\/media\/6298"}],"wp:attachment":[{"href":"https:\/\/www.naturparkmagazin.de\/schwaebisch-fraenkischer-wald\/wp-json\/wp\/v2\/media?parent=6294"}],"wp:term":[{"taxonomy":"category","embeddable":true,"href":"https:\/\/www.naturparkmagazin.de\/schwaebisch-fraenkischer-wald\/wp-json\/wp\/v2\/categories?post=6294"},{"taxonomy":"post_tag","embeddable":true,"href":"https:\/\/www.naturparkmagazin.de\/schwaebisch-fraenkischer-wald\/wp-json\/wp\/v2\/tags?post=6294"}],"curies":[{"name":"wp","href":"https:\/\/api.w.org\/{rel}","templated":true}]}}