{"id":633,"date":"2014-02-19T20:17:57","date_gmt":"2014-02-19T18:17:57","guid":{"rendered":"http:\/\/www.naturparkmagazin.de\/schwaebisch-fraenkischer-wald\/?p=633"},"modified":"2014-02-21T12:18:49","modified_gmt":"2014-02-21T11:18:49","slug":"die-planung-fuer-die-naturparkmaerkte-laeuft","status":"publish","type":"post","link":"https:\/\/www.naturparkmagazin.de\/schwaebisch-fraenkischer-wald\/die-planung-fuer-die-naturparkmaerkte-laeuft\/","title":{"rendered":"Die Planung f\u00fcr die Naturparkm\u00e4rkte l\u00e4uft"},"content":{"rendered":"<p>Der Fr\u00fchling kommt und damit r\u00fccken auch die Naturparkm\u00e4rkte n\u00e4her. Die Planung daf\u00fcr ist schon in vollem Gange und Beschicker k\u00f6nnen sich auf eine Teilnahme bewerben.<\/p>\n<p><a href=\"https:\/\/www.naturparkmagazin.de\/schwaebisch-fraenkischer-wald\/wp-content\/uploads\/sites\/34\/120708_NPM_Waldenburg-472_klein1.jpg\"><img decoding=\"async\" loading=\"lazy\" class=\"alignright size-thumbnail wp-image-618\" alt=\"Copyright: Naturpark Schw\u00e4bisch-Fr\u00e4nkischer Wald\" src=\"https:\/\/www.naturparkmagazin.de\/schwaebisch-fraenkischer-wald\/wp-content\/uploads\/sites\/34\/120708_NPM_Waldenburg-472_klein1-300x450.jpg\" width=\"300\" height=\"450\" srcset=\"https:\/\/www.naturparkmagazin.de\/schwaebisch-fraenkischer-wald\/wp-content\/uploads\/sites\/34\/120708_NPM_Waldenburg-472_klein1-300x450.jpg 300w, https:\/\/www.naturparkmagazin.de\/schwaebisch-fraenkischer-wald\/wp-content\/uploads\/sites\/34\/120708_NPM_Waldenburg-472_klein1-200x300.jpg 200w, https:\/\/www.naturparkmagazin.de\/schwaebisch-fraenkischer-wald\/wp-content\/uploads\/sites\/34\/120708_NPM_Waldenburg-472_klein1.jpg 500w\" sizes=\"(max-width: 300px) 100vw, 300px\" \/><\/a>Naturparkm\u00e4rkte \u2013 bei diesem Wort kommen Erinnerungen an warme Sommertage, das Schlendern durch bunte St\u00e4nde, das Genie\u00dfen von regionalen K\u00f6stlichkeiten und Zeit mit Familie und Freunden hoch. Seit acht Jahren begeistern die Naturparkm\u00e4rkte gleicherma\u00dfen Einheimische und Touristen und erfreuen sich st\u00e4ndig steigender Beliebtheit. Dieses Jahr finden wieder f\u00fcnf Naturparkm\u00e4rkte statt. Sie sind die Schaufenster der Region und bieten dem Verbraucher die M\u00f6glichkeit, schmackhafte Lebensmittel, Gebrauchsgegenst\u00e4nde und Kunsthandwerk direkt beim Erzeuger zu erwerben. Sie bieten f\u00fcr regionale Direktvermarkter die Chance, sich dem Besucher in famili\u00e4rer Einkaufsatmosph\u00e4re zu pr\u00e4sentieren. Bei den vielf\u00e4ltigen Angeboten des Rahmenprogramms gibt es immer einiges zu entdecken und \u00fcber den Naturpark und seine Natur- und Kultursch\u00e4tze zu erfahren.<\/p>\n<p>Die Planung f\u00fcr die Naturparkmarkt-Saison hat schon begonnen, und interessierte Land- und Forstwirte, Kunsthandwerker und andere regionale Direktvermarkter sind aufgerufen, sich zu bewerben. Wichtigste Teilnahmevoraussetzung ist, dass die angebotenen Produkte den Naturpark repr\u00e4sentieren. Um das zu gew\u00e4hrleisten, muss der Betrieb im Gebiet des Naturparks liegen, dort produzieren und vornehmlich Zutaten aus dem Naturpark verarbeiten. Entsprechende Vermerke sind in der Bewerbung anzugeben. Kunsthandwerker und Kulturschaffende sind ebenfalls aufgerufen, unsere Naturparkm\u00e4rkte mit ihrem Angebot zu bereichern. Hier gilt ebenfalls der Grundsatz: Der Bezug der Produkte, bzw. der Angebote zum Naturpark muss klar erkenntlich sein!<\/p>\n<p>Um ein reiches Rahmenprogramm bieten zu k\u00f6nnen, rufen wir engagierte Menschen dazu auf, sich bei uns zu bewerben, wenn sie regional bezogene Aktionen anbieten m\u00f6chten. Das k\u00f6nnten zum Beispiel Kutschfahrten durch die Umgebung, aber auch Lesungen lokaler Schriftsteller oder Workshops von NABU-Ortsgruppen sein.<\/p>\n<p><a href=\"https:\/\/www.naturparkmagazin.de\/schwaebisch-fraenkischer-wald\/wp-content\/uploads\/sites\/34\/120617_NPM_Grab_Kathi-34_klein.jpg\"><img decoding=\"async\" loading=\"lazy\" class=\"size-thumbnail wp-image-617 alignleft\" alt=\"Copyright: Naturpark Schw\u00e4bisch-Fr\u00e4nkischer Wald\" src=\"https:\/\/www.naturparkmagazin.de\/schwaebisch-fraenkischer-wald\/wp-content\/uploads\/sites\/34\/120617_NPM_Grab_Kathi-34_klein-300x400.jpg\" width=\"300\" height=\"400\" srcset=\"https:\/\/www.naturparkmagazin.de\/schwaebisch-fraenkischer-wald\/wp-content\/uploads\/sites\/34\/120617_NPM_Grab_Kathi-34_klein-300x400.jpg 300w, https:\/\/www.naturparkmagazin.de\/schwaebisch-fraenkischer-wald\/wp-content\/uploads\/sites\/34\/120617_NPM_Grab_Kathi-34_klein-500x667.jpg 500w, https:\/\/www.naturparkmagazin.de\/schwaebisch-fraenkischer-wald\/wp-content\/uploads\/sites\/34\/120617_NPM_Grab_Kathi-34_klein-420x560.jpg 420w, https:\/\/www.naturparkmagazin.de\/schwaebisch-fraenkischer-wald\/wp-content\/uploads\/sites\/34\/120617_NPM_Grab_Kathi-34_klein-135x180.jpg 135w, https:\/\/www.naturparkmagazin.de\/schwaebisch-fraenkischer-wald\/wp-content\/uploads\/sites\/34\/120617_NPM_Grab_Kathi-34_klein-53x71.jpg 53w, https:\/\/www.naturparkmagazin.de\/schwaebisch-fraenkischer-wald\/wp-content\/uploads\/sites\/34\/120617_NPM_Grab_Kathi-34_klein-200x267.jpg 200w, https:\/\/www.naturparkmagazin.de\/schwaebisch-fraenkischer-wald\/wp-content\/uploads\/sites\/34\/120617_NPM_Grab_Kathi-34_klein.jpg 567w\" sizes=\"(max-width: 300px) 100vw, 300px\" \/><\/a>Die Naturparkm\u00e4rkte 2014 finden an folgenden Sonntagen statt:<\/p>\n<p>Sonntag, 11. Mai: Sulzbach a.d. Murr\nSonntag, 22. Juni:\u00a0 Rudersberg\nSonntag, 20. Juli:\u00a0 Alth\u00fctte\nSonntag, 07. September: Mainhardt\nSonntag, 05. Oktober:\u00a0 Murrhardt<\/p>\n<p>Bewerbungsunterlagen und weitere Informationen erhalten Sie beim Naturpark Schw\u00e4bisch-Fr\u00e4nkischer Wald:<\/p>\n<p>Naturpark Schw\u00e4bisch-Fr\u00e4nkischer Wald\nMarktplatz 8\n71540 Murrhardt\nTelefon 0 71 92 \u2013 21 38 88\ninfo@naturpark-sfw.de<\/p>\n<p>&nbsp;<\/p>\n<p>&nbsp;<\/p>\n","protected":false},"excerpt":{"rendered":"<p>Der Fr\u00fchling kommt und damit r\u00fccken auch die Naturparkm\u00e4rkte n\u00e4her. Die Planung daf\u00fcr ist schon in vollem Gange und Beschicker k\u00f6nnen sich auf eine Teilnahme bewerben.<\/p>\n","protected":false},"author":25,"featured_media":614,"comment_status":"open","ping_status":"open","sticky":false,"template":"","format":"standard","meta":[],"categories":[7],"tags":[],"yoast_head":"<!-- This site is optimized with the Yoast SEO plugin v19.10 - https:\/\/yoast.com\/wordpress\/plugins\/seo\/ -->\n<title>Die Planung f\u00fcr die Naturparkm\u00e4rkte l\u00e4uft - Naturpark Schw\u00e4bisch-Fr\u00e4nkischer Wald<\/title>\n<meta name=\"robots\" content=\"index, follow, max-snippet:-1, max-image-preview:large, max-video-preview:-1\" \/>\n<link rel=\"canonical\" href=\"https:\/\/www.naturparkmagazin.de\/schwaebisch-fraenkischer-wald\/die-planung-fuer-die-naturparkmaerkte-laeuft\/\" \/>\n<meta property=\"og:locale\" content=\"de_DE\" \/>\n<meta property=\"og:type\" content=\"article\" \/>\n<meta property=\"og:title\" content=\"Die Planung f\u00fcr die Naturparkm\u00e4rkte l\u00e4uft - Naturpark Schw\u00e4bisch-Fr\u00e4nkischer Wald\" \/>\n<meta property=\"og:description\" content=\"Der Fr\u00fchling kommt und damit r\u00fccken auch die Naturparkm\u00e4rkte n\u00e4her. Die Planung daf\u00fcr ist schon in vollem Gange und Beschicker k\u00f6nnen sich auf eine Teilnahme bewerben.\" \/>\n<meta property=\"og:url\" content=\"https:\/\/www.naturparkmagazin.de\/schwaebisch-fraenkischer-wald\/die-planung-fuer-die-naturparkmaerkte-laeuft\/\" \/>\n<meta property=\"og:site_name\" content=\"Naturpark Schw\u00e4bisch-Fr\u00e4nkischer Wald\" \/>\n<meta property=\"article:author\" content=\"https:\/\/www.facebook.com\/naturparkSFW\" \/>\n<meta property=\"article:published_time\" content=\"2014-02-19T18:17:57+00:00\" \/>\n<meta property=\"article:modified_time\" content=\"2014-02-21T11:18:49+00:00\" \/>\n<meta property=\"og:image\" content=\"https:\/\/www.naturparkmagazin.de\/schwaebisch-fraenkischer-wald\/wp-content\/uploads\/sites\/34\/110911_NPMopp-272_klein1.jpg\" \/>\n\t<meta property=\"og:image:width\" content=\"500\" \/>\n\t<meta property=\"og:image:height\" content=\"333\" \/>\n\t<meta property=\"og:image:type\" content=\"image\/jpeg\" \/>\n<meta name=\"author\" content=\"Naturpark-Team\" \/>\n<meta name=\"twitter:label1\" content=\"Verfasst von\" \/>\n\t<meta name=\"twitter:data1\" content=\"Naturpark-Team\" \/>\n\t<meta name=\"twitter:label2\" content=\"Gesch\u00e4tzte Lesezeit\" \/>\n\t<meta name=\"twitter:data2\" content=\"2\u00a0Minuten\" \/>\n<script type=\"application\/ld+json\" class=\"yoast-schema-graph\">{\"@context\":\"https:\/\/schema.org\",\"@graph\":[{\"@type\":\"WebPage\",\"@id\":\"https:\/\/www.naturparkmagazin.de\/schwaebisch-fraenkischer-wald\/die-planung-fuer-die-naturparkmaerkte-laeuft\/\",\"url\":\"https:\/\/www.naturparkmagazin.de\/schwaebisch-fraenkischer-wald\/die-planung-fuer-die-naturparkmaerkte-laeuft\/\",\"name\":\"Die Planung f\u00fcr die Naturparkm\u00e4rkte l\u00e4uft - Naturpark Schw\u00e4bisch-Fr\u00e4nkischer Wald\",\"isPartOf\":{\"@id\":\"https:\/\/www.naturparkmagazin.de\/schwaebisch-fraenkischer-wald\/#website\"},\"datePublished\":\"2014-02-19T18:17:57+00:00\",\"dateModified\":\"2014-02-21T11:18:49+00:00\",\"author\":{\"@id\":\"https:\/\/www.naturparkmagazin.de\/schwaebisch-fraenkischer-wald\/#\/schema\/person\/f047a3702ae747fd7830cf8ac95e6066\"},\"breadcrumb\":{\"@id\":\"https:\/\/www.naturparkmagazin.de\/schwaebisch-fraenkischer-wald\/die-planung-fuer-die-naturparkmaerkte-laeuft\/#breadcrumb\"},\"inLanguage\":\"de\",\"potentialAction\":[{\"@type\":\"ReadAction\",\"target\":[\"https:\/\/www.naturparkmagazin.de\/schwaebisch-fraenkischer-wald\/die-planung-fuer-die-naturparkmaerkte-laeuft\/\"]}]},{\"@type\":\"BreadcrumbList\",\"@id\":\"https:\/\/www.naturparkmagazin.de\/schwaebisch-fraenkischer-wald\/die-planung-fuer-die-naturparkmaerkte-laeuft\/#breadcrumb\",\"itemListElement\":[{\"@type\":\"ListItem\",\"position\":1,\"name\":\"Home\",\"item\":\"https:\/\/www.naturparkmagazin.de\/schwaebisch-fraenkischer-wald\/\"},{\"@type\":\"ListItem\",\"position\":2,\"name\":\"Die Planung f\u00fcr die Naturparkm\u00e4rkte l\u00e4uft\"}]},{\"@type\":\"WebSite\",\"@id\":\"https:\/\/www.naturparkmagazin.de\/schwaebisch-fraenkischer-wald\/#website\",\"url\":\"https:\/\/www.naturparkmagazin.de\/schwaebisch-fraenkischer-wald\/\",\"name\":\"Naturpark Schw\u00e4bisch-Fr\u00e4nkischer Wald\",\"description\":\"\",\"potentialAction\":[{\"@type\":\"SearchAction\",\"target\":{\"@type\":\"EntryPoint\",\"urlTemplate\":\"https:\/\/www.naturparkmagazin.de\/schwaebisch-fraenkischer-wald\/?s={search_term_string}\"},\"query-input\":\"required name=search_term_string\"}],\"inLanguage\":\"de\"},{\"@type\":\"Person\",\"@id\":\"https:\/\/www.naturparkmagazin.de\/schwaebisch-fraenkischer-wald\/#\/schema\/person\/f047a3702ae747fd7830cf8ac95e6066\",\"name\":\"Naturpark-Team\",\"sameAs\":[\"http:\/\/www.naturpark-sfw.de\",\"https:\/\/www.facebook.com\/naturparkSFW\"],\"url\":\"https:\/\/www.naturparkmagazin.de\/schwaebisch-fraenkischer-wald\/author\/bernharddrixler\/\"}]}<\/script>\n<!-- \/ Yoast SEO plugin. -->","yoast_head_json":{"title":"Die Planung f\u00fcr die Naturparkm\u00e4rkte l\u00e4uft - Naturpark Schw\u00e4bisch-Fr\u00e4nkischer Wald","robots":{"index":"index","follow":"follow","max-snippet":"max-snippet:-1","max-image-preview":"max-image-preview:large","max-video-preview":"max-video-preview:-1"},"canonical":"https:\/\/www.naturparkmagazin.de\/schwaebisch-fraenkischer-wald\/die-planung-fuer-die-naturparkmaerkte-laeuft\/","og_locale":"de_DE","og_type":"article","og_title":"Die Planung f\u00fcr die Naturparkm\u00e4rkte l\u00e4uft - Naturpark Schw\u00e4bisch-Fr\u00e4nkischer Wald","og_description":"Der Fr\u00fchling kommt und damit r\u00fccken auch die Naturparkm\u00e4rkte n\u00e4her. Die Planung daf\u00fcr ist schon in vollem Gange und Beschicker k\u00f6nnen sich auf eine Teilnahme bewerben.","og_url":"https:\/\/www.naturparkmagazin.de\/schwaebisch-fraenkischer-wald\/die-planung-fuer-die-naturparkmaerkte-laeuft\/","og_site_name":"Naturpark Schw\u00e4bisch-Fr\u00e4nkischer Wald","article_author":"https:\/\/www.facebook.com\/naturparkSFW","article_published_time":"2014-02-19T18:17:57+00:00","article_modified_time":"2014-02-21T11:18:49+00:00","og_image":[{"width":500,"height":333,"url":"https:\/\/www.naturparkmagazin.de\/schwaebisch-fraenkischer-wald\/wp-content\/uploads\/sites\/34\/110911_NPMopp-272_klein1.jpg","type":"image\/jpeg"}],"author":"Naturpark-Team","twitter_misc":{"Verfasst von":"Naturpark-Team","Gesch\u00e4tzte Lesezeit":"2\u00a0Minuten"},"schema":{"@context":"https:\/\/schema.org","@graph":[{"@type":"WebPage","@id":"https:\/\/www.naturparkmagazin.de\/schwaebisch-fraenkischer-wald\/die-planung-fuer-die-naturparkmaerkte-laeuft\/","url":"https:\/\/www.naturparkmagazin.de\/schwaebisch-fraenkischer-wald\/die-planung-fuer-die-naturparkmaerkte-laeuft\/","name":"Die Planung f\u00fcr die Naturparkm\u00e4rkte l\u00e4uft - Naturpark Schw\u00e4bisch-Fr\u00e4nkischer Wald","isPartOf":{"@id":"https:\/\/www.naturparkmagazin.de\/schwaebisch-fraenkischer-wald\/#website"},"datePublished":"2014-02-19T18:17:57+00:00","dateModified":"2014-02-21T11:18:49+00:00","author":{"@id":"https:\/\/www.naturparkmagazin.de\/schwaebisch-fraenkischer-wald\/#\/schema\/person\/f047a3702ae747fd7830cf8ac95e6066"},"breadcrumb":{"@id":"https:\/\/www.naturparkmagazin.de\/schwaebisch-fraenkischer-wald\/die-planung-fuer-die-naturparkmaerkte-laeuft\/#breadcrumb"},"inLanguage":"de","potentialAction":[{"@type":"ReadAction","target":["https:\/\/www.naturparkmagazin.de\/schwaebisch-fraenkischer-wald\/die-planung-fuer-die-naturparkmaerkte-laeuft\/"]}]},{"@type":"BreadcrumbList","@id":"https:\/\/www.naturparkmagazin.de\/schwaebisch-fraenkischer-wald\/die-planung-fuer-die-naturparkmaerkte-laeuft\/#breadcrumb","itemListElement":[{"@type":"ListItem","position":1,"name":"Home","item":"https:\/\/www.naturparkmagazin.de\/schwaebisch-fraenkischer-wald\/"},{"@type":"ListItem","position":2,"name":"Die Planung f\u00fcr die Naturparkm\u00e4rkte l\u00e4uft"}]},{"@type":"WebSite","@id":"https:\/\/www.naturparkmagazin.de\/schwaebisch-fraenkischer-wald\/#website","url":"https:\/\/www.naturparkmagazin.de\/schwaebisch-fraenkischer-wald\/","name":"Naturpark Schw\u00e4bisch-Fr\u00e4nkischer Wald","description":"","potentialAction":[{"@type":"SearchAction","target":{"@type":"EntryPoint","urlTemplate":"https:\/\/www.naturparkmagazin.de\/schwaebisch-fraenkischer-wald\/?s={search_term_string}"},"query-input":"required name=search_term_string"}],"inLanguage":"de"},{"@type":"Person","@id":"https:\/\/www.naturparkmagazin.de\/schwaebisch-fraenkischer-wald\/#\/schema\/person\/f047a3702ae747fd7830cf8ac95e6066","name":"Naturpark-Team","sameAs":["http:\/\/www.naturpark-sfw.de","https:\/\/www.facebook.com\/naturparkSFW"],"url":"https:\/\/www.naturparkmagazin.de\/schwaebisch-fraenkischer-wald\/author\/bernharddrixler\/"}]}},"_links":{"self":[{"href":"https:\/\/www.naturparkmagazin.de\/schwaebisch-fraenkischer-wald\/wp-json\/wp\/v2\/posts\/633"}],"collection":[{"href":"https:\/\/www.naturparkmagazin.de\/schwaebisch-fraenkischer-wald\/wp-json\/wp\/v2\/posts"}],"about":[{"href":"https:\/\/www.naturparkmagazin.de\/schwaebisch-fraenkischer-wald\/wp-json\/wp\/v2\/types\/post"}],"author":[{"embeddable":true,"href":"https:\/\/www.naturparkmagazin.de\/schwaebisch-fraenkischer-wald\/wp-json\/wp\/v2\/users\/25"}],"replies":[{"embeddable":true,"href":"https:\/\/www.naturparkmagazin.de\/schwaebisch-fraenkischer-wald\/wp-json\/wp\/v2\/comments?post=633"}],"version-history":[{"count":3,"href":"https:\/\/www.naturparkmagazin.de\/schwaebisch-fraenkischer-wald\/wp-json\/wp\/v2\/posts\/633\/revisions"}],"predecessor-version":[{"id":644,"href":"https:\/\/www.naturparkmagazin.de\/schwaebisch-fraenkischer-wald\/wp-json\/wp\/v2\/posts\/633\/revisions\/644"}],"wp:featuredmedia":[{"embeddable":true,"href":"https:\/\/www.naturparkmagazin.de\/schwaebisch-fraenkischer-wald\/wp-json\/wp\/v2\/media\/614"}],"wp:attachment":[{"href":"https:\/\/www.naturparkmagazin.de\/schwaebisch-fraenkischer-wald\/wp-json\/wp\/v2\/media?parent=633"}],"wp:term":[{"taxonomy":"category","embeddable":true,"href":"https:\/\/www.naturparkmagazin.de\/schwaebisch-fraenkischer-wald\/wp-json\/wp\/v2\/categories?post=633"},{"taxonomy":"post_tag","embeddable":true,"href":"https:\/\/www.naturparkmagazin.de\/schwaebisch-fraenkischer-wald\/wp-json\/wp\/v2\/tags?post=633"}],"curies":[{"name":"wp","href":"https:\/\/api.w.org\/{rel}","templated":true}]}}