{"id":637,"date":"2014-02-19T20:00:26","date_gmt":"2014-02-19T18:00:26","guid":{"rendered":"http:\/\/www.naturparkmagazin.de\/schwaebisch-fraenkischer-wald\/?p=637"},"modified":"2014-02-21T12:20:00","modified_gmt":"2014-02-21T11:20:00","slug":"arbeitsgemeinschaft-naturparke-uebergibt-strategiepapier-an-minister-bonde","status":"publish","type":"post","link":"https:\/\/www.naturparkmagazin.de\/schwaebisch-fraenkischer-wald\/arbeitsgemeinschaft-naturparke-uebergibt-strategiepapier-an-minister-bonde\/","title":{"rendered":"Arbeitsgemeinschaft Naturparke \u00fcbergibt Strategiepapier an Minister Bonde"},"content":{"rendered":"<p><a href=\"https:\/\/www.naturparkmagazin.de\/schwaebisch-fraenkischer-wald\/wp-content\/uploads\/sites\/34\/IMG_0602.jpg\"><img decoding=\"async\" loading=\"lazy\" class=\"alignright size-thumbnail wp-image-620\" alt=\"Copyright: Naturpark Schw\u00e4bisch-Fr\u00e4nkischer Wald\" src=\"https:\/\/www.naturparkmagazin.de\/schwaebisch-fraenkischer-wald\/wp-content\/uploads\/sites\/34\/IMG_0602-300x200.jpg\" width=\"362\" height=\"241\" srcset=\"https:\/\/www.naturparkmagazin.de\/schwaebisch-fraenkischer-wald\/wp-content\/uploads\/sites\/34\/IMG_0602-300x200.jpg 300w, https:\/\/www.naturparkmagazin.de\/schwaebisch-fraenkischer-wald\/wp-content\/uploads\/sites\/34\/IMG_0602-620x413.jpg 620w, https:\/\/www.naturparkmagazin.de\/schwaebisch-fraenkischer-wald\/wp-content\/uploads\/sites\/34\/IMG_0602-940x627.jpg 940w, https:\/\/www.naturparkmagazin.de\/schwaebisch-fraenkischer-wald\/wp-content\/uploads\/sites\/34\/IMG_0602-670x447.jpg 670w, https:\/\/www.naturparkmagazin.de\/schwaebisch-fraenkischer-wald\/wp-content\/uploads\/sites\/34\/IMG_0602-200x133.jpg 200w, https:\/\/www.naturparkmagazin.de\/schwaebisch-fraenkischer-wald\/wp-content\/uploads\/sites\/34\/IMG_0602.jpg 1500w\" sizes=\"(max-width: 362px) 100vw, 362px\" \/><\/a>Am 31. Januar hat die Arbeitsgemeinschaft Naturparke Baden-W\u00fcrttemberg in Stuttgart ihr Strategiepapier f\u00fcr die EU-F\u00f6rderperiode 2014 -2020 Minister Bonde pr\u00e4sentiert. <em>\u201eDie Naturparke sind im L\u00e4ndlichen Raum verankert und tragen zur Identifikation der B\u00fcrgerinnen und B\u00fcrger mit der einzigartigen Kulturlandschaft bei. Die Naturparkvereine erhalten und f\u00f6rdern die Vielfalt, Eigenart und Sch\u00f6nheit von Natur und Landschaft. Sie nutzen dabei das Zusammenspiel von Tourismus, Naturschutz und Landnutzung, die ein magisches Dreieck bilden. Gerade naturnaher Tourismus und regionale Spezialit\u00e4ten werden aktuell stark nachgefragt. Die Naturparke sind mit diesen Angeboten auch ein wichtiger Faktor f\u00fcr die Wertsch\u00f6pfung im L\u00e4ndlichen Raum\u201c<\/em>, lobte Minister Bonde die Arbeit der sieben baden-w\u00fcrttembergischen Naturparke bei der \u00dcbergabe des Strategiepapiers durch die Vorsitzenden der Naturparke. Damit bef\u00fcrwortete er das Strategiepapier als wichtige Zielsetzung f\u00fcr die Naturparke.<\/p>\n<p>Das Strategiepapier beinhaltet vier inhaltliche Schwerpunktbereiche zu den Themenfeldern naturnahe Erholung und Umweltbildung, Natur- und Kulturerbe, regional verankerte Wirtschaft sowie Klimaschutz und Energiewende sowie mehrere Querschnittsaufgaben. So sollen Querschnittsthemen wie Vernetzung, Naturschutz oder der demographische Wandel f\u00fcr alle Naturparkprojekte ber\u00fccksichtigt werden. Diese Themen sollen die Projekte in alle 7 Naturparke in Baden-W\u00fcrttemberg f\u00fcr die neue EU-F\u00f6rderperiode leiten und als Ziel dienen. <em>\u201eIch freue mich dar\u00fcber, dass das Land die Naturparke als zuverl\u00e4ssige Partner an der Seite hat, um die Weichen f\u00fcr die neue EU-F\u00f6rderperiode strategisch neu auszurichten und die bestehenden Angebote deutlich auszubauen\u201c<\/em><b><em>,<\/em> <\/b>sagte Bonde.<\/p>\n<p>\u00dcber das Strategiepapier berichteten wir bereits im Beitrag \u201eZiele f\u00fcr die Zukunft\u201c in der November-Ausgabe des Newsletters.<\/p>\n<p>&nbsp;<\/p>\n<p>&nbsp;<\/p>\n","protected":false},"excerpt":{"rendered":"<p>Am 31. Januar hat die Arbeitsgemeinschaft Naturparke Baden-W\u00fcrttemberg in Stuttgart ihr Strategiepapier f\u00fcr die EU-F\u00f6rderperiode 2014 -2020 Minister Bonde pr\u00e4sentiert. <\/p>\n","protected":false},"author":25,"featured_media":620,"comment_status":"open","ping_status":"open","sticky":false,"template":"","format":"standard","meta":[],"categories":[7],"tags":[],"yoast_head":"<!-- This site is optimized with the Yoast SEO plugin v19.10 - https:\/\/yoast.com\/wordpress\/plugins\/seo\/ -->\n<title>Arbeitsgemeinschaft Naturparke \u00fcbergibt Strategiepapier an Minister Bonde  - Naturpark Schw\u00e4bisch-Fr\u00e4nkischer Wald<\/title>\n<meta name=\"robots\" content=\"index, follow, max-snippet:-1, max-image-preview:large, max-video-preview:-1\" \/>\n<link rel=\"canonical\" href=\"https:\/\/www.naturparkmagazin.de\/schwaebisch-fraenkischer-wald\/arbeitsgemeinschaft-naturparke-uebergibt-strategiepapier-an-minister-bonde\/\" \/>\n<meta property=\"og:locale\" content=\"de_DE\" \/>\n<meta property=\"og:type\" content=\"article\" \/>\n<meta property=\"og:title\" content=\"Arbeitsgemeinschaft Naturparke \u00fcbergibt Strategiepapier an Minister Bonde  - Naturpark Schw\u00e4bisch-Fr\u00e4nkischer Wald\" \/>\n<meta property=\"og:description\" content=\"Am 31. Januar hat die Arbeitsgemeinschaft Naturparke Baden-W\u00fcrttemberg in Stuttgart ihr Strategiepapier f\u00fcr die EU-F\u00f6rderperiode 2014 -2020 Minister Bonde pr\u00e4sentiert.\" \/>\n<meta property=\"og:url\" content=\"https:\/\/www.naturparkmagazin.de\/schwaebisch-fraenkischer-wald\/arbeitsgemeinschaft-naturparke-uebergibt-strategiepapier-an-minister-bonde\/\" \/>\n<meta property=\"og:site_name\" content=\"Naturpark Schw\u00e4bisch-Fr\u00e4nkischer Wald\" \/>\n<meta property=\"article:author\" content=\"https:\/\/www.facebook.com\/naturparkSFW\" \/>\n<meta property=\"article:published_time\" content=\"2014-02-19T18:00:26+00:00\" \/>\n<meta property=\"article:modified_time\" content=\"2014-02-21T11:20:00+00:00\" \/>\n<meta property=\"og:image\" content=\"https:\/\/www.naturparkmagazin.de\/schwaebisch-fraenkischer-wald\/wp-content\/uploads\/sites\/34\/IMG_0602.jpg\" \/>\n\t<meta property=\"og:image:width\" content=\"1500\" \/>\n\t<meta property=\"og:image:height\" content=\"1000\" \/>\n\t<meta property=\"og:image:type\" content=\"image\/jpeg\" \/>\n<meta name=\"author\" content=\"Naturpark-Team\" \/>\n<meta name=\"twitter:label1\" content=\"Verfasst von\" \/>\n\t<meta name=\"twitter:data1\" content=\"Naturpark-Team\" \/>\n\t<meta name=\"twitter:label2\" content=\"Gesch\u00e4tzte Lesezeit\" \/>\n\t<meta name=\"twitter:data2\" content=\"1\u00a0Minute\" \/>\n<script type=\"application\/ld+json\" class=\"yoast-schema-graph\">{\"@context\":\"https:\/\/schema.org\",\"@graph\":[{\"@type\":\"WebPage\",\"@id\":\"https:\/\/www.naturparkmagazin.de\/schwaebisch-fraenkischer-wald\/arbeitsgemeinschaft-naturparke-uebergibt-strategiepapier-an-minister-bonde\/\",\"url\":\"https:\/\/www.naturparkmagazin.de\/schwaebisch-fraenkischer-wald\/arbeitsgemeinschaft-naturparke-uebergibt-strategiepapier-an-minister-bonde\/\",\"name\":\"Arbeitsgemeinschaft Naturparke \u00fcbergibt Strategiepapier an Minister Bonde - Naturpark Schw\u00e4bisch-Fr\u00e4nkischer Wald\",\"isPartOf\":{\"@id\":\"https:\/\/www.naturparkmagazin.de\/schwaebisch-fraenkischer-wald\/#website\"},\"datePublished\":\"2014-02-19T18:00:26+00:00\",\"dateModified\":\"2014-02-21T11:20:00+00:00\",\"author\":{\"@id\":\"https:\/\/www.naturparkmagazin.de\/schwaebisch-fraenkischer-wald\/#\/schema\/person\/f047a3702ae747fd7830cf8ac95e6066\"},\"breadcrumb\":{\"@id\":\"https:\/\/www.naturparkmagazin.de\/schwaebisch-fraenkischer-wald\/arbeitsgemeinschaft-naturparke-uebergibt-strategiepapier-an-minister-bonde\/#breadcrumb\"},\"inLanguage\":\"de\",\"potentialAction\":[{\"@type\":\"ReadAction\",\"target\":[\"https:\/\/www.naturparkmagazin.de\/schwaebisch-fraenkischer-wald\/arbeitsgemeinschaft-naturparke-uebergibt-strategiepapier-an-minister-bonde\/\"]}]},{\"@type\":\"BreadcrumbList\",\"@id\":\"https:\/\/www.naturparkmagazin.de\/schwaebisch-fraenkischer-wald\/arbeitsgemeinschaft-naturparke-uebergibt-strategiepapier-an-minister-bonde\/#breadcrumb\",\"itemListElement\":[{\"@type\":\"ListItem\",\"position\":1,\"name\":\"Home\",\"item\":\"https:\/\/www.naturparkmagazin.de\/schwaebisch-fraenkischer-wald\/\"},{\"@type\":\"ListItem\",\"position\":2,\"name\":\"Arbeitsgemeinschaft Naturparke \u00fcbergibt Strategiepapier an Minister Bonde\"}]},{\"@type\":\"WebSite\",\"@id\":\"https:\/\/www.naturparkmagazin.de\/schwaebisch-fraenkischer-wald\/#website\",\"url\":\"https:\/\/www.naturparkmagazin.de\/schwaebisch-fraenkischer-wald\/\",\"name\":\"Naturpark Schw\u00e4bisch-Fr\u00e4nkischer Wald\",\"description\":\"\",\"potentialAction\":[{\"@type\":\"SearchAction\",\"target\":{\"@type\":\"EntryPoint\",\"urlTemplate\":\"https:\/\/www.naturparkmagazin.de\/schwaebisch-fraenkischer-wald\/?s={search_term_string}\"},\"query-input\":\"required name=search_term_string\"}],\"inLanguage\":\"de\"},{\"@type\":\"Person\",\"@id\":\"https:\/\/www.naturparkmagazin.de\/schwaebisch-fraenkischer-wald\/#\/schema\/person\/f047a3702ae747fd7830cf8ac95e6066\",\"name\":\"Naturpark-Team\",\"sameAs\":[\"http:\/\/www.naturpark-sfw.de\",\"https:\/\/www.facebook.com\/naturparkSFW\"],\"url\":\"https:\/\/www.naturparkmagazin.de\/schwaebisch-fraenkischer-wald\/author\/bernharddrixler\/\"}]}<\/script>\n<!-- \/ Yoast SEO plugin. -->","yoast_head_json":{"title":"Arbeitsgemeinschaft Naturparke \u00fcbergibt Strategiepapier an Minister Bonde  - Naturpark Schw\u00e4bisch-Fr\u00e4nkischer Wald","robots":{"index":"index","follow":"follow","max-snippet":"max-snippet:-1","max-image-preview":"max-image-preview:large","max-video-preview":"max-video-preview:-1"},"canonical":"https:\/\/www.naturparkmagazin.de\/schwaebisch-fraenkischer-wald\/arbeitsgemeinschaft-naturparke-uebergibt-strategiepapier-an-minister-bonde\/","og_locale":"de_DE","og_type":"article","og_title":"Arbeitsgemeinschaft Naturparke \u00fcbergibt Strategiepapier an Minister Bonde  - Naturpark Schw\u00e4bisch-Fr\u00e4nkischer Wald","og_description":"Am 31. Januar hat die Arbeitsgemeinschaft Naturparke Baden-W\u00fcrttemberg in Stuttgart ihr Strategiepapier f\u00fcr die EU-F\u00f6rderperiode 2014 -2020 Minister Bonde pr\u00e4sentiert.","og_url":"https:\/\/www.naturparkmagazin.de\/schwaebisch-fraenkischer-wald\/arbeitsgemeinschaft-naturparke-uebergibt-strategiepapier-an-minister-bonde\/","og_site_name":"Naturpark Schw\u00e4bisch-Fr\u00e4nkischer Wald","article_author":"https:\/\/www.facebook.com\/naturparkSFW","article_published_time":"2014-02-19T18:00:26+00:00","article_modified_time":"2014-02-21T11:20:00+00:00","og_image":[{"width":1500,"height":1000,"url":"https:\/\/www.naturparkmagazin.de\/schwaebisch-fraenkischer-wald\/wp-content\/uploads\/sites\/34\/IMG_0602.jpg","type":"image\/jpeg"}],"author":"Naturpark-Team","twitter_misc":{"Verfasst von":"Naturpark-Team","Gesch\u00e4tzte Lesezeit":"1\u00a0Minute"},"schema":{"@context":"https:\/\/schema.org","@graph":[{"@type":"WebPage","@id":"https:\/\/www.naturparkmagazin.de\/schwaebisch-fraenkischer-wald\/arbeitsgemeinschaft-naturparke-uebergibt-strategiepapier-an-minister-bonde\/","url":"https:\/\/www.naturparkmagazin.de\/schwaebisch-fraenkischer-wald\/arbeitsgemeinschaft-naturparke-uebergibt-strategiepapier-an-minister-bonde\/","name":"Arbeitsgemeinschaft Naturparke \u00fcbergibt Strategiepapier an Minister Bonde - Naturpark Schw\u00e4bisch-Fr\u00e4nkischer Wald","isPartOf":{"@id":"https:\/\/www.naturparkmagazin.de\/schwaebisch-fraenkischer-wald\/#website"},"datePublished":"2014-02-19T18:00:26+00:00","dateModified":"2014-02-21T11:20:00+00:00","author":{"@id":"https:\/\/www.naturparkmagazin.de\/schwaebisch-fraenkischer-wald\/#\/schema\/person\/f047a3702ae747fd7830cf8ac95e6066"},"breadcrumb":{"@id":"https:\/\/www.naturparkmagazin.de\/schwaebisch-fraenkischer-wald\/arbeitsgemeinschaft-naturparke-uebergibt-strategiepapier-an-minister-bonde\/#breadcrumb"},"inLanguage":"de","potentialAction":[{"@type":"ReadAction","target":["https:\/\/www.naturparkmagazin.de\/schwaebisch-fraenkischer-wald\/arbeitsgemeinschaft-naturparke-uebergibt-strategiepapier-an-minister-bonde\/"]}]},{"@type":"BreadcrumbList","@id":"https:\/\/www.naturparkmagazin.de\/schwaebisch-fraenkischer-wald\/arbeitsgemeinschaft-naturparke-uebergibt-strategiepapier-an-minister-bonde\/#breadcrumb","itemListElement":[{"@type":"ListItem","position":1,"name":"Home","item":"https:\/\/www.naturparkmagazin.de\/schwaebisch-fraenkischer-wald\/"},{"@type":"ListItem","position":2,"name":"Arbeitsgemeinschaft Naturparke \u00fcbergibt Strategiepapier an Minister Bonde"}]},{"@type":"WebSite","@id":"https:\/\/www.naturparkmagazin.de\/schwaebisch-fraenkischer-wald\/#website","url":"https:\/\/www.naturparkmagazin.de\/schwaebisch-fraenkischer-wald\/","name":"Naturpark Schw\u00e4bisch-Fr\u00e4nkischer Wald","description":"","potentialAction":[{"@type":"SearchAction","target":{"@type":"EntryPoint","urlTemplate":"https:\/\/www.naturparkmagazin.de\/schwaebisch-fraenkischer-wald\/?s={search_term_string}"},"query-input":"required name=search_term_string"}],"inLanguage":"de"},{"@type":"Person","@id":"https:\/\/www.naturparkmagazin.de\/schwaebisch-fraenkischer-wald\/#\/schema\/person\/f047a3702ae747fd7830cf8ac95e6066","name":"Naturpark-Team","sameAs":["http:\/\/www.naturpark-sfw.de","https:\/\/www.facebook.com\/naturparkSFW"],"url":"https:\/\/www.naturparkmagazin.de\/schwaebisch-fraenkischer-wald\/author\/bernharddrixler\/"}]}},"_links":{"self":[{"href":"https:\/\/www.naturparkmagazin.de\/schwaebisch-fraenkischer-wald\/wp-json\/wp\/v2\/posts\/637"}],"collection":[{"href":"https:\/\/www.naturparkmagazin.de\/schwaebisch-fraenkischer-wald\/wp-json\/wp\/v2\/posts"}],"about":[{"href":"https:\/\/www.naturparkmagazin.de\/schwaebisch-fraenkischer-wald\/wp-json\/wp\/v2\/types\/post"}],"author":[{"embeddable":true,"href":"https:\/\/www.naturparkmagazin.de\/schwaebisch-fraenkischer-wald\/wp-json\/wp\/v2\/users\/25"}],"replies":[{"embeddable":true,"href":"https:\/\/www.naturparkmagazin.de\/schwaebisch-fraenkischer-wald\/wp-json\/wp\/v2\/comments?post=637"}],"version-history":[{"count":2,"href":"https:\/\/www.naturparkmagazin.de\/schwaebisch-fraenkischer-wald\/wp-json\/wp\/v2\/posts\/637\/revisions"}],"predecessor-version":[{"id":646,"href":"https:\/\/www.naturparkmagazin.de\/schwaebisch-fraenkischer-wald\/wp-json\/wp\/v2\/posts\/637\/revisions\/646"}],"wp:featuredmedia":[{"embeddable":true,"href":"https:\/\/www.naturparkmagazin.de\/schwaebisch-fraenkischer-wald\/wp-json\/wp\/v2\/media\/620"}],"wp:attachment":[{"href":"https:\/\/www.naturparkmagazin.de\/schwaebisch-fraenkischer-wald\/wp-json\/wp\/v2\/media?parent=637"}],"wp:term":[{"taxonomy":"category","embeddable":true,"href":"https:\/\/www.naturparkmagazin.de\/schwaebisch-fraenkischer-wald\/wp-json\/wp\/v2\/categories?post=637"},{"taxonomy":"post_tag","embeddable":true,"href":"https:\/\/www.naturparkmagazin.de\/schwaebisch-fraenkischer-wald\/wp-json\/wp\/v2\/tags?post=637"}],"curies":[{"name":"wp","href":"https:\/\/api.w.org\/{rel}","templated":true}]}}