{"id":6475,"date":"2018-06-18T08:04:04","date_gmt":"2018-06-18T06:04:04","guid":{"rendered":"https:\/\/www.naturparkmagazin.de\/schwaebisch-fraenkischer-wald\/?p=6475"},"modified":"2018-06-19T12:47:13","modified_gmt":"2018-06-19T10:47:13","slug":"neues-aus-dem-projekt-inklusive-wanderbotschafter-innen-im-naturpark-schwaebisch-fraenkischer-wald","status":"publish","type":"post","link":"https:\/\/www.naturparkmagazin.de\/schwaebisch-fraenkischer-wald\/neues-aus-dem-projekt-inklusive-wanderbotschafter-innen-im-naturpark-schwaebisch-fraenkischer-wald\/","title":{"rendered":"Neues aus dem Projekt \u201eInklusive Wanderbotschafter\/-innen im Naturpark Schw\u00e4bisch-Fr\u00e4nkischer Wald\u201c"},"content":{"rendered":"<p>Im Newsletter f\u00fcr den Monat Mai hatten wir bereits \u00fcber den Start dieses neuen Projektes berichtet.<\/p>\n<div id=\"attachment_6476\" style=\"width: 510px\" class=\"wp-caption alignright\"><a href=\"https:\/\/www.naturparkmagazin.de\/schwaebisch-fraenkischer-wald\/wp-content\/uploads\/sites\/34\/Wanderbotschafter_jf_7_8044.jpg\"><img aria-describedby=\"caption-attachment-6476\" decoding=\"async\" loading=\"lazy\" class=\"size-full wp-image-6476\" src=\"https:\/\/www.naturparkmagazin.de\/schwaebisch-fraenkischer-wald\/wp-content\/uploads\/sites\/34\/Wanderbotschafter_jf_7_8044.jpg\" alt=\"Auftaktveranstaltung v.li.: Andrea Bofinger, Projektkoordinatorin - Ines Vorberg,Projektleiterin - Peter Reichert, Pressesprecher BSK -  Bernhard Drixler Naturpark-Gesch\u00e4ftsf\u00fchrer - Simon Maier, Kreisjugendring Rems-Murr      - Foto: J\u00f6rg Fiedler -  \u00a9 Copyright J\u00f6rg Fiedler, Ver\u00f6ffentlichung nur gegen Honorar zzgl. Mehrwertsteuer, Urhebernachweis und Belegexemplar\" width=\"500\" height=\"300\" srcset=\"https:\/\/www.naturparkmagazin.de\/schwaebisch-fraenkischer-wald\/wp-content\/uploads\/sites\/34\/Wanderbotschafter_jf_7_8044.jpg 500w, https:\/\/www.naturparkmagazin.de\/schwaebisch-fraenkischer-wald\/wp-content\/uploads\/sites\/34\/Wanderbotschafter_jf_7_8044-300x180.jpg 300w, https:\/\/www.naturparkmagazin.de\/schwaebisch-fraenkischer-wald\/wp-content\/uploads\/sites\/34\/Wanderbotschafter_jf_7_8044-200x120.jpg 200w\" sizes=\"(max-width: 500px) 100vw, 500px\" \/><\/a><p id=\"caption-attachment-6476\" class=\"wp-caption-text\">Auftaktveranstaltung v.li.: Andrea Bofinger, Projektkoordinatorin &#8211; Ines Vorberg,Projektleiterin &#8211; Peter Reichert, Pressesprecher BSK &#8211; Bernhard Drixler Naturpark-Gesch\u00e4ftsf\u00fchrer &#8211; Simon Maier, Kreisjugendring Rems-Murr &#8211; Foto: J\u00f6rg Fiedler &#8211; \u00a9 Copyright J\u00f6rg Fiedler<\/p><\/div>\n<p>Inzwischen haben sich nach der gut besuchten Auftaktveranstaltung am 29. Mai einige Interessierte gemeldet, die als zuk\u00fcnftige Wanderbotschafter\/-innen im Naturpark unterwegs sein m\u00f6chten.<\/p>\n<p>Konnten Sie selbst zwar nicht bei der Auftaktveranstaltung dabei sein, haben aber selbst Interesse, am Projekt teilzunehmen?<\/p>\n<p>Auf der Homepage des Naturparks k\u00f6nnen Sie sich \u00fcber das Projekt informieren. Dort finden Sie alle wichtigen Hinweise zur Teilnahme sowie die aktuellen Presseberichte.<\/p>\n<p>Wir freuen uns auf Ihr Interesse!<\/p>\n<p><a href=\"http:\/\/www.naturpark-sfw.de\/erleben\/barrierefreie-angebote\/inklusive-wanderbotschafterinnen\/\">http:\/\/www.naturpark-sfw.de\/erleben\/barrierefreie-angebote\/inklusive-wanderbotschafterinnen\/<\/a><\/p>\n","protected":false},"excerpt":{"rendered":"<p>Inklusive Wanderbotschafter\/-innen im Naturpark gesucht<\/p>\n","protected":false},"author":25,"featured_media":6477,"comment_status":"open","ping_status":"open","sticky":false,"template":"","format":"standard","meta":[],"categories":[7],"tags":[1069],"yoast_head":"<!-- This site is optimized with the Yoast SEO plugin v19.10 - https:\/\/yoast.com\/wordpress\/plugins\/seo\/ -->\n<title>Neues aus dem Projekt \u201eInklusive Wanderbotschafter\/-innen im Naturpark Schw\u00e4bisch-Fr\u00e4nkischer Wald\u201c - Naturpark Schw\u00e4bisch-Fr\u00e4nkischer Wald<\/title>\n<meta name=\"robots\" content=\"index, follow, max-snippet:-1, max-image-preview:large, max-video-preview:-1\" \/>\n<link rel=\"canonical\" href=\"https:\/\/www.naturparkmagazin.de\/schwaebisch-fraenkischer-wald\/neues-aus-dem-projekt-inklusive-wanderbotschafter-innen-im-naturpark-schwaebisch-fraenkischer-wald\/\" \/>\n<meta property=\"og:locale\" content=\"de_DE\" \/>\n<meta property=\"og:type\" content=\"article\" \/>\n<meta property=\"og:title\" content=\"Neues aus dem Projekt \u201eInklusive Wanderbotschafter\/-innen im Naturpark Schw\u00e4bisch-Fr\u00e4nkischer Wald\u201c - Naturpark Schw\u00e4bisch-Fr\u00e4nkischer Wald\" \/>\n<meta property=\"og:description\" content=\"Inklusive Wanderbotschafter\/-innen im Naturpark gesucht\" \/>\n<meta property=\"og:url\" content=\"https:\/\/www.naturparkmagazin.de\/schwaebisch-fraenkischer-wald\/neues-aus-dem-projekt-inklusive-wanderbotschafter-innen-im-naturpark-schwaebisch-fraenkischer-wald\/\" \/>\n<meta property=\"og:site_name\" content=\"Naturpark Schw\u00e4bisch-Fr\u00e4nkischer Wald\" \/>\n<meta property=\"article:author\" content=\"https:\/\/www.facebook.com\/naturparkSFW\" \/>\n<meta property=\"article:published_time\" content=\"2018-06-18T06:04:04+00:00\" \/>\n<meta property=\"article:modified_time\" content=\"2018-06-19T10:47:13+00:00\" \/>\n<meta property=\"og:image\" content=\"https:\/\/www.naturparkmagazin.de\/schwaebisch-fraenkischer-wald\/wp-content\/uploads\/sites\/34\/Wanderbotschafter_jf_7_80441.jpg\" \/>\n\t<meta property=\"og:image:width\" content=\"200\" \/>\n\t<meta property=\"og:image:height\" content=\"200\" \/>\n\t<meta property=\"og:image:type\" content=\"image\/jpeg\" \/>\n<meta name=\"author\" content=\"Naturpark-Team\" \/>\n<meta name=\"twitter:label1\" content=\"Verfasst von\" \/>\n\t<meta name=\"twitter:data1\" content=\"Naturpark-Team\" \/>\n\t<meta name=\"twitter:label2\" content=\"Gesch\u00e4tzte Lesezeit\" \/>\n\t<meta name=\"twitter:data2\" content=\"1\u00a0Minute\" \/>\n<script type=\"application\/ld+json\" class=\"yoast-schema-graph\">{\"@context\":\"https:\/\/schema.org\",\"@graph\":[{\"@type\":\"WebPage\",\"@id\":\"https:\/\/www.naturparkmagazin.de\/schwaebisch-fraenkischer-wald\/neues-aus-dem-projekt-inklusive-wanderbotschafter-innen-im-naturpark-schwaebisch-fraenkischer-wald\/\",\"url\":\"https:\/\/www.naturparkmagazin.de\/schwaebisch-fraenkischer-wald\/neues-aus-dem-projekt-inklusive-wanderbotschafter-innen-im-naturpark-schwaebisch-fraenkischer-wald\/\",\"name\":\"Neues aus dem Projekt \u201eInklusive Wanderbotschafter\/-innen im Naturpark Schw\u00e4bisch-Fr\u00e4nkischer Wald\u201c - Naturpark Schw\u00e4bisch-Fr\u00e4nkischer Wald\",\"isPartOf\":{\"@id\":\"https:\/\/www.naturparkmagazin.de\/schwaebisch-fraenkischer-wald\/#website\"},\"datePublished\":\"2018-06-18T06:04:04+00:00\",\"dateModified\":\"2018-06-19T10:47:13+00:00\",\"author\":{\"@id\":\"https:\/\/www.naturparkmagazin.de\/schwaebisch-fraenkischer-wald\/#\/schema\/person\/f047a3702ae747fd7830cf8ac95e6066\"},\"breadcrumb\":{\"@id\":\"https:\/\/www.naturparkmagazin.de\/schwaebisch-fraenkischer-wald\/neues-aus-dem-projekt-inklusive-wanderbotschafter-innen-im-naturpark-schwaebisch-fraenkischer-wald\/#breadcrumb\"},\"inLanguage\":\"de\",\"potentialAction\":[{\"@type\":\"ReadAction\",\"target\":[\"https:\/\/www.naturparkmagazin.de\/schwaebisch-fraenkischer-wald\/neues-aus-dem-projekt-inklusive-wanderbotschafter-innen-im-naturpark-schwaebisch-fraenkischer-wald\/\"]}]},{\"@type\":\"BreadcrumbList\",\"@id\":\"https:\/\/www.naturparkmagazin.de\/schwaebisch-fraenkischer-wald\/neues-aus-dem-projekt-inklusive-wanderbotschafter-innen-im-naturpark-schwaebisch-fraenkischer-wald\/#breadcrumb\",\"itemListElement\":[{\"@type\":\"ListItem\",\"position\":1,\"name\":\"Home\",\"item\":\"https:\/\/www.naturparkmagazin.de\/schwaebisch-fraenkischer-wald\/\"},{\"@type\":\"ListItem\",\"position\":2,\"name\":\"Neues aus dem Projekt \u201eInklusive Wanderbotschafter\/-innen im Naturpark Schw\u00e4bisch-Fr\u00e4nkischer Wald\u201c\"}]},{\"@type\":\"WebSite\",\"@id\":\"https:\/\/www.naturparkmagazin.de\/schwaebisch-fraenkischer-wald\/#website\",\"url\":\"https:\/\/www.naturparkmagazin.de\/schwaebisch-fraenkischer-wald\/\",\"name\":\"Naturpark Schw\u00e4bisch-Fr\u00e4nkischer Wald\",\"description\":\"\",\"potentialAction\":[{\"@type\":\"SearchAction\",\"target\":{\"@type\":\"EntryPoint\",\"urlTemplate\":\"https:\/\/www.naturparkmagazin.de\/schwaebisch-fraenkischer-wald\/?s={search_term_string}\"},\"query-input\":\"required name=search_term_string\"}],\"inLanguage\":\"de\"},{\"@type\":\"Person\",\"@id\":\"https:\/\/www.naturparkmagazin.de\/schwaebisch-fraenkischer-wald\/#\/schema\/person\/f047a3702ae747fd7830cf8ac95e6066\",\"name\":\"Naturpark-Team\",\"sameAs\":[\"http:\/\/www.naturpark-sfw.de\",\"https:\/\/www.facebook.com\/naturparkSFW\"],\"url\":\"https:\/\/www.naturparkmagazin.de\/schwaebisch-fraenkischer-wald\/author\/bernharddrixler\/\"}]}<\/script>\n<!-- \/ Yoast SEO plugin. -->","yoast_head_json":{"title":"Neues aus dem Projekt \u201eInklusive Wanderbotschafter\/-innen im Naturpark Schw\u00e4bisch-Fr\u00e4nkischer Wald\u201c - Naturpark Schw\u00e4bisch-Fr\u00e4nkischer Wald","robots":{"index":"index","follow":"follow","max-snippet":"max-snippet:-1","max-image-preview":"max-image-preview:large","max-video-preview":"max-video-preview:-1"},"canonical":"https:\/\/www.naturparkmagazin.de\/schwaebisch-fraenkischer-wald\/neues-aus-dem-projekt-inklusive-wanderbotschafter-innen-im-naturpark-schwaebisch-fraenkischer-wald\/","og_locale":"de_DE","og_type":"article","og_title":"Neues aus dem Projekt \u201eInklusive Wanderbotschafter\/-innen im Naturpark Schw\u00e4bisch-Fr\u00e4nkischer Wald\u201c - Naturpark Schw\u00e4bisch-Fr\u00e4nkischer Wald","og_description":"Inklusive Wanderbotschafter\/-innen im Naturpark gesucht","og_url":"https:\/\/www.naturparkmagazin.de\/schwaebisch-fraenkischer-wald\/neues-aus-dem-projekt-inklusive-wanderbotschafter-innen-im-naturpark-schwaebisch-fraenkischer-wald\/","og_site_name":"Naturpark Schw\u00e4bisch-Fr\u00e4nkischer Wald","article_author":"https:\/\/www.facebook.com\/naturparkSFW","article_published_time":"2018-06-18T06:04:04+00:00","article_modified_time":"2018-06-19T10:47:13+00:00","og_image":[{"width":200,"height":200,"url":"https:\/\/www.naturparkmagazin.de\/schwaebisch-fraenkischer-wald\/wp-content\/uploads\/sites\/34\/Wanderbotschafter_jf_7_80441.jpg","type":"image\/jpeg"}],"author":"Naturpark-Team","twitter_misc":{"Verfasst von":"Naturpark-Team","Gesch\u00e4tzte Lesezeit":"1\u00a0Minute"},"schema":{"@context":"https:\/\/schema.org","@graph":[{"@type":"WebPage","@id":"https:\/\/www.naturparkmagazin.de\/schwaebisch-fraenkischer-wald\/neues-aus-dem-projekt-inklusive-wanderbotschafter-innen-im-naturpark-schwaebisch-fraenkischer-wald\/","url":"https:\/\/www.naturparkmagazin.de\/schwaebisch-fraenkischer-wald\/neues-aus-dem-projekt-inklusive-wanderbotschafter-innen-im-naturpark-schwaebisch-fraenkischer-wald\/","name":"Neues aus dem Projekt \u201eInklusive Wanderbotschafter\/-innen im Naturpark Schw\u00e4bisch-Fr\u00e4nkischer Wald\u201c - Naturpark Schw\u00e4bisch-Fr\u00e4nkischer Wald","isPartOf":{"@id":"https:\/\/www.naturparkmagazin.de\/schwaebisch-fraenkischer-wald\/#website"},"datePublished":"2018-06-18T06:04:04+00:00","dateModified":"2018-06-19T10:47:13+00:00","author":{"@id":"https:\/\/www.naturparkmagazin.de\/schwaebisch-fraenkischer-wald\/#\/schema\/person\/f047a3702ae747fd7830cf8ac95e6066"},"breadcrumb":{"@id":"https:\/\/www.naturparkmagazin.de\/schwaebisch-fraenkischer-wald\/neues-aus-dem-projekt-inklusive-wanderbotschafter-innen-im-naturpark-schwaebisch-fraenkischer-wald\/#breadcrumb"},"inLanguage":"de","potentialAction":[{"@type":"ReadAction","target":["https:\/\/www.naturparkmagazin.de\/schwaebisch-fraenkischer-wald\/neues-aus-dem-projekt-inklusive-wanderbotschafter-innen-im-naturpark-schwaebisch-fraenkischer-wald\/"]}]},{"@type":"BreadcrumbList","@id":"https:\/\/www.naturparkmagazin.de\/schwaebisch-fraenkischer-wald\/neues-aus-dem-projekt-inklusive-wanderbotschafter-innen-im-naturpark-schwaebisch-fraenkischer-wald\/#breadcrumb","itemListElement":[{"@type":"ListItem","position":1,"name":"Home","item":"https:\/\/www.naturparkmagazin.de\/schwaebisch-fraenkischer-wald\/"},{"@type":"ListItem","position":2,"name":"Neues aus dem Projekt \u201eInklusive Wanderbotschafter\/-innen im Naturpark Schw\u00e4bisch-Fr\u00e4nkischer Wald\u201c"}]},{"@type":"WebSite","@id":"https:\/\/www.naturparkmagazin.de\/schwaebisch-fraenkischer-wald\/#website","url":"https:\/\/www.naturparkmagazin.de\/schwaebisch-fraenkischer-wald\/","name":"Naturpark Schw\u00e4bisch-Fr\u00e4nkischer Wald","description":"","potentialAction":[{"@type":"SearchAction","target":{"@type":"EntryPoint","urlTemplate":"https:\/\/www.naturparkmagazin.de\/schwaebisch-fraenkischer-wald\/?s={search_term_string}"},"query-input":"required name=search_term_string"}],"inLanguage":"de"},{"@type":"Person","@id":"https:\/\/www.naturparkmagazin.de\/schwaebisch-fraenkischer-wald\/#\/schema\/person\/f047a3702ae747fd7830cf8ac95e6066","name":"Naturpark-Team","sameAs":["http:\/\/www.naturpark-sfw.de","https:\/\/www.facebook.com\/naturparkSFW"],"url":"https:\/\/www.naturparkmagazin.de\/schwaebisch-fraenkischer-wald\/author\/bernharddrixler\/"}]}},"_links":{"self":[{"href":"https:\/\/www.naturparkmagazin.de\/schwaebisch-fraenkischer-wald\/wp-json\/wp\/v2\/posts\/6475"}],"collection":[{"href":"https:\/\/www.naturparkmagazin.de\/schwaebisch-fraenkischer-wald\/wp-json\/wp\/v2\/posts"}],"about":[{"href":"https:\/\/www.naturparkmagazin.de\/schwaebisch-fraenkischer-wald\/wp-json\/wp\/v2\/types\/post"}],"author":[{"embeddable":true,"href":"https:\/\/www.naturparkmagazin.de\/schwaebisch-fraenkischer-wald\/wp-json\/wp\/v2\/users\/25"}],"replies":[{"embeddable":true,"href":"https:\/\/www.naturparkmagazin.de\/schwaebisch-fraenkischer-wald\/wp-json\/wp\/v2\/comments?post=6475"}],"version-history":[{"count":3,"href":"https:\/\/www.naturparkmagazin.de\/schwaebisch-fraenkischer-wald\/wp-json\/wp\/v2\/posts\/6475\/revisions"}],"predecessor-version":[{"id":6480,"href":"https:\/\/www.naturparkmagazin.de\/schwaebisch-fraenkischer-wald\/wp-json\/wp\/v2\/posts\/6475\/revisions\/6480"}],"wp:featuredmedia":[{"embeddable":true,"href":"https:\/\/www.naturparkmagazin.de\/schwaebisch-fraenkischer-wald\/wp-json\/wp\/v2\/media\/6477"}],"wp:attachment":[{"href":"https:\/\/www.naturparkmagazin.de\/schwaebisch-fraenkischer-wald\/wp-json\/wp\/v2\/media?parent=6475"}],"wp:term":[{"taxonomy":"category","embeddable":true,"href":"https:\/\/www.naturparkmagazin.de\/schwaebisch-fraenkischer-wald\/wp-json\/wp\/v2\/categories?post=6475"},{"taxonomy":"post_tag","embeddable":true,"href":"https:\/\/www.naturparkmagazin.de\/schwaebisch-fraenkischer-wald\/wp-json\/wp\/v2\/tags?post=6475"}],"curies":[{"name":"wp","href":"https:\/\/api.w.org\/{rel}","templated":true}]}}