{"id":6577,"date":"2018-07-16T09:48:20","date_gmt":"2018-07-16T07:48:20","guid":{"rendered":"https:\/\/www.naturparkmagazin.de\/schwaebisch-fraenkischer-wald\/?p=6577"},"modified":"2018-07-16T09:32:47","modified_gmt":"2018-07-16T07:32:47","slug":"bluehender-naturpark-erstes-pflegeseminar-im-bauhoftraining","status":"publish","type":"post","link":"https:\/\/www.naturparkmagazin.de\/schwaebisch-fraenkischer-wald\/bluehender-naturpark-erstes-pflegeseminar-im-bauhoftraining\/","title":{"rendered":"Bl\u00fchender Naturpark &#8211; erstes Pflegeseminar im Bauhoftraining"},"content":{"rendered":"<p>Am 12. Juli trafen sich die am &#8222;Bl\u00fchenden Naturpark&#8220; teilnehmenden Bauh\u00f6fe zum ersten von zwei Pflegeseminaren.<\/p>\n<p>In einem kurzen Theorieblog stellten die Bauhofmitarbeiter\/innen zun\u00e4chst anhand von Fotos &#8222;ihre&#8220; im Fr\u00fchjahr angepflanzten Fl\u00e4chen vor. Der Biologe Martin Wei\u00df, welcher das Bauhoftraining begleitet, konnte zur weiteren Entwicklung hilfreiche Tipps geben. Die ersten Bl\u00fcherfolge gab und gibt es bereits nahezu in jeder teilnehmenden Gemeinde. Manche Wiesen konnten sich aufgrund der langen Trockenheit im Fr\u00fchjahr noch nicht so optimal entwickeln. Hier hei\u00dft es aber einfach nur Geduld haben. Da es sich beim Saatgut um gebietsheimische, mehrj\u00e4hrige Sorten handelt, ben\u00f6tigen viele Arten schlichtweg mehr Zeit, um sich zu etablieren. Auf den Fl\u00e4chen haben sich bereits kleine Rosettenpflanzen von mehrj\u00e4hrigen Arten gebildet; diese k\u00f6nnen dann im n\u00e4chsten Jahr bei geeigneter Witterung richtig durchstarten.<\/p>\n<p>Im Anschluss an den Theorieteil schaute sich die Gruppe die Fl\u00e4chen in den Gemeinden Alth\u00fctte und Alfdorf an. Hier konnte Martin Wei\u00df ganz praktisch die vorkommenden Pflanzenarten vorstellen und Empfehlungen zur weiteren Pflege geben. Der Tag wurde von den Bauh\u00f6fen auch daf\u00fcr genutzt, um sich gegenseitig \u00fcber die bisherigen Arbeitsschritte und Pflegekonzepte auszutauschen.<\/p>\n<p>Das n\u00e4chste Pflegeseminar ist nach den Sommerferien vorgesehen, um die Fl\u00e4chen f\u00fcr den Winter vorzubereiten.<\/p>\n<p>Die Naturparkgesch\u00e4ftsstelle freut sich \u00fcber das gro\u00dfe Engagement der Bauh\u00f6fe f\u00fcr den &#8222;Bl\u00fchenden Naturpark&#8220;. Die Bauhofmitarbeiter\/innen sind vor Ort die ersten Ansprechpartner auf den Fl\u00e4chen und dienen so auch als Multiplikatoren in den Gemeinden.<\/p>\n<p>Wer die bl\u00fchenden Fl\u00e4chen sehen m\u00f6chte, sollte mit offenen Augen durch diese Gemeinden fahren:\u00a0Abtsgm\u00fcnd, Adelmannsfelden, Alfdorf, Alth\u00fctte, Backnang, Berglen, Gro\u00dferlach, Kaisersbach, Lorch, Michelbach a.d. Bilz, Michelfeld, Oppenweiler, Pl\u00fcderhausen, Sulzbach a.d. Murr und Welzheim.<\/p>\n","protected":false},"excerpt":{"rendered":"<p>Die ersten Wiesen bl\u00fchen schon!<\/p>\n","protected":false},"author":25,"featured_media":6579,"comment_status":"open","ping_status":"open","sticky":false,"template":"","format":"standard","meta":[],"categories":[7],"tags":[1069],"yoast_head":"<!-- This site is optimized with the Yoast SEO plugin v19.10 - https:\/\/yoast.com\/wordpress\/plugins\/seo\/ -->\n<title>Bl\u00fchender Naturpark - erstes Pflegeseminar im Bauhoftraining - Naturpark Schw\u00e4bisch-Fr\u00e4nkischer Wald<\/title>\n<meta name=\"robots\" content=\"index, follow, max-snippet:-1, max-image-preview:large, max-video-preview:-1\" \/>\n<link rel=\"canonical\" href=\"https:\/\/www.naturparkmagazin.de\/schwaebisch-fraenkischer-wald\/bluehender-naturpark-erstes-pflegeseminar-im-bauhoftraining\/\" \/>\n<meta property=\"og:locale\" content=\"de_DE\" \/>\n<meta property=\"og:type\" content=\"article\" \/>\n<meta property=\"og:title\" content=\"Bl\u00fchender Naturpark - erstes Pflegeseminar im Bauhoftraining - Naturpark Schw\u00e4bisch-Fr\u00e4nkischer Wald\" \/>\n<meta property=\"og:description\" content=\"Die ersten Wiesen bl\u00fchen schon!\" \/>\n<meta property=\"og:url\" content=\"https:\/\/www.naturparkmagazin.de\/schwaebisch-fraenkischer-wald\/bluehender-naturpark-erstes-pflegeseminar-im-bauhoftraining\/\" \/>\n<meta property=\"og:site_name\" content=\"Naturpark Schw\u00e4bisch-Fr\u00e4nkischer Wald\" \/>\n<meta property=\"article:author\" content=\"https:\/\/www.facebook.com\/naturparkSFW\" \/>\n<meta property=\"article:published_time\" content=\"2018-07-16T07:48:20+00:00\" \/>\n<meta property=\"article:modified_time\" content=\"2018-07-16T07:32:47+00:00\" \/>\n<meta property=\"og:image\" content=\"https:\/\/www.naturparkmagazin.de\/schwaebisch-fraenkischer-wald\/wp-content\/uploads\/sites\/34\/18_bauhoftraining_newsletter.jpg\" \/>\n\t<meta property=\"og:image:width\" content=\"200\" \/>\n\t<meta property=\"og:image:height\" content=\"200\" \/>\n\t<meta property=\"og:image:type\" content=\"image\/jpeg\" \/>\n<meta name=\"author\" content=\"Naturpark-Team\" \/>\n<meta name=\"twitter:label1\" content=\"Verfasst von\" \/>\n\t<meta name=\"twitter:data1\" content=\"Naturpark-Team\" \/>\n\t<meta name=\"twitter:label2\" content=\"Gesch\u00e4tzte Lesezeit\" \/>\n\t<meta name=\"twitter:data2\" content=\"2\u00a0Minuten\" \/>\n<script type=\"application\/ld+json\" class=\"yoast-schema-graph\">{\"@context\":\"https:\/\/schema.org\",\"@graph\":[{\"@type\":\"WebPage\",\"@id\":\"https:\/\/www.naturparkmagazin.de\/schwaebisch-fraenkischer-wald\/bluehender-naturpark-erstes-pflegeseminar-im-bauhoftraining\/\",\"url\":\"https:\/\/www.naturparkmagazin.de\/schwaebisch-fraenkischer-wald\/bluehender-naturpark-erstes-pflegeseminar-im-bauhoftraining\/\",\"name\":\"Bl\u00fchender Naturpark - erstes Pflegeseminar im Bauhoftraining - Naturpark Schw\u00e4bisch-Fr\u00e4nkischer Wald\",\"isPartOf\":{\"@id\":\"https:\/\/www.naturparkmagazin.de\/schwaebisch-fraenkischer-wald\/#website\"},\"datePublished\":\"2018-07-16T07:48:20+00:00\",\"dateModified\":\"2018-07-16T07:32:47+00:00\",\"author\":{\"@id\":\"https:\/\/www.naturparkmagazin.de\/schwaebisch-fraenkischer-wald\/#\/schema\/person\/f047a3702ae747fd7830cf8ac95e6066\"},\"breadcrumb\":{\"@id\":\"https:\/\/www.naturparkmagazin.de\/schwaebisch-fraenkischer-wald\/bluehender-naturpark-erstes-pflegeseminar-im-bauhoftraining\/#breadcrumb\"},\"inLanguage\":\"de\",\"potentialAction\":[{\"@type\":\"ReadAction\",\"target\":[\"https:\/\/www.naturparkmagazin.de\/schwaebisch-fraenkischer-wald\/bluehender-naturpark-erstes-pflegeseminar-im-bauhoftraining\/\"]}]},{\"@type\":\"BreadcrumbList\",\"@id\":\"https:\/\/www.naturparkmagazin.de\/schwaebisch-fraenkischer-wald\/bluehender-naturpark-erstes-pflegeseminar-im-bauhoftraining\/#breadcrumb\",\"itemListElement\":[{\"@type\":\"ListItem\",\"position\":1,\"name\":\"Home\",\"item\":\"https:\/\/www.naturparkmagazin.de\/schwaebisch-fraenkischer-wald\/\"},{\"@type\":\"ListItem\",\"position\":2,\"name\":\"Bl\u00fchender Naturpark &#8211; erstes Pflegeseminar im Bauhoftraining\"}]},{\"@type\":\"WebSite\",\"@id\":\"https:\/\/www.naturparkmagazin.de\/schwaebisch-fraenkischer-wald\/#website\",\"url\":\"https:\/\/www.naturparkmagazin.de\/schwaebisch-fraenkischer-wald\/\",\"name\":\"Naturpark Schw\u00e4bisch-Fr\u00e4nkischer Wald\",\"description\":\"\",\"potentialAction\":[{\"@type\":\"SearchAction\",\"target\":{\"@type\":\"EntryPoint\",\"urlTemplate\":\"https:\/\/www.naturparkmagazin.de\/schwaebisch-fraenkischer-wald\/?s={search_term_string}\"},\"query-input\":\"required name=search_term_string\"}],\"inLanguage\":\"de\"},{\"@type\":\"Person\",\"@id\":\"https:\/\/www.naturparkmagazin.de\/schwaebisch-fraenkischer-wald\/#\/schema\/person\/f047a3702ae747fd7830cf8ac95e6066\",\"name\":\"Naturpark-Team\",\"sameAs\":[\"http:\/\/www.naturpark-sfw.de\",\"https:\/\/www.facebook.com\/naturparkSFW\"],\"url\":\"https:\/\/www.naturparkmagazin.de\/schwaebisch-fraenkischer-wald\/author\/bernharddrixler\/\"}]}<\/script>\n<!-- \/ Yoast SEO plugin. -->","yoast_head_json":{"title":"Bl\u00fchender Naturpark - erstes Pflegeseminar im Bauhoftraining - Naturpark Schw\u00e4bisch-Fr\u00e4nkischer Wald","robots":{"index":"index","follow":"follow","max-snippet":"max-snippet:-1","max-image-preview":"max-image-preview:large","max-video-preview":"max-video-preview:-1"},"canonical":"https:\/\/www.naturparkmagazin.de\/schwaebisch-fraenkischer-wald\/bluehender-naturpark-erstes-pflegeseminar-im-bauhoftraining\/","og_locale":"de_DE","og_type":"article","og_title":"Bl\u00fchender Naturpark - erstes Pflegeseminar im Bauhoftraining - Naturpark Schw\u00e4bisch-Fr\u00e4nkischer Wald","og_description":"Die ersten Wiesen bl\u00fchen schon!","og_url":"https:\/\/www.naturparkmagazin.de\/schwaebisch-fraenkischer-wald\/bluehender-naturpark-erstes-pflegeseminar-im-bauhoftraining\/","og_site_name":"Naturpark Schw\u00e4bisch-Fr\u00e4nkischer Wald","article_author":"https:\/\/www.facebook.com\/naturparkSFW","article_published_time":"2018-07-16T07:48:20+00:00","article_modified_time":"2018-07-16T07:32:47+00:00","og_image":[{"width":200,"height":200,"url":"https:\/\/www.naturparkmagazin.de\/schwaebisch-fraenkischer-wald\/wp-content\/uploads\/sites\/34\/18_bauhoftraining_newsletter.jpg","type":"image\/jpeg"}],"author":"Naturpark-Team","twitter_misc":{"Verfasst von":"Naturpark-Team","Gesch\u00e4tzte Lesezeit":"2\u00a0Minuten"},"schema":{"@context":"https:\/\/schema.org","@graph":[{"@type":"WebPage","@id":"https:\/\/www.naturparkmagazin.de\/schwaebisch-fraenkischer-wald\/bluehender-naturpark-erstes-pflegeseminar-im-bauhoftraining\/","url":"https:\/\/www.naturparkmagazin.de\/schwaebisch-fraenkischer-wald\/bluehender-naturpark-erstes-pflegeseminar-im-bauhoftraining\/","name":"Bl\u00fchender Naturpark - erstes Pflegeseminar im Bauhoftraining - Naturpark Schw\u00e4bisch-Fr\u00e4nkischer Wald","isPartOf":{"@id":"https:\/\/www.naturparkmagazin.de\/schwaebisch-fraenkischer-wald\/#website"},"datePublished":"2018-07-16T07:48:20+00:00","dateModified":"2018-07-16T07:32:47+00:00","author":{"@id":"https:\/\/www.naturparkmagazin.de\/schwaebisch-fraenkischer-wald\/#\/schema\/person\/f047a3702ae747fd7830cf8ac95e6066"},"breadcrumb":{"@id":"https:\/\/www.naturparkmagazin.de\/schwaebisch-fraenkischer-wald\/bluehender-naturpark-erstes-pflegeseminar-im-bauhoftraining\/#breadcrumb"},"inLanguage":"de","potentialAction":[{"@type":"ReadAction","target":["https:\/\/www.naturparkmagazin.de\/schwaebisch-fraenkischer-wald\/bluehender-naturpark-erstes-pflegeseminar-im-bauhoftraining\/"]}]},{"@type":"BreadcrumbList","@id":"https:\/\/www.naturparkmagazin.de\/schwaebisch-fraenkischer-wald\/bluehender-naturpark-erstes-pflegeseminar-im-bauhoftraining\/#breadcrumb","itemListElement":[{"@type":"ListItem","position":1,"name":"Home","item":"https:\/\/www.naturparkmagazin.de\/schwaebisch-fraenkischer-wald\/"},{"@type":"ListItem","position":2,"name":"Bl\u00fchender Naturpark &#8211; erstes Pflegeseminar im Bauhoftraining"}]},{"@type":"WebSite","@id":"https:\/\/www.naturparkmagazin.de\/schwaebisch-fraenkischer-wald\/#website","url":"https:\/\/www.naturparkmagazin.de\/schwaebisch-fraenkischer-wald\/","name":"Naturpark Schw\u00e4bisch-Fr\u00e4nkischer Wald","description":"","potentialAction":[{"@type":"SearchAction","target":{"@type":"EntryPoint","urlTemplate":"https:\/\/www.naturparkmagazin.de\/schwaebisch-fraenkischer-wald\/?s={search_term_string}"},"query-input":"required name=search_term_string"}],"inLanguage":"de"},{"@type":"Person","@id":"https:\/\/www.naturparkmagazin.de\/schwaebisch-fraenkischer-wald\/#\/schema\/person\/f047a3702ae747fd7830cf8ac95e6066","name":"Naturpark-Team","sameAs":["http:\/\/www.naturpark-sfw.de","https:\/\/www.facebook.com\/naturparkSFW"],"url":"https:\/\/www.naturparkmagazin.de\/schwaebisch-fraenkischer-wald\/author\/bernharddrixler\/"}]}},"_links":{"self":[{"href":"https:\/\/www.naturparkmagazin.de\/schwaebisch-fraenkischer-wald\/wp-json\/wp\/v2\/posts\/6577"}],"collection":[{"href":"https:\/\/www.naturparkmagazin.de\/schwaebisch-fraenkischer-wald\/wp-json\/wp\/v2\/posts"}],"about":[{"href":"https:\/\/www.naturparkmagazin.de\/schwaebisch-fraenkischer-wald\/wp-json\/wp\/v2\/types\/post"}],"author":[{"embeddable":true,"href":"https:\/\/www.naturparkmagazin.de\/schwaebisch-fraenkischer-wald\/wp-json\/wp\/v2\/users\/25"}],"replies":[{"embeddable":true,"href":"https:\/\/www.naturparkmagazin.de\/schwaebisch-fraenkischer-wald\/wp-json\/wp\/v2\/comments?post=6577"}],"version-history":[{"count":1,"href":"https:\/\/www.naturparkmagazin.de\/schwaebisch-fraenkischer-wald\/wp-json\/wp\/v2\/posts\/6577\/revisions"}],"predecessor-version":[{"id":6578,"href":"https:\/\/www.naturparkmagazin.de\/schwaebisch-fraenkischer-wald\/wp-json\/wp\/v2\/posts\/6577\/revisions\/6578"}],"wp:featuredmedia":[{"embeddable":true,"href":"https:\/\/www.naturparkmagazin.de\/schwaebisch-fraenkischer-wald\/wp-json\/wp\/v2\/media\/6579"}],"wp:attachment":[{"href":"https:\/\/www.naturparkmagazin.de\/schwaebisch-fraenkischer-wald\/wp-json\/wp\/v2\/media?parent=6577"}],"wp:term":[{"taxonomy":"category","embeddable":true,"href":"https:\/\/www.naturparkmagazin.de\/schwaebisch-fraenkischer-wald\/wp-json\/wp\/v2\/categories?post=6577"},{"taxonomy":"post_tag","embeddable":true,"href":"https:\/\/www.naturparkmagazin.de\/schwaebisch-fraenkischer-wald\/wp-json\/wp\/v2\/tags?post=6577"}],"curies":[{"name":"wp","href":"https:\/\/api.w.org\/{rel}","templated":true}]}}