{"id":6591,"date":"2018-08-20T08:00:49","date_gmt":"2018-08-20T06:00:49","guid":{"rendered":"https:\/\/www.naturparkmagazin.de\/schwaebisch-fraenkischer-wald\/?p=6591"},"modified":"2018-08-16T08:04:12","modified_gmt":"2018-08-16T06:04:12","slug":"naturparkmarkt-in-grosserlach-grab","status":"publish","type":"post","link":"https:\/\/www.naturparkmagazin.de\/schwaebisch-fraenkischer-wald\/naturparkmarkt-in-grosserlach-grab\/","title":{"rendered":"Naturparkmarkt in Gro\u00dferlach-Grab"},"content":{"rendered":"<p>Sonntag, 9. September<\/p>\n<div id=\"attachment_6593\" style=\"width: 310px\" class=\"wp-caption alignright\"><a href=\"https:\/\/www.naturparkmagazin.de\/schwaebisch-fraenkischer-wald\/wp-content\/uploads\/sites\/34\/180909_NPSFW_NPM_Grosserlach_Titel_HIGHRES1.jpg\"><img aria-describedby=\"caption-attachment-6593\" decoding=\"async\" loading=\"lazy\" class=\"size-full wp-image-6593\" src=\"https:\/\/www.naturparkmagazin.de\/schwaebisch-fraenkischer-wald\/wp-content\/uploads\/sites\/34\/180909_NPSFW_NPM_Grosserlach_Titel_HIGHRES1.jpg\" alt=\"Naturparkmarkt in Gro\u00dferlach-Grab\" width=\"300\" height=\"500\" srcset=\"https:\/\/www.naturparkmagazin.de\/schwaebisch-fraenkischer-wald\/wp-content\/uploads\/sites\/34\/180909_NPSFW_NPM_Grosserlach_Titel_HIGHRES1.jpg 300w, https:\/\/www.naturparkmagazin.de\/schwaebisch-fraenkischer-wald\/wp-content\/uploads\/sites\/34\/180909_NPSFW_NPM_Grosserlach_Titel_HIGHRES1-200x333.jpg 200w\" sizes=\"(max-width: 300px) 100vw, 300px\" \/><\/a><p id=\"caption-attachment-6593\" class=\"wp-caption-text\">Naturparkmarkt in Gro\u00dferlach-Grab<\/p><\/div>\n<p>Im Sp\u00e4tsommer l\u00e4dt die Gemeinde Gro\u00dferlach auf den vierten Naturparkmarkt direkt am UNESCO-Welterbe Limes in den Ortsteil Grab ein. Am Sonntag, 9. September kommen die Direktvermarkter aus dem Naturpark Schw\u00e4bisch-Fr\u00e4nkischer Wald wieder zusammen und pr\u00e4sentieren ihre vielf\u00e4ltigen Produkte aus der Naturparkregion. Zwischen 11 und 18 Uhr k\u00f6nnen in der Ortsmitte von Gro\u00dferlach-Grab diverse K\u00e4se- und Wurstspezialit\u00e4ten, saisonales Gem\u00fcse oder hausgemachte Nudeln erworben werden. Imkereien aus dem Naturpark bieten verschiedene Honigsorten an. Neben Fruchtaufstrichen und Marmeladen, Senfspezialit\u00e4ten oder R\u00e4uberlinsen, gibt es leckere Backwaren und Fischgerichte im Sortiment.<\/p>\n<p>Handwerkliches Geschick zeigen auch die Kunsthandwerker, die viel Zeit und M\u00fche in die liebevoll gestalteten Produkte investieren. So gibt es Gestricktes, Gefilztes und Gedrechseltes, Gebohrtes und Geformtes aus Holz, Stoff, Keramik, Seife, Stein und noch Vieles mehr!<\/p>\n<p>Das Thema Limes ist auf diesem Naturparkmarkt sehr pr\u00e4sent. Von 11-13 Uhr bietet Limes Cicerona und Naturparkf\u00fchrerin Michaela K\u00f6hler eine Zeitreise zum Limes und zur\u00fcck an. Und nahezu echte R\u00f6mer in Aktion lassen sich auf dem Heidenbuckel erleben.<\/p>\n<p>Auch das weitere Rahmenprogramm kann sich sehen lassen: Am Geh- und Radweg zum Limesturm gastiert die Ausstellung \u201eWimmelweide\u201c der Fremdenverkehrsgemeinschaft Schw\u00e4bischer Wald e.V.. Der Kreisjugendring Rems-Murr ist mit einem \u00f6kologischen Klassenzimmer vor Ort \u2013 so macht Lernen unter freiem Himmel Spa\u00df. Im Rahmen der Kampagne \u201eJahr der Sortenvielfalt\u201c pr\u00e4sentiert die Naturparkgesch\u00e4ftsstelle zusammen mit der Demeter G\u00e4rtnerei Gro\u00dfh\u00f6chberg spannendes Wissen rund um samenfestes Saatgut und die Solidarische Landwirtschaft. Im \u201eWilden Eck\u201c von Naturparkf\u00fchrer Walter Hieber gibt es Stockbrot und es kann mit Naturmaterial gebastelt werden. Die Gesteine des Naturparks k\u00f6nnen bei Naturparkf\u00fchrer Manfred Krautter bestaunt und erraten werden. Und wer mehr Infos \u00fcber Wildtiere, Jagd und Naturschutz erfahren m\u00f6chte, ist beim Info-Stand der Kreisj\u00e4gervereinigung Backnang e.V. genau richtig. Die Tourismusorganisation \u201eTourismus im Weinsberger Tal\u201c bietet eine individuelle Freizeit- und Urlaubsberatung f\u00fcr den n\u00e4chsten Wochenendausflug an.<\/p>\n<p>Die f\u00fcnf Naturparkm\u00e4rkte 2018 sind ein Kooperationsprojekt des Naturparks mit den teilnehmenden Kommunen. Das Projekt wird durch den Naturpark Schw\u00e4bisch-Fr\u00e4nkischer Wald mit Mitteln des Landes Baden-W\u00fcrttemberg, der Lotterie Gl\u00fccksspirale und der Europ\u00e4ischen Union (ELER) gef\u00f6rdert.<\/p>\n","protected":false},"excerpt":{"rendered":"<p>09.09.: Naturparkmarkt l\u00e4dt zum Schauen, Schlendern und Schlemmen<\/p>\n","protected":false},"author":25,"featured_media":6592,"comment_status":"open","ping_status":"open","sticky":false,"template":"","format":"standard","meta":[],"categories":[11],"tags":[1069],"yoast_head":"<!-- This site is optimized with the Yoast SEO plugin v19.10 - https:\/\/yoast.com\/wordpress\/plugins\/seo\/ -->\n<title>Naturparkmarkt in Gro\u00dferlach-Grab - Naturpark Schw\u00e4bisch-Fr\u00e4nkischer Wald<\/title>\n<meta name=\"robots\" content=\"index, follow, max-snippet:-1, max-image-preview:large, max-video-preview:-1\" \/>\n<link rel=\"canonical\" href=\"https:\/\/www.naturparkmagazin.de\/schwaebisch-fraenkischer-wald\/naturparkmarkt-in-grosserlach-grab\/\" \/>\n<meta property=\"og:locale\" content=\"de_DE\" \/>\n<meta property=\"og:type\" content=\"article\" \/>\n<meta property=\"og:title\" content=\"Naturparkmarkt in Gro\u00dferlach-Grab - Naturpark Schw\u00e4bisch-Fr\u00e4nkischer Wald\" \/>\n<meta property=\"og:description\" content=\"09.09.: Naturparkmarkt l\u00e4dt zum Schauen, Schlendern und Schlemmen\" \/>\n<meta property=\"og:url\" content=\"https:\/\/www.naturparkmagazin.de\/schwaebisch-fraenkischer-wald\/naturparkmarkt-in-grosserlach-grab\/\" \/>\n<meta property=\"og:site_name\" content=\"Naturpark Schw\u00e4bisch-Fr\u00e4nkischer Wald\" \/>\n<meta property=\"article:author\" content=\"https:\/\/www.facebook.com\/naturparkSFW\" \/>\n<meta property=\"article:published_time\" content=\"2018-08-20T06:00:49+00:00\" \/>\n<meta property=\"article:modified_time\" content=\"2018-08-16T06:04:12+00:00\" \/>\n<meta property=\"og:image\" content=\"https:\/\/www.naturparkmagazin.de\/schwaebisch-fraenkischer-wald\/wp-content\/uploads\/sites\/34\/180909_NPSFW_NPM_Grosserlach_Titel_HIGHRES.jpg\" \/>\n\t<meta property=\"og:image:width\" content=\"200\" \/>\n\t<meta property=\"og:image:height\" content=\"200\" \/>\n\t<meta property=\"og:image:type\" content=\"image\/jpeg\" \/>\n<meta name=\"author\" content=\"Naturpark-Team\" \/>\n<meta name=\"twitter:label1\" content=\"Verfasst von\" \/>\n\t<meta name=\"twitter:data1\" content=\"Naturpark-Team\" \/>\n\t<meta name=\"twitter:label2\" content=\"Gesch\u00e4tzte Lesezeit\" \/>\n\t<meta name=\"twitter:data2\" content=\"2\u00a0Minuten\" \/>\n<script type=\"application\/ld+json\" class=\"yoast-schema-graph\">{\"@context\":\"https:\/\/schema.org\",\"@graph\":[{\"@type\":\"WebPage\",\"@id\":\"https:\/\/www.naturparkmagazin.de\/schwaebisch-fraenkischer-wald\/naturparkmarkt-in-grosserlach-grab\/\",\"url\":\"https:\/\/www.naturparkmagazin.de\/schwaebisch-fraenkischer-wald\/naturparkmarkt-in-grosserlach-grab\/\",\"name\":\"Naturparkmarkt in Gro\u00dferlach-Grab - Naturpark Schw\u00e4bisch-Fr\u00e4nkischer Wald\",\"isPartOf\":{\"@id\":\"https:\/\/www.naturparkmagazin.de\/schwaebisch-fraenkischer-wald\/#website\"},\"datePublished\":\"2018-08-20T06:00:49+00:00\",\"dateModified\":\"2018-08-16T06:04:12+00:00\",\"author\":{\"@id\":\"https:\/\/www.naturparkmagazin.de\/schwaebisch-fraenkischer-wald\/#\/schema\/person\/f047a3702ae747fd7830cf8ac95e6066\"},\"breadcrumb\":{\"@id\":\"https:\/\/www.naturparkmagazin.de\/schwaebisch-fraenkischer-wald\/naturparkmarkt-in-grosserlach-grab\/#breadcrumb\"},\"inLanguage\":\"de\",\"potentialAction\":[{\"@type\":\"ReadAction\",\"target\":[\"https:\/\/www.naturparkmagazin.de\/schwaebisch-fraenkischer-wald\/naturparkmarkt-in-grosserlach-grab\/\"]}]},{\"@type\":\"BreadcrumbList\",\"@id\":\"https:\/\/www.naturparkmagazin.de\/schwaebisch-fraenkischer-wald\/naturparkmarkt-in-grosserlach-grab\/#breadcrumb\",\"itemListElement\":[{\"@type\":\"ListItem\",\"position\":1,\"name\":\"Home\",\"item\":\"https:\/\/www.naturparkmagazin.de\/schwaebisch-fraenkischer-wald\/\"},{\"@type\":\"ListItem\",\"position\":2,\"name\":\"Naturparkmarkt in Gro\u00dferlach-Grab\"}]},{\"@type\":\"WebSite\",\"@id\":\"https:\/\/www.naturparkmagazin.de\/schwaebisch-fraenkischer-wald\/#website\",\"url\":\"https:\/\/www.naturparkmagazin.de\/schwaebisch-fraenkischer-wald\/\",\"name\":\"Naturpark Schw\u00e4bisch-Fr\u00e4nkischer Wald\",\"description\":\"\",\"potentialAction\":[{\"@type\":\"SearchAction\",\"target\":{\"@type\":\"EntryPoint\",\"urlTemplate\":\"https:\/\/www.naturparkmagazin.de\/schwaebisch-fraenkischer-wald\/?s={search_term_string}\"},\"query-input\":\"required name=search_term_string\"}],\"inLanguage\":\"de\"},{\"@type\":\"Person\",\"@id\":\"https:\/\/www.naturparkmagazin.de\/schwaebisch-fraenkischer-wald\/#\/schema\/person\/f047a3702ae747fd7830cf8ac95e6066\",\"name\":\"Naturpark-Team\",\"sameAs\":[\"http:\/\/www.naturpark-sfw.de\",\"https:\/\/www.facebook.com\/naturparkSFW\"],\"url\":\"https:\/\/www.naturparkmagazin.de\/schwaebisch-fraenkischer-wald\/author\/bernharddrixler\/\"}]}<\/script>\n<!-- \/ Yoast SEO plugin. -->","yoast_head_json":{"title":"Naturparkmarkt in Gro\u00dferlach-Grab - Naturpark Schw\u00e4bisch-Fr\u00e4nkischer Wald","robots":{"index":"index","follow":"follow","max-snippet":"max-snippet:-1","max-image-preview":"max-image-preview:large","max-video-preview":"max-video-preview:-1"},"canonical":"https:\/\/www.naturparkmagazin.de\/schwaebisch-fraenkischer-wald\/naturparkmarkt-in-grosserlach-grab\/","og_locale":"de_DE","og_type":"article","og_title":"Naturparkmarkt in Gro\u00dferlach-Grab - Naturpark Schw\u00e4bisch-Fr\u00e4nkischer Wald","og_description":"09.09.: Naturparkmarkt l\u00e4dt zum Schauen, Schlendern und Schlemmen","og_url":"https:\/\/www.naturparkmagazin.de\/schwaebisch-fraenkischer-wald\/naturparkmarkt-in-grosserlach-grab\/","og_site_name":"Naturpark Schw\u00e4bisch-Fr\u00e4nkischer Wald","article_author":"https:\/\/www.facebook.com\/naturparkSFW","article_published_time":"2018-08-20T06:00:49+00:00","article_modified_time":"2018-08-16T06:04:12+00:00","og_image":[{"width":200,"height":200,"url":"https:\/\/www.naturparkmagazin.de\/schwaebisch-fraenkischer-wald\/wp-content\/uploads\/sites\/34\/180909_NPSFW_NPM_Grosserlach_Titel_HIGHRES.jpg","type":"image\/jpeg"}],"author":"Naturpark-Team","twitter_misc":{"Verfasst von":"Naturpark-Team","Gesch\u00e4tzte Lesezeit":"2\u00a0Minuten"},"schema":{"@context":"https:\/\/schema.org","@graph":[{"@type":"WebPage","@id":"https:\/\/www.naturparkmagazin.de\/schwaebisch-fraenkischer-wald\/naturparkmarkt-in-grosserlach-grab\/","url":"https:\/\/www.naturparkmagazin.de\/schwaebisch-fraenkischer-wald\/naturparkmarkt-in-grosserlach-grab\/","name":"Naturparkmarkt in Gro\u00dferlach-Grab - Naturpark Schw\u00e4bisch-Fr\u00e4nkischer Wald","isPartOf":{"@id":"https:\/\/www.naturparkmagazin.de\/schwaebisch-fraenkischer-wald\/#website"},"datePublished":"2018-08-20T06:00:49+00:00","dateModified":"2018-08-16T06:04:12+00:00","author":{"@id":"https:\/\/www.naturparkmagazin.de\/schwaebisch-fraenkischer-wald\/#\/schema\/person\/f047a3702ae747fd7830cf8ac95e6066"},"breadcrumb":{"@id":"https:\/\/www.naturparkmagazin.de\/schwaebisch-fraenkischer-wald\/naturparkmarkt-in-grosserlach-grab\/#breadcrumb"},"inLanguage":"de","potentialAction":[{"@type":"ReadAction","target":["https:\/\/www.naturparkmagazin.de\/schwaebisch-fraenkischer-wald\/naturparkmarkt-in-grosserlach-grab\/"]}]},{"@type":"BreadcrumbList","@id":"https:\/\/www.naturparkmagazin.de\/schwaebisch-fraenkischer-wald\/naturparkmarkt-in-grosserlach-grab\/#breadcrumb","itemListElement":[{"@type":"ListItem","position":1,"name":"Home","item":"https:\/\/www.naturparkmagazin.de\/schwaebisch-fraenkischer-wald\/"},{"@type":"ListItem","position":2,"name":"Naturparkmarkt in Gro\u00dferlach-Grab"}]},{"@type":"WebSite","@id":"https:\/\/www.naturparkmagazin.de\/schwaebisch-fraenkischer-wald\/#website","url":"https:\/\/www.naturparkmagazin.de\/schwaebisch-fraenkischer-wald\/","name":"Naturpark Schw\u00e4bisch-Fr\u00e4nkischer Wald","description":"","potentialAction":[{"@type":"SearchAction","target":{"@type":"EntryPoint","urlTemplate":"https:\/\/www.naturparkmagazin.de\/schwaebisch-fraenkischer-wald\/?s={search_term_string}"},"query-input":"required name=search_term_string"}],"inLanguage":"de"},{"@type":"Person","@id":"https:\/\/www.naturparkmagazin.de\/schwaebisch-fraenkischer-wald\/#\/schema\/person\/f047a3702ae747fd7830cf8ac95e6066","name":"Naturpark-Team","sameAs":["http:\/\/www.naturpark-sfw.de","https:\/\/www.facebook.com\/naturparkSFW"],"url":"https:\/\/www.naturparkmagazin.de\/schwaebisch-fraenkischer-wald\/author\/bernharddrixler\/"}]}},"_links":{"self":[{"href":"https:\/\/www.naturparkmagazin.de\/schwaebisch-fraenkischer-wald\/wp-json\/wp\/v2\/posts\/6591"}],"collection":[{"href":"https:\/\/www.naturparkmagazin.de\/schwaebisch-fraenkischer-wald\/wp-json\/wp\/v2\/posts"}],"about":[{"href":"https:\/\/www.naturparkmagazin.de\/schwaebisch-fraenkischer-wald\/wp-json\/wp\/v2\/types\/post"}],"author":[{"embeddable":true,"href":"https:\/\/www.naturparkmagazin.de\/schwaebisch-fraenkischer-wald\/wp-json\/wp\/v2\/users\/25"}],"replies":[{"embeddable":true,"href":"https:\/\/www.naturparkmagazin.de\/schwaebisch-fraenkischer-wald\/wp-json\/wp\/v2\/comments?post=6591"}],"version-history":[{"count":1,"href":"https:\/\/www.naturparkmagazin.de\/schwaebisch-fraenkischer-wald\/wp-json\/wp\/v2\/posts\/6591\/revisions"}],"predecessor-version":[{"id":6594,"href":"https:\/\/www.naturparkmagazin.de\/schwaebisch-fraenkischer-wald\/wp-json\/wp\/v2\/posts\/6591\/revisions\/6594"}],"wp:featuredmedia":[{"embeddable":true,"href":"https:\/\/www.naturparkmagazin.de\/schwaebisch-fraenkischer-wald\/wp-json\/wp\/v2\/media\/6592"}],"wp:attachment":[{"href":"https:\/\/www.naturparkmagazin.de\/schwaebisch-fraenkischer-wald\/wp-json\/wp\/v2\/media?parent=6591"}],"wp:term":[{"taxonomy":"category","embeddable":true,"href":"https:\/\/www.naturparkmagazin.de\/schwaebisch-fraenkischer-wald\/wp-json\/wp\/v2\/categories?post=6591"},{"taxonomy":"post_tag","embeddable":true,"href":"https:\/\/www.naturparkmagazin.de\/schwaebisch-fraenkischer-wald\/wp-json\/wp\/v2\/tags?post=6591"}],"curies":[{"name":"wp","href":"https:\/\/api.w.org\/{rel}","templated":true}]}}