{"id":6603,"date":"2018-08-20T08:10:34","date_gmt":"2018-08-20T06:10:34","guid":{"rendered":"https:\/\/www.naturparkmagazin.de\/schwaebisch-fraenkischer-wald\/?p=6603"},"modified":"2018-08-16T08:13:46","modified_gmt":"2018-08-16T06:13:46","slug":"bluehende-naturparke-mit-wind-unter-den-fluegeln","status":"publish","type":"post","link":"https:\/\/www.naturparkmagazin.de\/schwaebisch-fraenkischer-wald\/bluehende-naturparke-mit-wind-unter-den-fluegeln\/","title":{"rendered":"Bl\u00fchende Naturparke mit Wind unter den Fl\u00fcgeln"},"content":{"rendered":"<p>Auf einem Drittel der Landesfl\u00e4che von Baden-W\u00fcrttemberg leisten die Naturparke Beeindruckendes.<\/p>\n<div id=\"attachment_6604\" style=\"width: 510px\" class=\"wp-caption alignright\"><a href=\"https:\/\/www.naturparkmagazin.de\/schwaebisch-fraenkischer-wald\/wp-content\/uploads\/sites\/34\/Bild_Minister-Hauk-mit-AG-Naturparke.jpg\"><img aria-describedby=\"caption-attachment-6604\" decoding=\"async\" loading=\"lazy\" class=\"size-full wp-image-6604\" src=\"https:\/\/www.naturparkmagazin.de\/schwaebisch-fraenkischer-wald\/wp-content\/uploads\/sites\/34\/Bild_Minister-Hauk-mit-AG-Naturparke.jpg\" alt=\"Naturparkarbeit leistet exzellente Regionalentwicklung im L\u00e4ndlichen Raum\" width=\"500\" height=\"300\" srcset=\"https:\/\/www.naturparkmagazin.de\/schwaebisch-fraenkischer-wald\/wp-content\/uploads\/sites\/34\/Bild_Minister-Hauk-mit-AG-Naturparke.jpg 500w, https:\/\/www.naturparkmagazin.de\/schwaebisch-fraenkischer-wald\/wp-content\/uploads\/sites\/34\/Bild_Minister-Hauk-mit-AG-Naturparke-300x180.jpg 300w, https:\/\/www.naturparkmagazin.de\/schwaebisch-fraenkischer-wald\/wp-content\/uploads\/sites\/34\/Bild_Minister-Hauk-mit-AG-Naturparke-200x120.jpg 200w\" sizes=\"(max-width: 500px) 100vw, 500px\" \/><\/a><p id=\"caption-attachment-6604\" class=\"wp-caption-text\">Naturparkarbeit leistet exzellente Regionalentwicklung im L\u00e4ndlichen Raum<\/p><\/div>\n<p>Davon konnte sich Landwirtschaftsminister Peter Hauk MdL bei der Sitzung der Arbeitsgemeinschaft der Naturparke am 26. Juli 2018 \u00fcberzeugen.<\/p>\n<p>Das Land will die Naturparke auch weiterhin unterst\u00fctzen. Neben der Freude gibt es aber auch Sorgen bei den Naturparken.<\/p>\n<p>Weit angereist aus allen Ecken des Landes trafen sich am Donnerstag, 26. Juli 2018, Vertreter von allen sieben Naturparken Baden-W\u00fcrttembergs am Feldberg im Haus der Natur, um sich mit Landwirtschaftsminister Peter Hauk MdL \u00fcber die Weiterentwicklung sowie aktuelle Themen der Naturparkarbeit auszutauschen.<\/p>\n<p>Hohe Wertsch\u00e4tzung erfuhren die Naturparkvorsitzenden und Gesch\u00e4ftsf\u00fchrer f\u00fcr die geleistete Arbeit. Naturparkarbeit leiste exzellente Regionalentwicklung im L\u00e4ndlichen Raum. Herausragende Leuchtturmprojekte seien, so Minister Hauk, die Kampagne Bl\u00fchende Naturparke und das Netzwerk Naturpark-Schulen.<\/p>\n<p>Bei der Kampagne Bl\u00fchende Naturparke werden in Kommunen Gr\u00fcnfl\u00e4chen extensiviert, bienenfreundliche Bl\u00fchfl\u00e4chen angelegt und die Bev\u00f6lkerung sensibilisiert. Die Naturparke leisten damit im Sonderprogramm zur St\u00e4rkung der biologischen Vielfalt der Landesregierung einen wichtigen Beitrag gegen das Insektensterben. Minister Hauk MdL zeigte sich erfreut \u00fcber die ersten Projektfortschritten: \u201eEs ist beeindruckend, wie gut das Projekt von den Akteuren und der Bev\u00f6lkerung vor Ort aufgenommen wird. Dank der integrativen Arbeit der Naturparke wird die Umsetzung der Bl\u00fchenden Naturparke von gro\u00dfer Sympathie getragen.\u201c<\/p>\n<p>35 von derzeit ca. 70 bundesweit pr\u00e4dikatisierten Naturpark-Schulen befinden sich in den Naturparken Baden-W\u00fcrttembergs. Ziel der Naturpark-Schulen ist die Vermittlung von Wissen und Bez\u00fcgen zu Natur und Kultur zusammen mit au\u00dferschulischen Partnern vor allem im Grundschulbereich. \u201eMit dem Netzwerk Naturpark-Schulen st\u00e4rken wir das Konzept einer modernen Heimatkunde f\u00fcr unsere Kinder im L\u00e4ndlichen Raum\u201c, so Hauk.<\/p>\n<p>Sehr erfreut zeigten sich die Naturparkvorsitzenden \u00fcber die Zusage des Landes, die Naturparke auch \u00fcber das Jahr 2019 hinaus verst\u00e4rkt finanziell zu unterst\u00fctzen. So sollen die im Landeshaushalt 2018\/2019 zus\u00e4tzlich zur Verf\u00fcgung gestellten Mittel verstetigt, wenn m\u00f6glich noch aufgestockt werden. \u201eDie Anforderungen an die Naturparkarbeit haben deutlich zugenommen. Um mit unseren Projekten die Bed\u00fcrfnisse der Region und deren B\u00fcrger zu befriedigen, sind wir sehr froh \u00fcber das finanzielle Engagement und das damit verbundene Vertrauen des Landes\u201c, stellte die Sprecherin der AG Naturparke, Landr\u00e4tin Marion Dammann, fest.<\/p>\n<p>Neben der Freude gab es aber auch Sorgen aus den baden-w\u00fcrttembergischen Naturparken zu vernehmen. So ist aus der Sicht der AG Naturparke der Verwaltungsaufwand f\u00fcr die Bewirtschaftung von F\u00f6rdermitteln enorm angestiegen. Die Pr\u00fcfanforderungen sind in den vergangenen Jahren wesentlich umfangreicher geworden. Einzelne Antragsteller verzichten aufgrund der Komplexit\u00e4t des F\u00f6rderverfahrens bereits darauf, F\u00f6rderantr\u00e4ge zu stellen.<\/p>\n<p>Weiter wurde im Gespr\u00e4ch mit Landwirtschaftsminister Hauk die Sorge zum Ausdruck gebracht, dass in der neuen F\u00f6rderperiode der Jahre 2021-2028 der Europ\u00e4ischen Union auch die Naturparke eine F\u00f6rdermittelk\u00fcrzung hinzunehmen h\u00e4tten. \u201eGerade die Naturparke tragen mit ihren auf die Bed\u00fcrfnisse der Bev\u00f6lkerung ausgerichteten Projekten wesentlich zur Entwicklung der L\u00e4ndlichen R\u00e4ume bei. Eine ausreichende F\u00f6rdermittelausstattung ist unverzichtbar f\u00fcr eine erfolgreiche Naturparkarbeit\u201c, so Dammann.<\/p>\n<p>Mit dem Markt der Naturparke werden sich die sieben Naturparke in einer gro\u00dfen Leistungsschau am 21. Oktober 2018 in Maulbronn in der Klosteranlage pr\u00e4sentieren. \u00dcber 100 Beschicker werden ihre Produkte pr\u00e4sentieren. Dazu gibt es ein umfangreiches Informationsprogramm.<\/p>\n<p>Bildnachweis (\u00a9 Naturpark S\u00fcdschwarzwald)<\/p>\n","protected":false},"excerpt":{"rendered":"<p>Naturparkarbeit leistet exzellente Regionalentwicklung im L\u00e4ndlichen Raum<\/p>\n","protected":false},"author":25,"featured_media":6605,"comment_status":"open","ping_status":"open","sticky":false,"template":"","format":"standard","meta":[],"categories":[7],"tags":[1069],"yoast_head":"<!-- This site is optimized with the Yoast SEO plugin v19.10 - https:\/\/yoast.com\/wordpress\/plugins\/seo\/ -->\n<title>Bl\u00fchende Naturparke mit Wind unter den Fl\u00fcgeln - Naturpark Schw\u00e4bisch-Fr\u00e4nkischer Wald<\/title>\n<meta name=\"robots\" content=\"index, follow, max-snippet:-1, max-image-preview:large, max-video-preview:-1\" \/>\n<link rel=\"canonical\" href=\"https:\/\/www.naturparkmagazin.de\/schwaebisch-fraenkischer-wald\/bluehende-naturparke-mit-wind-unter-den-fluegeln\/\" \/>\n<meta property=\"og:locale\" content=\"de_DE\" \/>\n<meta property=\"og:type\" content=\"article\" \/>\n<meta property=\"og:title\" content=\"Bl\u00fchende Naturparke mit Wind unter den Fl\u00fcgeln - Naturpark Schw\u00e4bisch-Fr\u00e4nkischer Wald\" \/>\n<meta property=\"og:description\" content=\"Naturparkarbeit leistet exzellente Regionalentwicklung im L\u00e4ndlichen Raum\" \/>\n<meta property=\"og:url\" content=\"https:\/\/www.naturparkmagazin.de\/schwaebisch-fraenkischer-wald\/bluehende-naturparke-mit-wind-unter-den-fluegeln\/\" \/>\n<meta property=\"og:site_name\" content=\"Naturpark Schw\u00e4bisch-Fr\u00e4nkischer Wald\" \/>\n<meta property=\"article:author\" content=\"https:\/\/www.facebook.com\/naturparkSFW\" \/>\n<meta property=\"article:published_time\" content=\"2018-08-20T06:10:34+00:00\" \/>\n<meta property=\"article:modified_time\" content=\"2018-08-16T06:13:46+00:00\" \/>\n<meta property=\"og:image\" content=\"https:\/\/www.naturparkmagazin.de\/schwaebisch-fraenkischer-wald\/wp-content\/uploads\/sites\/34\/Bild_Minister-Hauk-mit-AG-Naturparke1.jpg\" \/>\n\t<meta property=\"og:image:width\" content=\"200\" \/>\n\t<meta property=\"og:image:height\" content=\"200\" \/>\n\t<meta property=\"og:image:type\" content=\"image\/jpeg\" \/>\n<meta name=\"author\" content=\"Naturpark-Team\" \/>\n<meta name=\"twitter:label1\" content=\"Verfasst von\" \/>\n\t<meta name=\"twitter:data1\" content=\"Naturpark-Team\" \/>\n\t<meta name=\"twitter:label2\" content=\"Gesch\u00e4tzte Lesezeit\" \/>\n\t<meta name=\"twitter:data2\" content=\"3\u00a0Minuten\" \/>\n<script type=\"application\/ld+json\" class=\"yoast-schema-graph\">{\"@context\":\"https:\/\/schema.org\",\"@graph\":[{\"@type\":\"WebPage\",\"@id\":\"https:\/\/www.naturparkmagazin.de\/schwaebisch-fraenkischer-wald\/bluehende-naturparke-mit-wind-unter-den-fluegeln\/\",\"url\":\"https:\/\/www.naturparkmagazin.de\/schwaebisch-fraenkischer-wald\/bluehende-naturparke-mit-wind-unter-den-fluegeln\/\",\"name\":\"Bl\u00fchende Naturparke mit Wind unter den Fl\u00fcgeln - Naturpark Schw\u00e4bisch-Fr\u00e4nkischer Wald\",\"isPartOf\":{\"@id\":\"https:\/\/www.naturparkmagazin.de\/schwaebisch-fraenkischer-wald\/#website\"},\"datePublished\":\"2018-08-20T06:10:34+00:00\",\"dateModified\":\"2018-08-16T06:13:46+00:00\",\"author\":{\"@id\":\"https:\/\/www.naturparkmagazin.de\/schwaebisch-fraenkischer-wald\/#\/schema\/person\/f047a3702ae747fd7830cf8ac95e6066\"},\"breadcrumb\":{\"@id\":\"https:\/\/www.naturparkmagazin.de\/schwaebisch-fraenkischer-wald\/bluehende-naturparke-mit-wind-unter-den-fluegeln\/#breadcrumb\"},\"inLanguage\":\"de\",\"potentialAction\":[{\"@type\":\"ReadAction\",\"target\":[\"https:\/\/www.naturparkmagazin.de\/schwaebisch-fraenkischer-wald\/bluehende-naturparke-mit-wind-unter-den-fluegeln\/\"]}]},{\"@type\":\"BreadcrumbList\",\"@id\":\"https:\/\/www.naturparkmagazin.de\/schwaebisch-fraenkischer-wald\/bluehende-naturparke-mit-wind-unter-den-fluegeln\/#breadcrumb\",\"itemListElement\":[{\"@type\":\"ListItem\",\"position\":1,\"name\":\"Home\",\"item\":\"https:\/\/www.naturparkmagazin.de\/schwaebisch-fraenkischer-wald\/\"},{\"@type\":\"ListItem\",\"position\":2,\"name\":\"Bl\u00fchende Naturparke mit Wind unter den Fl\u00fcgeln\"}]},{\"@type\":\"WebSite\",\"@id\":\"https:\/\/www.naturparkmagazin.de\/schwaebisch-fraenkischer-wald\/#website\",\"url\":\"https:\/\/www.naturparkmagazin.de\/schwaebisch-fraenkischer-wald\/\",\"name\":\"Naturpark Schw\u00e4bisch-Fr\u00e4nkischer Wald\",\"description\":\"\",\"potentialAction\":[{\"@type\":\"SearchAction\",\"target\":{\"@type\":\"EntryPoint\",\"urlTemplate\":\"https:\/\/www.naturparkmagazin.de\/schwaebisch-fraenkischer-wald\/?s={search_term_string}\"},\"query-input\":\"required name=search_term_string\"}],\"inLanguage\":\"de\"},{\"@type\":\"Person\",\"@id\":\"https:\/\/www.naturparkmagazin.de\/schwaebisch-fraenkischer-wald\/#\/schema\/person\/f047a3702ae747fd7830cf8ac95e6066\",\"name\":\"Naturpark-Team\",\"sameAs\":[\"http:\/\/www.naturpark-sfw.de\",\"https:\/\/www.facebook.com\/naturparkSFW\"],\"url\":\"https:\/\/www.naturparkmagazin.de\/schwaebisch-fraenkischer-wald\/author\/bernharddrixler\/\"}]}<\/script>\n<!-- \/ Yoast SEO plugin. -->","yoast_head_json":{"title":"Bl\u00fchende Naturparke mit Wind unter den Fl\u00fcgeln - Naturpark Schw\u00e4bisch-Fr\u00e4nkischer Wald","robots":{"index":"index","follow":"follow","max-snippet":"max-snippet:-1","max-image-preview":"max-image-preview:large","max-video-preview":"max-video-preview:-1"},"canonical":"https:\/\/www.naturparkmagazin.de\/schwaebisch-fraenkischer-wald\/bluehende-naturparke-mit-wind-unter-den-fluegeln\/","og_locale":"de_DE","og_type":"article","og_title":"Bl\u00fchende Naturparke mit Wind unter den Fl\u00fcgeln - Naturpark Schw\u00e4bisch-Fr\u00e4nkischer Wald","og_description":"Naturparkarbeit leistet exzellente Regionalentwicklung im L\u00e4ndlichen Raum","og_url":"https:\/\/www.naturparkmagazin.de\/schwaebisch-fraenkischer-wald\/bluehende-naturparke-mit-wind-unter-den-fluegeln\/","og_site_name":"Naturpark Schw\u00e4bisch-Fr\u00e4nkischer Wald","article_author":"https:\/\/www.facebook.com\/naturparkSFW","article_published_time":"2018-08-20T06:10:34+00:00","article_modified_time":"2018-08-16T06:13:46+00:00","og_image":[{"width":200,"height":200,"url":"https:\/\/www.naturparkmagazin.de\/schwaebisch-fraenkischer-wald\/wp-content\/uploads\/sites\/34\/Bild_Minister-Hauk-mit-AG-Naturparke1.jpg","type":"image\/jpeg"}],"author":"Naturpark-Team","twitter_misc":{"Verfasst von":"Naturpark-Team","Gesch\u00e4tzte Lesezeit":"3\u00a0Minuten"},"schema":{"@context":"https:\/\/schema.org","@graph":[{"@type":"WebPage","@id":"https:\/\/www.naturparkmagazin.de\/schwaebisch-fraenkischer-wald\/bluehende-naturparke-mit-wind-unter-den-fluegeln\/","url":"https:\/\/www.naturparkmagazin.de\/schwaebisch-fraenkischer-wald\/bluehende-naturparke-mit-wind-unter-den-fluegeln\/","name":"Bl\u00fchende Naturparke mit Wind unter den Fl\u00fcgeln - Naturpark Schw\u00e4bisch-Fr\u00e4nkischer Wald","isPartOf":{"@id":"https:\/\/www.naturparkmagazin.de\/schwaebisch-fraenkischer-wald\/#website"},"datePublished":"2018-08-20T06:10:34+00:00","dateModified":"2018-08-16T06:13:46+00:00","author":{"@id":"https:\/\/www.naturparkmagazin.de\/schwaebisch-fraenkischer-wald\/#\/schema\/person\/f047a3702ae747fd7830cf8ac95e6066"},"breadcrumb":{"@id":"https:\/\/www.naturparkmagazin.de\/schwaebisch-fraenkischer-wald\/bluehende-naturparke-mit-wind-unter-den-fluegeln\/#breadcrumb"},"inLanguage":"de","potentialAction":[{"@type":"ReadAction","target":["https:\/\/www.naturparkmagazin.de\/schwaebisch-fraenkischer-wald\/bluehende-naturparke-mit-wind-unter-den-fluegeln\/"]}]},{"@type":"BreadcrumbList","@id":"https:\/\/www.naturparkmagazin.de\/schwaebisch-fraenkischer-wald\/bluehende-naturparke-mit-wind-unter-den-fluegeln\/#breadcrumb","itemListElement":[{"@type":"ListItem","position":1,"name":"Home","item":"https:\/\/www.naturparkmagazin.de\/schwaebisch-fraenkischer-wald\/"},{"@type":"ListItem","position":2,"name":"Bl\u00fchende Naturparke mit Wind unter den Fl\u00fcgeln"}]},{"@type":"WebSite","@id":"https:\/\/www.naturparkmagazin.de\/schwaebisch-fraenkischer-wald\/#website","url":"https:\/\/www.naturparkmagazin.de\/schwaebisch-fraenkischer-wald\/","name":"Naturpark Schw\u00e4bisch-Fr\u00e4nkischer Wald","description":"","potentialAction":[{"@type":"SearchAction","target":{"@type":"EntryPoint","urlTemplate":"https:\/\/www.naturparkmagazin.de\/schwaebisch-fraenkischer-wald\/?s={search_term_string}"},"query-input":"required name=search_term_string"}],"inLanguage":"de"},{"@type":"Person","@id":"https:\/\/www.naturparkmagazin.de\/schwaebisch-fraenkischer-wald\/#\/schema\/person\/f047a3702ae747fd7830cf8ac95e6066","name":"Naturpark-Team","sameAs":["http:\/\/www.naturpark-sfw.de","https:\/\/www.facebook.com\/naturparkSFW"],"url":"https:\/\/www.naturparkmagazin.de\/schwaebisch-fraenkischer-wald\/author\/bernharddrixler\/"}]}},"_links":{"self":[{"href":"https:\/\/www.naturparkmagazin.de\/schwaebisch-fraenkischer-wald\/wp-json\/wp\/v2\/posts\/6603"}],"collection":[{"href":"https:\/\/www.naturparkmagazin.de\/schwaebisch-fraenkischer-wald\/wp-json\/wp\/v2\/posts"}],"about":[{"href":"https:\/\/www.naturparkmagazin.de\/schwaebisch-fraenkischer-wald\/wp-json\/wp\/v2\/types\/post"}],"author":[{"embeddable":true,"href":"https:\/\/www.naturparkmagazin.de\/schwaebisch-fraenkischer-wald\/wp-json\/wp\/v2\/users\/25"}],"replies":[{"embeddable":true,"href":"https:\/\/www.naturparkmagazin.de\/schwaebisch-fraenkischer-wald\/wp-json\/wp\/v2\/comments?post=6603"}],"version-history":[{"count":1,"href":"https:\/\/www.naturparkmagazin.de\/schwaebisch-fraenkischer-wald\/wp-json\/wp\/v2\/posts\/6603\/revisions"}],"predecessor-version":[{"id":6606,"href":"https:\/\/www.naturparkmagazin.de\/schwaebisch-fraenkischer-wald\/wp-json\/wp\/v2\/posts\/6603\/revisions\/6606"}],"wp:featuredmedia":[{"embeddable":true,"href":"https:\/\/www.naturparkmagazin.de\/schwaebisch-fraenkischer-wald\/wp-json\/wp\/v2\/media\/6605"}],"wp:attachment":[{"href":"https:\/\/www.naturparkmagazin.de\/schwaebisch-fraenkischer-wald\/wp-json\/wp\/v2\/media?parent=6603"}],"wp:term":[{"taxonomy":"category","embeddable":true,"href":"https:\/\/www.naturparkmagazin.de\/schwaebisch-fraenkischer-wald\/wp-json\/wp\/v2\/categories?post=6603"},{"taxonomy":"post_tag","embeddable":true,"href":"https:\/\/www.naturparkmagazin.de\/schwaebisch-fraenkischer-wald\/wp-json\/wp\/v2\/tags?post=6603"}],"curies":[{"name":"wp","href":"https:\/\/api.w.org\/{rel}","templated":true}]}}