{"id":661,"date":"2014-03-19T20:00:50","date_gmt":"2014-03-19T19:00:50","guid":{"rendered":"http:\/\/www.naturparkmagazin.de\/schwaebisch-fraenkischer-wald\/?p=661"},"modified":"2014-04-09T12:01:56","modified_gmt":"2014-04-09T10:01:56","slug":"unterwegs-mit-den-naturparkfuehrer-im-april","status":"publish","type":"post","link":"https:\/\/www.naturparkmagazin.de\/schwaebisch-fraenkischer-wald\/unterwegs-mit-den-naturparkfuehrer-im-april\/","title":{"rendered":"Unterwegs mit den Naturparkf\u00fchrer im April"},"content":{"rendered":"<p>Der Fr\u00fchling steht vor der T\u00fcr und l\u00e4dt uns ein, das gute Wetter zu nutzen und Natur und Landschaft zu erkunden. Diesen Monat k\u00f6nnen Sie mit den Naturparkf\u00fchrern die Natur richtig genie\u00dfen. Sie haben die Auswahl zwischen tier- und pflanzenkundlichen F\u00fchrungen, einer GPS-Schnitzeljagd, der Suche nach der Sulm-Quelle oder einer Familienrallye rund um den Ebnisee. Auch \u00fcber Ostern finden Wanderungen statt. Der April wird auf kein Fall langweilig!<\/p>\n<p>&nbsp;<\/p>\n<p><b>Sonntag, 6. April <\/b><\/p>\n<p><b>Von Eisv\u00f6geln, R\u00e4ubern und wilden Katzen\u00a0<\/b><b><a href=\"https:\/\/www.naturparkmagazin.de\/schwaebisch-fraenkischer-wald\/wp-content\/uploads\/sites\/34\/140406_Kuch.jpg\"><img decoding=\"async\" loading=\"lazy\" class=\"alignright size-thumbnail wp-image-669\" alt=\"Copyright: Naturpark Schw\u00e4bisch-Fr\u00e4nkischer Wald\" src=\"https:\/\/www.naturparkmagazin.de\/schwaebisch-fraenkischer-wald\/wp-content\/uploads\/sites\/34\/140406_Kuch-300x400.jpg\" width=\"300\" height=\"400\" srcset=\"https:\/\/www.naturparkmagazin.de\/schwaebisch-fraenkischer-wald\/wp-content\/uploads\/sites\/34\/140406_Kuch-300x400.jpg 300w, https:\/\/www.naturparkmagazin.de\/schwaebisch-fraenkischer-wald\/wp-content\/uploads\/sites\/34\/140406_Kuch-620x827.jpg 620w, https:\/\/www.naturparkmagazin.de\/schwaebisch-fraenkischer-wald\/wp-content\/uploads\/sites\/34\/140406_Kuch-500x667.jpg 500w, https:\/\/www.naturparkmagazin.de\/schwaebisch-fraenkischer-wald\/wp-content\/uploads\/sites\/34\/140406_Kuch-420x560.jpg 420w, https:\/\/www.naturparkmagazin.de\/schwaebisch-fraenkischer-wald\/wp-content\/uploads\/sites\/34\/140406_Kuch-135x180.jpg 135w, https:\/\/www.naturparkmagazin.de\/schwaebisch-fraenkischer-wald\/wp-content\/uploads\/sites\/34\/140406_Kuch-53x71.jpg 53w, https:\/\/www.naturparkmagazin.de\/schwaebisch-fraenkischer-wald\/wp-content\/uploads\/sites\/34\/140406_Kuch-670x893.jpg 670w, https:\/\/www.naturparkmagazin.de\/schwaebisch-fraenkischer-wald\/wp-content\/uploads\/sites\/34\/140406_Kuch-200x267.jpg 200w, https:\/\/www.naturparkmagazin.de\/schwaebisch-fraenkischer-wald\/wp-content\/uploads\/sites\/34\/140406_Kuch.jpg 750w\" sizes=\"(max-width: 300px) 100vw, 300px\" \/><\/a><\/b><\/p>\n<p>Die Teilnehmer durchstreifen im Landschaftsschutzgebiet Brettachtal unterhalb der Burg Maienfels verschiedene Lebensr\u00e4ume und erfahren mehr \u00fcber ihre Bewohner und deren Besonderheiten. Neben alten Geschichten aus der Gegend gibt es Neuigkeiten zu Biber, Luchs und Wildkatze, die langsam auch im Naturpark auf dem Vormarsch sind. Die Wanderung mit Naturparkf\u00fchrerin Petra Kuch startet um 15 Uhr in Bretzfeld-Brettach auf dem Wanderparkplatz am Friedhof. Die zweiundeinhalbst\u00fcndige Tour ist nicht barrierefrei. Erwachsene zahlen 6 \u20ac, Kinder kommen kostenlos mit. Eine Anmeldung ist nicht erforderlich.<\/p>\n<p>Weitere Infos unter:<\/p>\n<p>www.wald-safari.de<\/p>\n<p>kuch@die-naturparkfuehrer.de<\/p>\n<p>&nbsp;<\/p>\n<p><b>Sonntag, 6. April <\/b><\/p>\n<p><b>Fr\u00fchling l\u00e4sst sein blaues Band \u2026 <\/b><\/p>\n<p>L\u00f6wensteiner Bergtour: Wir begleiten das \u201eblaue Band\u201c der Sulm von der Quelle \u00fcber den Bleichsee und Teusserbad und zur\u00fcck. Bei der Firma Teusser wird die kleine Kapelle mit der Urquelle besichtigt, wo es ein Gl\u00e4schen Teusser Mineralwasser gibt. Untermalt wird die Fr\u00fchlingstour mit Geschichten und Gedichten aus l\u00e4ngst vergangener Zeit. Zum Abschluss gibt es ein Gl\u00e4schen Wein oder Traubensaft beim Weingut Koppenh\u00f6fer. Naturparkf\u00fchrerin Sabine R\u00fccker nimmt Ihnen auf diese ca. dreist\u00fcndige Wanderung mit. Der Treffpunkt ist in L\u00f6wenstein-Rittelhof bei Weingut Koppenh\u00f6fer, Sulmstr. 40, um 14 Uhr. Die Kosten betragen 7,50 \u20ac pro Person inklusive Umtrunk. Eine Anmeldung ist nicht erforderlich.<\/p>\n<p>Weitere Infos unter:<\/p>\n<p>Telefon 07130-401120<\/p>\n<p>ruecker@die-naturparkfuehrer.de<\/p>\n<p>&nbsp;<\/p>\n<p><b>Sonntag, 13. April <\/b><\/p>\n<p><b>Sulzbacher Fr\u00fchlings-Schatzsuche <\/b><b><a href=\"https:\/\/www.naturparkmagazin.de\/schwaebisch-fraenkischer-wald\/wp-content\/uploads\/sites\/34\/140413_bohn.jpg\"><img decoding=\"async\" loading=\"lazy\" class=\"size-thumbnail wp-image-670 alignleft\" alt=\"Copyright: Naturpark Schw\u00e4bisch-Fr\u00e4nkischer Wald\" src=\"https:\/\/www.naturparkmagazin.de\/schwaebisch-fraenkischer-wald\/wp-content\/uploads\/sites\/34\/140413_bohn-300x225.jpg\" width=\"365\" height=\"273\" srcset=\"https:\/\/www.naturparkmagazin.de\/schwaebisch-fraenkischer-wald\/wp-content\/uploads\/sites\/34\/140413_bohn-300x225.jpg 300w, https:\/\/www.naturparkmagazin.de\/schwaebisch-fraenkischer-wald\/wp-content\/uploads\/sites\/34\/140413_bohn-620x465.jpg 620w, https:\/\/www.naturparkmagazin.de\/schwaebisch-fraenkischer-wald\/wp-content\/uploads\/sites\/34\/140413_bohn-940x705.jpg 940w, https:\/\/www.naturparkmagazin.de\/schwaebisch-fraenkischer-wald\/wp-content\/uploads\/sites\/34\/140413_bohn-580x435.jpg 580w, https:\/\/www.naturparkmagazin.de\/schwaebisch-fraenkischer-wald\/wp-content\/uploads\/sites\/34\/140413_bohn-420x315.jpg 420w, https:\/\/www.naturparkmagazin.de\/schwaebisch-fraenkischer-wald\/wp-content\/uploads\/sites\/34\/140413_bohn-180x135.jpg 180w, https:\/\/www.naturparkmagazin.de\/schwaebisch-fraenkischer-wald\/wp-content\/uploads\/sites\/34\/140413_bohn-95x71.jpg 95w, https:\/\/www.naturparkmagazin.de\/schwaebisch-fraenkischer-wald\/wp-content\/uploads\/sites\/34\/140413_bohn-670x503.jpg 670w, https:\/\/www.naturparkmagazin.de\/schwaebisch-fraenkischer-wald\/wp-content\/uploads\/sites\/34\/140413_bohn-200x150.jpg 200w, https:\/\/www.naturparkmagazin.de\/schwaebisch-fraenkischer-wald\/wp-content\/uploads\/sites\/34\/140413_bohn.jpg 1024w\" sizes=\"(max-width: 365px) 100vw, 365px\" \/><\/a><\/b><\/p>\n<p>Ausgehend vom idyllischen Sulzbacher Marktplatz begeben wir uns auf eine abenteuerliche GPS-Schatzsuche durch Sulzbach. Unterwegs besuchen wir die G\u00e4rtnerei Wahl, wo wir saisonale Besonderheiten entdecken und verkosten, w\u00e4hrend wir in die Geheimnisse der ersten Fr\u00fchlingspflanzen eingef\u00fchrt werden. Weiter geht es vorbei am Sulzbacher Schl\u00f6ssle zu FABERS Caf\u00e9 am Rathaus. Dort angekommen st\u00e4rken wir uns in heimeliger Atmosph\u00e4re an den von Stephanie Faber selbstzubereiteten K\u00f6stlichkeiten. Los geht\u2019s mit Naturparkf\u00fchrerin Ruth Bohn um 14 Uhr in Sulzbach a. d. Murr am Rathaus. Die Tour dauert etwa zweiundeinhalb Stunden und ist kinderwagentauglich. Erwachsene zahlen 9 \u20ac, und Kinder bis 10 Jahre 5 \u20ac, inklusive der Verkostung bei der G\u00e4rtnerei Wahl. Der Verzehr im FABERS Caf\u00e9 ist nicht im Preis inbegriffen. Eine Anmeldung ist bis 10. April m\u00f6glich.<\/p>\n<p>Weitere Infos unter:<\/p>\n<p>Telefon 07184-2198<\/p>\n<p>bohn@die-naturparkfuehrer.de<\/p>\n<p>&nbsp;<\/p>\n<p><b>Freitag, 18. April &#8211; Karfreitag <\/b><\/p>\n<p><b>Fr\u00fchlingsbl\u00fcten am Waldenstein <\/b><\/p>\n<p>Ein h\u00f6chlichst botanischer Spaziergang. Enziane, Schl\u00fcsselblumen und vielleicht auch schon die eine oder andere Orchidee sind die Sch\u00e4tze, die botanisch interessierte Menschen oberhalb der Burg Waldenstein bei Rudersberg entdecken k\u00f6nnen. Naturparkf\u00fchrer Albrecht P. Block nimmt Sie auf diese zweist\u00fcndige Wanderung mit. Los geht\u2019s um 13 Uhr in Rudersberg. Der Treffpunkt ist ein nicht gekennzeichneter Parkplatz oberhalb der Burg Waldenstein in der Richtung Edelmannshof. Die Wanderung kostet 6 \u20ac f\u00fcr Erwachsene und 3 \u20ac f\u00fcr Kinder bis 14 Jahren. W\u00e4hrend sich die Tour sich f\u00fcr jedes Fitness-Niveaus eignet, ist sie nicht barrierefrei. Eine Anmeldung ist erw\u00fcnscht.<\/p>\n<p>Weitere Infos unter:<a href=\"https:\/\/www.naturparkmagazin.de\/schwaebisch-fraenkischer-wald\/wp-content\/uploads\/sites\/34\/140504_Rombach.jpg\"><img decoding=\"async\" loading=\"lazy\" class=\"alignright size-thumbnail wp-image-682\" alt=\"Copyright: Naturpark Schw\u00e4bisch-Fr\u00e4nkischer Wald\" src=\"https:\/\/www.naturparkmagazin.de\/schwaebisch-fraenkischer-wald\/wp-content\/uploads\/sites\/34\/140504_Rombach-300x225.jpg\" width=\"357\" height=\"267\" srcset=\"https:\/\/www.naturparkmagazin.de\/schwaebisch-fraenkischer-wald\/wp-content\/uploads\/sites\/34\/140504_Rombach-300x225.jpg 300w, https:\/\/www.naturparkmagazin.de\/schwaebisch-fraenkischer-wald\/wp-content\/uploads\/sites\/34\/140504_Rombach-620x465.jpg 620w, https:\/\/www.naturparkmagazin.de\/schwaebisch-fraenkischer-wald\/wp-content\/uploads\/sites\/34\/140504_Rombach-940x705.jpg 940w, https:\/\/www.naturparkmagazin.de\/schwaebisch-fraenkischer-wald\/wp-content\/uploads\/sites\/34\/140504_Rombach-580x435.jpg 580w, https:\/\/www.naturparkmagazin.de\/schwaebisch-fraenkischer-wald\/wp-content\/uploads\/sites\/34\/140504_Rombach-420x315.jpg 420w, https:\/\/www.naturparkmagazin.de\/schwaebisch-fraenkischer-wald\/wp-content\/uploads\/sites\/34\/140504_Rombach-180x135.jpg 180w, https:\/\/www.naturparkmagazin.de\/schwaebisch-fraenkischer-wald\/wp-content\/uploads\/sites\/34\/140504_Rombach-95x71.jpg 95w, https:\/\/www.naturparkmagazin.de\/schwaebisch-fraenkischer-wald\/wp-content\/uploads\/sites\/34\/140504_Rombach-670x503.jpg 670w, https:\/\/www.naturparkmagazin.de\/schwaebisch-fraenkischer-wald\/wp-content\/uploads\/sites\/34\/140504_Rombach-200x150.jpg 200w, https:\/\/www.naturparkmagazin.de\/schwaebisch-fraenkischer-wald\/wp-content\/uploads\/sites\/34\/140504_Rombach.jpg 1200w\" sizes=\"(max-width: 357px) 100vw, 357px\" \/><\/a><\/p>\n<p>Telefon 07183-428859<\/p>\n<p>block@die-naturparkfuehrer.de<\/p>\n<p>&nbsp;<\/p>\n<p><b>Sonntag, 20. April &#8211; Ostersonntag <\/b><\/p>\n<p><b>Lustige GPS-Osterhasensuche <\/b><b><\/b><\/p>\n<p>Am Tag der Waldbahn-Saisoner\u00f6ffnung sind im \u201eWelzheimer Tannwald\u201c die Osterhasen unterwegs. Mit GPS-Empf\u00e4ngern k\u00f6nnen sich Gro\u00dfe und Kleine auf die Spur des Osterhasen machen. Wird Meister Lampe gefunden, gibt\u2019s eine s\u00fc\u00dfe Belohnung. Ger\u00e4te k\u00f6nnen mitgebracht oder ausgeliehen werden. Diese offene Veranstaltung von Naturparkf\u00fchrer Walter Hieber geht von 11 bis 17 Uhr, Start bis 16 Uhr m\u00f6glich. Die GPS-Tour dauert etwa eine Stunde und beginnt in Welzheim bei der Waldbahn-Haltestelle Tannwald. Die Veranstaltung kostet 10 \u20ac pro Familie oder Team inklusive GPS-Ger\u00e4t und einer s\u00fc\u00dfen \u00dcberraschung. Eine Anmeldung ist nicht erforderlich.<\/p>\n<p>Weitere Infos unter:<\/p>\n<p>Telefon 07182-935697<\/p>\n<p>hieber@die-naturparkfuehrer.de<\/p>\n<p>&nbsp;<\/p>\n<p><b>Montag, 21. April &#8211; Ostermontag <\/b><\/p>\n<p><b>Was piepst denn da? <\/b><\/p>\n<p>Eine vogelkundliche und botanische Rundwanderung f\u00fcr Familien zu Rarit\u00e4ten der Vogelwelt in Streuobstwiesen. Mit etwas Gl\u00fcck k\u00f6nnen wir Grauspecht, Halsbandschn\u00e4pper und Wendehals beobachten und belauschen und Spannendes \u00fcber diese streng gesch\u00fctzten V\u00f6gel erfahren. Diese Wanderung mit Naturparkf\u00fchrer Albrecht P. Block startet um 6.30 Uhr in Rudersberg-Schlechtbach. Der Treffpunkt ist der Beginn des Streuobst-Lehrpfades an der Abzweigung kurz vor dem Schranken\u00fcbergang der Wieslauftal-Bahn. Die Tour geht ca. zweiundeinhalb Stunden und ist barrierefrei. Erwachsene zahlen 6 \u20ac und Kinder bis 14 Jahre 3 \u20ac. Jeder sollte ein Fernglas mitbringen. Eine Anmeldung ist erw\u00fcnscht.<\/p>\n<p>Weitere Infos unter:<\/p>\n<p>Telefon 07183-428859<\/p>\n<p>block@die-naturparkfuehrer.de<\/p>\n<p>&nbsp;<\/p>\n<p><b>Montag, 21. April &#8211; Ostermontag <\/b><\/p>\n<p><b>Ebniseepiraten <\/b><b><a href=\"https:\/\/www.naturparkmagazin.de\/schwaebisch-fraenkischer-wald\/wp-content\/uploads\/sites\/34\/140421_Hieber.jpg\"><img decoding=\"async\" loading=\"lazy\" class=\"alignright size-thumbnail wp-image-671\" alt=\"Copyright: Naturpark Schw\u00e4bisch-Fr\u00e4nkischer Wald\" src=\"https:\/\/www.naturparkmagazin.de\/schwaebisch-fraenkischer-wald\/wp-content\/uploads\/sites\/34\/140421_Hieber-300x263.jpg\" width=\"341\" height=\"298\" srcset=\"https:\/\/www.naturparkmagazin.de\/schwaebisch-fraenkischer-wald\/wp-content\/uploads\/sites\/34\/140421_Hieber-300x263.jpg 300w, https:\/\/www.naturparkmagazin.de\/schwaebisch-fraenkischer-wald\/wp-content\/uploads\/sites\/34\/140421_Hieber-620x544.jpg 620w, https:\/\/www.naturparkmagazin.de\/schwaebisch-fraenkischer-wald\/wp-content\/uploads\/sites\/34\/140421_Hieber-670x588.jpg 670w, https:\/\/www.naturparkmagazin.de\/schwaebisch-fraenkischer-wald\/wp-content\/uploads\/sites\/34\/140421_Hieber-200x175.jpg 200w, https:\/\/www.naturparkmagazin.de\/schwaebisch-fraenkischer-wald\/wp-content\/uploads\/sites\/34\/140421_Hieber.jpg 921w\" sizes=\"(max-width: 341px) 100vw, 341px\" \/><\/a><\/b><\/p>\n<p>Die naturnahe, spielerisch-spannende Familienrallye rund um den Ebnisee am Ostermontag hat schon Tradition. In Familienteams oder sonstigen Gruppen geht es auf eine lustige, spannende und zugleich lehrreiche Runde um den See. Alle vom Opa bis zum Enkel k\u00f6nnen mitmachen! Siegerehrung mit Belohnung und Urkunde f\u00fcr Alle! Dieses Event veranstaltet Naturparkf\u00fchrer Walter Hieber in Kaisersbach-Ebnisee. Die offene Veranstaltung geht von 14 bis 17 Uhr, Start ist bis 16 Uhr m\u00f6glich. Der Treffpunkt ist die Infoh\u00fctte Ebnisee. Die Veranstaltung kostet 10 \u20ac pro Familie oder Team und ist kinderwagentauglich. Eine Anmeldung ist nicht erforderlich.<\/p>\n<p>Weitere Infos unter:<\/p>\n<p>Telefon 07182-935697<\/p>\n<p>hieber@die-naturparkfuehrer.de<\/p>\n<p>&nbsp;<\/p>\n<p><b>Sonntag, 27. April<\/b><\/p>\n<p><b>Exkursion ins mittelalterliche Siegelsberg <\/b><b><\/b><\/p>\n<p>Flankiert von den sanft ansteigenden Murrhardter Steilh\u00e4ngen wandern wir mit Naturparkf\u00fchrerin Ruth Bohn auf der alten Salzstra\u00dfe nach Siegelsberg. Dort angekommen bewundern wir die einzigartige Dorfanlage &#8211; \u201eeines der sch\u00f6nsten D\u00f6rfer in ganz Baden-W\u00fcrttemberg\u201c. Verzaubert vom mittelalterlichen Flair dieser erstaunlich gut erhaltenen Ortschaft genie\u00dfen wir abschlie\u00dfend in gem\u00fctlichem Beisammensein \u201eProbiererles\u201c vom Holzofenbrot mit Holundersirup. Treffpunkt f\u00fcr diese zweiundeinhalbst\u00fcndige Wanderung ist der Parkplatz am Heinrich-von-Z\u00fcgel-Gymnasium (Rudi-Gehring-Stra\u00dfe 1) in Murrhardt um 14 Uhr. Der Tour kostet 7 \u20ac f\u00fcr Erwachsene und 3 \u20ac f\u00fcr Kinder und ist kinderwagentauglich. Bitte bringen Sie Getr\u00e4nke mit. Eine Anmeldung ist bis 25. April m\u00f6glich.<\/p>\n<p>Weitere Infos unter:<\/p>\n<p>Telefon 07184-2198<\/p>\n<p>bohn@die-naturparkfuehrer.de<\/p>\n<p>&nbsp;<\/p>\n<p><b>Sonntag, 27. April <\/b><\/p>\n<p><b>Seit wann liegt Tyrol im Naturpark? <\/b><b><\/b><\/p>\n<p>Unterwegs im Naturpark-Erweiterungsgebiet wandern wir durch Wald und Wiesen, am Bach entlang und dem Fr\u00fchling auf der Spur, mit allem was sich in der Natur wieder regt und sprie\u00dft. Ochsenhof, Amselh\u00f6fle, Tyrol sind Orte, an denen man nicht gerade zuf\u00e4llig so vorbeikommt! Los gehts mit Naturparkf\u00fchrerin Gerda Drexel-Stich um 13 Uhr von Eschach-Seifertshofen aus. Der Treffpunkt ist der Parkplatz ca. 300 m nach Ortsausgang Richtung Mittelbronn. Die vierst\u00fcndige Wanderung kostet 8 \u20ac pro Person. Bitte denken Sie daran, ein Vesper und Getr\u00e4nke mitzubringen. Eine Anmeldung ist bis 25. April m\u00f6glich.<\/p>\n<p>Weitere Infos unter:<\/p>\n<p>Telefon 07176-3109<\/p>\n<p>drexel-stich@die-naturparkfuehrer.de<\/p>\n<p>&nbsp;<\/p>\n","protected":false},"excerpt":{"rendered":"<p>Der Fr\u00fchling steht vor der T\u00fcr und l\u00e4dt uns ein, das gute Wetter zu nutzen und Natur und Landschaft zu erkunden. Diesen Monat k\u00f6nnen Sie mit den Naturparkf\u00fchrern die Natur richtig genie\u00dfen. Sie haben die Auswahl zwischen tier- und pflanzenkundlichen F\u00fchrungen, einer GPS-Schnitzeljagd, der Suche nach der Sulm-Quelle oder einer Familienrallye rund um den Ebnisee. Auch \u00fcber Ostern finden Wanderungen statt. Der April wird auf kein Fall langweilig!<\/p>\n","protected":false},"author":25,"featured_media":682,"comment_status":"open","ping_status":"open","sticky":false,"template":"","format":"standard","meta":[],"categories":[11],"tags":[],"yoast_head":"<!-- This site is optimized with the Yoast SEO plugin v19.10 - https:\/\/yoast.com\/wordpress\/plugins\/seo\/ -->\n<title>Unterwegs mit den Naturparkf\u00fchrer im April - Naturpark Schw\u00e4bisch-Fr\u00e4nkischer Wald<\/title>\n<meta name=\"robots\" content=\"index, follow, max-snippet:-1, max-image-preview:large, max-video-preview:-1\" \/>\n<link rel=\"canonical\" href=\"https:\/\/www.naturparkmagazin.de\/schwaebisch-fraenkischer-wald\/unterwegs-mit-den-naturparkfuehrer-im-april\/\" \/>\n<meta property=\"og:locale\" content=\"de_DE\" \/>\n<meta property=\"og:type\" content=\"article\" \/>\n<meta property=\"og:title\" content=\"Unterwegs mit den Naturparkf\u00fchrer im April - Naturpark Schw\u00e4bisch-Fr\u00e4nkischer Wald\" \/>\n<meta property=\"og:description\" content=\"Der Fr\u00fchling steht vor der T\u00fcr und l\u00e4dt uns ein, das gute Wetter zu nutzen und Natur und Landschaft zu erkunden. Diesen Monat k\u00f6nnen Sie mit den Naturparkf\u00fchrern die Natur richtig genie\u00dfen. Sie haben die Auswahl zwischen tier- und pflanzenkundlichen F\u00fchrungen, einer GPS-Schnitzeljagd, der Suche nach der Sulm-Quelle oder einer Familienrallye rund um den Ebnisee. Auch \u00fcber Ostern finden Wanderungen statt. Der April wird auf kein Fall langweilig!\" \/>\n<meta property=\"og:url\" content=\"https:\/\/www.naturparkmagazin.de\/schwaebisch-fraenkischer-wald\/unterwegs-mit-den-naturparkfuehrer-im-april\/\" \/>\n<meta property=\"og:site_name\" content=\"Naturpark Schw\u00e4bisch-Fr\u00e4nkischer Wald\" \/>\n<meta property=\"article:author\" content=\"https:\/\/www.facebook.com\/naturparkSFW\" \/>\n<meta property=\"article:published_time\" content=\"2014-03-19T19:00:50+00:00\" \/>\n<meta property=\"article:modified_time\" content=\"2014-04-09T10:01:56+00:00\" \/>\n<meta property=\"og:image\" content=\"https:\/\/www.naturparkmagazin.de\/schwaebisch-fraenkischer-wald\/wp-content\/uploads\/sites\/34\/140504_Rombach.jpg\" \/>\n\t<meta property=\"og:image:width\" content=\"1200\" \/>\n\t<meta property=\"og:image:height\" content=\"900\" \/>\n\t<meta property=\"og:image:type\" content=\"image\/jpeg\" \/>\n<meta name=\"author\" content=\"Naturpark-Team\" \/>\n<meta name=\"twitter:label1\" content=\"Verfasst von\" \/>\n\t<meta name=\"twitter:data1\" content=\"Naturpark-Team\" \/>\n\t<meta name=\"twitter:label2\" content=\"Gesch\u00e4tzte Lesezeit\" \/>\n\t<meta name=\"twitter:data2\" content=\"6\u00a0Minuten\" \/>\n<script type=\"application\/ld+json\" class=\"yoast-schema-graph\">{\"@context\":\"https:\/\/schema.org\",\"@graph\":[{\"@type\":\"WebPage\",\"@id\":\"https:\/\/www.naturparkmagazin.de\/schwaebisch-fraenkischer-wald\/unterwegs-mit-den-naturparkfuehrer-im-april\/\",\"url\":\"https:\/\/www.naturparkmagazin.de\/schwaebisch-fraenkischer-wald\/unterwegs-mit-den-naturparkfuehrer-im-april\/\",\"name\":\"Unterwegs mit den Naturparkf\u00fchrer im April - Naturpark Schw\u00e4bisch-Fr\u00e4nkischer Wald\",\"isPartOf\":{\"@id\":\"https:\/\/www.naturparkmagazin.de\/schwaebisch-fraenkischer-wald\/#website\"},\"datePublished\":\"2014-03-19T19:00:50+00:00\",\"dateModified\":\"2014-04-09T10:01:56+00:00\",\"author\":{\"@id\":\"https:\/\/www.naturparkmagazin.de\/schwaebisch-fraenkischer-wald\/#\/schema\/person\/f047a3702ae747fd7830cf8ac95e6066\"},\"breadcrumb\":{\"@id\":\"https:\/\/www.naturparkmagazin.de\/schwaebisch-fraenkischer-wald\/unterwegs-mit-den-naturparkfuehrer-im-april\/#breadcrumb\"},\"inLanguage\":\"de\",\"potentialAction\":[{\"@type\":\"ReadAction\",\"target\":[\"https:\/\/www.naturparkmagazin.de\/schwaebisch-fraenkischer-wald\/unterwegs-mit-den-naturparkfuehrer-im-april\/\"]}]},{\"@type\":\"BreadcrumbList\",\"@id\":\"https:\/\/www.naturparkmagazin.de\/schwaebisch-fraenkischer-wald\/unterwegs-mit-den-naturparkfuehrer-im-april\/#breadcrumb\",\"itemListElement\":[{\"@type\":\"ListItem\",\"position\":1,\"name\":\"Home\",\"item\":\"https:\/\/www.naturparkmagazin.de\/schwaebisch-fraenkischer-wald\/\"},{\"@type\":\"ListItem\",\"position\":2,\"name\":\"Unterwegs mit den Naturparkf\u00fchrer im April\"}]},{\"@type\":\"WebSite\",\"@id\":\"https:\/\/www.naturparkmagazin.de\/schwaebisch-fraenkischer-wald\/#website\",\"url\":\"https:\/\/www.naturparkmagazin.de\/schwaebisch-fraenkischer-wald\/\",\"name\":\"Naturpark Schw\u00e4bisch-Fr\u00e4nkischer Wald\",\"description\":\"\",\"potentialAction\":[{\"@type\":\"SearchAction\",\"target\":{\"@type\":\"EntryPoint\",\"urlTemplate\":\"https:\/\/www.naturparkmagazin.de\/schwaebisch-fraenkischer-wald\/?s={search_term_string}\"},\"query-input\":\"required name=search_term_string\"}],\"inLanguage\":\"de\"},{\"@type\":\"Person\",\"@id\":\"https:\/\/www.naturparkmagazin.de\/schwaebisch-fraenkischer-wald\/#\/schema\/person\/f047a3702ae747fd7830cf8ac95e6066\",\"name\":\"Naturpark-Team\",\"sameAs\":[\"http:\/\/www.naturpark-sfw.de\",\"https:\/\/www.facebook.com\/naturparkSFW\"],\"url\":\"https:\/\/www.naturparkmagazin.de\/schwaebisch-fraenkischer-wald\/author\/bernharddrixler\/\"}]}<\/script>\n<!-- \/ Yoast SEO plugin. -->","yoast_head_json":{"title":"Unterwegs mit den Naturparkf\u00fchrer im April - Naturpark Schw\u00e4bisch-Fr\u00e4nkischer Wald","robots":{"index":"index","follow":"follow","max-snippet":"max-snippet:-1","max-image-preview":"max-image-preview:large","max-video-preview":"max-video-preview:-1"},"canonical":"https:\/\/www.naturparkmagazin.de\/schwaebisch-fraenkischer-wald\/unterwegs-mit-den-naturparkfuehrer-im-april\/","og_locale":"de_DE","og_type":"article","og_title":"Unterwegs mit den Naturparkf\u00fchrer im April - Naturpark Schw\u00e4bisch-Fr\u00e4nkischer Wald","og_description":"Der Fr\u00fchling steht vor der T\u00fcr und l\u00e4dt uns ein, das gute Wetter zu nutzen und Natur und Landschaft zu erkunden. Diesen Monat k\u00f6nnen Sie mit den Naturparkf\u00fchrern die Natur richtig genie\u00dfen. Sie haben die Auswahl zwischen tier- und pflanzenkundlichen F\u00fchrungen, einer GPS-Schnitzeljagd, der Suche nach der Sulm-Quelle oder einer Familienrallye rund um den Ebnisee. Auch \u00fcber Ostern finden Wanderungen statt. Der April wird auf kein Fall langweilig!","og_url":"https:\/\/www.naturparkmagazin.de\/schwaebisch-fraenkischer-wald\/unterwegs-mit-den-naturparkfuehrer-im-april\/","og_site_name":"Naturpark Schw\u00e4bisch-Fr\u00e4nkischer Wald","article_author":"https:\/\/www.facebook.com\/naturparkSFW","article_published_time":"2014-03-19T19:00:50+00:00","article_modified_time":"2014-04-09T10:01:56+00:00","og_image":[{"width":1200,"height":900,"url":"https:\/\/www.naturparkmagazin.de\/schwaebisch-fraenkischer-wald\/wp-content\/uploads\/sites\/34\/140504_Rombach.jpg","type":"image\/jpeg"}],"author":"Naturpark-Team","twitter_misc":{"Verfasst von":"Naturpark-Team","Gesch\u00e4tzte Lesezeit":"6\u00a0Minuten"},"schema":{"@context":"https:\/\/schema.org","@graph":[{"@type":"WebPage","@id":"https:\/\/www.naturparkmagazin.de\/schwaebisch-fraenkischer-wald\/unterwegs-mit-den-naturparkfuehrer-im-april\/","url":"https:\/\/www.naturparkmagazin.de\/schwaebisch-fraenkischer-wald\/unterwegs-mit-den-naturparkfuehrer-im-april\/","name":"Unterwegs mit den Naturparkf\u00fchrer im April - Naturpark Schw\u00e4bisch-Fr\u00e4nkischer Wald","isPartOf":{"@id":"https:\/\/www.naturparkmagazin.de\/schwaebisch-fraenkischer-wald\/#website"},"datePublished":"2014-03-19T19:00:50+00:00","dateModified":"2014-04-09T10:01:56+00:00","author":{"@id":"https:\/\/www.naturparkmagazin.de\/schwaebisch-fraenkischer-wald\/#\/schema\/person\/f047a3702ae747fd7830cf8ac95e6066"},"breadcrumb":{"@id":"https:\/\/www.naturparkmagazin.de\/schwaebisch-fraenkischer-wald\/unterwegs-mit-den-naturparkfuehrer-im-april\/#breadcrumb"},"inLanguage":"de","potentialAction":[{"@type":"ReadAction","target":["https:\/\/www.naturparkmagazin.de\/schwaebisch-fraenkischer-wald\/unterwegs-mit-den-naturparkfuehrer-im-april\/"]}]},{"@type":"BreadcrumbList","@id":"https:\/\/www.naturparkmagazin.de\/schwaebisch-fraenkischer-wald\/unterwegs-mit-den-naturparkfuehrer-im-april\/#breadcrumb","itemListElement":[{"@type":"ListItem","position":1,"name":"Home","item":"https:\/\/www.naturparkmagazin.de\/schwaebisch-fraenkischer-wald\/"},{"@type":"ListItem","position":2,"name":"Unterwegs mit den Naturparkf\u00fchrer im April"}]},{"@type":"WebSite","@id":"https:\/\/www.naturparkmagazin.de\/schwaebisch-fraenkischer-wald\/#website","url":"https:\/\/www.naturparkmagazin.de\/schwaebisch-fraenkischer-wald\/","name":"Naturpark Schw\u00e4bisch-Fr\u00e4nkischer Wald","description":"","potentialAction":[{"@type":"SearchAction","target":{"@type":"EntryPoint","urlTemplate":"https:\/\/www.naturparkmagazin.de\/schwaebisch-fraenkischer-wald\/?s={search_term_string}"},"query-input":"required name=search_term_string"}],"inLanguage":"de"},{"@type":"Person","@id":"https:\/\/www.naturparkmagazin.de\/schwaebisch-fraenkischer-wald\/#\/schema\/person\/f047a3702ae747fd7830cf8ac95e6066","name":"Naturpark-Team","sameAs":["http:\/\/www.naturpark-sfw.de","https:\/\/www.facebook.com\/naturparkSFW"],"url":"https:\/\/www.naturparkmagazin.de\/schwaebisch-fraenkischer-wald\/author\/bernharddrixler\/"}]}},"_links":{"self":[{"href":"https:\/\/www.naturparkmagazin.de\/schwaebisch-fraenkischer-wald\/wp-json\/wp\/v2\/posts\/661"}],"collection":[{"href":"https:\/\/www.naturparkmagazin.de\/schwaebisch-fraenkischer-wald\/wp-json\/wp\/v2\/posts"}],"about":[{"href":"https:\/\/www.naturparkmagazin.de\/schwaebisch-fraenkischer-wald\/wp-json\/wp\/v2\/types\/post"}],"author":[{"embeddable":true,"href":"https:\/\/www.naturparkmagazin.de\/schwaebisch-fraenkischer-wald\/wp-json\/wp\/v2\/users\/25"}],"replies":[{"embeddable":true,"href":"https:\/\/www.naturparkmagazin.de\/schwaebisch-fraenkischer-wald\/wp-json\/wp\/v2\/comments?post=661"}],"version-history":[{"count":7,"href":"https:\/\/www.naturparkmagazin.de\/schwaebisch-fraenkischer-wald\/wp-json\/wp\/v2\/posts\/661\/revisions"}],"predecessor-version":[{"id":714,"href":"https:\/\/www.naturparkmagazin.de\/schwaebisch-fraenkischer-wald\/wp-json\/wp\/v2\/posts\/661\/revisions\/714"}],"wp:featuredmedia":[{"embeddable":true,"href":"https:\/\/www.naturparkmagazin.de\/schwaebisch-fraenkischer-wald\/wp-json\/wp\/v2\/media\/682"}],"wp:attachment":[{"href":"https:\/\/www.naturparkmagazin.de\/schwaebisch-fraenkischer-wald\/wp-json\/wp\/v2\/media?parent=661"}],"wp:term":[{"taxonomy":"category","embeddable":true,"href":"https:\/\/www.naturparkmagazin.de\/schwaebisch-fraenkischer-wald\/wp-json\/wp\/v2\/categories?post=661"},{"taxonomy":"post_tag","embeddable":true,"href":"https:\/\/www.naturparkmagazin.de\/schwaebisch-fraenkischer-wald\/wp-json\/wp\/v2\/tags?post=661"}],"curies":[{"name":"wp","href":"https:\/\/api.w.org\/{rel}","templated":true}]}}