{"id":6619,"date":"2018-09-17T08:09:57","date_gmt":"2018-09-17T06:09:57","guid":{"rendered":"https:\/\/www.naturparkmagazin.de\/schwaebisch-fraenkischer-wald\/?p=6619"},"modified":"2018-09-17T08:45:41","modified_gmt":"2018-09-17T06:45:41","slug":"naturparkmarkt-in-murrhardt-5","status":"publish","type":"post","link":"https:\/\/www.naturparkmagazin.de\/schwaebisch-fraenkischer-wald\/naturparkmarkt-in-murrhardt-5\/","title":{"rendered":"Naturparkmarkt in Murrhardt"},"content":{"rendered":"<p>Sonntag, 7. Oktober<\/p>\n<div id=\"attachment_6622\" style=\"width: 310px\" class=\"wp-caption alignright\"><a href=\"https:\/\/www.naturparkmagazin.de\/schwaebisch-fraenkischer-wald\/wp-content\/uploads\/sites\/34\/Plakat_Naturparkmarkt-SFW_Murrhardt_2018-10-07_LOWRES.jpg\"><img aria-describedby=\"caption-attachment-6622\" decoding=\"async\" loading=\"lazy\" class=\"size-full wp-image-6622\" src=\"https:\/\/www.naturparkmagazin.de\/schwaebisch-fraenkischer-wald\/wp-content\/uploads\/sites\/34\/Plakat_Naturparkmarkt-SFW_Murrhardt_2018-10-07_LOWRES.jpg\" alt=\"Saisonabschluss der Naturparkm\u00e4rkte 2018 \" width=\"300\" height=\"500\" srcset=\"https:\/\/www.naturparkmagazin.de\/schwaebisch-fraenkischer-wald\/wp-content\/uploads\/sites\/34\/Plakat_Naturparkmarkt-SFW_Murrhardt_2018-10-07_LOWRES.jpg 300w, https:\/\/www.naturparkmagazin.de\/schwaebisch-fraenkischer-wald\/wp-content\/uploads\/sites\/34\/Plakat_Naturparkmarkt-SFW_Murrhardt_2018-10-07_LOWRES-200x333.jpg 200w\" sizes=\"(max-width: 300px) 100vw, 300px\" \/><\/a><p id=\"caption-attachment-6622\" class=\"wp-caption-text\">Saisonabschluss der Naturparkm\u00e4rkte 2018<\/p><\/div>\n<p>Zum diesj\u00e4hrigen Abschluss der Naturparkmarktsaison pr\u00e4sentiert sich am Sonntag, den 7. Oktober von 11- 18 Uhr in Murrhardt auf dem Marktplatz noch einmal die gesamte Vielfalt von regional produzierten Lebensmitteln und Handwerksk\u00fcnsten aus dem Naturpark Schw\u00e4bisch-Fr\u00e4nkischer Wald.<\/p>\n<p>Bei fr\u00fchherbstlicher Atmosph\u00e4re kann die Ernte der hiesigen Direktvermarkter als Marmeladen, Honigsorten, Obsts\u00e4ften oder Destillaten probiert werden. Eine herzhafte Erg\u00e4nzung sind aromatische K\u00e4sesorten, frittierte Kartoffelzapfen oder w\u00fcrzige Wurst- und Fischwaren. Wer es lieber vegetarisch mag, genie\u00dft eine Dinnede, Pizette oder K\u00e4sesp\u00e4tzle, die mit einem erfrischenden Getr\u00e4nk von Haller L\u00f6wenbr\u00e4u oder den Winzern vom Weinsberger Tal verk\u00f6stigt werden k\u00f6nnen. Als Nachtisch laden s\u00fc\u00dfe Blechkuchen, Cr\u00eapes oder Apfeleis von regionalen Streuobstwiesen ein.<\/p>\n<p>Wer sich f\u00fcr den kommenden Winter gem\u00fctlich eindecken m\u00f6chte, ist bei den St\u00e4nden der Kunsthandwerker richtig: handgefertigte K\u00f6rbe, traditionelle Gebrauchskeramik, gef\u00fcllte Kr\u00e4uterkissen, Silber- und Filzschmuck, handgemachte Naturkosmetik und Seifen sowie Wollprodukte von Schafen und Alpakas oder Produkte aus heimischen H\u00f6lzern lassen kalte Wintertage lauschig werden. Neben besonderen Mitbringsel in Form von selbstgemachten Nudeln, R\u00e4uberlinsen, Senfspezialit\u00e4ten, Essige oder Gew\u00fcrzmischungen, werden auch saisonale Gem\u00fcsesorten oder Getreideerzeugnisse angeboten.<\/p>\n<p>Nach dem vielen Schlemmen, Schauen und Staunen kann eine Pause im \u201eWilden Eck\u201c der Naturparkf\u00fchrer eingelegt werden. Basteln, Spuren heimischer Wildtiere und Stockbrot stehen hier auf dem Programm. Die Kreisj\u00e4gervereinigung informiert anschaulich \u00fcber Wild und Jagd im Naturpark und beim mobilen Klassenzimmer des Kreisjugendrings Rems-Murr kann spielerisch das Thema \u00d6kologie kennengelernt werden. Im Rahmen der Kampagne \u201eSortenvielfalt im Naturpark\u201c gibt es im Foyer des Naturparkzentrums eine informative Obstsortenausstellung von Hobby-Pomologe Bernhard Fehrentz. Wieder mit dabei ist auch Beate Siegel von der Pilzberatung. Bringen Sie gerne Pilze oder Apfelsorten zur Bestimmung mit. Zudem informiert die Demeter G\u00e4rtnerei Gro\u00dfh\u00f6chberg \u00fcber das Prinzip der solidarischen Landwirtschaft.<\/p>\n<p>Von 14 bis 16 Uhr bietet Naturparkf\u00fchrer Walter Hieber eine kleine Wanderung mit Ausblicken \u00fcber Murrhardt an. Die Tour startet am Naturparkzentrum und kostet 5 \u20ac pro Person. Um 15 Uhr gibt es eine F\u00fchrung durch das historische Murrhardt mit Beginn am Naturparkzentrum.<\/p>\n<p>Die erfrischende Herbstluft kann bei einer Planwagenrundfahrt genossen werden. Die Abfahrt ist halbst\u00fcndig in der Sterngasse.<\/p>\n<p>Der Flyer zum Naturparkmarkt liegt im Naturparkzentrum in Murrhardt oder im Murrhardter Rathaus aus und kann auf der Naturparkhomepage angefordert oder heruntergeladen werden: <a href=\"http:\/\/www.naturpark-sfw.de\" target=\"_blank\">www.naturpark-sfw.de<\/a>.<\/p>\n<p>Die f\u00fcnf Naturparkm\u00e4rkte 2018 sind ein Kooperationsprojekt des Naturparks mit den teilnehmenden Kommunen. Das Projekt wird durch den Naturpark Schw\u00e4bisch-Fr\u00e4nkischer Wald mit Mitteln des Landes Baden-W\u00fcrttemberg, der Lotterie Gl\u00fccksspirale und der Europ\u00e4ischen Union (ELER) gef\u00f6rdert.<\/p>\n","protected":false},"excerpt":{"rendered":"<p>07.10.: Abschluss der Naturparkmarktsaison 2018 in Murrhardt<\/p>\n","protected":false},"author":25,"featured_media":6623,"comment_status":"open","ping_status":"open","sticky":false,"template":"","format":"standard","meta":[],"categories":[11],"tags":[1069],"yoast_head":"<!-- This site is optimized with the Yoast SEO plugin v19.10 - https:\/\/yoast.com\/wordpress\/plugins\/seo\/ -->\n<title>Naturparkmarkt in Murrhardt - Naturpark Schw\u00e4bisch-Fr\u00e4nkischer Wald<\/title>\n<meta name=\"robots\" content=\"index, follow, max-snippet:-1, max-image-preview:large, max-video-preview:-1\" \/>\n<link rel=\"canonical\" href=\"https:\/\/www.naturparkmagazin.de\/schwaebisch-fraenkischer-wald\/naturparkmarkt-in-murrhardt-5\/\" \/>\n<meta property=\"og:locale\" content=\"de_DE\" \/>\n<meta property=\"og:type\" content=\"article\" \/>\n<meta property=\"og:title\" content=\"Naturparkmarkt in Murrhardt - Naturpark Schw\u00e4bisch-Fr\u00e4nkischer Wald\" \/>\n<meta property=\"og:description\" content=\"07.10.: Abschluss der Naturparkmarktsaison 2018 in Murrhardt\" \/>\n<meta property=\"og:url\" content=\"https:\/\/www.naturparkmagazin.de\/schwaebisch-fraenkischer-wald\/naturparkmarkt-in-murrhardt-5\/\" \/>\n<meta property=\"og:site_name\" content=\"Naturpark Schw\u00e4bisch-Fr\u00e4nkischer Wald\" \/>\n<meta property=\"article:author\" content=\"https:\/\/www.facebook.com\/naturparkSFW\" \/>\n<meta property=\"article:published_time\" content=\"2018-09-17T06:09:57+00:00\" \/>\n<meta property=\"article:modified_time\" content=\"2018-09-17T06:45:41+00:00\" \/>\n<meta property=\"og:image\" content=\"https:\/\/www.naturparkmagazin.de\/schwaebisch-fraenkischer-wald\/wp-content\/uploads\/sites\/34\/Plakat_Naturparkmarkt-SFW_Murrhardt_2018-10-07_.jpg\" \/>\n\t<meta property=\"og:image:width\" content=\"200\" \/>\n\t<meta property=\"og:image:height\" content=\"200\" \/>\n\t<meta property=\"og:image:type\" content=\"image\/jpeg\" \/>\n<meta name=\"author\" content=\"Naturpark-Team\" \/>\n<meta name=\"twitter:label1\" content=\"Verfasst von\" \/>\n\t<meta name=\"twitter:data1\" content=\"Naturpark-Team\" \/>\n\t<meta name=\"twitter:label2\" content=\"Gesch\u00e4tzte Lesezeit\" \/>\n\t<meta name=\"twitter:data2\" content=\"2\u00a0Minuten\" \/>\n<script type=\"application\/ld+json\" class=\"yoast-schema-graph\">{\"@context\":\"https:\/\/schema.org\",\"@graph\":[{\"@type\":\"WebPage\",\"@id\":\"https:\/\/www.naturparkmagazin.de\/schwaebisch-fraenkischer-wald\/naturparkmarkt-in-murrhardt-5\/\",\"url\":\"https:\/\/www.naturparkmagazin.de\/schwaebisch-fraenkischer-wald\/naturparkmarkt-in-murrhardt-5\/\",\"name\":\"Naturparkmarkt in Murrhardt - Naturpark Schw\u00e4bisch-Fr\u00e4nkischer Wald\",\"isPartOf\":{\"@id\":\"https:\/\/www.naturparkmagazin.de\/schwaebisch-fraenkischer-wald\/#website\"},\"datePublished\":\"2018-09-17T06:09:57+00:00\",\"dateModified\":\"2018-09-17T06:45:41+00:00\",\"author\":{\"@id\":\"https:\/\/www.naturparkmagazin.de\/schwaebisch-fraenkischer-wald\/#\/schema\/person\/f047a3702ae747fd7830cf8ac95e6066\"},\"breadcrumb\":{\"@id\":\"https:\/\/www.naturparkmagazin.de\/schwaebisch-fraenkischer-wald\/naturparkmarkt-in-murrhardt-5\/#breadcrumb\"},\"inLanguage\":\"de\",\"potentialAction\":[{\"@type\":\"ReadAction\",\"target\":[\"https:\/\/www.naturparkmagazin.de\/schwaebisch-fraenkischer-wald\/naturparkmarkt-in-murrhardt-5\/\"]}]},{\"@type\":\"BreadcrumbList\",\"@id\":\"https:\/\/www.naturparkmagazin.de\/schwaebisch-fraenkischer-wald\/naturparkmarkt-in-murrhardt-5\/#breadcrumb\",\"itemListElement\":[{\"@type\":\"ListItem\",\"position\":1,\"name\":\"Home\",\"item\":\"https:\/\/www.naturparkmagazin.de\/schwaebisch-fraenkischer-wald\/\"},{\"@type\":\"ListItem\",\"position\":2,\"name\":\"Naturparkmarkt in Murrhardt\"}]},{\"@type\":\"WebSite\",\"@id\":\"https:\/\/www.naturparkmagazin.de\/schwaebisch-fraenkischer-wald\/#website\",\"url\":\"https:\/\/www.naturparkmagazin.de\/schwaebisch-fraenkischer-wald\/\",\"name\":\"Naturpark Schw\u00e4bisch-Fr\u00e4nkischer Wald\",\"description\":\"\",\"potentialAction\":[{\"@type\":\"SearchAction\",\"target\":{\"@type\":\"EntryPoint\",\"urlTemplate\":\"https:\/\/www.naturparkmagazin.de\/schwaebisch-fraenkischer-wald\/?s={search_term_string}\"},\"query-input\":\"required name=search_term_string\"}],\"inLanguage\":\"de\"},{\"@type\":\"Person\",\"@id\":\"https:\/\/www.naturparkmagazin.de\/schwaebisch-fraenkischer-wald\/#\/schema\/person\/f047a3702ae747fd7830cf8ac95e6066\",\"name\":\"Naturpark-Team\",\"sameAs\":[\"http:\/\/www.naturpark-sfw.de\",\"https:\/\/www.facebook.com\/naturparkSFW\"],\"url\":\"https:\/\/www.naturparkmagazin.de\/schwaebisch-fraenkischer-wald\/author\/bernharddrixler\/\"}]}<\/script>\n<!-- \/ Yoast SEO plugin. -->","yoast_head_json":{"title":"Naturparkmarkt in Murrhardt - Naturpark Schw\u00e4bisch-Fr\u00e4nkischer Wald","robots":{"index":"index","follow":"follow","max-snippet":"max-snippet:-1","max-image-preview":"max-image-preview:large","max-video-preview":"max-video-preview:-1"},"canonical":"https:\/\/www.naturparkmagazin.de\/schwaebisch-fraenkischer-wald\/naturparkmarkt-in-murrhardt-5\/","og_locale":"de_DE","og_type":"article","og_title":"Naturparkmarkt in Murrhardt - Naturpark Schw\u00e4bisch-Fr\u00e4nkischer Wald","og_description":"07.10.: Abschluss der Naturparkmarktsaison 2018 in Murrhardt","og_url":"https:\/\/www.naturparkmagazin.de\/schwaebisch-fraenkischer-wald\/naturparkmarkt-in-murrhardt-5\/","og_site_name":"Naturpark Schw\u00e4bisch-Fr\u00e4nkischer Wald","article_author":"https:\/\/www.facebook.com\/naturparkSFW","article_published_time":"2018-09-17T06:09:57+00:00","article_modified_time":"2018-09-17T06:45:41+00:00","og_image":[{"width":200,"height":200,"url":"https:\/\/www.naturparkmagazin.de\/schwaebisch-fraenkischer-wald\/wp-content\/uploads\/sites\/34\/Plakat_Naturparkmarkt-SFW_Murrhardt_2018-10-07_.jpg","type":"image\/jpeg"}],"author":"Naturpark-Team","twitter_misc":{"Verfasst von":"Naturpark-Team","Gesch\u00e4tzte Lesezeit":"2\u00a0Minuten"},"schema":{"@context":"https:\/\/schema.org","@graph":[{"@type":"WebPage","@id":"https:\/\/www.naturparkmagazin.de\/schwaebisch-fraenkischer-wald\/naturparkmarkt-in-murrhardt-5\/","url":"https:\/\/www.naturparkmagazin.de\/schwaebisch-fraenkischer-wald\/naturparkmarkt-in-murrhardt-5\/","name":"Naturparkmarkt in Murrhardt - Naturpark Schw\u00e4bisch-Fr\u00e4nkischer Wald","isPartOf":{"@id":"https:\/\/www.naturparkmagazin.de\/schwaebisch-fraenkischer-wald\/#website"},"datePublished":"2018-09-17T06:09:57+00:00","dateModified":"2018-09-17T06:45:41+00:00","author":{"@id":"https:\/\/www.naturparkmagazin.de\/schwaebisch-fraenkischer-wald\/#\/schema\/person\/f047a3702ae747fd7830cf8ac95e6066"},"breadcrumb":{"@id":"https:\/\/www.naturparkmagazin.de\/schwaebisch-fraenkischer-wald\/naturparkmarkt-in-murrhardt-5\/#breadcrumb"},"inLanguage":"de","potentialAction":[{"@type":"ReadAction","target":["https:\/\/www.naturparkmagazin.de\/schwaebisch-fraenkischer-wald\/naturparkmarkt-in-murrhardt-5\/"]}]},{"@type":"BreadcrumbList","@id":"https:\/\/www.naturparkmagazin.de\/schwaebisch-fraenkischer-wald\/naturparkmarkt-in-murrhardt-5\/#breadcrumb","itemListElement":[{"@type":"ListItem","position":1,"name":"Home","item":"https:\/\/www.naturparkmagazin.de\/schwaebisch-fraenkischer-wald\/"},{"@type":"ListItem","position":2,"name":"Naturparkmarkt in Murrhardt"}]},{"@type":"WebSite","@id":"https:\/\/www.naturparkmagazin.de\/schwaebisch-fraenkischer-wald\/#website","url":"https:\/\/www.naturparkmagazin.de\/schwaebisch-fraenkischer-wald\/","name":"Naturpark Schw\u00e4bisch-Fr\u00e4nkischer Wald","description":"","potentialAction":[{"@type":"SearchAction","target":{"@type":"EntryPoint","urlTemplate":"https:\/\/www.naturparkmagazin.de\/schwaebisch-fraenkischer-wald\/?s={search_term_string}"},"query-input":"required name=search_term_string"}],"inLanguage":"de"},{"@type":"Person","@id":"https:\/\/www.naturparkmagazin.de\/schwaebisch-fraenkischer-wald\/#\/schema\/person\/f047a3702ae747fd7830cf8ac95e6066","name":"Naturpark-Team","sameAs":["http:\/\/www.naturpark-sfw.de","https:\/\/www.facebook.com\/naturparkSFW"],"url":"https:\/\/www.naturparkmagazin.de\/schwaebisch-fraenkischer-wald\/author\/bernharddrixler\/"}]}},"_links":{"self":[{"href":"https:\/\/www.naturparkmagazin.de\/schwaebisch-fraenkischer-wald\/wp-json\/wp\/v2\/posts\/6619"}],"collection":[{"href":"https:\/\/www.naturparkmagazin.de\/schwaebisch-fraenkischer-wald\/wp-json\/wp\/v2\/posts"}],"about":[{"href":"https:\/\/www.naturparkmagazin.de\/schwaebisch-fraenkischer-wald\/wp-json\/wp\/v2\/types\/post"}],"author":[{"embeddable":true,"href":"https:\/\/www.naturparkmagazin.de\/schwaebisch-fraenkischer-wald\/wp-json\/wp\/v2\/users\/25"}],"replies":[{"embeddable":true,"href":"https:\/\/www.naturparkmagazin.de\/schwaebisch-fraenkischer-wald\/wp-json\/wp\/v2\/comments?post=6619"}],"version-history":[{"count":3,"href":"https:\/\/www.naturparkmagazin.de\/schwaebisch-fraenkischer-wald\/wp-json\/wp\/v2\/posts\/6619\/revisions"}],"predecessor-version":[{"id":6624,"href":"https:\/\/www.naturparkmagazin.de\/schwaebisch-fraenkischer-wald\/wp-json\/wp\/v2\/posts\/6619\/revisions\/6624"}],"wp:featuredmedia":[{"embeddable":true,"href":"https:\/\/www.naturparkmagazin.de\/schwaebisch-fraenkischer-wald\/wp-json\/wp\/v2\/media\/6623"}],"wp:attachment":[{"href":"https:\/\/www.naturparkmagazin.de\/schwaebisch-fraenkischer-wald\/wp-json\/wp\/v2\/media?parent=6619"}],"wp:term":[{"taxonomy":"category","embeddable":true,"href":"https:\/\/www.naturparkmagazin.de\/schwaebisch-fraenkischer-wald\/wp-json\/wp\/v2\/categories?post=6619"},{"taxonomy":"post_tag","embeddable":true,"href":"https:\/\/www.naturparkmagazin.de\/schwaebisch-fraenkischer-wald\/wp-json\/wp\/v2\/tags?post=6619"}],"curies":[{"name":"wp","href":"https:\/\/api.w.org\/{rel}","templated":true}]}}