{"id":6625,"date":"2018-09-17T08:16:00","date_gmt":"2018-09-17T06:16:00","guid":{"rendered":"https:\/\/www.naturparkmagazin.de\/schwaebisch-fraenkischer-wald\/?p=6625"},"modified":"2018-09-28T10:55:43","modified_gmt":"2018-09-28T08:55:43","slug":"grosse-pilzausstellung-im-schwaebischen-wald","status":"publish","type":"post","link":"https:\/\/www.naturparkmagazin.de\/schwaebisch-fraenkischer-wald\/grosse-pilzausstellung-im-schwaebischen-wald\/","title":{"rendered":"Abgesagt: Gro\u00dfe Pilzausstellung im Schw\u00e4bischen Wald"},"content":{"rendered":"<p><strong>Die diesj\u00e4hrig geplante Veranstaltung am 13. und 14. Oktober muss aufgrund des hei\u00dfen Sommers und der trockenen Witterung leider abgesagt werden.<\/strong><\/p>\n<div id=\"attachment_6626\" style=\"width: 510px\" class=\"wp-caption alignright\"><a href=\"https:\/\/www.naturparkmagazin.de\/schwaebisch-fraenkischer-wald\/wp-content\/uploads\/sites\/34\/PA140003.jpg\"><img aria-describedby=\"caption-attachment-6626\" decoding=\"async\" loading=\"lazy\" class=\"size-full wp-image-6626\" src=\"https:\/\/www.naturparkmagazin.de\/schwaebisch-fraenkischer-wald\/wp-content\/uploads\/sites\/34\/PA140003.jpg\" alt=\"Gro\u00dfe Pilzausstellung im Schw\u00e4bischen Wald\" width=\"500\" height=\"300\" srcset=\"https:\/\/www.naturparkmagazin.de\/schwaebisch-fraenkischer-wald\/wp-content\/uploads\/sites\/34\/PA140003.jpg 500w, https:\/\/www.naturparkmagazin.de\/schwaebisch-fraenkischer-wald\/wp-content\/uploads\/sites\/34\/PA140003-300x180.jpg 300w, https:\/\/www.naturparkmagazin.de\/schwaebisch-fraenkischer-wald\/wp-content\/uploads\/sites\/34\/PA140003-200x120.jpg 200w\" sizes=\"(max-width: 500px) 100vw, 500px\" \/><\/a><p id=\"caption-attachment-6626\" class=\"wp-caption-text\">Gro\u00dfe Pilzausstellung im Schw\u00e4bischen Wald<\/p><\/div>\n<p>Verborgene Sch\u00f6nheiten des Schw\u00e4bischen Waldes werden zur Schau gestellt:\u00a0 Ein Stelldichein von Hexenr\u00f6hrling und Rotkappen in Gro\u00dferlach-Grab.<\/p>\n<p>Gro\u00dferlach wird f\u00fcr zwei Tage zum El Dorado f\u00fcr alle Pilzliebhaber und solche, die es noch werden wollen.<\/p>\n<p>Zum dritten Mal werden in einer gro\u00dfen Schau die Pilze des Schw\u00e4bischen Waldes gezeigt. Nicht nur die bekannten Exemplare, wie Steinpilze, Rotkappen und Maronenr\u00f6hrlinge, sondern auch unbekannte Vertreter ihrer Gattung wie der Flockenstielige Hexenr\u00f6hrling oder der Stahlblaue R\u00f6tling werden pr\u00e4sentiert.<\/p>\n<p>Die Veranstalter, die Gemeinde Gro\u00dferlach in Kooperation mit den Pilzsachverst\u00e4ndigen der deutschen Gesellschaft f\u00fcr Mykologie und Naturparkf\u00fchrer Prof. Dr. Manfred Krautter und Beate Siegel haben sich viel vorgenommen. Sie werden mit sch\u00e4tzungsweise mehr als 200 verschiedenen Arten aufwarten. &#8222;Sofern das Wetter mitspielt. Damit wir bis zur Ausstellung noch viele verschiedene Arten finden und sammeln k\u00f6nnen, darf es nicht zu trocken werden&#8220;, so die beiden Pilzsachverst\u00e4ndigen und Naturparkf\u00fchrer Prof. Dr. Manfred Krautter und Beate Siegel.<\/p>\n<p>Besucher haben auch die M\u00f6glichkeit mitgebrachte Pilze bestimmen und begutachten zu lassen. Mehrere Pilzsachverst\u00e4ndige der Deutschen Gesellschaft f\u00fcr Mykologie (DGfM) stehen w\u00e4hrend der Ausstellung Rede und Antwort. Au\u00dferdem wird neben den Gew\u00e4chsen der freien Wildbahn auch das interessante Thema Zuchtpilze und ihre Substrate vorgestellt.<\/p>\n<p>Die bewirtete Veranstaltung findet am Samstag, den 13. Oktober (13.00 &#8211; 18.00 Uhr) und Sonntag, den 14. Oktober 2018 (11.00 &#8211; 18.00 Uhr) in der Schwalbenflughalle in Gro\u00dferlach-Grab statt.<\/p>\n<p>Adresse f\u00fcr&#8217;s Navi: Gro\u00dferlach, Wiesenstr. 5<\/p>\n<p>Weitere Information unter: <a href=\"mailto:Krautter@die-naturparkfuehrer.de\" target=\"_blank\">Krautter@die-naturparkfuehrer.de<\/a> und <a href=\"mailto:Siegel@die-naturparkfuehrer.de\" target=\"_blank\">Siegel@die-naturparkfuehrer.de<\/a><\/p>\n","protected":false},"excerpt":{"rendered":"<p>13.+14.10.: Ausstellung aufgrund des hei\u00dfen Sommers und der trockenen Witterung abgesagt<\/p>\n","protected":false},"author":25,"featured_media":6627,"comment_status":"open","ping_status":"open","sticky":false,"template":"","format":"standard","meta":[],"categories":[11],"tags":[1069],"yoast_head":"<!-- This site is optimized with the Yoast SEO plugin v19.10 - https:\/\/yoast.com\/wordpress\/plugins\/seo\/ -->\n<title>Abgesagt: Gro\u00dfe Pilzausstellung im Schw\u00e4bischen Wald - Naturpark Schw\u00e4bisch-Fr\u00e4nkischer Wald<\/title>\n<meta name=\"robots\" content=\"index, follow, max-snippet:-1, max-image-preview:large, max-video-preview:-1\" \/>\n<link rel=\"canonical\" href=\"https:\/\/www.naturparkmagazin.de\/schwaebisch-fraenkischer-wald\/grosse-pilzausstellung-im-schwaebischen-wald\/\" \/>\n<meta property=\"og:locale\" content=\"de_DE\" \/>\n<meta property=\"og:type\" content=\"article\" \/>\n<meta property=\"og:title\" content=\"Abgesagt: Gro\u00dfe Pilzausstellung im Schw\u00e4bischen Wald - Naturpark Schw\u00e4bisch-Fr\u00e4nkischer Wald\" \/>\n<meta property=\"og:description\" content=\"13.+14.10.: Ausstellung aufgrund des hei\u00dfen Sommers und der trockenen Witterung abgesagt\" \/>\n<meta property=\"og:url\" content=\"https:\/\/www.naturparkmagazin.de\/schwaebisch-fraenkischer-wald\/grosse-pilzausstellung-im-schwaebischen-wald\/\" \/>\n<meta property=\"og:site_name\" content=\"Naturpark Schw\u00e4bisch-Fr\u00e4nkischer Wald\" \/>\n<meta property=\"article:author\" content=\"https:\/\/www.facebook.com\/naturparkSFW\" \/>\n<meta property=\"article:published_time\" content=\"2018-09-17T06:16:00+00:00\" \/>\n<meta property=\"article:modified_time\" content=\"2018-09-28T08:55:43+00:00\" \/>\n<meta property=\"og:image\" content=\"https:\/\/www.naturparkmagazin.de\/schwaebisch-fraenkischer-wald\/wp-content\/uploads\/sites\/34\/PA1400031.jpg\" \/>\n\t<meta property=\"og:image:width\" content=\"200\" \/>\n\t<meta property=\"og:image:height\" content=\"200\" \/>\n\t<meta property=\"og:image:type\" content=\"image\/jpeg\" \/>\n<meta name=\"author\" content=\"Naturpark-Team\" \/>\n<meta name=\"twitter:label1\" content=\"Verfasst von\" \/>\n\t<meta name=\"twitter:data1\" content=\"Naturpark-Team\" \/>\n\t<meta name=\"twitter:label2\" content=\"Gesch\u00e4tzte Lesezeit\" \/>\n\t<meta name=\"twitter:data2\" content=\"1\u00a0Minute\" \/>\n<script type=\"application\/ld+json\" class=\"yoast-schema-graph\">{\"@context\":\"https:\/\/schema.org\",\"@graph\":[{\"@type\":\"WebPage\",\"@id\":\"https:\/\/www.naturparkmagazin.de\/schwaebisch-fraenkischer-wald\/grosse-pilzausstellung-im-schwaebischen-wald\/\",\"url\":\"https:\/\/www.naturparkmagazin.de\/schwaebisch-fraenkischer-wald\/grosse-pilzausstellung-im-schwaebischen-wald\/\",\"name\":\"Abgesagt: Gro\u00dfe Pilzausstellung im Schw\u00e4bischen Wald - Naturpark Schw\u00e4bisch-Fr\u00e4nkischer Wald\",\"isPartOf\":{\"@id\":\"https:\/\/www.naturparkmagazin.de\/schwaebisch-fraenkischer-wald\/#website\"},\"datePublished\":\"2018-09-17T06:16:00+00:00\",\"dateModified\":\"2018-09-28T08:55:43+00:00\",\"author\":{\"@id\":\"https:\/\/www.naturparkmagazin.de\/schwaebisch-fraenkischer-wald\/#\/schema\/person\/f047a3702ae747fd7830cf8ac95e6066\"},\"breadcrumb\":{\"@id\":\"https:\/\/www.naturparkmagazin.de\/schwaebisch-fraenkischer-wald\/grosse-pilzausstellung-im-schwaebischen-wald\/#breadcrumb\"},\"inLanguage\":\"de\",\"potentialAction\":[{\"@type\":\"ReadAction\",\"target\":[\"https:\/\/www.naturparkmagazin.de\/schwaebisch-fraenkischer-wald\/grosse-pilzausstellung-im-schwaebischen-wald\/\"]}]},{\"@type\":\"BreadcrumbList\",\"@id\":\"https:\/\/www.naturparkmagazin.de\/schwaebisch-fraenkischer-wald\/grosse-pilzausstellung-im-schwaebischen-wald\/#breadcrumb\",\"itemListElement\":[{\"@type\":\"ListItem\",\"position\":1,\"name\":\"Home\",\"item\":\"https:\/\/www.naturparkmagazin.de\/schwaebisch-fraenkischer-wald\/\"},{\"@type\":\"ListItem\",\"position\":2,\"name\":\"Abgesagt: Gro\u00dfe Pilzausstellung im Schw\u00e4bischen Wald\"}]},{\"@type\":\"WebSite\",\"@id\":\"https:\/\/www.naturparkmagazin.de\/schwaebisch-fraenkischer-wald\/#website\",\"url\":\"https:\/\/www.naturparkmagazin.de\/schwaebisch-fraenkischer-wald\/\",\"name\":\"Naturpark Schw\u00e4bisch-Fr\u00e4nkischer Wald\",\"description\":\"\",\"potentialAction\":[{\"@type\":\"SearchAction\",\"target\":{\"@type\":\"EntryPoint\",\"urlTemplate\":\"https:\/\/www.naturparkmagazin.de\/schwaebisch-fraenkischer-wald\/?s={search_term_string}\"},\"query-input\":\"required name=search_term_string\"}],\"inLanguage\":\"de\"},{\"@type\":\"Person\",\"@id\":\"https:\/\/www.naturparkmagazin.de\/schwaebisch-fraenkischer-wald\/#\/schema\/person\/f047a3702ae747fd7830cf8ac95e6066\",\"name\":\"Naturpark-Team\",\"sameAs\":[\"http:\/\/www.naturpark-sfw.de\",\"https:\/\/www.facebook.com\/naturparkSFW\"],\"url\":\"https:\/\/www.naturparkmagazin.de\/schwaebisch-fraenkischer-wald\/author\/bernharddrixler\/\"}]}<\/script>\n<!-- \/ Yoast SEO plugin. -->","yoast_head_json":{"title":"Abgesagt: Gro\u00dfe Pilzausstellung im Schw\u00e4bischen Wald - Naturpark Schw\u00e4bisch-Fr\u00e4nkischer Wald","robots":{"index":"index","follow":"follow","max-snippet":"max-snippet:-1","max-image-preview":"max-image-preview:large","max-video-preview":"max-video-preview:-1"},"canonical":"https:\/\/www.naturparkmagazin.de\/schwaebisch-fraenkischer-wald\/grosse-pilzausstellung-im-schwaebischen-wald\/","og_locale":"de_DE","og_type":"article","og_title":"Abgesagt: Gro\u00dfe Pilzausstellung im Schw\u00e4bischen Wald - Naturpark Schw\u00e4bisch-Fr\u00e4nkischer Wald","og_description":"13.+14.10.: Ausstellung aufgrund des hei\u00dfen Sommers und der trockenen Witterung abgesagt","og_url":"https:\/\/www.naturparkmagazin.de\/schwaebisch-fraenkischer-wald\/grosse-pilzausstellung-im-schwaebischen-wald\/","og_site_name":"Naturpark Schw\u00e4bisch-Fr\u00e4nkischer Wald","article_author":"https:\/\/www.facebook.com\/naturparkSFW","article_published_time":"2018-09-17T06:16:00+00:00","article_modified_time":"2018-09-28T08:55:43+00:00","og_image":[{"width":200,"height":200,"url":"https:\/\/www.naturparkmagazin.de\/schwaebisch-fraenkischer-wald\/wp-content\/uploads\/sites\/34\/PA1400031.jpg","type":"image\/jpeg"}],"author":"Naturpark-Team","twitter_misc":{"Verfasst von":"Naturpark-Team","Gesch\u00e4tzte Lesezeit":"1\u00a0Minute"},"schema":{"@context":"https:\/\/schema.org","@graph":[{"@type":"WebPage","@id":"https:\/\/www.naturparkmagazin.de\/schwaebisch-fraenkischer-wald\/grosse-pilzausstellung-im-schwaebischen-wald\/","url":"https:\/\/www.naturparkmagazin.de\/schwaebisch-fraenkischer-wald\/grosse-pilzausstellung-im-schwaebischen-wald\/","name":"Abgesagt: Gro\u00dfe Pilzausstellung im Schw\u00e4bischen Wald - Naturpark Schw\u00e4bisch-Fr\u00e4nkischer Wald","isPartOf":{"@id":"https:\/\/www.naturparkmagazin.de\/schwaebisch-fraenkischer-wald\/#website"},"datePublished":"2018-09-17T06:16:00+00:00","dateModified":"2018-09-28T08:55:43+00:00","author":{"@id":"https:\/\/www.naturparkmagazin.de\/schwaebisch-fraenkischer-wald\/#\/schema\/person\/f047a3702ae747fd7830cf8ac95e6066"},"breadcrumb":{"@id":"https:\/\/www.naturparkmagazin.de\/schwaebisch-fraenkischer-wald\/grosse-pilzausstellung-im-schwaebischen-wald\/#breadcrumb"},"inLanguage":"de","potentialAction":[{"@type":"ReadAction","target":["https:\/\/www.naturparkmagazin.de\/schwaebisch-fraenkischer-wald\/grosse-pilzausstellung-im-schwaebischen-wald\/"]}]},{"@type":"BreadcrumbList","@id":"https:\/\/www.naturparkmagazin.de\/schwaebisch-fraenkischer-wald\/grosse-pilzausstellung-im-schwaebischen-wald\/#breadcrumb","itemListElement":[{"@type":"ListItem","position":1,"name":"Home","item":"https:\/\/www.naturparkmagazin.de\/schwaebisch-fraenkischer-wald\/"},{"@type":"ListItem","position":2,"name":"Abgesagt: Gro\u00dfe Pilzausstellung im Schw\u00e4bischen Wald"}]},{"@type":"WebSite","@id":"https:\/\/www.naturparkmagazin.de\/schwaebisch-fraenkischer-wald\/#website","url":"https:\/\/www.naturparkmagazin.de\/schwaebisch-fraenkischer-wald\/","name":"Naturpark Schw\u00e4bisch-Fr\u00e4nkischer Wald","description":"","potentialAction":[{"@type":"SearchAction","target":{"@type":"EntryPoint","urlTemplate":"https:\/\/www.naturparkmagazin.de\/schwaebisch-fraenkischer-wald\/?s={search_term_string}"},"query-input":"required name=search_term_string"}],"inLanguage":"de"},{"@type":"Person","@id":"https:\/\/www.naturparkmagazin.de\/schwaebisch-fraenkischer-wald\/#\/schema\/person\/f047a3702ae747fd7830cf8ac95e6066","name":"Naturpark-Team","sameAs":["http:\/\/www.naturpark-sfw.de","https:\/\/www.facebook.com\/naturparkSFW"],"url":"https:\/\/www.naturparkmagazin.de\/schwaebisch-fraenkischer-wald\/author\/bernharddrixler\/"}]}},"_links":{"self":[{"href":"https:\/\/www.naturparkmagazin.de\/schwaebisch-fraenkischer-wald\/wp-json\/wp\/v2\/posts\/6625"}],"collection":[{"href":"https:\/\/www.naturparkmagazin.de\/schwaebisch-fraenkischer-wald\/wp-json\/wp\/v2\/posts"}],"about":[{"href":"https:\/\/www.naturparkmagazin.de\/schwaebisch-fraenkischer-wald\/wp-json\/wp\/v2\/types\/post"}],"author":[{"embeddable":true,"href":"https:\/\/www.naturparkmagazin.de\/schwaebisch-fraenkischer-wald\/wp-json\/wp\/v2\/users\/25"}],"replies":[{"embeddable":true,"href":"https:\/\/www.naturparkmagazin.de\/schwaebisch-fraenkischer-wald\/wp-json\/wp\/v2\/comments?post=6625"}],"version-history":[{"count":3,"href":"https:\/\/www.naturparkmagazin.de\/schwaebisch-fraenkischer-wald\/wp-json\/wp\/v2\/posts\/6625\/revisions"}],"predecessor-version":[{"id":6713,"href":"https:\/\/www.naturparkmagazin.de\/schwaebisch-fraenkischer-wald\/wp-json\/wp\/v2\/posts\/6625\/revisions\/6713"}],"wp:featuredmedia":[{"embeddable":true,"href":"https:\/\/www.naturparkmagazin.de\/schwaebisch-fraenkischer-wald\/wp-json\/wp\/v2\/media\/6627"}],"wp:attachment":[{"href":"https:\/\/www.naturparkmagazin.de\/schwaebisch-fraenkischer-wald\/wp-json\/wp\/v2\/media?parent=6625"}],"wp:term":[{"taxonomy":"category","embeddable":true,"href":"https:\/\/www.naturparkmagazin.de\/schwaebisch-fraenkischer-wald\/wp-json\/wp\/v2\/categories?post=6625"},{"taxonomy":"post_tag","embeddable":true,"href":"https:\/\/www.naturparkmagazin.de\/schwaebisch-fraenkischer-wald\/wp-json\/wp\/v2\/tags?post=6625"}],"curies":[{"name":"wp","href":"https:\/\/api.w.org\/{rel}","templated":true}]}}