{"id":6733,"date":"2018-10-18T11:19:41","date_gmt":"2018-10-18T09:19:41","guid":{"rendered":"https:\/\/www.naturparkmagazin.de\/schwaebisch-fraenkischer-wald\/?p=6733"},"modified":"2018-10-15T11:24:12","modified_gmt":"2018-10-15T09:24:12","slug":"abschluss-der-ersten-seminarreihe-zum-bluehenden-naturpark","status":"publish","type":"post","link":"https:\/\/www.naturparkmagazin.de\/schwaebisch-fraenkischer-wald\/abschluss-der-ersten-seminarreihe-zum-bluehenden-naturpark\/","title":{"rendered":"Abschluss der ersten Seminarreihe zum \u201eBl\u00fchenden Naturpark\u201c"},"content":{"rendered":"<p>Ende September fand f\u00fcr die ersten zehn teilnehmenden Naturparkgemeinden das zun\u00e4chst letzte Seminar zum \u201eBl\u00fchenden Naturpark\u201c statt.<\/p>\n<div id=\"attachment_6734\" style=\"width: 510px\" class=\"wp-caption alignright\"><a href=\"https:\/\/www.naturparkmagazin.de\/schwaebisch-fraenkischer-wald\/wp-content\/uploads\/sites\/34\/180925_Bluehender_NP_Seminar_Pflege_II-67.jpg\"><img aria-describedby=\"caption-attachment-6734\" decoding=\"async\" loading=\"lazy\" class=\"size-full wp-image-6734\" src=\"https:\/\/www.naturparkmagazin.de\/schwaebisch-fraenkischer-wald\/wp-content\/uploads\/sites\/34\/180925_Bluehender_NP_Seminar_Pflege_II-67.jpg\" alt=\"Seminarreihe zum \u201eBl\u00fchenden Naturpark\u201c\" width=\"500\" height=\"300\" srcset=\"https:\/\/www.naturparkmagazin.de\/schwaebisch-fraenkischer-wald\/wp-content\/uploads\/sites\/34\/180925_Bluehender_NP_Seminar_Pflege_II-67.jpg 500w, https:\/\/www.naturparkmagazin.de\/schwaebisch-fraenkischer-wald\/wp-content\/uploads\/sites\/34\/180925_Bluehender_NP_Seminar_Pflege_II-67-300x180.jpg 300w, https:\/\/www.naturparkmagazin.de\/schwaebisch-fraenkischer-wald\/wp-content\/uploads\/sites\/34\/180925_Bluehender_NP_Seminar_Pflege_II-67-200x120.jpg 200w\" sizes=\"(max-width: 500px) 100vw, 500px\" \/><\/a><p id=\"caption-attachment-6734\" class=\"wp-caption-text\">Seminarreihe zum \u201eBl\u00fchenden Naturpark\u201c<\/p><\/div>\n<p>Zusammen mit der Projektkoordinatorin Lisa-Marie Funke und den Dipl. Biologen Karin und Martin Wei\u00df wurden die angelegten Fl\u00e4chen in der Theorie besprochen und in der Praxis begutachtet. Auch Julia Mack, die Projektmanagerin der landesweiten Kampagne \u201eBl\u00fchende Naturparke\u201c, nahm am Seminar teil.<\/p>\n<p>Ein gro\u00dfes Lob wurde an alle beteiligten Bauhofmitarbeiter ausgesprochen, die in diesem Jahr die ersten Fl\u00e4chen angelegt und gepflegt haben. Zwar konnten sich einige Fl\u00e4chen aufgrund der trockenen Witterung bisher nur zaghaft entwickeln. Bei der Etablierung von mehrj\u00e4hrigen Bl\u00fchwiesen ist neben der sachgerechten Pflege jedoch vor allem eines notwendig: Geduld.<\/p>\n<p>Im Fr\u00fchjahr 2019 sollen nun neue Fl\u00e4chen einges\u00e4t werden, sodass sich der Anteil an naturnahen Bereichen in den Gemeinden nach und nach erh\u00f6ht. Der Naturpark unterst\u00fctzt die Gemeinden weiterhin bei der Fl\u00e4chenauswahl und Saatgutbestellung.<\/p>\n<p>F\u00fcr die Seminare 2019 haben sich sechs neue Gemeinden angemeldet: Auenwald, Gaildorf, Mainhardt, Rosengarten, Rudersberg, W\u00fcstenrot. Herzlich Willkommen im Kreis der aufbl\u00fchenden Gemeinden!<\/p>\n","protected":false},"excerpt":{"rendered":"<p>Aufbl\u00fchende Gemeinden im Naturpark<\/p>\n","protected":false},"author":25,"featured_media":6735,"comment_status":"open","ping_status":"open","sticky":false,"template":"","format":"standard","meta":[],"categories":[7],"tags":[1069],"yoast_head":"<!-- This site is optimized with the Yoast SEO plugin v19.10 - https:\/\/yoast.com\/wordpress\/plugins\/seo\/ -->\n<title>Abschluss der ersten Seminarreihe zum \u201eBl\u00fchenden Naturpark\u201c - Naturpark Schw\u00e4bisch-Fr\u00e4nkischer Wald<\/title>\n<meta name=\"robots\" content=\"index, follow, max-snippet:-1, max-image-preview:large, max-video-preview:-1\" \/>\n<link rel=\"canonical\" href=\"https:\/\/www.naturparkmagazin.de\/schwaebisch-fraenkischer-wald\/abschluss-der-ersten-seminarreihe-zum-bluehenden-naturpark\/\" \/>\n<meta property=\"og:locale\" content=\"de_DE\" \/>\n<meta property=\"og:type\" content=\"article\" \/>\n<meta property=\"og:title\" content=\"Abschluss der ersten Seminarreihe zum \u201eBl\u00fchenden Naturpark\u201c - Naturpark Schw\u00e4bisch-Fr\u00e4nkischer Wald\" \/>\n<meta property=\"og:description\" content=\"Aufbl\u00fchende Gemeinden im Naturpark\" \/>\n<meta property=\"og:url\" content=\"https:\/\/www.naturparkmagazin.de\/schwaebisch-fraenkischer-wald\/abschluss-der-ersten-seminarreihe-zum-bluehenden-naturpark\/\" \/>\n<meta property=\"og:site_name\" content=\"Naturpark Schw\u00e4bisch-Fr\u00e4nkischer Wald\" \/>\n<meta property=\"article:author\" content=\"https:\/\/www.facebook.com\/naturparkSFW\" \/>\n<meta property=\"article:published_time\" content=\"2018-10-18T09:19:41+00:00\" \/>\n<meta property=\"article:modified_time\" content=\"2018-10-15T09:24:12+00:00\" \/>\n<meta property=\"og:image\" content=\"https:\/\/www.naturparkmagazin.de\/schwaebisch-fraenkischer-wald\/wp-content\/uploads\/sites\/34\/180925_Bluehender_NP_Seminar_Pflege_II-671.jpg\" \/>\n\t<meta property=\"og:image:width\" content=\"200\" \/>\n\t<meta property=\"og:image:height\" content=\"200\" \/>\n\t<meta property=\"og:image:type\" content=\"image\/jpeg\" \/>\n<meta name=\"author\" content=\"Naturpark-Team\" \/>\n<meta name=\"twitter:label1\" content=\"Verfasst von\" \/>\n\t<meta name=\"twitter:data1\" content=\"Naturpark-Team\" \/>\n\t<meta name=\"twitter:label2\" content=\"Gesch\u00e4tzte Lesezeit\" \/>\n\t<meta name=\"twitter:data2\" content=\"1\u00a0Minute\" \/>\n<script type=\"application\/ld+json\" class=\"yoast-schema-graph\">{\"@context\":\"https:\/\/schema.org\",\"@graph\":[{\"@type\":\"WebPage\",\"@id\":\"https:\/\/www.naturparkmagazin.de\/schwaebisch-fraenkischer-wald\/abschluss-der-ersten-seminarreihe-zum-bluehenden-naturpark\/\",\"url\":\"https:\/\/www.naturparkmagazin.de\/schwaebisch-fraenkischer-wald\/abschluss-der-ersten-seminarreihe-zum-bluehenden-naturpark\/\",\"name\":\"Abschluss der ersten Seminarreihe zum \u201eBl\u00fchenden Naturpark\u201c - Naturpark Schw\u00e4bisch-Fr\u00e4nkischer Wald\",\"isPartOf\":{\"@id\":\"https:\/\/www.naturparkmagazin.de\/schwaebisch-fraenkischer-wald\/#website\"},\"datePublished\":\"2018-10-18T09:19:41+00:00\",\"dateModified\":\"2018-10-15T09:24:12+00:00\",\"author\":{\"@id\":\"https:\/\/www.naturparkmagazin.de\/schwaebisch-fraenkischer-wald\/#\/schema\/person\/f047a3702ae747fd7830cf8ac95e6066\"},\"breadcrumb\":{\"@id\":\"https:\/\/www.naturparkmagazin.de\/schwaebisch-fraenkischer-wald\/abschluss-der-ersten-seminarreihe-zum-bluehenden-naturpark\/#breadcrumb\"},\"inLanguage\":\"de\",\"potentialAction\":[{\"@type\":\"ReadAction\",\"target\":[\"https:\/\/www.naturparkmagazin.de\/schwaebisch-fraenkischer-wald\/abschluss-der-ersten-seminarreihe-zum-bluehenden-naturpark\/\"]}]},{\"@type\":\"BreadcrumbList\",\"@id\":\"https:\/\/www.naturparkmagazin.de\/schwaebisch-fraenkischer-wald\/abschluss-der-ersten-seminarreihe-zum-bluehenden-naturpark\/#breadcrumb\",\"itemListElement\":[{\"@type\":\"ListItem\",\"position\":1,\"name\":\"Home\",\"item\":\"https:\/\/www.naturparkmagazin.de\/schwaebisch-fraenkischer-wald\/\"},{\"@type\":\"ListItem\",\"position\":2,\"name\":\"Abschluss der ersten Seminarreihe zum \u201eBl\u00fchenden Naturpark\u201c\"}]},{\"@type\":\"WebSite\",\"@id\":\"https:\/\/www.naturparkmagazin.de\/schwaebisch-fraenkischer-wald\/#website\",\"url\":\"https:\/\/www.naturparkmagazin.de\/schwaebisch-fraenkischer-wald\/\",\"name\":\"Naturpark Schw\u00e4bisch-Fr\u00e4nkischer Wald\",\"description\":\"\",\"potentialAction\":[{\"@type\":\"SearchAction\",\"target\":{\"@type\":\"EntryPoint\",\"urlTemplate\":\"https:\/\/www.naturparkmagazin.de\/schwaebisch-fraenkischer-wald\/?s={search_term_string}\"},\"query-input\":\"required name=search_term_string\"}],\"inLanguage\":\"de\"},{\"@type\":\"Person\",\"@id\":\"https:\/\/www.naturparkmagazin.de\/schwaebisch-fraenkischer-wald\/#\/schema\/person\/f047a3702ae747fd7830cf8ac95e6066\",\"name\":\"Naturpark-Team\",\"sameAs\":[\"http:\/\/www.naturpark-sfw.de\",\"https:\/\/www.facebook.com\/naturparkSFW\"],\"url\":\"https:\/\/www.naturparkmagazin.de\/schwaebisch-fraenkischer-wald\/author\/bernharddrixler\/\"}]}<\/script>\n<!-- \/ Yoast SEO plugin. -->","yoast_head_json":{"title":"Abschluss der ersten Seminarreihe zum \u201eBl\u00fchenden Naturpark\u201c - Naturpark Schw\u00e4bisch-Fr\u00e4nkischer Wald","robots":{"index":"index","follow":"follow","max-snippet":"max-snippet:-1","max-image-preview":"max-image-preview:large","max-video-preview":"max-video-preview:-1"},"canonical":"https:\/\/www.naturparkmagazin.de\/schwaebisch-fraenkischer-wald\/abschluss-der-ersten-seminarreihe-zum-bluehenden-naturpark\/","og_locale":"de_DE","og_type":"article","og_title":"Abschluss der ersten Seminarreihe zum \u201eBl\u00fchenden Naturpark\u201c - Naturpark Schw\u00e4bisch-Fr\u00e4nkischer Wald","og_description":"Aufbl\u00fchende Gemeinden im Naturpark","og_url":"https:\/\/www.naturparkmagazin.de\/schwaebisch-fraenkischer-wald\/abschluss-der-ersten-seminarreihe-zum-bluehenden-naturpark\/","og_site_name":"Naturpark Schw\u00e4bisch-Fr\u00e4nkischer Wald","article_author":"https:\/\/www.facebook.com\/naturparkSFW","article_published_time":"2018-10-18T09:19:41+00:00","article_modified_time":"2018-10-15T09:24:12+00:00","og_image":[{"width":200,"height":200,"url":"https:\/\/www.naturparkmagazin.de\/schwaebisch-fraenkischer-wald\/wp-content\/uploads\/sites\/34\/180925_Bluehender_NP_Seminar_Pflege_II-671.jpg","type":"image\/jpeg"}],"author":"Naturpark-Team","twitter_misc":{"Verfasst von":"Naturpark-Team","Gesch\u00e4tzte Lesezeit":"1\u00a0Minute"},"schema":{"@context":"https:\/\/schema.org","@graph":[{"@type":"WebPage","@id":"https:\/\/www.naturparkmagazin.de\/schwaebisch-fraenkischer-wald\/abschluss-der-ersten-seminarreihe-zum-bluehenden-naturpark\/","url":"https:\/\/www.naturparkmagazin.de\/schwaebisch-fraenkischer-wald\/abschluss-der-ersten-seminarreihe-zum-bluehenden-naturpark\/","name":"Abschluss der ersten Seminarreihe zum \u201eBl\u00fchenden Naturpark\u201c - Naturpark Schw\u00e4bisch-Fr\u00e4nkischer Wald","isPartOf":{"@id":"https:\/\/www.naturparkmagazin.de\/schwaebisch-fraenkischer-wald\/#website"},"datePublished":"2018-10-18T09:19:41+00:00","dateModified":"2018-10-15T09:24:12+00:00","author":{"@id":"https:\/\/www.naturparkmagazin.de\/schwaebisch-fraenkischer-wald\/#\/schema\/person\/f047a3702ae747fd7830cf8ac95e6066"},"breadcrumb":{"@id":"https:\/\/www.naturparkmagazin.de\/schwaebisch-fraenkischer-wald\/abschluss-der-ersten-seminarreihe-zum-bluehenden-naturpark\/#breadcrumb"},"inLanguage":"de","potentialAction":[{"@type":"ReadAction","target":["https:\/\/www.naturparkmagazin.de\/schwaebisch-fraenkischer-wald\/abschluss-der-ersten-seminarreihe-zum-bluehenden-naturpark\/"]}]},{"@type":"BreadcrumbList","@id":"https:\/\/www.naturparkmagazin.de\/schwaebisch-fraenkischer-wald\/abschluss-der-ersten-seminarreihe-zum-bluehenden-naturpark\/#breadcrumb","itemListElement":[{"@type":"ListItem","position":1,"name":"Home","item":"https:\/\/www.naturparkmagazin.de\/schwaebisch-fraenkischer-wald\/"},{"@type":"ListItem","position":2,"name":"Abschluss der ersten Seminarreihe zum \u201eBl\u00fchenden Naturpark\u201c"}]},{"@type":"WebSite","@id":"https:\/\/www.naturparkmagazin.de\/schwaebisch-fraenkischer-wald\/#website","url":"https:\/\/www.naturparkmagazin.de\/schwaebisch-fraenkischer-wald\/","name":"Naturpark Schw\u00e4bisch-Fr\u00e4nkischer Wald","description":"","potentialAction":[{"@type":"SearchAction","target":{"@type":"EntryPoint","urlTemplate":"https:\/\/www.naturparkmagazin.de\/schwaebisch-fraenkischer-wald\/?s={search_term_string}"},"query-input":"required name=search_term_string"}],"inLanguage":"de"},{"@type":"Person","@id":"https:\/\/www.naturparkmagazin.de\/schwaebisch-fraenkischer-wald\/#\/schema\/person\/f047a3702ae747fd7830cf8ac95e6066","name":"Naturpark-Team","sameAs":["http:\/\/www.naturpark-sfw.de","https:\/\/www.facebook.com\/naturparkSFW"],"url":"https:\/\/www.naturparkmagazin.de\/schwaebisch-fraenkischer-wald\/author\/bernharddrixler\/"}]}},"_links":{"self":[{"href":"https:\/\/www.naturparkmagazin.de\/schwaebisch-fraenkischer-wald\/wp-json\/wp\/v2\/posts\/6733"}],"collection":[{"href":"https:\/\/www.naturparkmagazin.de\/schwaebisch-fraenkischer-wald\/wp-json\/wp\/v2\/posts"}],"about":[{"href":"https:\/\/www.naturparkmagazin.de\/schwaebisch-fraenkischer-wald\/wp-json\/wp\/v2\/types\/post"}],"author":[{"embeddable":true,"href":"https:\/\/www.naturparkmagazin.de\/schwaebisch-fraenkischer-wald\/wp-json\/wp\/v2\/users\/25"}],"replies":[{"embeddable":true,"href":"https:\/\/www.naturparkmagazin.de\/schwaebisch-fraenkischer-wald\/wp-json\/wp\/v2\/comments?post=6733"}],"version-history":[{"count":1,"href":"https:\/\/www.naturparkmagazin.de\/schwaebisch-fraenkischer-wald\/wp-json\/wp\/v2\/posts\/6733\/revisions"}],"predecessor-version":[{"id":6736,"href":"https:\/\/www.naturparkmagazin.de\/schwaebisch-fraenkischer-wald\/wp-json\/wp\/v2\/posts\/6733\/revisions\/6736"}],"wp:featuredmedia":[{"embeddable":true,"href":"https:\/\/www.naturparkmagazin.de\/schwaebisch-fraenkischer-wald\/wp-json\/wp\/v2\/media\/6735"}],"wp:attachment":[{"href":"https:\/\/www.naturparkmagazin.de\/schwaebisch-fraenkischer-wald\/wp-json\/wp\/v2\/media?parent=6733"}],"wp:term":[{"taxonomy":"category","embeddable":true,"href":"https:\/\/www.naturparkmagazin.de\/schwaebisch-fraenkischer-wald\/wp-json\/wp\/v2\/categories?post=6733"},{"taxonomy":"post_tag","embeddable":true,"href":"https:\/\/www.naturparkmagazin.de\/schwaebisch-fraenkischer-wald\/wp-json\/wp\/v2\/tags?post=6733"}],"curies":[{"name":"wp","href":"https:\/\/api.w.org\/{rel}","templated":true}]}}