{"id":6737,"date":"2018-10-18T11:24:33","date_gmt":"2018-10-18T09:24:33","guid":{"rendered":"https:\/\/www.naturparkmagazin.de\/schwaebisch-fraenkischer-wald\/?p=6737"},"modified":"2018-10-15T11:29:38","modified_gmt":"2018-10-15T09:29:38","slug":"vorbereitungen-zum-jubilaeumsjahr-laufen","status":"publish","type":"post","link":"https:\/\/www.naturparkmagazin.de\/schwaebisch-fraenkischer-wald\/vorbereitungen-zum-jubilaeumsjahr-laufen\/","title":{"rendered":"Vorbereitungen zum Jubil\u00e4umsjahr laufen"},"content":{"rendered":"<p>Das 40j\u00e4hrige Naturparkjubil\u00e4um r\u00fcckt n\u00e4her!<\/p>\n<div id=\"attachment_6738\" style=\"width: 310px\" class=\"wp-caption alignright\"><a href=\"https:\/\/www.naturparkmagazin.de\/schwaebisch-fraenkischer-wald\/wp-content\/uploads\/sites\/34\/19_NPSFW_Jubilaeum_Flyer_Titel.jpg\"><img aria-describedby=\"caption-attachment-6738\" decoding=\"async\" loading=\"lazy\" class=\"size-full wp-image-6738\" src=\"https:\/\/www.naturparkmagazin.de\/schwaebisch-fraenkischer-wald\/wp-content\/uploads\/sites\/34\/19_NPSFW_Jubilaeum_Flyer_Titel.jpg\" alt=\"Der Naturpark Schw\u00e4bisch-Fr\u00e4nkischer Wald kommt 2019 ins Schwabenalter\" width=\"300\" height=\"500\" srcset=\"https:\/\/www.naturparkmagazin.de\/schwaebisch-fraenkischer-wald\/wp-content\/uploads\/sites\/34\/19_NPSFW_Jubilaeum_Flyer_Titel.jpg 300w, https:\/\/www.naturparkmagazin.de\/schwaebisch-fraenkischer-wald\/wp-content\/uploads\/sites\/34\/19_NPSFW_Jubilaeum_Flyer_Titel-200x333.jpg 200w\" sizes=\"(max-width: 300px) 100vw, 300px\" \/><\/a><p id=\"caption-attachment-6738\" class=\"wp-caption-text\">Der Naturpark Schw\u00e4bisch-Fr\u00e4nkischer Wald kommt ins Schwabenalter<\/p><\/div>\n<p>Um den Menschen aus der Region schon einmal auf das kommende Jahr vorzubereiten, werden in einem Jubil\u00e4umsflyer die Themen der geplanten Veranstaltungen vorgestellt. Die Vielfalt des Naturparks wird unter diesen Mottos pr\u00e4sentiert:<\/p>\n<ul>\n<li>Naturpark feiert<\/li>\n<li>Naturpark bl\u00fcht<\/li>\n<li>Naturpark bewegt<\/li>\n<li>Naturpark erz\u00e4hlt<\/li>\n<li>Naturpark klingt<\/li>\n<li>Naturpark schmeckt<\/li>\n<\/ul>\n<p>Den Flyer k\u00f6nnen Sie auf der Homepage des Naturparks herunterladen: <a href=\"http:\/\/www.naturpark-sfw.de\" target=\"_blank\">www.naturpark-sfw.de<\/a><\/p>\n<p>Weiterhin wurden sechs verschiedene Postkartenmotive erstellt, die auf das Jubil\u00e4umsjahr hinweisen. Diese werden im Rahmen von Veranstaltungen verteilt. Die Imagefilme des Naturparks nehmen ebenfalls langsam Gestalt an und sollen im Rahmen der Er\u00f6ffnungsveranstaltung im Rahmen der \u201eWinterkulturtage\u201c gezeigt werden.<\/p>\n<p>Eine umfangreiche Veranstaltungsbrosch\u00fcre mit allen Terminen wird nun \u00fcber den Winter erarbeitet, sodass sich alle Naturparkbegeisterten sich bereits Anfang kommenden Jahres ihre pers\u00f6nlichen Veranstaltungshighlights vormerken k\u00f6nnen!<\/p>\n","protected":false},"excerpt":{"rendered":"<p>2019 feiern wir: 40 Jahre Naturpark Schw\u00e4bisch-Fr\u00e4nkischer Wald!<\/p>\n","protected":false},"author":25,"featured_media":6739,"comment_status":"open","ping_status":"open","sticky":false,"template":"","format":"standard","meta":[],"categories":[7],"tags":[1069],"yoast_head":"<!-- This site is optimized with the Yoast SEO plugin v19.10 - https:\/\/yoast.com\/wordpress\/plugins\/seo\/ -->\n<title>Vorbereitungen zum Jubil\u00e4umsjahr laufen - Naturpark Schw\u00e4bisch-Fr\u00e4nkischer Wald<\/title>\n<meta name=\"robots\" content=\"index, follow, max-snippet:-1, max-image-preview:large, max-video-preview:-1\" \/>\n<link rel=\"canonical\" href=\"https:\/\/www.naturparkmagazin.de\/schwaebisch-fraenkischer-wald\/vorbereitungen-zum-jubilaeumsjahr-laufen\/\" \/>\n<meta property=\"og:locale\" content=\"de_DE\" \/>\n<meta property=\"og:type\" content=\"article\" \/>\n<meta property=\"og:title\" content=\"Vorbereitungen zum Jubil\u00e4umsjahr laufen - Naturpark Schw\u00e4bisch-Fr\u00e4nkischer Wald\" \/>\n<meta property=\"og:description\" content=\"2019 feiern wir: 40 Jahre Naturpark Schw\u00e4bisch-Fr\u00e4nkischer Wald!\" \/>\n<meta property=\"og:url\" content=\"https:\/\/www.naturparkmagazin.de\/schwaebisch-fraenkischer-wald\/vorbereitungen-zum-jubilaeumsjahr-laufen\/\" \/>\n<meta property=\"og:site_name\" content=\"Naturpark Schw\u00e4bisch-Fr\u00e4nkischer Wald\" \/>\n<meta property=\"article:author\" content=\"https:\/\/www.facebook.com\/naturparkSFW\" \/>\n<meta property=\"article:published_time\" content=\"2018-10-18T09:24:33+00:00\" \/>\n<meta property=\"article:modified_time\" content=\"2018-10-15T09:29:38+00:00\" \/>\n<meta property=\"og:image\" content=\"https:\/\/www.naturparkmagazin.de\/schwaebisch-fraenkischer-wald\/wp-content\/uploads\/sites\/34\/19_NPSFW_Jubilaeum_Flyer_Titel1.jpg\" \/>\n\t<meta property=\"og:image:width\" content=\"200\" \/>\n\t<meta property=\"og:image:height\" content=\"200\" \/>\n\t<meta property=\"og:image:type\" content=\"image\/jpeg\" \/>\n<meta name=\"author\" content=\"Naturpark-Team\" \/>\n<meta name=\"twitter:label1\" content=\"Verfasst von\" \/>\n\t<meta name=\"twitter:data1\" content=\"Naturpark-Team\" \/>\n\t<meta name=\"twitter:label2\" content=\"Gesch\u00e4tzte Lesezeit\" \/>\n\t<meta name=\"twitter:data2\" content=\"1\u00a0Minute\" \/>\n<script type=\"application\/ld+json\" class=\"yoast-schema-graph\">{\"@context\":\"https:\/\/schema.org\",\"@graph\":[{\"@type\":\"WebPage\",\"@id\":\"https:\/\/www.naturparkmagazin.de\/schwaebisch-fraenkischer-wald\/vorbereitungen-zum-jubilaeumsjahr-laufen\/\",\"url\":\"https:\/\/www.naturparkmagazin.de\/schwaebisch-fraenkischer-wald\/vorbereitungen-zum-jubilaeumsjahr-laufen\/\",\"name\":\"Vorbereitungen zum Jubil\u00e4umsjahr laufen - Naturpark Schw\u00e4bisch-Fr\u00e4nkischer Wald\",\"isPartOf\":{\"@id\":\"https:\/\/www.naturparkmagazin.de\/schwaebisch-fraenkischer-wald\/#website\"},\"datePublished\":\"2018-10-18T09:24:33+00:00\",\"dateModified\":\"2018-10-15T09:29:38+00:00\",\"author\":{\"@id\":\"https:\/\/www.naturparkmagazin.de\/schwaebisch-fraenkischer-wald\/#\/schema\/person\/f047a3702ae747fd7830cf8ac95e6066\"},\"breadcrumb\":{\"@id\":\"https:\/\/www.naturparkmagazin.de\/schwaebisch-fraenkischer-wald\/vorbereitungen-zum-jubilaeumsjahr-laufen\/#breadcrumb\"},\"inLanguage\":\"de\",\"potentialAction\":[{\"@type\":\"ReadAction\",\"target\":[\"https:\/\/www.naturparkmagazin.de\/schwaebisch-fraenkischer-wald\/vorbereitungen-zum-jubilaeumsjahr-laufen\/\"]}]},{\"@type\":\"BreadcrumbList\",\"@id\":\"https:\/\/www.naturparkmagazin.de\/schwaebisch-fraenkischer-wald\/vorbereitungen-zum-jubilaeumsjahr-laufen\/#breadcrumb\",\"itemListElement\":[{\"@type\":\"ListItem\",\"position\":1,\"name\":\"Home\",\"item\":\"https:\/\/www.naturparkmagazin.de\/schwaebisch-fraenkischer-wald\/\"},{\"@type\":\"ListItem\",\"position\":2,\"name\":\"Vorbereitungen zum Jubil\u00e4umsjahr laufen\"}]},{\"@type\":\"WebSite\",\"@id\":\"https:\/\/www.naturparkmagazin.de\/schwaebisch-fraenkischer-wald\/#website\",\"url\":\"https:\/\/www.naturparkmagazin.de\/schwaebisch-fraenkischer-wald\/\",\"name\":\"Naturpark Schw\u00e4bisch-Fr\u00e4nkischer Wald\",\"description\":\"\",\"potentialAction\":[{\"@type\":\"SearchAction\",\"target\":{\"@type\":\"EntryPoint\",\"urlTemplate\":\"https:\/\/www.naturparkmagazin.de\/schwaebisch-fraenkischer-wald\/?s={search_term_string}\"},\"query-input\":\"required name=search_term_string\"}],\"inLanguage\":\"de\"},{\"@type\":\"Person\",\"@id\":\"https:\/\/www.naturparkmagazin.de\/schwaebisch-fraenkischer-wald\/#\/schema\/person\/f047a3702ae747fd7830cf8ac95e6066\",\"name\":\"Naturpark-Team\",\"sameAs\":[\"http:\/\/www.naturpark-sfw.de\",\"https:\/\/www.facebook.com\/naturparkSFW\"],\"url\":\"https:\/\/www.naturparkmagazin.de\/schwaebisch-fraenkischer-wald\/author\/bernharddrixler\/\"}]}<\/script>\n<!-- \/ Yoast SEO plugin. -->","yoast_head_json":{"title":"Vorbereitungen zum Jubil\u00e4umsjahr laufen - Naturpark Schw\u00e4bisch-Fr\u00e4nkischer Wald","robots":{"index":"index","follow":"follow","max-snippet":"max-snippet:-1","max-image-preview":"max-image-preview:large","max-video-preview":"max-video-preview:-1"},"canonical":"https:\/\/www.naturparkmagazin.de\/schwaebisch-fraenkischer-wald\/vorbereitungen-zum-jubilaeumsjahr-laufen\/","og_locale":"de_DE","og_type":"article","og_title":"Vorbereitungen zum Jubil\u00e4umsjahr laufen - Naturpark Schw\u00e4bisch-Fr\u00e4nkischer Wald","og_description":"2019 feiern wir: 40 Jahre Naturpark Schw\u00e4bisch-Fr\u00e4nkischer Wald!","og_url":"https:\/\/www.naturparkmagazin.de\/schwaebisch-fraenkischer-wald\/vorbereitungen-zum-jubilaeumsjahr-laufen\/","og_site_name":"Naturpark Schw\u00e4bisch-Fr\u00e4nkischer Wald","article_author":"https:\/\/www.facebook.com\/naturparkSFW","article_published_time":"2018-10-18T09:24:33+00:00","article_modified_time":"2018-10-15T09:29:38+00:00","og_image":[{"width":200,"height":200,"url":"https:\/\/www.naturparkmagazin.de\/schwaebisch-fraenkischer-wald\/wp-content\/uploads\/sites\/34\/19_NPSFW_Jubilaeum_Flyer_Titel1.jpg","type":"image\/jpeg"}],"author":"Naturpark-Team","twitter_misc":{"Verfasst von":"Naturpark-Team","Gesch\u00e4tzte Lesezeit":"1\u00a0Minute"},"schema":{"@context":"https:\/\/schema.org","@graph":[{"@type":"WebPage","@id":"https:\/\/www.naturparkmagazin.de\/schwaebisch-fraenkischer-wald\/vorbereitungen-zum-jubilaeumsjahr-laufen\/","url":"https:\/\/www.naturparkmagazin.de\/schwaebisch-fraenkischer-wald\/vorbereitungen-zum-jubilaeumsjahr-laufen\/","name":"Vorbereitungen zum Jubil\u00e4umsjahr laufen - Naturpark Schw\u00e4bisch-Fr\u00e4nkischer Wald","isPartOf":{"@id":"https:\/\/www.naturparkmagazin.de\/schwaebisch-fraenkischer-wald\/#website"},"datePublished":"2018-10-18T09:24:33+00:00","dateModified":"2018-10-15T09:29:38+00:00","author":{"@id":"https:\/\/www.naturparkmagazin.de\/schwaebisch-fraenkischer-wald\/#\/schema\/person\/f047a3702ae747fd7830cf8ac95e6066"},"breadcrumb":{"@id":"https:\/\/www.naturparkmagazin.de\/schwaebisch-fraenkischer-wald\/vorbereitungen-zum-jubilaeumsjahr-laufen\/#breadcrumb"},"inLanguage":"de","potentialAction":[{"@type":"ReadAction","target":["https:\/\/www.naturparkmagazin.de\/schwaebisch-fraenkischer-wald\/vorbereitungen-zum-jubilaeumsjahr-laufen\/"]}]},{"@type":"BreadcrumbList","@id":"https:\/\/www.naturparkmagazin.de\/schwaebisch-fraenkischer-wald\/vorbereitungen-zum-jubilaeumsjahr-laufen\/#breadcrumb","itemListElement":[{"@type":"ListItem","position":1,"name":"Home","item":"https:\/\/www.naturparkmagazin.de\/schwaebisch-fraenkischer-wald\/"},{"@type":"ListItem","position":2,"name":"Vorbereitungen zum Jubil\u00e4umsjahr laufen"}]},{"@type":"WebSite","@id":"https:\/\/www.naturparkmagazin.de\/schwaebisch-fraenkischer-wald\/#website","url":"https:\/\/www.naturparkmagazin.de\/schwaebisch-fraenkischer-wald\/","name":"Naturpark Schw\u00e4bisch-Fr\u00e4nkischer Wald","description":"","potentialAction":[{"@type":"SearchAction","target":{"@type":"EntryPoint","urlTemplate":"https:\/\/www.naturparkmagazin.de\/schwaebisch-fraenkischer-wald\/?s={search_term_string}"},"query-input":"required name=search_term_string"}],"inLanguage":"de"},{"@type":"Person","@id":"https:\/\/www.naturparkmagazin.de\/schwaebisch-fraenkischer-wald\/#\/schema\/person\/f047a3702ae747fd7830cf8ac95e6066","name":"Naturpark-Team","sameAs":["http:\/\/www.naturpark-sfw.de","https:\/\/www.facebook.com\/naturparkSFW"],"url":"https:\/\/www.naturparkmagazin.de\/schwaebisch-fraenkischer-wald\/author\/bernharddrixler\/"}]}},"_links":{"self":[{"href":"https:\/\/www.naturparkmagazin.de\/schwaebisch-fraenkischer-wald\/wp-json\/wp\/v2\/posts\/6737"}],"collection":[{"href":"https:\/\/www.naturparkmagazin.de\/schwaebisch-fraenkischer-wald\/wp-json\/wp\/v2\/posts"}],"about":[{"href":"https:\/\/www.naturparkmagazin.de\/schwaebisch-fraenkischer-wald\/wp-json\/wp\/v2\/types\/post"}],"author":[{"embeddable":true,"href":"https:\/\/www.naturparkmagazin.de\/schwaebisch-fraenkischer-wald\/wp-json\/wp\/v2\/users\/25"}],"replies":[{"embeddable":true,"href":"https:\/\/www.naturparkmagazin.de\/schwaebisch-fraenkischer-wald\/wp-json\/wp\/v2\/comments?post=6737"}],"version-history":[{"count":2,"href":"https:\/\/www.naturparkmagazin.de\/schwaebisch-fraenkischer-wald\/wp-json\/wp\/v2\/posts\/6737\/revisions"}],"predecessor-version":[{"id":6741,"href":"https:\/\/www.naturparkmagazin.de\/schwaebisch-fraenkischer-wald\/wp-json\/wp\/v2\/posts\/6737\/revisions\/6741"}],"wp:featuredmedia":[{"embeddable":true,"href":"https:\/\/www.naturparkmagazin.de\/schwaebisch-fraenkischer-wald\/wp-json\/wp\/v2\/media\/6739"}],"wp:attachment":[{"href":"https:\/\/www.naturparkmagazin.de\/schwaebisch-fraenkischer-wald\/wp-json\/wp\/v2\/media?parent=6737"}],"wp:term":[{"taxonomy":"category","embeddable":true,"href":"https:\/\/www.naturparkmagazin.de\/schwaebisch-fraenkischer-wald\/wp-json\/wp\/v2\/categories?post=6737"},{"taxonomy":"post_tag","embeddable":true,"href":"https:\/\/www.naturparkmagazin.de\/schwaebisch-fraenkischer-wald\/wp-json\/wp\/v2\/tags?post=6737"}],"curies":[{"name":"wp","href":"https:\/\/api.w.org\/{rel}","templated":true}]}}