{"id":6742,"date":"2018-10-18T11:29:55","date_gmt":"2018-10-18T09:29:55","guid":{"rendered":"https:\/\/www.naturparkmagazin.de\/schwaebisch-fraenkischer-wald\/?p=6742"},"modified":"2018-10-15T11:47:28","modified_gmt":"2018-10-15T09:47:28","slug":"ag-naturparke-stellt-leuchtturmprojekte-vor","status":"publish","type":"post","link":"https:\/\/www.naturparkmagazin.de\/schwaebisch-fraenkischer-wald\/ag-naturparke-stellt-leuchtturmprojekte-vor\/","title":{"rendered":"AG Naturparke stellt Leuchtturmprojekte vor"},"content":{"rendered":"<p>Die AG Naturparke Baden-W\u00fcrttemberg traf sich am 4. Oktober 2018 in B\u00fchlertal, um \u00fcber ihre aktuellen und zuk\u00fcnftigen Projekte zur nachhaltigen Regionalentwicklung zu beraten.<\/p>\n<div id=\"attachment_6743\" style=\"width: 510px\" class=\"wp-caption alignright\"><a href=\"https:\/\/www.naturparkmagazin.de\/schwaebisch-fraenkischer-wald\/wp-content\/uploads\/sites\/34\/Bild1_Mitglieder-der-AG-Naturparke_copyright-Naturpark-Schwarzwald-Mitte....jpg\"><img aria-describedby=\"caption-attachment-6743\" decoding=\"async\" loading=\"lazy\" class=\"size-full wp-image-6743\" src=\"https:\/\/www.naturparkmagazin.de\/schwaebisch-fraenkischer-wald\/wp-content\/uploads\/sites\/34\/Bild1_Mitglieder-der-AG-Naturparke_copyright-Naturpark-Schwarzwald-Mitte....jpg\" alt=\"Mitglieder der AG Naturparke \/ Fotograf: Naturpark Schwarzwald Mitte\/Nord\" width=\"500\" height=\"300\" srcset=\"https:\/\/www.naturparkmagazin.de\/schwaebisch-fraenkischer-wald\/wp-content\/uploads\/sites\/34\/Bild1_Mitglieder-der-AG-Naturparke_copyright-Naturpark-Schwarzwald-Mitte....jpg 500w, https:\/\/www.naturparkmagazin.de\/schwaebisch-fraenkischer-wald\/wp-content\/uploads\/sites\/34\/Bild1_Mitglieder-der-AG-Naturparke_copyright-Naturpark-Schwarzwald-Mitte...-300x180.jpg 300w, https:\/\/www.naturparkmagazin.de\/schwaebisch-fraenkischer-wald\/wp-content\/uploads\/sites\/34\/Bild1_Mitglieder-der-AG-Naturparke_copyright-Naturpark-Schwarzwald-Mitte...-200x120.jpg 200w\" sizes=\"(max-width: 500px) 100vw, 500px\" \/><\/a><p id=\"caption-attachment-6743\" class=\"wp-caption-text\">Mitglieder der AG Naturparke \/ Fotograf: Naturpark Schwarzwald Mitte\/Nord<\/p><\/div>\n<p>Beim j\u00e4hrlichen Treffen der Arbeitsgemeinschaft stellten die Vorsitzenden und Gesch\u00e4ftsf\u00fchrer die Termine und Projekte f\u00fcr 2018 und 2019 vor. Landr\u00e4tin Marion Dammann, Sprecherin der AG Naturparke und Vorsitzende des Naturparks S\u00fcdschwarzwald, freut sich \u00fcber die Vielfalt an Projekten zur St\u00e4rkung des l\u00e4ndlichen Raums.<\/p>\n<p>Am 21. Oktober 2018 veranstaltet die Arbeitsgemeinschaft einen gro\u00dfen Markt der Naturparke in Maulbronn. \u201eDie Naturparke pr\u00e4sentieren sich in einer Leistungsschau als wichtige Motoren der nachhaltigen Regionalentwicklung mit ihren Partnern und Projekten wie der aktuellen Kampagne der Bl\u00fchenden Naturparke\u201c, so der Maulbronner B\u00fcrgermeister Andreas Felchle, Vorsitzender des Naturparks Stromberg-Heuchelberg. Ganz nach dem Motto \u201eLandschaftspflege mit dem Einkaufskorb\u201c werden rund 100 regionale Erzeuger die ganze Vielfalt der Naturparke pr\u00e4sentieren. Ein breites Spektrum an regionalen Lebensmitteln \u2013 vom Apfelsecco \u00fcber Bauernhofeis und Wildspezialit\u00e4ten bis zum Ziegenk\u00e4se \u2013, Info- und Mitmachangeboten, Traditionen und Handwerksk\u00fcnsten macht den Markt zum sinnenfreudigen Erlebnis f\u00fcr die ganze Familie. Bei einem Marktgespr\u00e4ch werden Landr\u00e4tin Marion Dammann, Vorsitzende des Naturparks S\u00fcdschwarzwald und Sprecherin der AG Naturparke, Minister Peter Hauk MdL, Ministerium f\u00fcr L\u00e4ndlichen Raum und Verbraucherschutz, sowie Akteure aus den Naturparken \u00fcber ihre Erfahrungen und Aktivit\u00e4ten berichten. Das vielf\u00e4ltige Programm sorgt daf\u00fcr, dass das Leitmotiv der Naturparke greifbar wird: \u201eMehr Natur. Mehr erleben. Naturparke.\u201c Dar\u00fcber hinaus l\u00e4dt die AG Naturparke an diesem Tag die baden-w\u00fcrttembergischen Mitglieder des Bundes- und Landtags sowie des EU-Parlaments zum parlamentarischen Mittagessen in die Stadthalle Maulbronn ein.<\/p>\n<p>Ein weiteres, landesweites Leuchtturmprojekt ist das Programm der Naturpark-Schulen. Im Sinne einer Bildung f\u00fcr nachhaltige Entwicklung werden den j\u00fcngsten Bewohnern der Naturparke Bez\u00fcge zu Natur, Kultur und Regionalit\u00e4t vermittelt. \u201eWir m\u00fcssen uns um die Kinder und Jugendlichen k\u00fcmmern, sie sind die n\u00e4chste Generation, die in den Naturparken leben wird\u201c, beschreibt Bernhard Drixler, Gesch\u00e4ftsf\u00fchrer des Naturparks Schw\u00e4bisch-Fr\u00e4nkischer Wald das Konzept. Die Zusammenarbeit mit au\u00dferschulischen Partnern, wie Landwirten, Imkern, Handwerkern oder Museen, ist hier von wesentlicher Bedeutung und l\u00e4sst f\u00fcr die Kinder moderne Heimatkunde greifbar werden. Von den bundesweit 70 pr\u00e4dikatisierten Naturpark-Schulen befinden sich allein 35 in Baden-W\u00fcrttemberg.<\/p>\n<p>Im Jahr 2019 werden sich die Naturparke im Januar auf der CMT in Stuttgart und auf der Internationalen Gr\u00fcnen Woche in Berlin pr\u00e4sentieren.<\/p>\n","protected":false},"excerpt":{"rendered":"<p>Mehr Natur. Mehr erleben. Naturparke.<\/p>\n","protected":false},"author":25,"featured_media":6744,"comment_status":"open","ping_status":"open","sticky":false,"template":"","format":"standard","meta":[],"categories":[7],"tags":[1069],"yoast_head":"<!-- This site is optimized with the Yoast SEO plugin v19.10 - https:\/\/yoast.com\/wordpress\/plugins\/seo\/ -->\n<title>AG Naturparke stellt Leuchtturmprojekte vor - Naturpark Schw\u00e4bisch-Fr\u00e4nkischer Wald<\/title>\n<meta name=\"robots\" content=\"index, follow, max-snippet:-1, max-image-preview:large, max-video-preview:-1\" \/>\n<link rel=\"canonical\" href=\"https:\/\/www.naturparkmagazin.de\/schwaebisch-fraenkischer-wald\/ag-naturparke-stellt-leuchtturmprojekte-vor\/\" \/>\n<meta property=\"og:locale\" content=\"de_DE\" \/>\n<meta property=\"og:type\" content=\"article\" \/>\n<meta property=\"og:title\" content=\"AG Naturparke stellt Leuchtturmprojekte vor - Naturpark Schw\u00e4bisch-Fr\u00e4nkischer Wald\" \/>\n<meta property=\"og:description\" content=\"Mehr Natur. Mehr erleben. Naturparke.\" \/>\n<meta property=\"og:url\" content=\"https:\/\/www.naturparkmagazin.de\/schwaebisch-fraenkischer-wald\/ag-naturparke-stellt-leuchtturmprojekte-vor\/\" \/>\n<meta property=\"og:site_name\" content=\"Naturpark Schw\u00e4bisch-Fr\u00e4nkischer Wald\" \/>\n<meta property=\"article:author\" content=\"https:\/\/www.facebook.com\/naturparkSFW\" \/>\n<meta property=\"article:published_time\" content=\"2018-10-18T09:29:55+00:00\" \/>\n<meta property=\"article:modified_time\" content=\"2018-10-15T09:47:28+00:00\" \/>\n<meta property=\"og:image\" content=\"https:\/\/www.naturparkmagazin.de\/schwaebisch-fraenkischer-wald\/wp-content\/uploads\/sites\/34\/Bild1_Mitglieder-der-AG-Naturparke_copyright-Naturpark-Schwarzwald-Mitte...1.jpg\" \/>\n\t<meta property=\"og:image:width\" content=\"200\" \/>\n\t<meta property=\"og:image:height\" content=\"200\" \/>\n\t<meta property=\"og:image:type\" content=\"image\/jpeg\" \/>\n<meta name=\"author\" content=\"Naturpark-Team\" \/>\n<meta name=\"twitter:label1\" content=\"Verfasst von\" \/>\n\t<meta name=\"twitter:data1\" content=\"Naturpark-Team\" \/>\n\t<meta name=\"twitter:label2\" content=\"Gesch\u00e4tzte Lesezeit\" \/>\n\t<meta name=\"twitter:data2\" content=\"2\u00a0Minuten\" \/>\n<script type=\"application\/ld+json\" class=\"yoast-schema-graph\">{\"@context\":\"https:\/\/schema.org\",\"@graph\":[{\"@type\":\"WebPage\",\"@id\":\"https:\/\/www.naturparkmagazin.de\/schwaebisch-fraenkischer-wald\/ag-naturparke-stellt-leuchtturmprojekte-vor\/\",\"url\":\"https:\/\/www.naturparkmagazin.de\/schwaebisch-fraenkischer-wald\/ag-naturparke-stellt-leuchtturmprojekte-vor\/\",\"name\":\"AG Naturparke stellt Leuchtturmprojekte vor - Naturpark Schw\u00e4bisch-Fr\u00e4nkischer Wald\",\"isPartOf\":{\"@id\":\"https:\/\/www.naturparkmagazin.de\/schwaebisch-fraenkischer-wald\/#website\"},\"datePublished\":\"2018-10-18T09:29:55+00:00\",\"dateModified\":\"2018-10-15T09:47:28+00:00\",\"author\":{\"@id\":\"https:\/\/www.naturparkmagazin.de\/schwaebisch-fraenkischer-wald\/#\/schema\/person\/f047a3702ae747fd7830cf8ac95e6066\"},\"breadcrumb\":{\"@id\":\"https:\/\/www.naturparkmagazin.de\/schwaebisch-fraenkischer-wald\/ag-naturparke-stellt-leuchtturmprojekte-vor\/#breadcrumb\"},\"inLanguage\":\"de\",\"potentialAction\":[{\"@type\":\"ReadAction\",\"target\":[\"https:\/\/www.naturparkmagazin.de\/schwaebisch-fraenkischer-wald\/ag-naturparke-stellt-leuchtturmprojekte-vor\/\"]}]},{\"@type\":\"BreadcrumbList\",\"@id\":\"https:\/\/www.naturparkmagazin.de\/schwaebisch-fraenkischer-wald\/ag-naturparke-stellt-leuchtturmprojekte-vor\/#breadcrumb\",\"itemListElement\":[{\"@type\":\"ListItem\",\"position\":1,\"name\":\"Home\",\"item\":\"https:\/\/www.naturparkmagazin.de\/schwaebisch-fraenkischer-wald\/\"},{\"@type\":\"ListItem\",\"position\":2,\"name\":\"AG Naturparke stellt Leuchtturmprojekte vor\"}]},{\"@type\":\"WebSite\",\"@id\":\"https:\/\/www.naturparkmagazin.de\/schwaebisch-fraenkischer-wald\/#website\",\"url\":\"https:\/\/www.naturparkmagazin.de\/schwaebisch-fraenkischer-wald\/\",\"name\":\"Naturpark Schw\u00e4bisch-Fr\u00e4nkischer Wald\",\"description\":\"\",\"potentialAction\":[{\"@type\":\"SearchAction\",\"target\":{\"@type\":\"EntryPoint\",\"urlTemplate\":\"https:\/\/www.naturparkmagazin.de\/schwaebisch-fraenkischer-wald\/?s={search_term_string}\"},\"query-input\":\"required name=search_term_string\"}],\"inLanguage\":\"de\"},{\"@type\":\"Person\",\"@id\":\"https:\/\/www.naturparkmagazin.de\/schwaebisch-fraenkischer-wald\/#\/schema\/person\/f047a3702ae747fd7830cf8ac95e6066\",\"name\":\"Naturpark-Team\",\"sameAs\":[\"http:\/\/www.naturpark-sfw.de\",\"https:\/\/www.facebook.com\/naturparkSFW\"],\"url\":\"https:\/\/www.naturparkmagazin.de\/schwaebisch-fraenkischer-wald\/author\/bernharddrixler\/\"}]}<\/script>\n<!-- \/ Yoast SEO plugin. -->","yoast_head_json":{"title":"AG Naturparke stellt Leuchtturmprojekte vor - Naturpark Schw\u00e4bisch-Fr\u00e4nkischer Wald","robots":{"index":"index","follow":"follow","max-snippet":"max-snippet:-1","max-image-preview":"max-image-preview:large","max-video-preview":"max-video-preview:-1"},"canonical":"https:\/\/www.naturparkmagazin.de\/schwaebisch-fraenkischer-wald\/ag-naturparke-stellt-leuchtturmprojekte-vor\/","og_locale":"de_DE","og_type":"article","og_title":"AG Naturparke stellt Leuchtturmprojekte vor - Naturpark Schw\u00e4bisch-Fr\u00e4nkischer Wald","og_description":"Mehr Natur. Mehr erleben. Naturparke.","og_url":"https:\/\/www.naturparkmagazin.de\/schwaebisch-fraenkischer-wald\/ag-naturparke-stellt-leuchtturmprojekte-vor\/","og_site_name":"Naturpark Schw\u00e4bisch-Fr\u00e4nkischer Wald","article_author":"https:\/\/www.facebook.com\/naturparkSFW","article_published_time":"2018-10-18T09:29:55+00:00","article_modified_time":"2018-10-15T09:47:28+00:00","og_image":[{"width":200,"height":200,"url":"https:\/\/www.naturparkmagazin.de\/schwaebisch-fraenkischer-wald\/wp-content\/uploads\/sites\/34\/Bild1_Mitglieder-der-AG-Naturparke_copyright-Naturpark-Schwarzwald-Mitte...1.jpg","type":"image\/jpeg"}],"author":"Naturpark-Team","twitter_misc":{"Verfasst von":"Naturpark-Team","Gesch\u00e4tzte Lesezeit":"2\u00a0Minuten"},"schema":{"@context":"https:\/\/schema.org","@graph":[{"@type":"WebPage","@id":"https:\/\/www.naturparkmagazin.de\/schwaebisch-fraenkischer-wald\/ag-naturparke-stellt-leuchtturmprojekte-vor\/","url":"https:\/\/www.naturparkmagazin.de\/schwaebisch-fraenkischer-wald\/ag-naturparke-stellt-leuchtturmprojekte-vor\/","name":"AG Naturparke stellt Leuchtturmprojekte vor - Naturpark Schw\u00e4bisch-Fr\u00e4nkischer Wald","isPartOf":{"@id":"https:\/\/www.naturparkmagazin.de\/schwaebisch-fraenkischer-wald\/#website"},"datePublished":"2018-10-18T09:29:55+00:00","dateModified":"2018-10-15T09:47:28+00:00","author":{"@id":"https:\/\/www.naturparkmagazin.de\/schwaebisch-fraenkischer-wald\/#\/schema\/person\/f047a3702ae747fd7830cf8ac95e6066"},"breadcrumb":{"@id":"https:\/\/www.naturparkmagazin.de\/schwaebisch-fraenkischer-wald\/ag-naturparke-stellt-leuchtturmprojekte-vor\/#breadcrumb"},"inLanguage":"de","potentialAction":[{"@type":"ReadAction","target":["https:\/\/www.naturparkmagazin.de\/schwaebisch-fraenkischer-wald\/ag-naturparke-stellt-leuchtturmprojekte-vor\/"]}]},{"@type":"BreadcrumbList","@id":"https:\/\/www.naturparkmagazin.de\/schwaebisch-fraenkischer-wald\/ag-naturparke-stellt-leuchtturmprojekte-vor\/#breadcrumb","itemListElement":[{"@type":"ListItem","position":1,"name":"Home","item":"https:\/\/www.naturparkmagazin.de\/schwaebisch-fraenkischer-wald\/"},{"@type":"ListItem","position":2,"name":"AG Naturparke stellt Leuchtturmprojekte vor"}]},{"@type":"WebSite","@id":"https:\/\/www.naturparkmagazin.de\/schwaebisch-fraenkischer-wald\/#website","url":"https:\/\/www.naturparkmagazin.de\/schwaebisch-fraenkischer-wald\/","name":"Naturpark Schw\u00e4bisch-Fr\u00e4nkischer Wald","description":"","potentialAction":[{"@type":"SearchAction","target":{"@type":"EntryPoint","urlTemplate":"https:\/\/www.naturparkmagazin.de\/schwaebisch-fraenkischer-wald\/?s={search_term_string}"},"query-input":"required name=search_term_string"}],"inLanguage":"de"},{"@type":"Person","@id":"https:\/\/www.naturparkmagazin.de\/schwaebisch-fraenkischer-wald\/#\/schema\/person\/f047a3702ae747fd7830cf8ac95e6066","name":"Naturpark-Team","sameAs":["http:\/\/www.naturpark-sfw.de","https:\/\/www.facebook.com\/naturparkSFW"],"url":"https:\/\/www.naturparkmagazin.de\/schwaebisch-fraenkischer-wald\/author\/bernharddrixler\/"}]}},"_links":{"self":[{"href":"https:\/\/www.naturparkmagazin.de\/schwaebisch-fraenkischer-wald\/wp-json\/wp\/v2\/posts\/6742"}],"collection":[{"href":"https:\/\/www.naturparkmagazin.de\/schwaebisch-fraenkischer-wald\/wp-json\/wp\/v2\/posts"}],"about":[{"href":"https:\/\/www.naturparkmagazin.de\/schwaebisch-fraenkischer-wald\/wp-json\/wp\/v2\/types\/post"}],"author":[{"embeddable":true,"href":"https:\/\/www.naturparkmagazin.de\/schwaebisch-fraenkischer-wald\/wp-json\/wp\/v2\/users\/25"}],"replies":[{"embeddable":true,"href":"https:\/\/www.naturparkmagazin.de\/schwaebisch-fraenkischer-wald\/wp-json\/wp\/v2\/comments?post=6742"}],"version-history":[{"count":1,"href":"https:\/\/www.naturparkmagazin.de\/schwaebisch-fraenkischer-wald\/wp-json\/wp\/v2\/posts\/6742\/revisions"}],"predecessor-version":[{"id":6745,"href":"https:\/\/www.naturparkmagazin.de\/schwaebisch-fraenkischer-wald\/wp-json\/wp\/v2\/posts\/6742\/revisions\/6745"}],"wp:featuredmedia":[{"embeddable":true,"href":"https:\/\/www.naturparkmagazin.de\/schwaebisch-fraenkischer-wald\/wp-json\/wp\/v2\/media\/6744"}],"wp:attachment":[{"href":"https:\/\/www.naturparkmagazin.de\/schwaebisch-fraenkischer-wald\/wp-json\/wp\/v2\/media?parent=6742"}],"wp:term":[{"taxonomy":"category","embeddable":true,"href":"https:\/\/www.naturparkmagazin.de\/schwaebisch-fraenkischer-wald\/wp-json\/wp\/v2\/categories?post=6742"},{"taxonomy":"post_tag","embeddable":true,"href":"https:\/\/www.naturparkmagazin.de\/schwaebisch-fraenkischer-wald\/wp-json\/wp\/v2\/tags?post=6742"}],"curies":[{"name":"wp","href":"https:\/\/api.w.org\/{rel}","templated":true}]}}