{"id":6772,"date":"2018-11-19T10:03:15","date_gmt":"2018-11-19T09:03:15","guid":{"rendered":"https:\/\/www.naturparkmagazin.de\/schwaebisch-fraenkischer-wald\/?p=6772"},"modified":"2018-11-15T10:18:27","modified_gmt":"2018-11-15T09:18:27","slug":"naturparkmaerkte-rueckblick-und-ausblick","status":"publish","type":"post","link":"https:\/\/www.naturparkmagazin.de\/schwaebisch-fraenkischer-wald\/naturparkmaerkte-rueckblick-und-ausblick\/","title":{"rendered":"Naturparkm\u00e4rkte: R\u00fcckblick und Ausblick"},"content":{"rendered":"<p>2018 wurden wieder f\u00fcnf Naturparkm\u00e4rkte ausgerichtet, diesmal in Aspach-Rietenau, Adelmannsfelden, L\u00f6wenstein, Gro\u00dferlach-Grab und Murrhardt. Auf allen f\u00fcnf M\u00e4rkten konnte in gewohnter Art und Weise eine gro\u00dfe Vielfalt an regionalen Produkte bewundert, probiert und gekauft werden. Rund 50 Beschicker aus dem Naturparkgebiet waren auf jedem Markt vertreten. Die vielen Sonnenstunden in diesem Jahr sorgten zudem auf allen f\u00fcnf M\u00e4rkten f\u00fcr sch\u00f6nes Wetter und entsprechend hohe Besucherzahlen.<\/p>\n<div id=\"attachment_6773\" style=\"width: 510px\" class=\"wp-caption alignright\"><a href=\"https:\/\/www.naturparkmagazin.de\/schwaebisch-fraenkischer-wald\/wp-content\/uploads\/sites\/34\/NPM_Adelmannsfelden.jpg\"><img aria-describedby=\"caption-attachment-6773\" decoding=\"async\" loading=\"lazy\" class=\"size-full wp-image-6773\" src=\"https:\/\/www.naturparkmagazin.de\/schwaebisch-fraenkischer-wald\/wp-content\/uploads\/sites\/34\/NPM_Adelmannsfelden.jpg\" alt=\"2018 wurden wieder f\u00fcnf Naturparkm\u00e4rkte ausgerichtet, diesmal in Aspach-Rietenau, Adelmannsfelden, L\u00f6wenstein, Gro\u00dferlach-Grab und Murrhardt. Auf allen f\u00fcnf M\u00e4rkten konnte in gewohnter Art und Weise eine gro\u00dfe Vielfalt an regionalen Produkte bewundert, probiert und gekauft werden. Rund 50 Beschicker aus dem Naturparkgebiet waren auf jedem Markt vertreten. Die vielen Sonnenstunden in diesem Jahr sorgten zudem auf allen f\u00fcnf M\u00e4rkten f\u00fcr sch\u00f6nes Wetter und entsprechend hohe Besucherzahlen.  In Aspach konnten sich die Direktvermarkter und Kunsthandwerker entlang der Trinkgasse pr\u00e4sentieren. Die Naturparkgesch\u00e4ftsstelle war mit ihrem Infostand zum Themenjahr \u201eJahr der Sortenvielfalt\u201c vertreten. Die Besucher\/innen konnten sich hier \u00fcber die Bedeutung von Saatgutvielfalt informieren und bei einem Quiz ihre Kenntnisse \u00fcber Gem\u00fcsepflanzen testen. Zudem wurde in Aspach das Projekt der \u201eInklusiven Wanderbotschafter\/innen im Schw\u00e4bisch-Fr\u00e4nkischen Wald\u201c der \u00d6ffentlichkeit vorgestellt. In Adelmannsfelden fand erstmalig ein Naturparkmarkt statt. Die aufgebauten Marktst\u00e4nde rund um den idyllischen Dorfweiher sorgten f\u00fcr eine besonders lauschige Atmosph\u00e4re. Zeitgleich wurde an diesem Wochenende die 900 Jahrfeier der Gemeinde Adelmannsfelden gefeiert und das neue Wanderleitsystem eingeweiht.   In L\u00f6wenstein trugen die Burg L\u00f6wenstein, die sch\u00f6ne Altstadt und die weiten Blicke in die Umgebung zu einer eindrucksvollen Marktkulisse bei. Auch die Stadt L\u00f6wenstein war zum ersten Mal Marktausrichter und konnte sich \u00fcber hohe Besucherzahlen freuen. An neuen Marktausstellern waren zum Beispiel die Brau- und Brennwerkstatt aus Welzheim und die Solidarische Landwirtschaft aus Gro\u00dfh\u00f6chberg dabei.  In Gro\u00dferlach-Grab wurde das Rahmenprogramm zum Naturparkmarkt thematisch passend an den Limes ausgerichtet. Neben einem Spaziergang durch den r\u00f6mischen Ortsteil Grab konnten (fast) echte R\u00f6mer bei einer Turmwache am Limesturm besucht werden und am Stand der Limes-Cicerona Michaela K\u00f6hler wurden Einblicke in die r\u00f6mische Badekultur sowie die r\u00f6mische K\u00fcche gegeben.  Der traditionelle Abschluss der Naturparkmarktsaison fand Anfang Oktober in Murrhardt statt. Bei bestem Herbstwetter besuchten noch einmal zahlreiche Besucher\/innen die St\u00e4nde. Die Naturparkgesch\u00e4ftsstelle hatte zum Abschluss des \u201eJahres der Sortenvielfalt\u201c den Pomologen Bernhard Fehrentz ins Naturparkzentrum eingeladen \u2013 neben einer beeindruckenden Ausstellung an alten, regionalen Obstsorten wurden mitgebrachte Apfelsorten aus dem eigenen Garten bestimmt.  Die Gesch\u00e4ftsstelle bedankt sich an dieser Stelle noch einmal ganz herzlich bei der Organisatorin Michaela Dolezal, den teilnehmenden Gemeinden, Bauh\u00f6fen, Beschickern und weiteren Akteuren, welche die Naturparkm\u00e4rkte auch in diesem Jahr wieder zu einem ganz besonderen Erlebnis werden lie\u00dfen.   Im n\u00e4chsten Jahr finden die Naturparkm\u00e4rkte in Pl\u00fcderhausen, W\u00fcstenrot, Mainhardt, Lorch und Murrhardt statt. Sie k\u00f6nnen sich schon jetzt wieder auf eine sch\u00f6ne Naturparkmarktsaison 2019 freuen!\" width=\"500\" height=\"300\" srcset=\"https:\/\/www.naturparkmagazin.de\/schwaebisch-fraenkischer-wald\/wp-content\/uploads\/sites\/34\/NPM_Adelmannsfelden.jpg 500w, https:\/\/www.naturparkmagazin.de\/schwaebisch-fraenkischer-wald\/wp-content\/uploads\/sites\/34\/NPM_Adelmannsfelden-300x180.jpg 300w, https:\/\/www.naturparkmagazin.de\/schwaebisch-fraenkischer-wald\/wp-content\/uploads\/sites\/34\/NPM_Adelmannsfelden-200x120.jpg 200w\" sizes=\"(max-width: 500px) 100vw, 500px\" \/><\/a><p id=\"caption-attachment-6773\" class=\"wp-caption-text\">Die Naturparkm\u00e4rkte 2018 waren ein genussreicher Erfolg<\/p><\/div>\n<p>In Aspach konnten sich die Direktvermarkter und Kunsthandwerker entlang der Trinkgasse pr\u00e4sentieren. Die Naturparkgesch\u00e4ftsstelle war mit ihrem Infostand zum Themenjahr \u201eJahr der Sortenvielfalt\u201c vertreten. Die Besucher\/innen konnten sich hier \u00fcber die Bedeutung von Saatgutvielfalt informieren und bei einem Quiz ihre Kenntnisse \u00fcber Gem\u00fcsepflanzen testen. Zudem wurde in Aspach das Projekt der \u201eInklusiven Wanderbotschafter\/innen im Schw\u00e4bisch-Fr\u00e4nkischen Wald\u201c der \u00d6ffentlichkeit vorgestellt.<\/p>\n<p>In Adelmannsfelden fand erstmalig ein Naturparkmarkt statt. Die aufgebauten Marktst\u00e4nde rund um den idyllischen Dorfweiher sorgten f\u00fcr eine besonders lauschige Atmosph\u00e4re. Zeitgleich wurde an diesem Wochenende die 900 Jahrfeier der Gemeinde Adelmannsfelden gefeiert und das neue Wanderleitsystem eingeweiht.<\/p>\n<p>In L\u00f6wenstein trugen die Burg L\u00f6wenstein, die sch\u00f6ne Altstadt und die weiten Blicke in die Umgebung zu einer eindrucksvollen Marktkulisse bei. Auch die Stadt L\u00f6wenstein war zum ersten Mal Marktausrichter und konnte sich \u00fcber hohe Besucherzahlen freuen. An neuen Marktausstellern waren zum Beispiel die Brau- und Brennwerkstatt aus Welzheim und die Solidarische Landwirtschaft aus Gro\u00dfh\u00f6chberg dabei.<\/p>\n<p>In Gro\u00dferlach-Grab wurde das Rahmenprogramm zum Naturparkmarkt thematisch passend an den Limes ausgerichtet. Neben einem Spaziergang durch den r\u00f6mischen Ortsteil Grab konnten (fast) echte R\u00f6mer bei einer Turmwache am Limesturm besucht werden und am Stand der Limes-Cicerona Michaela K\u00f6hler wurden Einblicke in die r\u00f6mische Badekultur sowie die r\u00f6mische K\u00fcche gegeben.<\/p>\n<p>Der traditionelle Abschluss der Naturparkmarktsaison fand Anfang Oktober in Murrhardt statt. Bei bestem Herbstwetter besuchten noch einmal zahlreiche Besucher\/innen die St\u00e4nde. Die Naturparkgesch\u00e4ftsstelle hatte zum Abschluss des \u201eJahres der Sortenvielfalt\u201c den Pomologen Bernhard Fehrentz ins Naturparkzentrum eingeladen \u2013 neben einer beeindruckenden Ausstellung an alten, regionalen Obstsorten wurden mitgebrachte Apfelsorten aus dem eigenen Garten bestimmt.<\/p>\n<p>Die Gesch\u00e4ftsstelle bedankt sich an dieser Stelle noch einmal ganz herzlich bei der Organisatorin Michaela Dolezal, den teilnehmenden Gemeinden, Bauh\u00f6fen, Beschickern und weiteren Akteuren, welche die Naturparkm\u00e4rkte auch in diesem Jahr wieder zu einem ganz besonderen Erlebnis werden lie\u00dfen.<\/p>\n<p>Im n\u00e4chsten Jahr finden die Naturparkm\u00e4rkte in Pl\u00fcderhausen, W\u00fcstenrot, Mainhardt, Lorch und Murrhardt statt. Sie k\u00f6nnen sich schon jetzt wieder auf eine sch\u00f6ne Naturparkmarktsaison 2019 freuen!<\/p>\n","protected":false},"excerpt":{"rendered":"<p>Eine sch\u00f6ne Naturparkmarktsaison in 2018 und viel Vorfreude auf 2019<\/p>\n","protected":false},"author":25,"featured_media":6774,"comment_status":"open","ping_status":"open","sticky":false,"template":"","format":"standard","meta":[],"categories":[617],"tags":[1069],"yoast_head":"<!-- This site is optimized with the Yoast SEO plugin v19.10 - https:\/\/yoast.com\/wordpress\/plugins\/seo\/ -->\n<title>Naturparkm\u00e4rkte: R\u00fcckblick und Ausblick - Naturpark Schw\u00e4bisch-Fr\u00e4nkischer Wald<\/title>\n<meta name=\"robots\" content=\"index, follow, max-snippet:-1, max-image-preview:large, max-video-preview:-1\" \/>\n<link rel=\"canonical\" href=\"https:\/\/www.naturparkmagazin.de\/schwaebisch-fraenkischer-wald\/naturparkmaerkte-rueckblick-und-ausblick\/\" \/>\n<meta property=\"og:locale\" content=\"de_DE\" \/>\n<meta property=\"og:type\" content=\"article\" \/>\n<meta property=\"og:title\" content=\"Naturparkm\u00e4rkte: R\u00fcckblick und Ausblick - Naturpark Schw\u00e4bisch-Fr\u00e4nkischer Wald\" \/>\n<meta property=\"og:description\" content=\"Eine sch\u00f6ne Naturparkmarktsaison in 2018 und viel Vorfreude auf 2019\" \/>\n<meta property=\"og:url\" content=\"https:\/\/www.naturparkmagazin.de\/schwaebisch-fraenkischer-wald\/naturparkmaerkte-rueckblick-und-ausblick\/\" \/>\n<meta property=\"og:site_name\" content=\"Naturpark Schw\u00e4bisch-Fr\u00e4nkischer Wald\" \/>\n<meta property=\"article:author\" content=\"https:\/\/www.facebook.com\/naturparkSFW\" \/>\n<meta property=\"article:published_time\" content=\"2018-11-19T09:03:15+00:00\" \/>\n<meta property=\"article:modified_time\" content=\"2018-11-15T09:18:27+00:00\" \/>\n<meta property=\"og:image\" content=\"https:\/\/www.naturparkmagazin.de\/schwaebisch-fraenkischer-wald\/wp-content\/uploads\/sites\/34\/NPM_Adelmannsfelden1.jpg\" \/>\n\t<meta property=\"og:image:width\" content=\"200\" \/>\n\t<meta property=\"og:image:height\" content=\"200\" \/>\n\t<meta property=\"og:image:type\" content=\"image\/jpeg\" \/>\n<meta name=\"author\" content=\"Naturpark-Team\" \/>\n<meta name=\"twitter:label1\" content=\"Verfasst von\" \/>\n\t<meta name=\"twitter:data1\" content=\"Naturpark-Team\" \/>\n\t<meta name=\"twitter:label2\" content=\"Gesch\u00e4tzte Lesezeit\" \/>\n\t<meta name=\"twitter:data2\" content=\"2\u00a0Minuten\" \/>\n<script type=\"application\/ld+json\" class=\"yoast-schema-graph\">{\"@context\":\"https:\/\/schema.org\",\"@graph\":[{\"@type\":\"WebPage\",\"@id\":\"https:\/\/www.naturparkmagazin.de\/schwaebisch-fraenkischer-wald\/naturparkmaerkte-rueckblick-und-ausblick\/\",\"url\":\"https:\/\/www.naturparkmagazin.de\/schwaebisch-fraenkischer-wald\/naturparkmaerkte-rueckblick-und-ausblick\/\",\"name\":\"Naturparkm\u00e4rkte: R\u00fcckblick und Ausblick - Naturpark Schw\u00e4bisch-Fr\u00e4nkischer Wald\",\"isPartOf\":{\"@id\":\"https:\/\/www.naturparkmagazin.de\/schwaebisch-fraenkischer-wald\/#website\"},\"datePublished\":\"2018-11-19T09:03:15+00:00\",\"dateModified\":\"2018-11-15T09:18:27+00:00\",\"author\":{\"@id\":\"https:\/\/www.naturparkmagazin.de\/schwaebisch-fraenkischer-wald\/#\/schema\/person\/f047a3702ae747fd7830cf8ac95e6066\"},\"breadcrumb\":{\"@id\":\"https:\/\/www.naturparkmagazin.de\/schwaebisch-fraenkischer-wald\/naturparkmaerkte-rueckblick-und-ausblick\/#breadcrumb\"},\"inLanguage\":\"de\",\"potentialAction\":[{\"@type\":\"ReadAction\",\"target\":[\"https:\/\/www.naturparkmagazin.de\/schwaebisch-fraenkischer-wald\/naturparkmaerkte-rueckblick-und-ausblick\/\"]}]},{\"@type\":\"BreadcrumbList\",\"@id\":\"https:\/\/www.naturparkmagazin.de\/schwaebisch-fraenkischer-wald\/naturparkmaerkte-rueckblick-und-ausblick\/#breadcrumb\",\"itemListElement\":[{\"@type\":\"ListItem\",\"position\":1,\"name\":\"Home\",\"item\":\"https:\/\/www.naturparkmagazin.de\/schwaebisch-fraenkischer-wald\/\"},{\"@type\":\"ListItem\",\"position\":2,\"name\":\"Naturparkm\u00e4rkte: R\u00fcckblick und Ausblick\"}]},{\"@type\":\"WebSite\",\"@id\":\"https:\/\/www.naturparkmagazin.de\/schwaebisch-fraenkischer-wald\/#website\",\"url\":\"https:\/\/www.naturparkmagazin.de\/schwaebisch-fraenkischer-wald\/\",\"name\":\"Naturpark Schw\u00e4bisch-Fr\u00e4nkischer Wald\",\"description\":\"\",\"potentialAction\":[{\"@type\":\"SearchAction\",\"target\":{\"@type\":\"EntryPoint\",\"urlTemplate\":\"https:\/\/www.naturparkmagazin.de\/schwaebisch-fraenkischer-wald\/?s={search_term_string}\"},\"query-input\":\"required name=search_term_string\"}],\"inLanguage\":\"de\"},{\"@type\":\"Person\",\"@id\":\"https:\/\/www.naturparkmagazin.de\/schwaebisch-fraenkischer-wald\/#\/schema\/person\/f047a3702ae747fd7830cf8ac95e6066\",\"name\":\"Naturpark-Team\",\"sameAs\":[\"http:\/\/www.naturpark-sfw.de\",\"https:\/\/www.facebook.com\/naturparkSFW\"],\"url\":\"https:\/\/www.naturparkmagazin.de\/schwaebisch-fraenkischer-wald\/author\/bernharddrixler\/\"}]}<\/script>\n<!-- \/ Yoast SEO plugin. -->","yoast_head_json":{"title":"Naturparkm\u00e4rkte: R\u00fcckblick und Ausblick - Naturpark Schw\u00e4bisch-Fr\u00e4nkischer Wald","robots":{"index":"index","follow":"follow","max-snippet":"max-snippet:-1","max-image-preview":"max-image-preview:large","max-video-preview":"max-video-preview:-1"},"canonical":"https:\/\/www.naturparkmagazin.de\/schwaebisch-fraenkischer-wald\/naturparkmaerkte-rueckblick-und-ausblick\/","og_locale":"de_DE","og_type":"article","og_title":"Naturparkm\u00e4rkte: R\u00fcckblick und Ausblick - Naturpark Schw\u00e4bisch-Fr\u00e4nkischer Wald","og_description":"Eine sch\u00f6ne Naturparkmarktsaison in 2018 und viel Vorfreude auf 2019","og_url":"https:\/\/www.naturparkmagazin.de\/schwaebisch-fraenkischer-wald\/naturparkmaerkte-rueckblick-und-ausblick\/","og_site_name":"Naturpark Schw\u00e4bisch-Fr\u00e4nkischer Wald","article_author":"https:\/\/www.facebook.com\/naturparkSFW","article_published_time":"2018-11-19T09:03:15+00:00","article_modified_time":"2018-11-15T09:18:27+00:00","og_image":[{"width":200,"height":200,"url":"https:\/\/www.naturparkmagazin.de\/schwaebisch-fraenkischer-wald\/wp-content\/uploads\/sites\/34\/NPM_Adelmannsfelden1.jpg","type":"image\/jpeg"}],"author":"Naturpark-Team","twitter_misc":{"Verfasst von":"Naturpark-Team","Gesch\u00e4tzte Lesezeit":"2\u00a0Minuten"},"schema":{"@context":"https:\/\/schema.org","@graph":[{"@type":"WebPage","@id":"https:\/\/www.naturparkmagazin.de\/schwaebisch-fraenkischer-wald\/naturparkmaerkte-rueckblick-und-ausblick\/","url":"https:\/\/www.naturparkmagazin.de\/schwaebisch-fraenkischer-wald\/naturparkmaerkte-rueckblick-und-ausblick\/","name":"Naturparkm\u00e4rkte: R\u00fcckblick und Ausblick - Naturpark Schw\u00e4bisch-Fr\u00e4nkischer Wald","isPartOf":{"@id":"https:\/\/www.naturparkmagazin.de\/schwaebisch-fraenkischer-wald\/#website"},"datePublished":"2018-11-19T09:03:15+00:00","dateModified":"2018-11-15T09:18:27+00:00","author":{"@id":"https:\/\/www.naturparkmagazin.de\/schwaebisch-fraenkischer-wald\/#\/schema\/person\/f047a3702ae747fd7830cf8ac95e6066"},"breadcrumb":{"@id":"https:\/\/www.naturparkmagazin.de\/schwaebisch-fraenkischer-wald\/naturparkmaerkte-rueckblick-und-ausblick\/#breadcrumb"},"inLanguage":"de","potentialAction":[{"@type":"ReadAction","target":["https:\/\/www.naturparkmagazin.de\/schwaebisch-fraenkischer-wald\/naturparkmaerkte-rueckblick-und-ausblick\/"]}]},{"@type":"BreadcrumbList","@id":"https:\/\/www.naturparkmagazin.de\/schwaebisch-fraenkischer-wald\/naturparkmaerkte-rueckblick-und-ausblick\/#breadcrumb","itemListElement":[{"@type":"ListItem","position":1,"name":"Home","item":"https:\/\/www.naturparkmagazin.de\/schwaebisch-fraenkischer-wald\/"},{"@type":"ListItem","position":2,"name":"Naturparkm\u00e4rkte: R\u00fcckblick und Ausblick"}]},{"@type":"WebSite","@id":"https:\/\/www.naturparkmagazin.de\/schwaebisch-fraenkischer-wald\/#website","url":"https:\/\/www.naturparkmagazin.de\/schwaebisch-fraenkischer-wald\/","name":"Naturpark Schw\u00e4bisch-Fr\u00e4nkischer Wald","description":"","potentialAction":[{"@type":"SearchAction","target":{"@type":"EntryPoint","urlTemplate":"https:\/\/www.naturparkmagazin.de\/schwaebisch-fraenkischer-wald\/?s={search_term_string}"},"query-input":"required name=search_term_string"}],"inLanguage":"de"},{"@type":"Person","@id":"https:\/\/www.naturparkmagazin.de\/schwaebisch-fraenkischer-wald\/#\/schema\/person\/f047a3702ae747fd7830cf8ac95e6066","name":"Naturpark-Team","sameAs":["http:\/\/www.naturpark-sfw.de","https:\/\/www.facebook.com\/naturparkSFW"],"url":"https:\/\/www.naturparkmagazin.de\/schwaebisch-fraenkischer-wald\/author\/bernharddrixler\/"}]}},"_links":{"self":[{"href":"https:\/\/www.naturparkmagazin.de\/schwaebisch-fraenkischer-wald\/wp-json\/wp\/v2\/posts\/6772"}],"collection":[{"href":"https:\/\/www.naturparkmagazin.de\/schwaebisch-fraenkischer-wald\/wp-json\/wp\/v2\/posts"}],"about":[{"href":"https:\/\/www.naturparkmagazin.de\/schwaebisch-fraenkischer-wald\/wp-json\/wp\/v2\/types\/post"}],"author":[{"embeddable":true,"href":"https:\/\/www.naturparkmagazin.de\/schwaebisch-fraenkischer-wald\/wp-json\/wp\/v2\/users\/25"}],"replies":[{"embeddable":true,"href":"https:\/\/www.naturparkmagazin.de\/schwaebisch-fraenkischer-wald\/wp-json\/wp\/v2\/comments?post=6772"}],"version-history":[{"count":1,"href":"https:\/\/www.naturparkmagazin.de\/schwaebisch-fraenkischer-wald\/wp-json\/wp\/v2\/posts\/6772\/revisions"}],"predecessor-version":[{"id":6775,"href":"https:\/\/www.naturparkmagazin.de\/schwaebisch-fraenkischer-wald\/wp-json\/wp\/v2\/posts\/6772\/revisions\/6775"}],"wp:featuredmedia":[{"embeddable":true,"href":"https:\/\/www.naturparkmagazin.de\/schwaebisch-fraenkischer-wald\/wp-json\/wp\/v2\/media\/6774"}],"wp:attachment":[{"href":"https:\/\/www.naturparkmagazin.de\/schwaebisch-fraenkischer-wald\/wp-json\/wp\/v2\/media?parent=6772"}],"wp:term":[{"taxonomy":"category","embeddable":true,"href":"https:\/\/www.naturparkmagazin.de\/schwaebisch-fraenkischer-wald\/wp-json\/wp\/v2\/categories?post=6772"},{"taxonomy":"post_tag","embeddable":true,"href":"https:\/\/www.naturparkmagazin.de\/schwaebisch-fraenkischer-wald\/wp-json\/wp\/v2\/tags?post=6772"}],"curies":[{"name":"wp","href":"https:\/\/api.w.org\/{rel}","templated":true}]}}