{"id":6776,"date":"2018-11-19T10:18:34","date_gmt":"2018-11-19T09:18:34","guid":{"rendered":"https:\/\/www.naturparkmagazin.de\/schwaebisch-fraenkischer-wald\/?p=6776"},"modified":"2018-11-15T10:20:46","modified_gmt":"2018-11-15T09:20:46","slug":"sechs-neue-gemeinden-beim-bluehenden-naturpark-dabei","status":"publish","type":"post","link":"https:\/\/www.naturparkmagazin.de\/schwaebisch-fraenkischer-wald\/sechs-neue-gemeinden-beim-bluehenden-naturpark-dabei\/","title":{"rendered":"Sechs neue Gemeinden beim \u201eBl\u00fchenden Naturpark\u201c dabei"},"content":{"rendered":"<p>Im Projekt \u201eBl\u00fchender Naturpark\u201c beteiligen sich ab diesem Herbst sechs neue Gemeinden: Auenwald, Gaildorf, Mainhardt, Rosengarten, Rudersberg und W\u00fcstenrot.<\/p>\n<div id=\"attachment_6777\" style=\"width: 510px\" class=\"wp-caption alignright\"><a href=\"https:\/\/www.naturparkmagazin.de\/schwaebisch-fraenkischer-wald\/wp-content\/uploads\/sites\/34\/180712_Bluehender_NP_Seminar_Pflege_I-57.jpg\"><img aria-describedby=\"caption-attachment-6777\" decoding=\"async\" loading=\"lazy\" class=\"size-full wp-image-6777\" src=\"https:\/\/www.naturparkmagazin.de\/schwaebisch-fraenkischer-wald\/wp-content\/uploads\/sites\/34\/180712_Bluehender_NP_Seminar_Pflege_I-57.jpg\" alt=\"Sechs neue Gemeinden beim \u201eBl\u00fchenden Naturpark\u201c dabei\" width=\"500\" height=\"300\" srcset=\"https:\/\/www.naturparkmagazin.de\/schwaebisch-fraenkischer-wald\/wp-content\/uploads\/sites\/34\/180712_Bluehender_NP_Seminar_Pflege_I-57.jpg 500w, https:\/\/www.naturparkmagazin.de\/schwaebisch-fraenkischer-wald\/wp-content\/uploads\/sites\/34\/180712_Bluehender_NP_Seminar_Pflege_I-57-300x180.jpg 300w, https:\/\/www.naturparkmagazin.de\/schwaebisch-fraenkischer-wald\/wp-content\/uploads\/sites\/34\/180712_Bluehender_NP_Seminar_Pflege_I-57-200x120.jpg 200w\" sizes=\"(max-width: 500px) 100vw, 500px\" \/><\/a><p id=\"caption-attachment-6777\" class=\"wp-caption-text\">Sechs neue Gemeinden beim \u201eBl\u00fchenden Naturpark\u201c dabei<\/p><\/div>\n<p>Die Bauh\u00f6fe der teilnehmenden Gemeinden werden ab M\u00e4rz 2019 an insgesamt drei Seminaren zur Anlegung und Pflege naturnaher und mehrj\u00e4hriger Bl\u00fchfl\u00e4chen teilnehmen. \u00dcber den Winter werden die Fl\u00e4chen bereits vorbereitet. Hierzu besuchen die beauftragten Biologen Karin und Martin Wei\u00df zusammen mit der Projektmanagerin Lisa-Marie Funke derzeit die Gemeinden, um das zuk\u00fcnftige Saatgut bzw. das Pflegekonzept f\u00fcr die ausgew\u00e4hlten Fl\u00e4chen festzulegen.<\/p>\n<p>Die Gesch\u00e4ftsstelle freut sich auf die Zusammenarbeit mit den neuen Multiplikatoren f\u00fcr die Biodiversit\u00e4t.<\/p>\n","protected":false},"excerpt":{"rendered":"<p>Teilnehmende Kommunen sind Multiplikatoren f\u00fcr Biodiversit\u00e4t<\/p>\n","protected":false},"author":25,"featured_media":6778,"comment_status":"open","ping_status":"open","sticky":false,"template":"","format":"standard","meta":[],"categories":[7],"tags":[1069],"yoast_head":"<!-- This site is optimized with the Yoast SEO plugin v19.10 - https:\/\/yoast.com\/wordpress\/plugins\/seo\/ -->\n<title>Sechs neue Gemeinden beim \u201eBl\u00fchenden Naturpark\u201c dabei - Naturpark Schw\u00e4bisch-Fr\u00e4nkischer Wald<\/title>\n<meta name=\"robots\" content=\"index, follow, max-snippet:-1, max-image-preview:large, max-video-preview:-1\" \/>\n<link rel=\"canonical\" href=\"https:\/\/www.naturparkmagazin.de\/schwaebisch-fraenkischer-wald\/sechs-neue-gemeinden-beim-bluehenden-naturpark-dabei\/\" \/>\n<meta property=\"og:locale\" content=\"de_DE\" \/>\n<meta property=\"og:type\" content=\"article\" \/>\n<meta property=\"og:title\" content=\"Sechs neue Gemeinden beim \u201eBl\u00fchenden Naturpark\u201c dabei - Naturpark Schw\u00e4bisch-Fr\u00e4nkischer Wald\" \/>\n<meta property=\"og:description\" content=\"Teilnehmende Kommunen sind Multiplikatoren f\u00fcr Biodiversit\u00e4t\" \/>\n<meta property=\"og:url\" content=\"https:\/\/www.naturparkmagazin.de\/schwaebisch-fraenkischer-wald\/sechs-neue-gemeinden-beim-bluehenden-naturpark-dabei\/\" \/>\n<meta property=\"og:site_name\" content=\"Naturpark Schw\u00e4bisch-Fr\u00e4nkischer Wald\" \/>\n<meta property=\"article:author\" content=\"https:\/\/www.facebook.com\/naturparkSFW\" \/>\n<meta property=\"article:published_time\" content=\"2018-11-19T09:18:34+00:00\" \/>\n<meta property=\"article:modified_time\" content=\"2018-11-15T09:20:46+00:00\" \/>\n<meta property=\"og:image\" content=\"https:\/\/www.naturparkmagazin.de\/schwaebisch-fraenkischer-wald\/wp-content\/uploads\/sites\/34\/180712_Bluehender_NP_Seminar_Pflege_I-571.jpg\" \/>\n\t<meta property=\"og:image:width\" content=\"200\" \/>\n\t<meta property=\"og:image:height\" content=\"200\" \/>\n\t<meta property=\"og:image:type\" content=\"image\/jpeg\" \/>\n<meta name=\"author\" content=\"Naturpark-Team\" \/>\n<meta name=\"twitter:label1\" content=\"Verfasst von\" \/>\n\t<meta name=\"twitter:data1\" content=\"Naturpark-Team\" \/>\n\t<meta name=\"twitter:label2\" content=\"Gesch\u00e4tzte Lesezeit\" \/>\n\t<meta name=\"twitter:data2\" content=\"1\u00a0Minute\" \/>\n<script type=\"application\/ld+json\" class=\"yoast-schema-graph\">{\"@context\":\"https:\/\/schema.org\",\"@graph\":[{\"@type\":\"WebPage\",\"@id\":\"https:\/\/www.naturparkmagazin.de\/schwaebisch-fraenkischer-wald\/sechs-neue-gemeinden-beim-bluehenden-naturpark-dabei\/\",\"url\":\"https:\/\/www.naturparkmagazin.de\/schwaebisch-fraenkischer-wald\/sechs-neue-gemeinden-beim-bluehenden-naturpark-dabei\/\",\"name\":\"Sechs neue Gemeinden beim \u201eBl\u00fchenden Naturpark\u201c dabei - Naturpark Schw\u00e4bisch-Fr\u00e4nkischer Wald\",\"isPartOf\":{\"@id\":\"https:\/\/www.naturparkmagazin.de\/schwaebisch-fraenkischer-wald\/#website\"},\"datePublished\":\"2018-11-19T09:18:34+00:00\",\"dateModified\":\"2018-11-15T09:20:46+00:00\",\"author\":{\"@id\":\"https:\/\/www.naturparkmagazin.de\/schwaebisch-fraenkischer-wald\/#\/schema\/person\/f047a3702ae747fd7830cf8ac95e6066\"},\"breadcrumb\":{\"@id\":\"https:\/\/www.naturparkmagazin.de\/schwaebisch-fraenkischer-wald\/sechs-neue-gemeinden-beim-bluehenden-naturpark-dabei\/#breadcrumb\"},\"inLanguage\":\"de\",\"potentialAction\":[{\"@type\":\"ReadAction\",\"target\":[\"https:\/\/www.naturparkmagazin.de\/schwaebisch-fraenkischer-wald\/sechs-neue-gemeinden-beim-bluehenden-naturpark-dabei\/\"]}]},{\"@type\":\"BreadcrumbList\",\"@id\":\"https:\/\/www.naturparkmagazin.de\/schwaebisch-fraenkischer-wald\/sechs-neue-gemeinden-beim-bluehenden-naturpark-dabei\/#breadcrumb\",\"itemListElement\":[{\"@type\":\"ListItem\",\"position\":1,\"name\":\"Home\",\"item\":\"https:\/\/www.naturparkmagazin.de\/schwaebisch-fraenkischer-wald\/\"},{\"@type\":\"ListItem\",\"position\":2,\"name\":\"Sechs neue Gemeinden beim \u201eBl\u00fchenden Naturpark\u201c dabei\"}]},{\"@type\":\"WebSite\",\"@id\":\"https:\/\/www.naturparkmagazin.de\/schwaebisch-fraenkischer-wald\/#website\",\"url\":\"https:\/\/www.naturparkmagazin.de\/schwaebisch-fraenkischer-wald\/\",\"name\":\"Naturpark Schw\u00e4bisch-Fr\u00e4nkischer Wald\",\"description\":\"\",\"potentialAction\":[{\"@type\":\"SearchAction\",\"target\":{\"@type\":\"EntryPoint\",\"urlTemplate\":\"https:\/\/www.naturparkmagazin.de\/schwaebisch-fraenkischer-wald\/?s={search_term_string}\"},\"query-input\":\"required name=search_term_string\"}],\"inLanguage\":\"de\"},{\"@type\":\"Person\",\"@id\":\"https:\/\/www.naturparkmagazin.de\/schwaebisch-fraenkischer-wald\/#\/schema\/person\/f047a3702ae747fd7830cf8ac95e6066\",\"name\":\"Naturpark-Team\",\"sameAs\":[\"http:\/\/www.naturpark-sfw.de\",\"https:\/\/www.facebook.com\/naturparkSFW\"],\"url\":\"https:\/\/www.naturparkmagazin.de\/schwaebisch-fraenkischer-wald\/author\/bernharddrixler\/\"}]}<\/script>\n<!-- \/ Yoast SEO plugin. -->","yoast_head_json":{"title":"Sechs neue Gemeinden beim \u201eBl\u00fchenden Naturpark\u201c dabei - Naturpark Schw\u00e4bisch-Fr\u00e4nkischer Wald","robots":{"index":"index","follow":"follow","max-snippet":"max-snippet:-1","max-image-preview":"max-image-preview:large","max-video-preview":"max-video-preview:-1"},"canonical":"https:\/\/www.naturparkmagazin.de\/schwaebisch-fraenkischer-wald\/sechs-neue-gemeinden-beim-bluehenden-naturpark-dabei\/","og_locale":"de_DE","og_type":"article","og_title":"Sechs neue Gemeinden beim \u201eBl\u00fchenden Naturpark\u201c dabei - Naturpark Schw\u00e4bisch-Fr\u00e4nkischer Wald","og_description":"Teilnehmende Kommunen sind Multiplikatoren f\u00fcr Biodiversit\u00e4t","og_url":"https:\/\/www.naturparkmagazin.de\/schwaebisch-fraenkischer-wald\/sechs-neue-gemeinden-beim-bluehenden-naturpark-dabei\/","og_site_name":"Naturpark Schw\u00e4bisch-Fr\u00e4nkischer Wald","article_author":"https:\/\/www.facebook.com\/naturparkSFW","article_published_time":"2018-11-19T09:18:34+00:00","article_modified_time":"2018-11-15T09:20:46+00:00","og_image":[{"width":200,"height":200,"url":"https:\/\/www.naturparkmagazin.de\/schwaebisch-fraenkischer-wald\/wp-content\/uploads\/sites\/34\/180712_Bluehender_NP_Seminar_Pflege_I-571.jpg","type":"image\/jpeg"}],"author":"Naturpark-Team","twitter_misc":{"Verfasst von":"Naturpark-Team","Gesch\u00e4tzte Lesezeit":"1\u00a0Minute"},"schema":{"@context":"https:\/\/schema.org","@graph":[{"@type":"WebPage","@id":"https:\/\/www.naturparkmagazin.de\/schwaebisch-fraenkischer-wald\/sechs-neue-gemeinden-beim-bluehenden-naturpark-dabei\/","url":"https:\/\/www.naturparkmagazin.de\/schwaebisch-fraenkischer-wald\/sechs-neue-gemeinden-beim-bluehenden-naturpark-dabei\/","name":"Sechs neue Gemeinden beim \u201eBl\u00fchenden Naturpark\u201c dabei - Naturpark Schw\u00e4bisch-Fr\u00e4nkischer Wald","isPartOf":{"@id":"https:\/\/www.naturparkmagazin.de\/schwaebisch-fraenkischer-wald\/#website"},"datePublished":"2018-11-19T09:18:34+00:00","dateModified":"2018-11-15T09:20:46+00:00","author":{"@id":"https:\/\/www.naturparkmagazin.de\/schwaebisch-fraenkischer-wald\/#\/schema\/person\/f047a3702ae747fd7830cf8ac95e6066"},"breadcrumb":{"@id":"https:\/\/www.naturparkmagazin.de\/schwaebisch-fraenkischer-wald\/sechs-neue-gemeinden-beim-bluehenden-naturpark-dabei\/#breadcrumb"},"inLanguage":"de","potentialAction":[{"@type":"ReadAction","target":["https:\/\/www.naturparkmagazin.de\/schwaebisch-fraenkischer-wald\/sechs-neue-gemeinden-beim-bluehenden-naturpark-dabei\/"]}]},{"@type":"BreadcrumbList","@id":"https:\/\/www.naturparkmagazin.de\/schwaebisch-fraenkischer-wald\/sechs-neue-gemeinden-beim-bluehenden-naturpark-dabei\/#breadcrumb","itemListElement":[{"@type":"ListItem","position":1,"name":"Home","item":"https:\/\/www.naturparkmagazin.de\/schwaebisch-fraenkischer-wald\/"},{"@type":"ListItem","position":2,"name":"Sechs neue Gemeinden beim \u201eBl\u00fchenden Naturpark\u201c dabei"}]},{"@type":"WebSite","@id":"https:\/\/www.naturparkmagazin.de\/schwaebisch-fraenkischer-wald\/#website","url":"https:\/\/www.naturparkmagazin.de\/schwaebisch-fraenkischer-wald\/","name":"Naturpark Schw\u00e4bisch-Fr\u00e4nkischer Wald","description":"","potentialAction":[{"@type":"SearchAction","target":{"@type":"EntryPoint","urlTemplate":"https:\/\/www.naturparkmagazin.de\/schwaebisch-fraenkischer-wald\/?s={search_term_string}"},"query-input":"required name=search_term_string"}],"inLanguage":"de"},{"@type":"Person","@id":"https:\/\/www.naturparkmagazin.de\/schwaebisch-fraenkischer-wald\/#\/schema\/person\/f047a3702ae747fd7830cf8ac95e6066","name":"Naturpark-Team","sameAs":["http:\/\/www.naturpark-sfw.de","https:\/\/www.facebook.com\/naturparkSFW"],"url":"https:\/\/www.naturparkmagazin.de\/schwaebisch-fraenkischer-wald\/author\/bernharddrixler\/"}]}},"_links":{"self":[{"href":"https:\/\/www.naturparkmagazin.de\/schwaebisch-fraenkischer-wald\/wp-json\/wp\/v2\/posts\/6776"}],"collection":[{"href":"https:\/\/www.naturparkmagazin.de\/schwaebisch-fraenkischer-wald\/wp-json\/wp\/v2\/posts"}],"about":[{"href":"https:\/\/www.naturparkmagazin.de\/schwaebisch-fraenkischer-wald\/wp-json\/wp\/v2\/types\/post"}],"author":[{"embeddable":true,"href":"https:\/\/www.naturparkmagazin.de\/schwaebisch-fraenkischer-wald\/wp-json\/wp\/v2\/users\/25"}],"replies":[{"embeddable":true,"href":"https:\/\/www.naturparkmagazin.de\/schwaebisch-fraenkischer-wald\/wp-json\/wp\/v2\/comments?post=6776"}],"version-history":[{"count":1,"href":"https:\/\/www.naturparkmagazin.de\/schwaebisch-fraenkischer-wald\/wp-json\/wp\/v2\/posts\/6776\/revisions"}],"predecessor-version":[{"id":6779,"href":"https:\/\/www.naturparkmagazin.de\/schwaebisch-fraenkischer-wald\/wp-json\/wp\/v2\/posts\/6776\/revisions\/6779"}],"wp:featuredmedia":[{"embeddable":true,"href":"https:\/\/www.naturparkmagazin.de\/schwaebisch-fraenkischer-wald\/wp-json\/wp\/v2\/media\/6778"}],"wp:attachment":[{"href":"https:\/\/www.naturparkmagazin.de\/schwaebisch-fraenkischer-wald\/wp-json\/wp\/v2\/media?parent=6776"}],"wp:term":[{"taxonomy":"category","embeddable":true,"href":"https:\/\/www.naturparkmagazin.de\/schwaebisch-fraenkischer-wald\/wp-json\/wp\/v2\/categories?post=6776"},{"taxonomy":"post_tag","embeddable":true,"href":"https:\/\/www.naturparkmagazin.de\/schwaebisch-fraenkischer-wald\/wp-json\/wp\/v2\/tags?post=6776"}],"curies":[{"name":"wp","href":"https:\/\/api.w.org\/{rel}","templated":true}]}}