{"id":6780,"date":"2018-11-19T10:21:01","date_gmt":"2018-11-19T09:21:01","guid":{"rendered":"https:\/\/www.naturparkmagazin.de\/schwaebisch-fraenkischer-wald\/?p=6780"},"modified":"2018-11-19T13:57:34","modified_gmt":"2018-11-19T12:57:34","slug":"die-feldschilder-zum-bluehenden-naturpark-sind-da","status":"publish","type":"post","link":"https:\/\/www.naturparkmagazin.de\/schwaebisch-fraenkischer-wald\/die-feldschilder-zum-bluehenden-naturpark-sind-da\/","title":{"rendered":"Die Feldschilder zum \u201eBl\u00fchenden Naturpark\u201c sind da!"},"content":{"rendered":"<p>Um die Bev\u00f6lkerung noch besser \u00fcber das Projekt \u201eBl\u00fchender Naturpark\u201c informieren zu k\u00f6nnen, hat die Naturparkgesch\u00e4ftsstelle zusammen mit dem Kooperationspartner des Projektes, der Haller Wildbadquelle, Feldschilder gestaltet.<\/p>\n<div id=\"attachment_6834\" style=\"width: 310px\" class=\"wp-caption alignright\"><a href=\"https:\/\/www.naturparkmagazin.de\/schwaebisch-fraenkischer-wald\/wp-content\/uploads\/sites\/34\/18119_Feldschild-Gro\u00dferlach-1.jpg\"><img aria-describedby=\"caption-attachment-6834\" decoding=\"async\" loading=\"lazy\" class=\"size-full wp-image-6834\" src=\"https:\/\/www.naturparkmagazin.de\/schwaebisch-fraenkischer-wald\/wp-content\/uploads\/sites\/34\/18119_Feldschild-Gro\u00dferlach-1.jpg\" alt=\"\u00dcber den Winter werden die neuen Fl\u00e4chen von den teilnehmenden Bauh\u00f6fen nun vorbereitet, um ab n\u00e4chsten Fr\u00fchjahr nach und nach aufbl\u00fchen zu k\u00f6nnen.  Das Foto zeigt beispielshaft eine Fl\u00e4che in Gro\u00dferlach, auf der im n\u00e4chsten Jahr ausges\u00e4t wird.\" width=\"300\" height=\"500\" srcset=\"https:\/\/www.naturparkmagazin.de\/schwaebisch-fraenkischer-wald\/wp-content\/uploads\/sites\/34\/18119_Feldschild-Gro\u00dferlach-1.jpg 300w, https:\/\/www.naturparkmagazin.de\/schwaebisch-fraenkischer-wald\/wp-content\/uploads\/sites\/34\/18119_Feldschild-Gro\u00dferlach-1-200x333.jpg 200w\" sizes=\"(max-width: 300px) 100vw, 300px\" \/><\/a><p id=\"caption-attachment-6834\" class=\"wp-caption-text\">\u00dcber den Winter werden die neuen Fl\u00e4chen von den teilnehmenden Bauh\u00f6fen nun vorbereitet, um ab n\u00e4chsten Fr\u00fchjahr nach und nach aufbl\u00fchen zu k\u00f6nnen.Das Foto zeigt beispielshaft eine Fl\u00e4che in Gro\u00dferlach, auf der im n\u00e4chsten Jahr ausges\u00e4t wird.<\/p><\/div>\n<p>Diese werden nun nach und nach an den umgewandelten, neuen Bl\u00fchfl\u00e4chen aufgestellt. Durch die Schilder soll die Akzeptanz f\u00fcr den zum Teil ungewohnten, bunten und \u201ewilden\u201c Anblick erh\u00f6ht werden. Denn in den teilnehmenden Gemeinden soll wieder Vielfalt zugelassen werden. Dazu geh\u00f6rt auch, dass Wiesen nach der Bl\u00fcte nicht abgem\u00e4ht werden, um Insekten Schlafpl\u00e4tze zur \u00dcberwinterung anbieten zu k\u00f6nnen. Dies mag f\u00fcr manche Geranienliebhaber zun\u00e4chst nur schwer zu verstehen sein, f\u00fcr Insekten sind solche Fl\u00e4chen jedoch \u00fcberlebensnotwendig. Der Naturpark empfiehlt daher allen Freunden des englischen Rasens das folgende Motto: \u201eTraue nicht dem Ort, an dem kein Unkraut w\u00e4chst\u201c.<\/p>\n","protected":false},"excerpt":{"rendered":"<p>Traue nicht dem Ort, an dem kein Unkraut w\u00e4chst<\/p>\n","protected":false},"author":25,"featured_media":6835,"comment_status":"open","ping_status":"open","sticky":false,"template":"","format":"standard","meta":[],"categories":[7],"tags":[1069],"yoast_head":"<!-- This site is optimized with the Yoast SEO plugin v19.10 - https:\/\/yoast.com\/wordpress\/plugins\/seo\/ -->\n<title>Die Feldschilder zum \u201eBl\u00fchenden Naturpark\u201c sind da! - Naturpark Schw\u00e4bisch-Fr\u00e4nkischer Wald<\/title>\n<meta name=\"robots\" content=\"index, follow, max-snippet:-1, max-image-preview:large, max-video-preview:-1\" \/>\n<link rel=\"canonical\" href=\"https:\/\/www.naturparkmagazin.de\/schwaebisch-fraenkischer-wald\/die-feldschilder-zum-bluehenden-naturpark-sind-da\/\" \/>\n<meta property=\"og:locale\" content=\"de_DE\" \/>\n<meta property=\"og:type\" content=\"article\" \/>\n<meta property=\"og:title\" content=\"Die Feldschilder zum \u201eBl\u00fchenden Naturpark\u201c sind da! - Naturpark Schw\u00e4bisch-Fr\u00e4nkischer Wald\" \/>\n<meta property=\"og:description\" content=\"Traue nicht dem Ort, an dem kein Unkraut w\u00e4chst\" \/>\n<meta property=\"og:url\" content=\"https:\/\/www.naturparkmagazin.de\/schwaebisch-fraenkischer-wald\/die-feldschilder-zum-bluehenden-naturpark-sind-da\/\" \/>\n<meta property=\"og:site_name\" content=\"Naturpark Schw\u00e4bisch-Fr\u00e4nkischer Wald\" \/>\n<meta property=\"article:author\" content=\"https:\/\/www.facebook.com\/naturparkSFW\" \/>\n<meta property=\"article:published_time\" content=\"2018-11-19T09:21:01+00:00\" \/>\n<meta property=\"article:modified_time\" content=\"2018-11-19T12:57:34+00:00\" \/>\n<meta property=\"og:image\" content=\"https:\/\/www.naturparkmagazin.de\/schwaebisch-fraenkischer-wald\/wp-content\/uploads\/sites\/34\/18119_Feldschild-Gro\u00dferlach-11.jpg\" \/>\n\t<meta property=\"og:image:width\" content=\"200\" \/>\n\t<meta property=\"og:image:height\" content=\"200\" \/>\n\t<meta property=\"og:image:type\" content=\"image\/jpeg\" \/>\n<meta name=\"author\" content=\"Naturpark-Team\" \/>\n<meta name=\"twitter:label1\" content=\"Verfasst von\" \/>\n\t<meta name=\"twitter:data1\" content=\"Naturpark-Team\" \/>\n\t<meta name=\"twitter:label2\" content=\"Gesch\u00e4tzte Lesezeit\" \/>\n\t<meta name=\"twitter:data2\" content=\"1\u00a0Minute\" \/>\n<script type=\"application\/ld+json\" class=\"yoast-schema-graph\">{\"@context\":\"https:\/\/schema.org\",\"@graph\":[{\"@type\":\"WebPage\",\"@id\":\"https:\/\/www.naturparkmagazin.de\/schwaebisch-fraenkischer-wald\/die-feldschilder-zum-bluehenden-naturpark-sind-da\/\",\"url\":\"https:\/\/www.naturparkmagazin.de\/schwaebisch-fraenkischer-wald\/die-feldschilder-zum-bluehenden-naturpark-sind-da\/\",\"name\":\"Die Feldschilder zum \u201eBl\u00fchenden Naturpark\u201c sind da! - Naturpark Schw\u00e4bisch-Fr\u00e4nkischer Wald\",\"isPartOf\":{\"@id\":\"https:\/\/www.naturparkmagazin.de\/schwaebisch-fraenkischer-wald\/#website\"},\"datePublished\":\"2018-11-19T09:21:01+00:00\",\"dateModified\":\"2018-11-19T12:57:34+00:00\",\"author\":{\"@id\":\"https:\/\/www.naturparkmagazin.de\/schwaebisch-fraenkischer-wald\/#\/schema\/person\/f047a3702ae747fd7830cf8ac95e6066\"},\"breadcrumb\":{\"@id\":\"https:\/\/www.naturparkmagazin.de\/schwaebisch-fraenkischer-wald\/die-feldschilder-zum-bluehenden-naturpark-sind-da\/#breadcrumb\"},\"inLanguage\":\"de\",\"potentialAction\":[{\"@type\":\"ReadAction\",\"target\":[\"https:\/\/www.naturparkmagazin.de\/schwaebisch-fraenkischer-wald\/die-feldschilder-zum-bluehenden-naturpark-sind-da\/\"]}]},{\"@type\":\"BreadcrumbList\",\"@id\":\"https:\/\/www.naturparkmagazin.de\/schwaebisch-fraenkischer-wald\/die-feldschilder-zum-bluehenden-naturpark-sind-da\/#breadcrumb\",\"itemListElement\":[{\"@type\":\"ListItem\",\"position\":1,\"name\":\"Home\",\"item\":\"https:\/\/www.naturparkmagazin.de\/schwaebisch-fraenkischer-wald\/\"},{\"@type\":\"ListItem\",\"position\":2,\"name\":\"Die Feldschilder zum \u201eBl\u00fchenden Naturpark\u201c sind da!\"}]},{\"@type\":\"WebSite\",\"@id\":\"https:\/\/www.naturparkmagazin.de\/schwaebisch-fraenkischer-wald\/#website\",\"url\":\"https:\/\/www.naturparkmagazin.de\/schwaebisch-fraenkischer-wald\/\",\"name\":\"Naturpark Schw\u00e4bisch-Fr\u00e4nkischer Wald\",\"description\":\"\",\"potentialAction\":[{\"@type\":\"SearchAction\",\"target\":{\"@type\":\"EntryPoint\",\"urlTemplate\":\"https:\/\/www.naturparkmagazin.de\/schwaebisch-fraenkischer-wald\/?s={search_term_string}\"},\"query-input\":\"required name=search_term_string\"}],\"inLanguage\":\"de\"},{\"@type\":\"Person\",\"@id\":\"https:\/\/www.naturparkmagazin.de\/schwaebisch-fraenkischer-wald\/#\/schema\/person\/f047a3702ae747fd7830cf8ac95e6066\",\"name\":\"Naturpark-Team\",\"sameAs\":[\"http:\/\/www.naturpark-sfw.de\",\"https:\/\/www.facebook.com\/naturparkSFW\"],\"url\":\"https:\/\/www.naturparkmagazin.de\/schwaebisch-fraenkischer-wald\/author\/bernharddrixler\/\"}]}<\/script>\n<!-- \/ Yoast SEO plugin. -->","yoast_head_json":{"title":"Die Feldschilder zum \u201eBl\u00fchenden Naturpark\u201c sind da! - Naturpark Schw\u00e4bisch-Fr\u00e4nkischer Wald","robots":{"index":"index","follow":"follow","max-snippet":"max-snippet:-1","max-image-preview":"max-image-preview:large","max-video-preview":"max-video-preview:-1"},"canonical":"https:\/\/www.naturparkmagazin.de\/schwaebisch-fraenkischer-wald\/die-feldschilder-zum-bluehenden-naturpark-sind-da\/","og_locale":"de_DE","og_type":"article","og_title":"Die Feldschilder zum \u201eBl\u00fchenden Naturpark\u201c sind da! - Naturpark Schw\u00e4bisch-Fr\u00e4nkischer Wald","og_description":"Traue nicht dem Ort, an dem kein Unkraut w\u00e4chst","og_url":"https:\/\/www.naturparkmagazin.de\/schwaebisch-fraenkischer-wald\/die-feldschilder-zum-bluehenden-naturpark-sind-da\/","og_site_name":"Naturpark Schw\u00e4bisch-Fr\u00e4nkischer Wald","article_author":"https:\/\/www.facebook.com\/naturparkSFW","article_published_time":"2018-11-19T09:21:01+00:00","article_modified_time":"2018-11-19T12:57:34+00:00","og_image":[{"width":200,"height":200,"url":"https:\/\/www.naturparkmagazin.de\/schwaebisch-fraenkischer-wald\/wp-content\/uploads\/sites\/34\/18119_Feldschild-Gro\u00dferlach-11.jpg","type":"image\/jpeg"}],"author":"Naturpark-Team","twitter_misc":{"Verfasst von":"Naturpark-Team","Gesch\u00e4tzte Lesezeit":"1\u00a0Minute"},"schema":{"@context":"https:\/\/schema.org","@graph":[{"@type":"WebPage","@id":"https:\/\/www.naturparkmagazin.de\/schwaebisch-fraenkischer-wald\/die-feldschilder-zum-bluehenden-naturpark-sind-da\/","url":"https:\/\/www.naturparkmagazin.de\/schwaebisch-fraenkischer-wald\/die-feldschilder-zum-bluehenden-naturpark-sind-da\/","name":"Die Feldschilder zum \u201eBl\u00fchenden Naturpark\u201c sind da! - Naturpark Schw\u00e4bisch-Fr\u00e4nkischer Wald","isPartOf":{"@id":"https:\/\/www.naturparkmagazin.de\/schwaebisch-fraenkischer-wald\/#website"},"datePublished":"2018-11-19T09:21:01+00:00","dateModified":"2018-11-19T12:57:34+00:00","author":{"@id":"https:\/\/www.naturparkmagazin.de\/schwaebisch-fraenkischer-wald\/#\/schema\/person\/f047a3702ae747fd7830cf8ac95e6066"},"breadcrumb":{"@id":"https:\/\/www.naturparkmagazin.de\/schwaebisch-fraenkischer-wald\/die-feldschilder-zum-bluehenden-naturpark-sind-da\/#breadcrumb"},"inLanguage":"de","potentialAction":[{"@type":"ReadAction","target":["https:\/\/www.naturparkmagazin.de\/schwaebisch-fraenkischer-wald\/die-feldschilder-zum-bluehenden-naturpark-sind-da\/"]}]},{"@type":"BreadcrumbList","@id":"https:\/\/www.naturparkmagazin.de\/schwaebisch-fraenkischer-wald\/die-feldschilder-zum-bluehenden-naturpark-sind-da\/#breadcrumb","itemListElement":[{"@type":"ListItem","position":1,"name":"Home","item":"https:\/\/www.naturparkmagazin.de\/schwaebisch-fraenkischer-wald\/"},{"@type":"ListItem","position":2,"name":"Die Feldschilder zum \u201eBl\u00fchenden Naturpark\u201c sind da!"}]},{"@type":"WebSite","@id":"https:\/\/www.naturparkmagazin.de\/schwaebisch-fraenkischer-wald\/#website","url":"https:\/\/www.naturparkmagazin.de\/schwaebisch-fraenkischer-wald\/","name":"Naturpark Schw\u00e4bisch-Fr\u00e4nkischer Wald","description":"","potentialAction":[{"@type":"SearchAction","target":{"@type":"EntryPoint","urlTemplate":"https:\/\/www.naturparkmagazin.de\/schwaebisch-fraenkischer-wald\/?s={search_term_string}"},"query-input":"required name=search_term_string"}],"inLanguage":"de"},{"@type":"Person","@id":"https:\/\/www.naturparkmagazin.de\/schwaebisch-fraenkischer-wald\/#\/schema\/person\/f047a3702ae747fd7830cf8ac95e6066","name":"Naturpark-Team","sameAs":["http:\/\/www.naturpark-sfw.de","https:\/\/www.facebook.com\/naturparkSFW"],"url":"https:\/\/www.naturparkmagazin.de\/schwaebisch-fraenkischer-wald\/author\/bernharddrixler\/"}]}},"_links":{"self":[{"href":"https:\/\/www.naturparkmagazin.de\/schwaebisch-fraenkischer-wald\/wp-json\/wp\/v2\/posts\/6780"}],"collection":[{"href":"https:\/\/www.naturparkmagazin.de\/schwaebisch-fraenkischer-wald\/wp-json\/wp\/v2\/posts"}],"about":[{"href":"https:\/\/www.naturparkmagazin.de\/schwaebisch-fraenkischer-wald\/wp-json\/wp\/v2\/types\/post"}],"author":[{"embeddable":true,"href":"https:\/\/www.naturparkmagazin.de\/schwaebisch-fraenkischer-wald\/wp-json\/wp\/v2\/users\/25"}],"replies":[{"embeddable":true,"href":"https:\/\/www.naturparkmagazin.de\/schwaebisch-fraenkischer-wald\/wp-json\/wp\/v2\/comments?post=6780"}],"version-history":[{"count":3,"href":"https:\/\/www.naturparkmagazin.de\/schwaebisch-fraenkischer-wald\/wp-json\/wp\/v2\/posts\/6780\/revisions"}],"predecessor-version":[{"id":6837,"href":"https:\/\/www.naturparkmagazin.de\/schwaebisch-fraenkischer-wald\/wp-json\/wp\/v2\/posts\/6780\/revisions\/6837"}],"wp:featuredmedia":[{"embeddable":true,"href":"https:\/\/www.naturparkmagazin.de\/schwaebisch-fraenkischer-wald\/wp-json\/wp\/v2\/media\/6835"}],"wp:attachment":[{"href":"https:\/\/www.naturparkmagazin.de\/schwaebisch-fraenkischer-wald\/wp-json\/wp\/v2\/media?parent=6780"}],"wp:term":[{"taxonomy":"category","embeddable":true,"href":"https:\/\/www.naturparkmagazin.de\/schwaebisch-fraenkischer-wald\/wp-json\/wp\/v2\/categories?post=6780"},{"taxonomy":"post_tag","embeddable":true,"href":"https:\/\/www.naturparkmagazin.de\/schwaebisch-fraenkischer-wald\/wp-json\/wp\/v2\/tags?post=6780"}],"curies":[{"name":"wp","href":"https:\/\/api.w.org\/{rel}","templated":true}]}}