{"id":6782,"date":"2018-11-19T10:22:28","date_gmt":"2018-11-19T09:22:28","guid":{"rendered":"https:\/\/www.naturparkmagazin.de\/schwaebisch-fraenkischer-wald\/?p=6782"},"modified":"2018-11-15T10:29:11","modified_gmt":"2018-11-15T09:29:11","slug":"wussten-sie-schon-11","status":"publish","type":"post","link":"https:\/\/www.naturparkmagazin.de\/schwaebisch-fraenkischer-wald\/wussten-sie-schon-11\/","title":{"rendered":"Wussten Sie schon\u2026?"},"content":{"rendered":"<p><strong>Wussten Sie schon\u2026?<\/strong><\/p>\n<p>\u2026dass die Naturparkf\u00fchrer als \u201eBotschafter des Naturparks\u201c im Verlaufe des Jahres \u00fcber 900 Veranstaltungen anbieten?<\/p>\n<p>Ja, diese schier unglaubliche Zahl stimmt tats\u00e4chlich!<\/p>\n<div id=\"attachment_6783\" style=\"width: 510px\" class=\"wp-caption alignright\"><a href=\"https:\/\/www.naturparkmagazin.de\/schwaebisch-fraenkischer-wald\/wp-content\/uploads\/sites\/34\/140524_Grab_Welterbe_Limes-101.jpg\"><img aria-describedby=\"caption-attachment-6783\" decoding=\"async\" loading=\"lazy\" class=\"size-full wp-image-6783\" src=\"https:\/\/www.naturparkmagazin.de\/schwaebisch-fraenkischer-wald\/wp-content\/uploads\/sites\/34\/140524_Grab_Welterbe_Limes-101.jpg\" alt=\"Die Naturparkf\u00fchrer\/-innen im Naturpark Schw\u00e4bisch-Fr\u00e4nkischer Wald boten 2018 \u00fcber 900 Veranstaltungen an\" width=\"500\" height=\"300\" srcset=\"https:\/\/www.naturparkmagazin.de\/schwaebisch-fraenkischer-wald\/wp-content\/uploads\/sites\/34\/140524_Grab_Welterbe_Limes-101.jpg 500w, https:\/\/www.naturparkmagazin.de\/schwaebisch-fraenkischer-wald\/wp-content\/uploads\/sites\/34\/140524_Grab_Welterbe_Limes-101-300x180.jpg 300w, https:\/\/www.naturparkmagazin.de\/schwaebisch-fraenkischer-wald\/wp-content\/uploads\/sites\/34\/140524_Grab_Welterbe_Limes-101-200x120.jpg 200w\" sizes=\"(max-width: 500px) 100vw, 500px\" \/><\/a><p id=\"caption-attachment-6783\" class=\"wp-caption-text\">Die Naturparkf\u00fchrer\/-innen im Naturpark Schw\u00e4bisch-Fr\u00e4nkischer Wald boten 2018 \u00fcber 900 Veranstaltungen an<\/p><\/div>\n<p>Die 36 aktiven Naturparkf\u00fchrerinnen und Naturparkf\u00fchrer sind nicht nur an jedem Sonn- und Feiertag im Jahr mit informativen Wanderungen unterwegs. Sie beteiligen sich zudem an den gro\u00dfen Veranstaltungsformaten wie dem Natur-Erlebniscamp, Ebnisee f\u00fcr Alle oder Gaildorf chillt. Weiterhin sind sie auf Messen sowie auf den Naturparkm\u00e4rkten pr\u00e4sent, um den Naturpark und seine Erlebnism\u00f6glichkeiten zu bewerben. Im Bereich der Naturpark-Schulen k\u00f6nnen Lehrerinnen und Lehrer Unterrichtsmodule zu verschiedenen Themen buchen. Und in jedem Jahr gibt es zus\u00e4tzliche, selbstorganisierte Veranstaltungsformate mit hohen Teilnehmerzahlen. Beispielhaft genannt seien hier Distanzwanderungen, Aktionstage auf der Burg L\u00f6wenstein, Veranstaltungen rund um den Dichter Justinus Kerner, Pilzberatungen, K\u00f6hlerwochen, die M\u00fchlenweihnacht und und und\u2026!<\/p>\n<p>Nur vollst\u00e4ndigkeitshalber sei erw\u00e4hnt, dass die meisten Naturparkf\u00fchrer diese Veranstaltungen zus\u00e4tzlich zum regul\u00e4ren Vollzeitjob und Familie durchf\u00fchren.<\/p>\n<p>Haben wir noch etwas vergessen? Ja! Ein ganz, ganz gro\u00dfes Dankesch\u00f6n f\u00fcr dieses unerm\u00fcdliche Engagement, die investierte Zeit und die vielen kreativen Ideen! Wir w\u00fcnschen allen Naturparkf\u00fchrerinnen und Naturparkf\u00fchrern eine besinnliche Weihnachtszeit mit viel Ruhe zum Kraft tanken f\u00fcr das n\u00e4chste, sicherlich ebenso ereignisreiche Jahr.<\/p>\n","protected":false},"excerpt":{"rendered":"<p>Naturparkf\u00fchrer\/-innen boten 2018 \u00fcber 900 Veranstaltungen an<\/p>\n","protected":false},"author":25,"featured_media":6784,"comment_status":"open","ping_status":"open","sticky":false,"template":"","format":"standard","meta":[],"categories":[8],"tags":[1069],"yoast_head":"<!-- This site is optimized with the Yoast SEO plugin v19.10 - https:\/\/yoast.com\/wordpress\/plugins\/seo\/ -->\n<title>Wussten Sie schon\u2026? - Naturpark Schw\u00e4bisch-Fr\u00e4nkischer Wald<\/title>\n<meta name=\"robots\" content=\"index, follow, max-snippet:-1, max-image-preview:large, max-video-preview:-1\" \/>\n<link rel=\"canonical\" href=\"https:\/\/www.naturparkmagazin.de\/schwaebisch-fraenkischer-wald\/wussten-sie-schon-11\/\" \/>\n<meta property=\"og:locale\" content=\"de_DE\" \/>\n<meta property=\"og:type\" content=\"article\" \/>\n<meta property=\"og:title\" content=\"Wussten Sie schon\u2026? - Naturpark Schw\u00e4bisch-Fr\u00e4nkischer Wald\" \/>\n<meta property=\"og:description\" content=\"Naturparkf\u00fchrer\/-innen boten 2018 \u00fcber 900 Veranstaltungen an\" \/>\n<meta property=\"og:url\" content=\"https:\/\/www.naturparkmagazin.de\/schwaebisch-fraenkischer-wald\/wussten-sie-schon-11\/\" \/>\n<meta property=\"og:site_name\" content=\"Naturpark Schw\u00e4bisch-Fr\u00e4nkischer Wald\" \/>\n<meta property=\"article:author\" content=\"https:\/\/www.facebook.com\/naturparkSFW\" \/>\n<meta property=\"article:published_time\" content=\"2018-11-19T09:22:28+00:00\" \/>\n<meta property=\"article:modified_time\" content=\"2018-11-15T09:29:11+00:00\" \/>\n<meta property=\"og:image\" content=\"https:\/\/www.naturparkmagazin.de\/schwaebisch-fraenkischer-wald\/wp-content\/uploads\/sites\/34\/140524_Grab_Welterbe_Limes-102.jpg\" \/>\n\t<meta property=\"og:image:width\" content=\"200\" \/>\n\t<meta property=\"og:image:height\" content=\"200\" \/>\n\t<meta property=\"og:image:type\" content=\"image\/jpeg\" \/>\n<meta name=\"author\" content=\"Naturpark-Team\" \/>\n<meta name=\"twitter:label1\" content=\"Verfasst von\" \/>\n\t<meta name=\"twitter:data1\" content=\"Naturpark-Team\" \/>\n\t<meta name=\"twitter:label2\" content=\"Gesch\u00e4tzte Lesezeit\" \/>\n\t<meta name=\"twitter:data2\" content=\"1\u00a0Minute\" \/>\n<script type=\"application\/ld+json\" class=\"yoast-schema-graph\">{\"@context\":\"https:\/\/schema.org\",\"@graph\":[{\"@type\":\"WebPage\",\"@id\":\"https:\/\/www.naturparkmagazin.de\/schwaebisch-fraenkischer-wald\/wussten-sie-schon-11\/\",\"url\":\"https:\/\/www.naturparkmagazin.de\/schwaebisch-fraenkischer-wald\/wussten-sie-schon-11\/\",\"name\":\"Wussten Sie schon\u2026? - Naturpark Schw\u00e4bisch-Fr\u00e4nkischer Wald\",\"isPartOf\":{\"@id\":\"https:\/\/www.naturparkmagazin.de\/schwaebisch-fraenkischer-wald\/#website\"},\"datePublished\":\"2018-11-19T09:22:28+00:00\",\"dateModified\":\"2018-11-15T09:29:11+00:00\",\"author\":{\"@id\":\"https:\/\/www.naturparkmagazin.de\/schwaebisch-fraenkischer-wald\/#\/schema\/person\/f047a3702ae747fd7830cf8ac95e6066\"},\"breadcrumb\":{\"@id\":\"https:\/\/www.naturparkmagazin.de\/schwaebisch-fraenkischer-wald\/wussten-sie-schon-11\/#breadcrumb\"},\"inLanguage\":\"de\",\"potentialAction\":[{\"@type\":\"ReadAction\",\"target\":[\"https:\/\/www.naturparkmagazin.de\/schwaebisch-fraenkischer-wald\/wussten-sie-schon-11\/\"]}]},{\"@type\":\"BreadcrumbList\",\"@id\":\"https:\/\/www.naturparkmagazin.de\/schwaebisch-fraenkischer-wald\/wussten-sie-schon-11\/#breadcrumb\",\"itemListElement\":[{\"@type\":\"ListItem\",\"position\":1,\"name\":\"Home\",\"item\":\"https:\/\/www.naturparkmagazin.de\/schwaebisch-fraenkischer-wald\/\"},{\"@type\":\"ListItem\",\"position\":2,\"name\":\"Wussten Sie schon\u2026?\"}]},{\"@type\":\"WebSite\",\"@id\":\"https:\/\/www.naturparkmagazin.de\/schwaebisch-fraenkischer-wald\/#website\",\"url\":\"https:\/\/www.naturparkmagazin.de\/schwaebisch-fraenkischer-wald\/\",\"name\":\"Naturpark Schw\u00e4bisch-Fr\u00e4nkischer Wald\",\"description\":\"\",\"potentialAction\":[{\"@type\":\"SearchAction\",\"target\":{\"@type\":\"EntryPoint\",\"urlTemplate\":\"https:\/\/www.naturparkmagazin.de\/schwaebisch-fraenkischer-wald\/?s={search_term_string}\"},\"query-input\":\"required name=search_term_string\"}],\"inLanguage\":\"de\"},{\"@type\":\"Person\",\"@id\":\"https:\/\/www.naturparkmagazin.de\/schwaebisch-fraenkischer-wald\/#\/schema\/person\/f047a3702ae747fd7830cf8ac95e6066\",\"name\":\"Naturpark-Team\",\"sameAs\":[\"http:\/\/www.naturpark-sfw.de\",\"https:\/\/www.facebook.com\/naturparkSFW\"],\"url\":\"https:\/\/www.naturparkmagazin.de\/schwaebisch-fraenkischer-wald\/author\/bernharddrixler\/\"}]}<\/script>\n<!-- \/ Yoast SEO plugin. -->","yoast_head_json":{"title":"Wussten Sie schon\u2026? - Naturpark Schw\u00e4bisch-Fr\u00e4nkischer Wald","robots":{"index":"index","follow":"follow","max-snippet":"max-snippet:-1","max-image-preview":"max-image-preview:large","max-video-preview":"max-video-preview:-1"},"canonical":"https:\/\/www.naturparkmagazin.de\/schwaebisch-fraenkischer-wald\/wussten-sie-schon-11\/","og_locale":"de_DE","og_type":"article","og_title":"Wussten Sie schon\u2026? - Naturpark Schw\u00e4bisch-Fr\u00e4nkischer Wald","og_description":"Naturparkf\u00fchrer\/-innen boten 2018 \u00fcber 900 Veranstaltungen an","og_url":"https:\/\/www.naturparkmagazin.de\/schwaebisch-fraenkischer-wald\/wussten-sie-schon-11\/","og_site_name":"Naturpark Schw\u00e4bisch-Fr\u00e4nkischer Wald","article_author":"https:\/\/www.facebook.com\/naturparkSFW","article_published_time":"2018-11-19T09:22:28+00:00","article_modified_time":"2018-11-15T09:29:11+00:00","og_image":[{"width":200,"height":200,"url":"https:\/\/www.naturparkmagazin.de\/schwaebisch-fraenkischer-wald\/wp-content\/uploads\/sites\/34\/140524_Grab_Welterbe_Limes-102.jpg","type":"image\/jpeg"}],"author":"Naturpark-Team","twitter_misc":{"Verfasst von":"Naturpark-Team","Gesch\u00e4tzte Lesezeit":"1\u00a0Minute"},"schema":{"@context":"https:\/\/schema.org","@graph":[{"@type":"WebPage","@id":"https:\/\/www.naturparkmagazin.de\/schwaebisch-fraenkischer-wald\/wussten-sie-schon-11\/","url":"https:\/\/www.naturparkmagazin.de\/schwaebisch-fraenkischer-wald\/wussten-sie-schon-11\/","name":"Wussten Sie schon\u2026? - Naturpark Schw\u00e4bisch-Fr\u00e4nkischer Wald","isPartOf":{"@id":"https:\/\/www.naturparkmagazin.de\/schwaebisch-fraenkischer-wald\/#website"},"datePublished":"2018-11-19T09:22:28+00:00","dateModified":"2018-11-15T09:29:11+00:00","author":{"@id":"https:\/\/www.naturparkmagazin.de\/schwaebisch-fraenkischer-wald\/#\/schema\/person\/f047a3702ae747fd7830cf8ac95e6066"},"breadcrumb":{"@id":"https:\/\/www.naturparkmagazin.de\/schwaebisch-fraenkischer-wald\/wussten-sie-schon-11\/#breadcrumb"},"inLanguage":"de","potentialAction":[{"@type":"ReadAction","target":["https:\/\/www.naturparkmagazin.de\/schwaebisch-fraenkischer-wald\/wussten-sie-schon-11\/"]}]},{"@type":"BreadcrumbList","@id":"https:\/\/www.naturparkmagazin.de\/schwaebisch-fraenkischer-wald\/wussten-sie-schon-11\/#breadcrumb","itemListElement":[{"@type":"ListItem","position":1,"name":"Home","item":"https:\/\/www.naturparkmagazin.de\/schwaebisch-fraenkischer-wald\/"},{"@type":"ListItem","position":2,"name":"Wussten Sie schon\u2026?"}]},{"@type":"WebSite","@id":"https:\/\/www.naturparkmagazin.de\/schwaebisch-fraenkischer-wald\/#website","url":"https:\/\/www.naturparkmagazin.de\/schwaebisch-fraenkischer-wald\/","name":"Naturpark Schw\u00e4bisch-Fr\u00e4nkischer Wald","description":"","potentialAction":[{"@type":"SearchAction","target":{"@type":"EntryPoint","urlTemplate":"https:\/\/www.naturparkmagazin.de\/schwaebisch-fraenkischer-wald\/?s={search_term_string}"},"query-input":"required name=search_term_string"}],"inLanguage":"de"},{"@type":"Person","@id":"https:\/\/www.naturparkmagazin.de\/schwaebisch-fraenkischer-wald\/#\/schema\/person\/f047a3702ae747fd7830cf8ac95e6066","name":"Naturpark-Team","sameAs":["http:\/\/www.naturpark-sfw.de","https:\/\/www.facebook.com\/naturparkSFW"],"url":"https:\/\/www.naturparkmagazin.de\/schwaebisch-fraenkischer-wald\/author\/bernharddrixler\/"}]}},"_links":{"self":[{"href":"https:\/\/www.naturparkmagazin.de\/schwaebisch-fraenkischer-wald\/wp-json\/wp\/v2\/posts\/6782"}],"collection":[{"href":"https:\/\/www.naturparkmagazin.de\/schwaebisch-fraenkischer-wald\/wp-json\/wp\/v2\/posts"}],"about":[{"href":"https:\/\/www.naturparkmagazin.de\/schwaebisch-fraenkischer-wald\/wp-json\/wp\/v2\/types\/post"}],"author":[{"embeddable":true,"href":"https:\/\/www.naturparkmagazin.de\/schwaebisch-fraenkischer-wald\/wp-json\/wp\/v2\/users\/25"}],"replies":[{"embeddable":true,"href":"https:\/\/www.naturparkmagazin.de\/schwaebisch-fraenkischer-wald\/wp-json\/wp\/v2\/comments?post=6782"}],"version-history":[{"count":1,"href":"https:\/\/www.naturparkmagazin.de\/schwaebisch-fraenkischer-wald\/wp-json\/wp\/v2\/posts\/6782\/revisions"}],"predecessor-version":[{"id":6785,"href":"https:\/\/www.naturparkmagazin.de\/schwaebisch-fraenkischer-wald\/wp-json\/wp\/v2\/posts\/6782\/revisions\/6785"}],"wp:featuredmedia":[{"embeddable":true,"href":"https:\/\/www.naturparkmagazin.de\/schwaebisch-fraenkischer-wald\/wp-json\/wp\/v2\/media\/6784"}],"wp:attachment":[{"href":"https:\/\/www.naturparkmagazin.de\/schwaebisch-fraenkischer-wald\/wp-json\/wp\/v2\/media?parent=6782"}],"wp:term":[{"taxonomy":"category","embeddable":true,"href":"https:\/\/www.naturparkmagazin.de\/schwaebisch-fraenkischer-wald\/wp-json\/wp\/v2\/categories?post=6782"},{"taxonomy":"post_tag","embeddable":true,"href":"https:\/\/www.naturparkmagazin.de\/schwaebisch-fraenkischer-wald\/wp-json\/wp\/v2\/tags?post=6782"}],"curies":[{"name":"wp","href":"https:\/\/api.w.org\/{rel}","templated":true}]}}