{"id":6803,"date":"2018-11-19T13:29:18","date_gmt":"2018-11-19T12:29:18","guid":{"rendered":"https:\/\/www.naturparkmagazin.de\/schwaebisch-fraenkischer-wald\/?p=6803"},"modified":"2018-11-15T13:37:29","modified_gmt":"2018-11-15T12:37:29","slug":"stimmungsvolle-seeweihnacht-am-2-adventswochenende","status":"publish","type":"post","link":"https:\/\/www.naturparkmagazin.de\/schwaebisch-fraenkischer-wald\/stimmungsvolle-seeweihnacht-am-2-adventswochenende\/","title":{"rendered":"Stimmungsvolle Seeweihnacht am 2. Adventswochenende"},"content":{"rendered":"<p>Einer der au\u00dfergew\u00f6hnlichsten Weihnachtsm\u00e4rkte Baden-W\u00fcrttembergs pr\u00e4sentiert sich am Samstag, 08.12.2018 von 11 bis 22 Uhr und am Sonntag, 09.12.2018 von 11 bis 20 Uhr am Breitenauer See.<\/p>\n<div id=\"attachment_6804\" style=\"width: 510px\" class=\"wp-caption alignright\"><a href=\"https:\/\/www.naturparkmagazin.de\/schwaebisch-fraenkischer-wald\/wp-content\/uploads\/sites\/34\/Seeweihnacht-Foto-1-klein.jpg\"><img aria-describedby=\"caption-attachment-6804\" decoding=\"async\" loading=\"lazy\" class=\"size-full wp-image-6804\" src=\"https:\/\/www.naturparkmagazin.de\/schwaebisch-fraenkischer-wald\/wp-content\/uploads\/sites\/34\/Seeweihnacht-Foto-1-klein.jpg\" alt=\"Ein ganz besonderes Erlebnis f\u00fcr Gro\u00df und Klein: die Seeweihnacht am Breitenauer See\" width=\"500\" height=\"300\" srcset=\"https:\/\/www.naturparkmagazin.de\/schwaebisch-fraenkischer-wald\/wp-content\/uploads\/sites\/34\/Seeweihnacht-Foto-1-klein.jpg 500w, https:\/\/www.naturparkmagazin.de\/schwaebisch-fraenkischer-wald\/wp-content\/uploads\/sites\/34\/Seeweihnacht-Foto-1-klein-300x180.jpg 300w, https:\/\/www.naturparkmagazin.de\/schwaebisch-fraenkischer-wald\/wp-content\/uploads\/sites\/34\/Seeweihnacht-Foto-1-klein-200x120.jpg 200w\" sizes=\"(max-width: 500px) 100vw, 500px\" \/><\/a><p id=\"caption-attachment-6804\" class=\"wp-caption-text\">Ein ganz besonderes Erlebnis f\u00fcr Gro\u00df und Klein: die Seeweihnacht am Breitenauer See<\/p><\/div>\n<p>80 festlich geschm\u00fcckte Holzh\u00e4uschen mit liebevoll gefertigtem Kunsthandwerk und kulinarischen K\u00f6stlichkeiten locken die Sinne. Hervorstechende Merkmale sind das gro\u00dfe Angebot von ausschlie\u00dflich selbstgemachten Produkten und die Konzentration auf regionale Anbieter.\nNeu ist in diesem Jahr der st\u00fcndliche Shuttle-Bus der Firma Z\u00fcgel, der ab dem S-Bahnhof Willsbach Besucher aus Willsbach, Affaltrach und Eschenau f\u00fcr einen Euro stressfrei und bequem zur Seeweihnacht bringen wird.\nLive-Musik am stimmungsvoll illuminierten Uferweg, kunsthandwerkliche Vorf\u00fchrungen, Mitmachaktionen f\u00fcr Kinder sowie die Uhudame Emma und die Eule Mimi machen den Besuch der Seeweihnacht f\u00fcr Gro\u00df und Klein zu einem ganz besonderen Erlebnis. Die Auftritte von Eisschwimmern, Standup-Paddlern und einer Feuerschluckerin sind weitere Highlights des Rahmenprogramms.\nVeranstaltet wird der Weihnachtsmarkt vom B\u00fcrgerverein Wir-Obersulm in Zusammenarbeit mit dem Naherholungszweckverband Breitenauer See, der VHS Unterland Au\u00dfenstelle Obersulm und der Gemeinde Obersulm.\nZudem bietet sich am Samstag, 08.12.2018 die Chance, zwei M\u00e4rkte im Oberen Sulmtal mit ganz besonderem Flair zu besuchen. Der Weihnachtsmarkt in Lichtenstern \u00f6ffnet seine Tore von 14 bis 20 Uhr und kann ebenfalls gut mit \u00f6ffentlichen Verkehrsmitteln erreicht werden.<\/p>\n<p>Veranstalter der Seeweihnacht ist der B\u00fcrgerverein Wir-Obersulm e.V.<\/p>\n<p>Alle Informationen, das Programm und Impressionen finden Sie hier: <a href=\"http:\/\/www.breitenauer-seeweihnacht.de\" target=\"_blank\">www.breitenauer-seeweihnacht.de<\/a><\/p>\n","protected":false},"excerpt":{"rendered":"<p>Ein ganz besonderes Erlebnis f\u00fcr Gro\u00df und Klein: die Seeweihnacht am Breitenauer See<\/p>\n","protected":false},"author":25,"featured_media":6805,"comment_status":"open","ping_status":"open","sticky":false,"template":"","format":"standard","meta":[],"categories":[11],"tags":[1069],"yoast_head":"<!-- This site is optimized with the Yoast SEO plugin v19.10 - https:\/\/yoast.com\/wordpress\/plugins\/seo\/ -->\n<title>Stimmungsvolle Seeweihnacht am 2. Adventswochenende - Naturpark Schw\u00e4bisch-Fr\u00e4nkischer Wald<\/title>\n<meta name=\"robots\" content=\"index, follow, max-snippet:-1, max-image-preview:large, max-video-preview:-1\" \/>\n<link rel=\"canonical\" href=\"https:\/\/www.naturparkmagazin.de\/schwaebisch-fraenkischer-wald\/stimmungsvolle-seeweihnacht-am-2-adventswochenende\/\" \/>\n<meta property=\"og:locale\" content=\"de_DE\" \/>\n<meta property=\"og:type\" content=\"article\" \/>\n<meta property=\"og:title\" content=\"Stimmungsvolle Seeweihnacht am 2. Adventswochenende - Naturpark Schw\u00e4bisch-Fr\u00e4nkischer Wald\" \/>\n<meta property=\"og:description\" content=\"Ein ganz besonderes Erlebnis f\u00fcr Gro\u00df und Klein: die Seeweihnacht am Breitenauer See\" \/>\n<meta property=\"og:url\" content=\"https:\/\/www.naturparkmagazin.de\/schwaebisch-fraenkischer-wald\/stimmungsvolle-seeweihnacht-am-2-adventswochenende\/\" \/>\n<meta property=\"og:site_name\" content=\"Naturpark Schw\u00e4bisch-Fr\u00e4nkischer Wald\" \/>\n<meta property=\"article:author\" content=\"https:\/\/www.facebook.com\/naturparkSFW\" \/>\n<meta property=\"article:published_time\" content=\"2018-11-19T12:29:18+00:00\" \/>\n<meta property=\"article:modified_time\" content=\"2018-11-15T12:37:29+00:00\" \/>\n<meta property=\"og:image\" content=\"https:\/\/www.naturparkmagazin.de\/schwaebisch-fraenkischer-wald\/wp-content\/uploads\/sites\/34\/Seeweihnacht-Foto-1-klein1.jpg\" \/>\n\t<meta property=\"og:image:width\" content=\"200\" \/>\n\t<meta property=\"og:image:height\" content=\"200\" \/>\n\t<meta property=\"og:image:type\" content=\"image\/jpeg\" \/>\n<meta name=\"author\" content=\"Naturpark-Team\" \/>\n<meta name=\"twitter:label1\" content=\"Verfasst von\" \/>\n\t<meta name=\"twitter:data1\" content=\"Naturpark-Team\" \/>\n\t<meta name=\"twitter:label2\" content=\"Gesch\u00e4tzte Lesezeit\" \/>\n\t<meta name=\"twitter:data2\" content=\"1\u00a0Minute\" \/>\n<script type=\"application\/ld+json\" class=\"yoast-schema-graph\">{\"@context\":\"https:\/\/schema.org\",\"@graph\":[{\"@type\":\"WebPage\",\"@id\":\"https:\/\/www.naturparkmagazin.de\/schwaebisch-fraenkischer-wald\/stimmungsvolle-seeweihnacht-am-2-adventswochenende\/\",\"url\":\"https:\/\/www.naturparkmagazin.de\/schwaebisch-fraenkischer-wald\/stimmungsvolle-seeweihnacht-am-2-adventswochenende\/\",\"name\":\"Stimmungsvolle Seeweihnacht am 2. Adventswochenende - Naturpark Schw\u00e4bisch-Fr\u00e4nkischer Wald\",\"isPartOf\":{\"@id\":\"https:\/\/www.naturparkmagazin.de\/schwaebisch-fraenkischer-wald\/#website\"},\"datePublished\":\"2018-11-19T12:29:18+00:00\",\"dateModified\":\"2018-11-15T12:37:29+00:00\",\"author\":{\"@id\":\"https:\/\/www.naturparkmagazin.de\/schwaebisch-fraenkischer-wald\/#\/schema\/person\/f047a3702ae747fd7830cf8ac95e6066\"},\"breadcrumb\":{\"@id\":\"https:\/\/www.naturparkmagazin.de\/schwaebisch-fraenkischer-wald\/stimmungsvolle-seeweihnacht-am-2-adventswochenende\/#breadcrumb\"},\"inLanguage\":\"de\",\"potentialAction\":[{\"@type\":\"ReadAction\",\"target\":[\"https:\/\/www.naturparkmagazin.de\/schwaebisch-fraenkischer-wald\/stimmungsvolle-seeweihnacht-am-2-adventswochenende\/\"]}]},{\"@type\":\"BreadcrumbList\",\"@id\":\"https:\/\/www.naturparkmagazin.de\/schwaebisch-fraenkischer-wald\/stimmungsvolle-seeweihnacht-am-2-adventswochenende\/#breadcrumb\",\"itemListElement\":[{\"@type\":\"ListItem\",\"position\":1,\"name\":\"Home\",\"item\":\"https:\/\/www.naturparkmagazin.de\/schwaebisch-fraenkischer-wald\/\"},{\"@type\":\"ListItem\",\"position\":2,\"name\":\"Stimmungsvolle Seeweihnacht am 2. Adventswochenende\"}]},{\"@type\":\"WebSite\",\"@id\":\"https:\/\/www.naturparkmagazin.de\/schwaebisch-fraenkischer-wald\/#website\",\"url\":\"https:\/\/www.naturparkmagazin.de\/schwaebisch-fraenkischer-wald\/\",\"name\":\"Naturpark Schw\u00e4bisch-Fr\u00e4nkischer Wald\",\"description\":\"\",\"potentialAction\":[{\"@type\":\"SearchAction\",\"target\":{\"@type\":\"EntryPoint\",\"urlTemplate\":\"https:\/\/www.naturparkmagazin.de\/schwaebisch-fraenkischer-wald\/?s={search_term_string}\"},\"query-input\":\"required name=search_term_string\"}],\"inLanguage\":\"de\"},{\"@type\":\"Person\",\"@id\":\"https:\/\/www.naturparkmagazin.de\/schwaebisch-fraenkischer-wald\/#\/schema\/person\/f047a3702ae747fd7830cf8ac95e6066\",\"name\":\"Naturpark-Team\",\"sameAs\":[\"http:\/\/www.naturpark-sfw.de\",\"https:\/\/www.facebook.com\/naturparkSFW\"],\"url\":\"https:\/\/www.naturparkmagazin.de\/schwaebisch-fraenkischer-wald\/author\/bernharddrixler\/\"}]}<\/script>\n<!-- \/ Yoast SEO plugin. -->","yoast_head_json":{"title":"Stimmungsvolle Seeweihnacht am 2. Adventswochenende - Naturpark Schw\u00e4bisch-Fr\u00e4nkischer Wald","robots":{"index":"index","follow":"follow","max-snippet":"max-snippet:-1","max-image-preview":"max-image-preview:large","max-video-preview":"max-video-preview:-1"},"canonical":"https:\/\/www.naturparkmagazin.de\/schwaebisch-fraenkischer-wald\/stimmungsvolle-seeweihnacht-am-2-adventswochenende\/","og_locale":"de_DE","og_type":"article","og_title":"Stimmungsvolle Seeweihnacht am 2. Adventswochenende - Naturpark Schw\u00e4bisch-Fr\u00e4nkischer Wald","og_description":"Ein ganz besonderes Erlebnis f\u00fcr Gro\u00df und Klein: die Seeweihnacht am Breitenauer See","og_url":"https:\/\/www.naturparkmagazin.de\/schwaebisch-fraenkischer-wald\/stimmungsvolle-seeweihnacht-am-2-adventswochenende\/","og_site_name":"Naturpark Schw\u00e4bisch-Fr\u00e4nkischer Wald","article_author":"https:\/\/www.facebook.com\/naturparkSFW","article_published_time":"2018-11-19T12:29:18+00:00","article_modified_time":"2018-11-15T12:37:29+00:00","og_image":[{"width":200,"height":200,"url":"https:\/\/www.naturparkmagazin.de\/schwaebisch-fraenkischer-wald\/wp-content\/uploads\/sites\/34\/Seeweihnacht-Foto-1-klein1.jpg","type":"image\/jpeg"}],"author":"Naturpark-Team","twitter_misc":{"Verfasst von":"Naturpark-Team","Gesch\u00e4tzte Lesezeit":"1\u00a0Minute"},"schema":{"@context":"https:\/\/schema.org","@graph":[{"@type":"WebPage","@id":"https:\/\/www.naturparkmagazin.de\/schwaebisch-fraenkischer-wald\/stimmungsvolle-seeweihnacht-am-2-adventswochenende\/","url":"https:\/\/www.naturparkmagazin.de\/schwaebisch-fraenkischer-wald\/stimmungsvolle-seeweihnacht-am-2-adventswochenende\/","name":"Stimmungsvolle Seeweihnacht am 2. Adventswochenende - Naturpark Schw\u00e4bisch-Fr\u00e4nkischer Wald","isPartOf":{"@id":"https:\/\/www.naturparkmagazin.de\/schwaebisch-fraenkischer-wald\/#website"},"datePublished":"2018-11-19T12:29:18+00:00","dateModified":"2018-11-15T12:37:29+00:00","author":{"@id":"https:\/\/www.naturparkmagazin.de\/schwaebisch-fraenkischer-wald\/#\/schema\/person\/f047a3702ae747fd7830cf8ac95e6066"},"breadcrumb":{"@id":"https:\/\/www.naturparkmagazin.de\/schwaebisch-fraenkischer-wald\/stimmungsvolle-seeweihnacht-am-2-adventswochenende\/#breadcrumb"},"inLanguage":"de","potentialAction":[{"@type":"ReadAction","target":["https:\/\/www.naturparkmagazin.de\/schwaebisch-fraenkischer-wald\/stimmungsvolle-seeweihnacht-am-2-adventswochenende\/"]}]},{"@type":"BreadcrumbList","@id":"https:\/\/www.naturparkmagazin.de\/schwaebisch-fraenkischer-wald\/stimmungsvolle-seeweihnacht-am-2-adventswochenende\/#breadcrumb","itemListElement":[{"@type":"ListItem","position":1,"name":"Home","item":"https:\/\/www.naturparkmagazin.de\/schwaebisch-fraenkischer-wald\/"},{"@type":"ListItem","position":2,"name":"Stimmungsvolle Seeweihnacht am 2. Adventswochenende"}]},{"@type":"WebSite","@id":"https:\/\/www.naturparkmagazin.de\/schwaebisch-fraenkischer-wald\/#website","url":"https:\/\/www.naturparkmagazin.de\/schwaebisch-fraenkischer-wald\/","name":"Naturpark Schw\u00e4bisch-Fr\u00e4nkischer Wald","description":"","potentialAction":[{"@type":"SearchAction","target":{"@type":"EntryPoint","urlTemplate":"https:\/\/www.naturparkmagazin.de\/schwaebisch-fraenkischer-wald\/?s={search_term_string}"},"query-input":"required name=search_term_string"}],"inLanguage":"de"},{"@type":"Person","@id":"https:\/\/www.naturparkmagazin.de\/schwaebisch-fraenkischer-wald\/#\/schema\/person\/f047a3702ae747fd7830cf8ac95e6066","name":"Naturpark-Team","sameAs":["http:\/\/www.naturpark-sfw.de","https:\/\/www.facebook.com\/naturparkSFW"],"url":"https:\/\/www.naturparkmagazin.de\/schwaebisch-fraenkischer-wald\/author\/bernharddrixler\/"}]}},"_links":{"self":[{"href":"https:\/\/www.naturparkmagazin.de\/schwaebisch-fraenkischer-wald\/wp-json\/wp\/v2\/posts\/6803"}],"collection":[{"href":"https:\/\/www.naturparkmagazin.de\/schwaebisch-fraenkischer-wald\/wp-json\/wp\/v2\/posts"}],"about":[{"href":"https:\/\/www.naturparkmagazin.de\/schwaebisch-fraenkischer-wald\/wp-json\/wp\/v2\/types\/post"}],"author":[{"embeddable":true,"href":"https:\/\/www.naturparkmagazin.de\/schwaebisch-fraenkischer-wald\/wp-json\/wp\/v2\/users\/25"}],"replies":[{"embeddable":true,"href":"https:\/\/www.naturparkmagazin.de\/schwaebisch-fraenkischer-wald\/wp-json\/wp\/v2\/comments?post=6803"}],"version-history":[{"count":1,"href":"https:\/\/www.naturparkmagazin.de\/schwaebisch-fraenkischer-wald\/wp-json\/wp\/v2\/posts\/6803\/revisions"}],"predecessor-version":[{"id":6806,"href":"https:\/\/www.naturparkmagazin.de\/schwaebisch-fraenkischer-wald\/wp-json\/wp\/v2\/posts\/6803\/revisions\/6806"}],"wp:featuredmedia":[{"embeddable":true,"href":"https:\/\/www.naturparkmagazin.de\/schwaebisch-fraenkischer-wald\/wp-json\/wp\/v2\/media\/6805"}],"wp:attachment":[{"href":"https:\/\/www.naturparkmagazin.de\/schwaebisch-fraenkischer-wald\/wp-json\/wp\/v2\/media?parent=6803"}],"wp:term":[{"taxonomy":"category","embeddable":true,"href":"https:\/\/www.naturparkmagazin.de\/schwaebisch-fraenkischer-wald\/wp-json\/wp\/v2\/categories?post=6803"},{"taxonomy":"post_tag","embeddable":true,"href":"https:\/\/www.naturparkmagazin.de\/schwaebisch-fraenkischer-wald\/wp-json\/wp\/v2\/tags?post=6803"}],"curies":[{"name":"wp","href":"https:\/\/api.w.org\/{rel}","templated":true}]}}