{"id":6807,"date":"2018-11-19T13:38:10","date_gmt":"2018-11-19T12:38:10","guid":{"rendered":"https:\/\/www.naturparkmagazin.de\/schwaebisch-fraenkischer-wald\/?p=6807"},"modified":"2018-11-15T13:46:06","modified_gmt":"2018-11-15T12:46:06","slug":"pfedelbach-ist-weiterhin-fairtrade-gemeinde","status":"publish","type":"post","link":"https:\/\/www.naturparkmagazin.de\/schwaebisch-fraenkischer-wald\/pfedelbach-ist-weiterhin-fairtrade-gemeinde\/","title":{"rendered":"Pfedelbach ist weiterhin \u201eFairtrade-Gemeinde\u201c"},"content":{"rendered":"<p>Die Gemeinde Pfedelbach erf\u00fcllt weiterhin alle f\u00fcnf Kriterien der Fairtrade-Towns Kampagne und tr\u00e4gt f\u00fcr weitere zwei Jahre den Titel Fairtrade-Gemeinde.<\/p>\n<div id=\"attachment_6808\" style=\"width: 510px\" class=\"wp-caption alignright\"><a href=\"https:\/\/www.naturparkmagazin.de\/schwaebisch-fraenkischer-wald\/wp-content\/uploads\/sites\/34\/fairtrade-towns_logo_WEB.jpg\"><img aria-describedby=\"caption-attachment-6808\" decoding=\"async\" loading=\"lazy\" class=\"size-full wp-image-6808\" src=\"https:\/\/www.naturparkmagazin.de\/schwaebisch-fraenkischer-wald\/wp-content\/uploads\/sites\/34\/fairtrade-towns_logo_WEB.jpg\" alt=\"&quot;Fairtrade-Gemeinde&quot; Pfedelbach baut ihr Engagement weiter aus\" width=\"500\" height=\"300\" srcset=\"https:\/\/www.naturparkmagazin.de\/schwaebisch-fraenkischer-wald\/wp-content\/uploads\/sites\/34\/fairtrade-towns_logo_WEB.jpg 500w, https:\/\/www.naturparkmagazin.de\/schwaebisch-fraenkischer-wald\/wp-content\/uploads\/sites\/34\/fairtrade-towns_logo_WEB-300x180.jpg 300w, https:\/\/www.naturparkmagazin.de\/schwaebisch-fraenkischer-wald\/wp-content\/uploads\/sites\/34\/fairtrade-towns_logo_WEB-200x120.jpg 200w\" sizes=\"(max-width: 500px) 100vw, 500px\" \/><\/a><p id=\"caption-attachment-6808\" class=\"wp-caption-text\">&#8222;Fairtrade-Gemeinde&#8220; Pfedelbach baut ihr Engagement weiter aus<\/p><\/div>\n<p>Die Auszeichnung wurde erstmalig im Jahr 2017 durch TransFair e.V. verliehen. Seitdem baut die Kommune ihr Engagement weiter aus.\nB\u00fcrgermeister Torsten Kunkel freut sich \u00fcber die Verl\u00e4ngerung des Titels: \u201eDie Best\u00e4tigung der Auszeichnung ist ein sch\u00f6nes Zeugnis f\u00fcr die nachhaltige Verankerung des fairen Handels in Pfedelbach. Lokale Akteure aus Politik, Zivilgesellschaft und Wirtschaft arbeiten hier eng f\u00fcr das gemeinsame Ziel zusammen. \u201eIch bin stolz, dass Pfedelbach dem internationalen Netzwerk der Fairtrade-Towns angeh\u00f6rt. Wir setzen uns weiterhin mit viel Elan daf\u00fcr ein, den fairen Handel auf lokaler Ebene zu f\u00f6rdern.\u201c\nVor zwei Jahren erhielt die Gemeinde Pfedelbach von dem gemeinn\u00fctzigen Verein TransFair e.V. erstmalig die Auszeichnung f\u00fcr ihr Engagement zum fairen Handel, f\u00fcr die sie nachweislich f\u00fcnf Kriterien erf\u00fcllen musste. Der B\u00fcrgermeister und der Gemeinderat halten die Unterst\u00fctzung des fairen Handels in einem Ratsbeschluss fest, eine Steuerungsgruppe koordiniert alle Aktivit\u00e4ten, in Gesch\u00e4ften und gastronomischen Betrieben werden Produkte aus fairem Handel angeboten, die Zivilgesellschaft leistet Bildungsarbeit und die lokalen Medien berichten \u00fcber die Aktivit\u00e4ten vor Ort.\nDas Engagement in Fairtrade-Towns ist vielf\u00e4ltig: In Pfedelbach sind die Teilnahmen am B\u00fcrgerempfang und an M\u00e4rkten sowie eine B\u00fcrger-Informationsveranstaltung nur einige Beispiele erfolgreicher Projekte in den letzten Jahren. \u201eWir verstehen die best\u00e4tigte Auszeichnung als Motivation und Aufforderung f\u00fcr weiterf\u00fchrendes Engagement \u201c, sagt Torsten Kunkel,\n\u201eGeplant sind Projekte wie ein \u201eFaires Fr\u00fchst\u00fcck\u201c und ein \u201eFairer und regionaler Weihnachtsmarkt 2019\u201c.\nPfedelbach ist eine von 560 Fairtrade-Towns in Deutschland. Das globale Netzwerk der Fairtrade-Towns umfasst \u00fcber 2.000 Fairtrade-Towns in insgesamt 36 L\u00e4ndern, darunter Gro\u00dfbritannien, Schweden, Brasilien und der Libanon.<\/p>\n<p>Alle Informationen zur Gemeinde Pfedelbach finden Sie hier: <a href=\"https:\/\/www.pfedelbach.de\/\" target=\"_blank\">www.pfedelbach.de<\/a><\/p>\n<p>Weiter Informationen zur Fairtrade-Towns Kampagne finden Sie unter: <a href=\"http:\/\/www.fairtrade-towns.de\" target=\"_blank\">www.fairtrade-towns.de<\/a>.<\/p>\n","protected":false},"excerpt":{"rendered":"<p>&#8222;Fairtrade-Gemeinde&#8220; Pfedelbach baut ihr Engagement weiter aus<\/p>\n","protected":false},"author":25,"featured_media":6809,"comment_status":"open","ping_status":"open","sticky":false,"template":"","format":"standard","meta":[],"categories":[7],"tags":[1069],"yoast_head":"<!-- This site is optimized with the Yoast SEO plugin v19.10 - https:\/\/yoast.com\/wordpress\/plugins\/seo\/ -->\n<title>Pfedelbach ist weiterhin \u201eFairtrade-Gemeinde\u201c - Naturpark Schw\u00e4bisch-Fr\u00e4nkischer Wald<\/title>\n<meta name=\"robots\" content=\"index, follow, max-snippet:-1, max-image-preview:large, max-video-preview:-1\" \/>\n<link rel=\"canonical\" href=\"https:\/\/www.naturparkmagazin.de\/schwaebisch-fraenkischer-wald\/pfedelbach-ist-weiterhin-fairtrade-gemeinde\/\" \/>\n<meta property=\"og:locale\" content=\"de_DE\" \/>\n<meta property=\"og:type\" content=\"article\" \/>\n<meta property=\"og:title\" content=\"Pfedelbach ist weiterhin \u201eFairtrade-Gemeinde\u201c - Naturpark Schw\u00e4bisch-Fr\u00e4nkischer Wald\" \/>\n<meta property=\"og:description\" content=\"&quot;Fairtrade-Gemeinde&quot; Pfedelbach baut ihr Engagement weiter aus\" \/>\n<meta property=\"og:url\" content=\"https:\/\/www.naturparkmagazin.de\/schwaebisch-fraenkischer-wald\/pfedelbach-ist-weiterhin-fairtrade-gemeinde\/\" \/>\n<meta property=\"og:site_name\" content=\"Naturpark Schw\u00e4bisch-Fr\u00e4nkischer Wald\" \/>\n<meta property=\"article:author\" content=\"https:\/\/www.facebook.com\/naturparkSFW\" \/>\n<meta property=\"article:published_time\" content=\"2018-11-19T12:38:10+00:00\" \/>\n<meta property=\"article:modified_time\" content=\"2018-11-15T12:46:06+00:00\" \/>\n<meta property=\"og:image\" content=\"https:\/\/www.naturparkmagazin.de\/schwaebisch-fraenkischer-wald\/wp-content\/uploads\/sites\/34\/fairtrade-towns_logo_WEB1.jpg\" \/>\n\t<meta property=\"og:image:width\" content=\"200\" \/>\n\t<meta property=\"og:image:height\" content=\"200\" \/>\n\t<meta property=\"og:image:type\" content=\"image\/jpeg\" \/>\n<meta name=\"author\" content=\"Naturpark-Team\" \/>\n<meta name=\"twitter:label1\" content=\"Verfasst von\" \/>\n\t<meta name=\"twitter:data1\" content=\"Naturpark-Team\" \/>\n\t<meta name=\"twitter:label2\" content=\"Gesch\u00e4tzte Lesezeit\" \/>\n\t<meta name=\"twitter:data2\" content=\"2\u00a0Minuten\" \/>\n<script type=\"application\/ld+json\" class=\"yoast-schema-graph\">{\"@context\":\"https:\/\/schema.org\",\"@graph\":[{\"@type\":\"WebPage\",\"@id\":\"https:\/\/www.naturparkmagazin.de\/schwaebisch-fraenkischer-wald\/pfedelbach-ist-weiterhin-fairtrade-gemeinde\/\",\"url\":\"https:\/\/www.naturparkmagazin.de\/schwaebisch-fraenkischer-wald\/pfedelbach-ist-weiterhin-fairtrade-gemeinde\/\",\"name\":\"Pfedelbach ist weiterhin \u201eFairtrade-Gemeinde\u201c - Naturpark Schw\u00e4bisch-Fr\u00e4nkischer Wald\",\"isPartOf\":{\"@id\":\"https:\/\/www.naturparkmagazin.de\/schwaebisch-fraenkischer-wald\/#website\"},\"datePublished\":\"2018-11-19T12:38:10+00:00\",\"dateModified\":\"2018-11-15T12:46:06+00:00\",\"author\":{\"@id\":\"https:\/\/www.naturparkmagazin.de\/schwaebisch-fraenkischer-wald\/#\/schema\/person\/f047a3702ae747fd7830cf8ac95e6066\"},\"breadcrumb\":{\"@id\":\"https:\/\/www.naturparkmagazin.de\/schwaebisch-fraenkischer-wald\/pfedelbach-ist-weiterhin-fairtrade-gemeinde\/#breadcrumb\"},\"inLanguage\":\"de\",\"potentialAction\":[{\"@type\":\"ReadAction\",\"target\":[\"https:\/\/www.naturparkmagazin.de\/schwaebisch-fraenkischer-wald\/pfedelbach-ist-weiterhin-fairtrade-gemeinde\/\"]}]},{\"@type\":\"BreadcrumbList\",\"@id\":\"https:\/\/www.naturparkmagazin.de\/schwaebisch-fraenkischer-wald\/pfedelbach-ist-weiterhin-fairtrade-gemeinde\/#breadcrumb\",\"itemListElement\":[{\"@type\":\"ListItem\",\"position\":1,\"name\":\"Home\",\"item\":\"https:\/\/www.naturparkmagazin.de\/schwaebisch-fraenkischer-wald\/\"},{\"@type\":\"ListItem\",\"position\":2,\"name\":\"Pfedelbach ist weiterhin \u201eFairtrade-Gemeinde\u201c\"}]},{\"@type\":\"WebSite\",\"@id\":\"https:\/\/www.naturparkmagazin.de\/schwaebisch-fraenkischer-wald\/#website\",\"url\":\"https:\/\/www.naturparkmagazin.de\/schwaebisch-fraenkischer-wald\/\",\"name\":\"Naturpark Schw\u00e4bisch-Fr\u00e4nkischer Wald\",\"description\":\"\",\"potentialAction\":[{\"@type\":\"SearchAction\",\"target\":{\"@type\":\"EntryPoint\",\"urlTemplate\":\"https:\/\/www.naturparkmagazin.de\/schwaebisch-fraenkischer-wald\/?s={search_term_string}\"},\"query-input\":\"required name=search_term_string\"}],\"inLanguage\":\"de\"},{\"@type\":\"Person\",\"@id\":\"https:\/\/www.naturparkmagazin.de\/schwaebisch-fraenkischer-wald\/#\/schema\/person\/f047a3702ae747fd7830cf8ac95e6066\",\"name\":\"Naturpark-Team\",\"sameAs\":[\"http:\/\/www.naturpark-sfw.de\",\"https:\/\/www.facebook.com\/naturparkSFW\"],\"url\":\"https:\/\/www.naturparkmagazin.de\/schwaebisch-fraenkischer-wald\/author\/bernharddrixler\/\"}]}<\/script>\n<!-- \/ Yoast SEO plugin. -->","yoast_head_json":{"title":"Pfedelbach ist weiterhin \u201eFairtrade-Gemeinde\u201c - Naturpark Schw\u00e4bisch-Fr\u00e4nkischer Wald","robots":{"index":"index","follow":"follow","max-snippet":"max-snippet:-1","max-image-preview":"max-image-preview:large","max-video-preview":"max-video-preview:-1"},"canonical":"https:\/\/www.naturparkmagazin.de\/schwaebisch-fraenkischer-wald\/pfedelbach-ist-weiterhin-fairtrade-gemeinde\/","og_locale":"de_DE","og_type":"article","og_title":"Pfedelbach ist weiterhin \u201eFairtrade-Gemeinde\u201c - Naturpark Schw\u00e4bisch-Fr\u00e4nkischer Wald","og_description":"\"Fairtrade-Gemeinde\" Pfedelbach baut ihr Engagement weiter aus","og_url":"https:\/\/www.naturparkmagazin.de\/schwaebisch-fraenkischer-wald\/pfedelbach-ist-weiterhin-fairtrade-gemeinde\/","og_site_name":"Naturpark Schw\u00e4bisch-Fr\u00e4nkischer Wald","article_author":"https:\/\/www.facebook.com\/naturparkSFW","article_published_time":"2018-11-19T12:38:10+00:00","article_modified_time":"2018-11-15T12:46:06+00:00","og_image":[{"width":200,"height":200,"url":"https:\/\/www.naturparkmagazin.de\/schwaebisch-fraenkischer-wald\/wp-content\/uploads\/sites\/34\/fairtrade-towns_logo_WEB1.jpg","type":"image\/jpeg"}],"author":"Naturpark-Team","twitter_misc":{"Verfasst von":"Naturpark-Team","Gesch\u00e4tzte Lesezeit":"2\u00a0Minuten"},"schema":{"@context":"https:\/\/schema.org","@graph":[{"@type":"WebPage","@id":"https:\/\/www.naturparkmagazin.de\/schwaebisch-fraenkischer-wald\/pfedelbach-ist-weiterhin-fairtrade-gemeinde\/","url":"https:\/\/www.naturparkmagazin.de\/schwaebisch-fraenkischer-wald\/pfedelbach-ist-weiterhin-fairtrade-gemeinde\/","name":"Pfedelbach ist weiterhin \u201eFairtrade-Gemeinde\u201c - Naturpark Schw\u00e4bisch-Fr\u00e4nkischer Wald","isPartOf":{"@id":"https:\/\/www.naturparkmagazin.de\/schwaebisch-fraenkischer-wald\/#website"},"datePublished":"2018-11-19T12:38:10+00:00","dateModified":"2018-11-15T12:46:06+00:00","author":{"@id":"https:\/\/www.naturparkmagazin.de\/schwaebisch-fraenkischer-wald\/#\/schema\/person\/f047a3702ae747fd7830cf8ac95e6066"},"breadcrumb":{"@id":"https:\/\/www.naturparkmagazin.de\/schwaebisch-fraenkischer-wald\/pfedelbach-ist-weiterhin-fairtrade-gemeinde\/#breadcrumb"},"inLanguage":"de","potentialAction":[{"@type":"ReadAction","target":["https:\/\/www.naturparkmagazin.de\/schwaebisch-fraenkischer-wald\/pfedelbach-ist-weiterhin-fairtrade-gemeinde\/"]}]},{"@type":"BreadcrumbList","@id":"https:\/\/www.naturparkmagazin.de\/schwaebisch-fraenkischer-wald\/pfedelbach-ist-weiterhin-fairtrade-gemeinde\/#breadcrumb","itemListElement":[{"@type":"ListItem","position":1,"name":"Home","item":"https:\/\/www.naturparkmagazin.de\/schwaebisch-fraenkischer-wald\/"},{"@type":"ListItem","position":2,"name":"Pfedelbach ist weiterhin \u201eFairtrade-Gemeinde\u201c"}]},{"@type":"WebSite","@id":"https:\/\/www.naturparkmagazin.de\/schwaebisch-fraenkischer-wald\/#website","url":"https:\/\/www.naturparkmagazin.de\/schwaebisch-fraenkischer-wald\/","name":"Naturpark Schw\u00e4bisch-Fr\u00e4nkischer Wald","description":"","potentialAction":[{"@type":"SearchAction","target":{"@type":"EntryPoint","urlTemplate":"https:\/\/www.naturparkmagazin.de\/schwaebisch-fraenkischer-wald\/?s={search_term_string}"},"query-input":"required name=search_term_string"}],"inLanguage":"de"},{"@type":"Person","@id":"https:\/\/www.naturparkmagazin.de\/schwaebisch-fraenkischer-wald\/#\/schema\/person\/f047a3702ae747fd7830cf8ac95e6066","name":"Naturpark-Team","sameAs":["http:\/\/www.naturpark-sfw.de","https:\/\/www.facebook.com\/naturparkSFW"],"url":"https:\/\/www.naturparkmagazin.de\/schwaebisch-fraenkischer-wald\/author\/bernharddrixler\/"}]}},"_links":{"self":[{"href":"https:\/\/www.naturparkmagazin.de\/schwaebisch-fraenkischer-wald\/wp-json\/wp\/v2\/posts\/6807"}],"collection":[{"href":"https:\/\/www.naturparkmagazin.de\/schwaebisch-fraenkischer-wald\/wp-json\/wp\/v2\/posts"}],"about":[{"href":"https:\/\/www.naturparkmagazin.de\/schwaebisch-fraenkischer-wald\/wp-json\/wp\/v2\/types\/post"}],"author":[{"embeddable":true,"href":"https:\/\/www.naturparkmagazin.de\/schwaebisch-fraenkischer-wald\/wp-json\/wp\/v2\/users\/25"}],"replies":[{"embeddable":true,"href":"https:\/\/www.naturparkmagazin.de\/schwaebisch-fraenkischer-wald\/wp-json\/wp\/v2\/comments?post=6807"}],"version-history":[{"count":1,"href":"https:\/\/www.naturparkmagazin.de\/schwaebisch-fraenkischer-wald\/wp-json\/wp\/v2\/posts\/6807\/revisions"}],"predecessor-version":[{"id":6810,"href":"https:\/\/www.naturparkmagazin.de\/schwaebisch-fraenkischer-wald\/wp-json\/wp\/v2\/posts\/6807\/revisions\/6810"}],"wp:featuredmedia":[{"embeddable":true,"href":"https:\/\/www.naturparkmagazin.de\/schwaebisch-fraenkischer-wald\/wp-json\/wp\/v2\/media\/6809"}],"wp:attachment":[{"href":"https:\/\/www.naturparkmagazin.de\/schwaebisch-fraenkischer-wald\/wp-json\/wp\/v2\/media?parent=6807"}],"wp:term":[{"taxonomy":"category","embeddable":true,"href":"https:\/\/www.naturparkmagazin.de\/schwaebisch-fraenkischer-wald\/wp-json\/wp\/v2\/categories?post=6807"},{"taxonomy":"post_tag","embeddable":true,"href":"https:\/\/www.naturparkmagazin.de\/schwaebisch-fraenkischer-wald\/wp-json\/wp\/v2\/tags?post=6807"}],"curies":[{"name":"wp","href":"https:\/\/api.w.org\/{rel}","templated":true}]}}