{"id":6812,"date":"2018-11-19T07:59:52","date_gmt":"2018-11-19T06:59:52","guid":{"rendered":"https:\/\/www.naturparkmagazin.de\/schwaebisch-fraenkischer-wald\/?p=6812"},"modified":"2018-11-26T08:45:56","modified_gmt":"2018-11-26T07:45:56","slug":"unverpackt-und-plastikfrei-einkaufen-bald-auch-in-ludwigsburg","status":"publish","type":"post","link":"https:\/\/www.naturparkmagazin.de\/schwaebisch-fraenkischer-wald\/unverpackt-und-plastikfrei-einkaufen-bald-auch-in-ludwigsburg\/","title":{"rendered":"Unverpackt und plastikfrei einkaufen im \u201eohne PlaPla\u201c"},"content":{"rendered":"<p>Ende Februar 2019 ist es soweit \u2013 in Ludwigsburg \u00f6ffnet der erste Unverpackt-Laden seine Pforten.<\/p>\n<div id=\"attachment_6813\" style=\"width: 510px\" class=\"wp-caption alignright\"><a href=\"https:\/\/www.naturparkmagazin.de\/schwaebisch-fraenkischer-wald\/wp-content\/uploads\/sites\/34\/DSC_0103.jpg\"><img aria-describedby=\"caption-attachment-6813\" decoding=\"async\" loading=\"lazy\" class=\"size-full wp-image-6813\" src=\"https:\/\/www.naturparkmagazin.de\/schwaebisch-fraenkischer-wald\/wp-content\/uploads\/sites\/34\/DSC_0103.jpg\" alt=\"&quot;GeNuss ohne Pla Pla&quot; verspricht der neue Unverpackt Laden in Ludwigsburg ab Ende Februar 2019\" width=\"500\" height=\"300\" srcset=\"https:\/\/www.naturparkmagazin.de\/schwaebisch-fraenkischer-wald\/wp-content\/uploads\/sites\/34\/DSC_0103.jpg 500w, https:\/\/www.naturparkmagazin.de\/schwaebisch-fraenkischer-wald\/wp-content\/uploads\/sites\/34\/DSC_0103-300x180.jpg 300w, https:\/\/www.naturparkmagazin.de\/schwaebisch-fraenkischer-wald\/wp-content\/uploads\/sites\/34\/DSC_0103-200x120.jpg 200w\" sizes=\"(max-width: 500px) 100vw, 500px\" \/><\/a><p id=\"caption-attachment-6813\" class=\"wp-caption-text\">&#8222;GeNuss ohne Pla Pla&#8220; verspricht der neue Unverpackt Laden in Ludwigsburg ab Ende Februar 2019<\/p><\/div>\n<p>Im \u201eohne PlaPla\u201c lassen sich lose Lebensmittel selbst abf\u00fcllen und so Plastikverpackungen sparen \u2013 ein kleiner, aber wichtiger Schritt in die richtige Richtung.<\/p>\n<p>Das Angebot reicht von Basics wie Nudeln, Reis, Mehl, M\u00fcsli, Molkereiprodukte, \u00d6le \u00fcber N\u00fcsse, Backzutaten bis hin zu Gew\u00fcrzen, Kaffee und regionalen Spezialit\u00e4ten. Auch Backwaren, eine kleine K\u00e4setheke sowie etwas Obst und Gem\u00fcse sind erh\u00e4ltlich. Dazu gibt es Alltagshelfer wie Abschminkpads aus Baumwolle, Lunchboxen sowie Wasch- und Drogerieartikel wie Seifen und Zahnputztabletten \u2013 insgesamt \u00fcber 500 Produkte.<\/p>\n<p>Das \u201eohne PlaPla\u201c lebt vom Netzwerkgedanken. Als lokal verankertes Unternehmen nimmt die Zusammenarbeit mit Partnern aus der Region einen zentralen Stellenwert ein. So spielen lokale und regionale Lieferanten eine wesentliche Rolle.<\/p>\n<p>Zudem besteht eine Partnerschaft mit dem Naturpark Schw\u00e4bisch-Fr\u00e4nkischer Wald. Das Land wird gewisserma\u00dfen in die Stadt gebracht und so werden hier k\u00fcnftig wechselnde Produkte aus dem Naturpark angeboten und aktuelle Brosch\u00fcren ausgestellt. Und noch so manche \u00dcberraschung haben sich Gesch\u00e4ftsinhaber Hergen Blase und Naturpark-Gesch\u00e4ftsf\u00fchrer Bernhard Drixler ausgedacht.<\/p>\n<p>Ende Februar 2019 er\u00f6ffnet das \u201eohne PlaPla\u201c am Holzmarkt in der Lindenstra\u00dfe 2 in Ludwigsburg.<\/p>\n","protected":false},"excerpt":{"rendered":"<p>&#8222;ohne PlaPla&#8220; &#8211; bald gibt es einen Unverpackt Laden in Ludwigsburg &#8230;mit Sch\u00e4tzen aus dem Naturpark!<\/p>\n","protected":false},"author":25,"featured_media":6814,"comment_status":"open","ping_status":"open","sticky":false,"template":"","format":"standard","meta":[],"categories":[7],"tags":[1069,1253],"yoast_head":"<!-- This site is optimized with the Yoast SEO plugin v19.10 - https:\/\/yoast.com\/wordpress\/plugins\/seo\/ -->\n<title>Unverpackt und plastikfrei einkaufen im \u201eohne PlaPla\u201c - Naturpark Schw\u00e4bisch-Fr\u00e4nkischer Wald<\/title>\n<meta name=\"robots\" content=\"index, follow, max-snippet:-1, max-image-preview:large, max-video-preview:-1\" \/>\n<link rel=\"canonical\" href=\"https:\/\/www.naturparkmagazin.de\/schwaebisch-fraenkischer-wald\/unverpackt-und-plastikfrei-einkaufen-bald-auch-in-ludwigsburg\/\" \/>\n<meta property=\"og:locale\" content=\"de_DE\" \/>\n<meta property=\"og:type\" content=\"article\" \/>\n<meta property=\"og:title\" content=\"Unverpackt und plastikfrei einkaufen im \u201eohne PlaPla\u201c - Naturpark Schw\u00e4bisch-Fr\u00e4nkischer Wald\" \/>\n<meta property=\"og:description\" content=\"&quot;ohne PlaPla&quot; - bald gibt es einen Unverpackt Laden in Ludwigsburg ...mit Sch\u00e4tzen aus dem Naturpark!\" \/>\n<meta property=\"og:url\" content=\"https:\/\/www.naturparkmagazin.de\/schwaebisch-fraenkischer-wald\/unverpackt-und-plastikfrei-einkaufen-bald-auch-in-ludwigsburg\/\" \/>\n<meta property=\"og:site_name\" content=\"Naturpark Schw\u00e4bisch-Fr\u00e4nkischer Wald\" \/>\n<meta property=\"article:author\" content=\"https:\/\/www.facebook.com\/naturparkSFW\" \/>\n<meta property=\"article:published_time\" content=\"2018-11-19T06:59:52+00:00\" \/>\n<meta property=\"article:modified_time\" content=\"2018-11-26T07:45:56+00:00\" \/>\n<meta property=\"og:image\" content=\"https:\/\/www.naturparkmagazin.de\/schwaebisch-fraenkischer-wald\/wp-content\/uploads\/sites\/34\/DSC_01031.jpg\" \/>\n\t<meta property=\"og:image:width\" content=\"200\" \/>\n\t<meta property=\"og:image:height\" content=\"200\" \/>\n\t<meta property=\"og:image:type\" content=\"image\/jpeg\" \/>\n<meta name=\"author\" content=\"Naturpark-Team\" \/>\n<meta name=\"twitter:label1\" content=\"Verfasst von\" \/>\n\t<meta name=\"twitter:data1\" content=\"Naturpark-Team\" \/>\n\t<meta name=\"twitter:label2\" content=\"Gesch\u00e4tzte Lesezeit\" \/>\n\t<meta name=\"twitter:data2\" content=\"1\u00a0Minute\" \/>\n<script type=\"application\/ld+json\" class=\"yoast-schema-graph\">{\"@context\":\"https:\/\/schema.org\",\"@graph\":[{\"@type\":\"WebPage\",\"@id\":\"https:\/\/www.naturparkmagazin.de\/schwaebisch-fraenkischer-wald\/unverpackt-und-plastikfrei-einkaufen-bald-auch-in-ludwigsburg\/\",\"url\":\"https:\/\/www.naturparkmagazin.de\/schwaebisch-fraenkischer-wald\/unverpackt-und-plastikfrei-einkaufen-bald-auch-in-ludwigsburg\/\",\"name\":\"Unverpackt und plastikfrei einkaufen im \u201eohne PlaPla\u201c - Naturpark Schw\u00e4bisch-Fr\u00e4nkischer Wald\",\"isPartOf\":{\"@id\":\"https:\/\/www.naturparkmagazin.de\/schwaebisch-fraenkischer-wald\/#website\"},\"datePublished\":\"2018-11-19T06:59:52+00:00\",\"dateModified\":\"2018-11-26T07:45:56+00:00\",\"author\":{\"@id\":\"https:\/\/www.naturparkmagazin.de\/schwaebisch-fraenkischer-wald\/#\/schema\/person\/f047a3702ae747fd7830cf8ac95e6066\"},\"breadcrumb\":{\"@id\":\"https:\/\/www.naturparkmagazin.de\/schwaebisch-fraenkischer-wald\/unverpackt-und-plastikfrei-einkaufen-bald-auch-in-ludwigsburg\/#breadcrumb\"},\"inLanguage\":\"de\",\"potentialAction\":[{\"@type\":\"ReadAction\",\"target\":[\"https:\/\/www.naturparkmagazin.de\/schwaebisch-fraenkischer-wald\/unverpackt-und-plastikfrei-einkaufen-bald-auch-in-ludwigsburg\/\"]}]},{\"@type\":\"BreadcrumbList\",\"@id\":\"https:\/\/www.naturparkmagazin.de\/schwaebisch-fraenkischer-wald\/unverpackt-und-plastikfrei-einkaufen-bald-auch-in-ludwigsburg\/#breadcrumb\",\"itemListElement\":[{\"@type\":\"ListItem\",\"position\":1,\"name\":\"Home\",\"item\":\"https:\/\/www.naturparkmagazin.de\/schwaebisch-fraenkischer-wald\/\"},{\"@type\":\"ListItem\",\"position\":2,\"name\":\"Unverpackt und plastikfrei einkaufen im \u201eohne PlaPla\u201c\"}]},{\"@type\":\"WebSite\",\"@id\":\"https:\/\/www.naturparkmagazin.de\/schwaebisch-fraenkischer-wald\/#website\",\"url\":\"https:\/\/www.naturparkmagazin.de\/schwaebisch-fraenkischer-wald\/\",\"name\":\"Naturpark Schw\u00e4bisch-Fr\u00e4nkischer Wald\",\"description\":\"\",\"potentialAction\":[{\"@type\":\"SearchAction\",\"target\":{\"@type\":\"EntryPoint\",\"urlTemplate\":\"https:\/\/www.naturparkmagazin.de\/schwaebisch-fraenkischer-wald\/?s={search_term_string}\"},\"query-input\":\"required name=search_term_string\"}],\"inLanguage\":\"de\"},{\"@type\":\"Person\",\"@id\":\"https:\/\/www.naturparkmagazin.de\/schwaebisch-fraenkischer-wald\/#\/schema\/person\/f047a3702ae747fd7830cf8ac95e6066\",\"name\":\"Naturpark-Team\",\"sameAs\":[\"http:\/\/www.naturpark-sfw.de\",\"https:\/\/www.facebook.com\/naturparkSFW\"],\"url\":\"https:\/\/www.naturparkmagazin.de\/schwaebisch-fraenkischer-wald\/author\/bernharddrixler\/\"}]}<\/script>\n<!-- \/ Yoast SEO plugin. -->","yoast_head_json":{"title":"Unverpackt und plastikfrei einkaufen im \u201eohne PlaPla\u201c - Naturpark Schw\u00e4bisch-Fr\u00e4nkischer Wald","robots":{"index":"index","follow":"follow","max-snippet":"max-snippet:-1","max-image-preview":"max-image-preview:large","max-video-preview":"max-video-preview:-1"},"canonical":"https:\/\/www.naturparkmagazin.de\/schwaebisch-fraenkischer-wald\/unverpackt-und-plastikfrei-einkaufen-bald-auch-in-ludwigsburg\/","og_locale":"de_DE","og_type":"article","og_title":"Unverpackt und plastikfrei einkaufen im \u201eohne PlaPla\u201c - Naturpark Schw\u00e4bisch-Fr\u00e4nkischer Wald","og_description":"\"ohne PlaPla\" - bald gibt es einen Unverpackt Laden in Ludwigsburg ...mit Sch\u00e4tzen aus dem Naturpark!","og_url":"https:\/\/www.naturparkmagazin.de\/schwaebisch-fraenkischer-wald\/unverpackt-und-plastikfrei-einkaufen-bald-auch-in-ludwigsburg\/","og_site_name":"Naturpark Schw\u00e4bisch-Fr\u00e4nkischer Wald","article_author":"https:\/\/www.facebook.com\/naturparkSFW","article_published_time":"2018-11-19T06:59:52+00:00","article_modified_time":"2018-11-26T07:45:56+00:00","og_image":[{"width":200,"height":200,"url":"https:\/\/www.naturparkmagazin.de\/schwaebisch-fraenkischer-wald\/wp-content\/uploads\/sites\/34\/DSC_01031.jpg","type":"image\/jpeg"}],"author":"Naturpark-Team","twitter_misc":{"Verfasst von":"Naturpark-Team","Gesch\u00e4tzte Lesezeit":"1\u00a0Minute"},"schema":{"@context":"https:\/\/schema.org","@graph":[{"@type":"WebPage","@id":"https:\/\/www.naturparkmagazin.de\/schwaebisch-fraenkischer-wald\/unverpackt-und-plastikfrei-einkaufen-bald-auch-in-ludwigsburg\/","url":"https:\/\/www.naturparkmagazin.de\/schwaebisch-fraenkischer-wald\/unverpackt-und-plastikfrei-einkaufen-bald-auch-in-ludwigsburg\/","name":"Unverpackt und plastikfrei einkaufen im \u201eohne PlaPla\u201c - Naturpark Schw\u00e4bisch-Fr\u00e4nkischer Wald","isPartOf":{"@id":"https:\/\/www.naturparkmagazin.de\/schwaebisch-fraenkischer-wald\/#website"},"datePublished":"2018-11-19T06:59:52+00:00","dateModified":"2018-11-26T07:45:56+00:00","author":{"@id":"https:\/\/www.naturparkmagazin.de\/schwaebisch-fraenkischer-wald\/#\/schema\/person\/f047a3702ae747fd7830cf8ac95e6066"},"breadcrumb":{"@id":"https:\/\/www.naturparkmagazin.de\/schwaebisch-fraenkischer-wald\/unverpackt-und-plastikfrei-einkaufen-bald-auch-in-ludwigsburg\/#breadcrumb"},"inLanguage":"de","potentialAction":[{"@type":"ReadAction","target":["https:\/\/www.naturparkmagazin.de\/schwaebisch-fraenkischer-wald\/unverpackt-und-plastikfrei-einkaufen-bald-auch-in-ludwigsburg\/"]}]},{"@type":"BreadcrumbList","@id":"https:\/\/www.naturparkmagazin.de\/schwaebisch-fraenkischer-wald\/unverpackt-und-plastikfrei-einkaufen-bald-auch-in-ludwigsburg\/#breadcrumb","itemListElement":[{"@type":"ListItem","position":1,"name":"Home","item":"https:\/\/www.naturparkmagazin.de\/schwaebisch-fraenkischer-wald\/"},{"@type":"ListItem","position":2,"name":"Unverpackt und plastikfrei einkaufen im \u201eohne PlaPla\u201c"}]},{"@type":"WebSite","@id":"https:\/\/www.naturparkmagazin.de\/schwaebisch-fraenkischer-wald\/#website","url":"https:\/\/www.naturparkmagazin.de\/schwaebisch-fraenkischer-wald\/","name":"Naturpark Schw\u00e4bisch-Fr\u00e4nkischer Wald","description":"","potentialAction":[{"@type":"SearchAction","target":{"@type":"EntryPoint","urlTemplate":"https:\/\/www.naturparkmagazin.de\/schwaebisch-fraenkischer-wald\/?s={search_term_string}"},"query-input":"required name=search_term_string"}],"inLanguage":"de"},{"@type":"Person","@id":"https:\/\/www.naturparkmagazin.de\/schwaebisch-fraenkischer-wald\/#\/schema\/person\/f047a3702ae747fd7830cf8ac95e6066","name":"Naturpark-Team","sameAs":["http:\/\/www.naturpark-sfw.de","https:\/\/www.facebook.com\/naturparkSFW"],"url":"https:\/\/www.naturparkmagazin.de\/schwaebisch-fraenkischer-wald\/author\/bernharddrixler\/"}]}},"_links":{"self":[{"href":"https:\/\/www.naturparkmagazin.de\/schwaebisch-fraenkischer-wald\/wp-json\/wp\/v2\/posts\/6812"}],"collection":[{"href":"https:\/\/www.naturparkmagazin.de\/schwaebisch-fraenkischer-wald\/wp-json\/wp\/v2\/posts"}],"about":[{"href":"https:\/\/www.naturparkmagazin.de\/schwaebisch-fraenkischer-wald\/wp-json\/wp\/v2\/types\/post"}],"author":[{"embeddable":true,"href":"https:\/\/www.naturparkmagazin.de\/schwaebisch-fraenkischer-wald\/wp-json\/wp\/v2\/users\/25"}],"replies":[{"embeddable":true,"href":"https:\/\/www.naturparkmagazin.de\/schwaebisch-fraenkischer-wald\/wp-json\/wp\/v2\/comments?post=6812"}],"version-history":[{"count":5,"href":"https:\/\/www.naturparkmagazin.de\/schwaebisch-fraenkischer-wald\/wp-json\/wp\/v2\/posts\/6812\/revisions"}],"predecessor-version":[{"id":6851,"href":"https:\/\/www.naturparkmagazin.de\/schwaebisch-fraenkischer-wald\/wp-json\/wp\/v2\/posts\/6812\/revisions\/6851"}],"wp:featuredmedia":[{"embeddable":true,"href":"https:\/\/www.naturparkmagazin.de\/schwaebisch-fraenkischer-wald\/wp-json\/wp\/v2\/media\/6814"}],"wp:attachment":[{"href":"https:\/\/www.naturparkmagazin.de\/schwaebisch-fraenkischer-wald\/wp-json\/wp\/v2\/media?parent=6812"}],"wp:term":[{"taxonomy":"category","embeddable":true,"href":"https:\/\/www.naturparkmagazin.de\/schwaebisch-fraenkischer-wald\/wp-json\/wp\/v2\/categories?post=6812"},{"taxonomy":"post_tag","embeddable":true,"href":"https:\/\/www.naturparkmagazin.de\/schwaebisch-fraenkischer-wald\/wp-json\/wp\/v2\/tags?post=6812"}],"curies":[{"name":"wp","href":"https:\/\/api.w.org\/{rel}","templated":true}]}}