{"id":684,"date":"2014-03-19T20:00:12","date_gmt":"2014-03-19T19:00:12","guid":{"rendered":"http:\/\/www.naturparkmagazin.de\/schwaebisch-fraenkischer-wald\/?p=684"},"modified":"2014-03-26T13:13:25","modified_gmt":"2014-03-26T12:13:25","slug":"natur-erlebniscamp-am-13-april-in-wuestenrot","status":"publish","type":"post","link":"https:\/\/www.naturparkmagazin.de\/schwaebisch-fraenkischer-wald\/natur-erlebniscamp-am-13-april-in-wuestenrot\/","title":{"rendered":"Natur-Erlebniscamp am 13. April in W\u00fcstenrot"},"content":{"rendered":"<p>Der Winter ist vorbei, der Fr\u00fchling hat begonnen. Um diese Tatsache zu zelebrieren, laden wir Sie herzlich zur ersten Natur-Erlebniscamp Veranstaltung, der Waldolympiade, ein. Mit lustigen Kr\u00e4fte- und Geschicklichkeitsspielen k\u00f6nnen Sie am 13. April beim Naturfreundehaus in W\u00fcstenrot die Natur erleben und Ihre Ausdauer und Geschicklichkeit auf die Probe stellen!<a href=\"https:\/\/www.naturparkmagazin.de\/schwaebisch-fraenkischer-wald\/wp-content\/uploads\/sites\/34\/130414_NEC_Waldolympiade_Kathi-491.jpg\"><img decoding=\"async\" loading=\"lazy\" class=\"alignright size-thumbnail wp-image-666\" alt=\"Copyright: Naturpark Schw\u00e4bisch-Fr\u00e4nkischer Wald\" src=\"https:\/\/www.naturparkmagazin.de\/schwaebisch-fraenkischer-wald\/wp-content\/uploads\/sites\/34\/130414_NEC_Waldolympiade_Kathi-491-300x225.jpg\" width=\"331\" height=\"248\" srcset=\"https:\/\/www.naturparkmagazin.de\/schwaebisch-fraenkischer-wald\/wp-content\/uploads\/sites\/34\/130414_NEC_Waldolympiade_Kathi-491-300x225.jpg 300w, https:\/\/www.naturparkmagazin.de\/schwaebisch-fraenkischer-wald\/wp-content\/uploads\/sites\/34\/130414_NEC_Waldolympiade_Kathi-491-620x465.jpg 620w, https:\/\/www.naturparkmagazin.de\/schwaebisch-fraenkischer-wald\/wp-content\/uploads\/sites\/34\/130414_NEC_Waldolympiade_Kathi-491-940x705.jpg 940w, https:\/\/www.naturparkmagazin.de\/schwaebisch-fraenkischer-wald\/wp-content\/uploads\/sites\/34\/130414_NEC_Waldolympiade_Kathi-491-580x435.jpg 580w, https:\/\/www.naturparkmagazin.de\/schwaebisch-fraenkischer-wald\/wp-content\/uploads\/sites\/34\/130414_NEC_Waldolympiade_Kathi-491-420x315.jpg 420w, https:\/\/www.naturparkmagazin.de\/schwaebisch-fraenkischer-wald\/wp-content\/uploads\/sites\/34\/130414_NEC_Waldolympiade_Kathi-491-180x135.jpg 180w, https:\/\/www.naturparkmagazin.de\/schwaebisch-fraenkischer-wald\/wp-content\/uploads\/sites\/34\/130414_NEC_Waldolympiade_Kathi-491-95x71.jpg 95w, https:\/\/www.naturparkmagazin.de\/schwaebisch-fraenkischer-wald\/wp-content\/uploads\/sites\/34\/130414_NEC_Waldolympiade_Kathi-491-670x503.jpg 670w, https:\/\/www.naturparkmagazin.de\/schwaebisch-fraenkischer-wald\/wp-content\/uploads\/sites\/34\/130414_NEC_Waldolympiade_Kathi-491-200x150.jpg 200w, https:\/\/www.naturparkmagazin.de\/schwaebisch-fraenkischer-wald\/wp-content\/uploads\/sites\/34\/130414_NEC_Waldolympiade_Kathi-491.jpg 1333w\" sizes=\"(max-width: 331px) 100vw, 331px\" \/><\/a><\/p>\n<p>Das Natur-Erlebniscamp W\u00fcstenrot steht f\u00fcr spa\u00dfige, aktive Stunden f\u00fcr alle Naturinteressierten, egal ob gro\u00df oder klein, alt oder jung, mit oder ohne k\u00f6rperliche\/geistige Einschr\u00e4nkung. 2014 bieten drei Veranstaltungen im Rahmen des Natur-Erlebniscamps die M\u00f6glichkeit, die Natur ganzheitlich und individuell wahrzunehmen und zu erleben. Insbesondere Familien k\u00f6nnen hier herrliche gemeinsame Erlebnisse genie\u00dfen. Mit allen Sinnen werden Naturerfahrungen und individuelles Naturwissen spielerisch vermittelt. Dabei ist es wichtig, dass sowohl das Miteinander beim Spielen, Experimentieren und Lernen gef\u00f6rdert wird, als auch das Erkennen eigener Bed\u00fcrfnisse nicht zu kurz kommt. Momente der Ruhe und Entspannung wechseln mit Phasen voller Aktivit\u00e4ten und Erlebnis.<\/p>\n<p><a href=\"https:\/\/www.naturparkmagazin.de\/schwaebisch-fraenkischer-wald\/wp-content\/uploads\/sites\/34\/130414_NEC_Waldolympiade_Kathi-115.jpg\"><img decoding=\"async\" loading=\"lazy\" class=\"size-thumbnail wp-image-667 alignleft\" alt=\"Copyright: Naturpark Schw\u00e4bisch-Fr\u00e4nkischer Wald\" src=\"https:\/\/www.naturparkmagazin.de\/schwaebisch-fraenkischer-wald\/wp-content\/uploads\/sites\/34\/130414_NEC_Waldolympiade_Kathi-115-300x399.jpg\" width=\"300\" height=\"399\" \/><\/a>Die traditionelle Waldolympiade er\u00f6ffnet auch in diesem Jahr die Saison im Natur-Erlebniscamp. Bei der Waldolympiade gibt es folgende bekannte und neue Disziplinen: Beim Baumklettern geht es in Buche und L\u00e4rche hoch hinauf, beim Bogenschie\u00dfen und Zapfenwerfen muss man ganz genau zielen, die Waldminigolfbahnen werden mit Naturmaterialen selbst gebaut. Tierweitsprung, Orientierungslauf und Sackh\u00fcpfen bringen einen ins Schwitzen und beim Stammweitwurf bedarf es nochmals aller Kraft. In der Holz-Werkstatt werden Nisthilfen f\u00fcr Insekten und V\u00f6gel gebaut. Das Naturfreundehaus Steinknickle ist ge\u00f6ffnet und bewirtet hungrige und durstige Natursportler mit leckeren regionalen K\u00f6stlichkeiten.<\/p>\n<p>Ort: W\u00fcstenrot-Neuh\u00fctten, Naturfreundehaus Steinknickle<\/p>\n<p>Uhrzeit: 13-18 Uhr<\/p>\n<p>&nbsp;<\/p>\n","protected":false},"excerpt":{"rendered":"<p>Der Winter ist vorbei, der Fr\u00fchling hat begonnen. Um diese Tatsache zu zelebrieren, laden wir Sie herzlich zur ersten Natur-Erlebniscamp Veranstaltung, der Waldolympiade, ein. Mit lustigen Kr\u00e4fte- und Geschicklichkeitsspielen k\u00f6nnen Sie am 13. April beim Naturfreundehaus in W\u00fcstenrot die Natur erleben und Ihre Ausdauer und Geschicklichkeit auf die Probe stellen!<\/p>\n","protected":false},"author":25,"featured_media":675,"comment_status":"open","ping_status":"open","sticky":false,"template":"","format":"standard","meta":[],"categories":[11],"tags":[],"yoast_head":"<!-- This site is optimized with the Yoast SEO plugin v19.10 - https:\/\/yoast.com\/wordpress\/plugins\/seo\/ -->\n<title>Natur-Erlebniscamp am 13. April in W\u00fcstenrot - Naturpark Schw\u00e4bisch-Fr\u00e4nkischer Wald<\/title>\n<meta name=\"robots\" content=\"index, follow, max-snippet:-1, max-image-preview:large, max-video-preview:-1\" \/>\n<link rel=\"canonical\" href=\"https:\/\/www.naturparkmagazin.de\/schwaebisch-fraenkischer-wald\/natur-erlebniscamp-am-13-april-in-wuestenrot\/\" \/>\n<meta property=\"og:locale\" content=\"de_DE\" \/>\n<meta property=\"og:type\" content=\"article\" \/>\n<meta property=\"og:title\" content=\"Natur-Erlebniscamp am 13. April in W\u00fcstenrot - Naturpark Schw\u00e4bisch-Fr\u00e4nkischer Wald\" \/>\n<meta property=\"og:description\" content=\"Der Winter ist vorbei, der Fr\u00fchling hat begonnen. Um diese Tatsache zu zelebrieren, laden wir Sie herzlich zur ersten Natur-Erlebniscamp Veranstaltung, der Waldolympiade, ein. Mit lustigen Kr\u00e4fte- und Geschicklichkeitsspielen k\u00f6nnen Sie am 13. April beim Naturfreundehaus in W\u00fcstenrot die Natur erleben und Ihre Ausdauer und Geschicklichkeit auf die Probe stellen!\" \/>\n<meta property=\"og:url\" content=\"https:\/\/www.naturparkmagazin.de\/schwaebisch-fraenkischer-wald\/natur-erlebniscamp-am-13-april-in-wuestenrot\/\" \/>\n<meta property=\"og:site_name\" content=\"Naturpark Schw\u00e4bisch-Fr\u00e4nkischer Wald\" \/>\n<meta property=\"article:author\" content=\"https:\/\/www.facebook.com\/naturparkSFW\" \/>\n<meta property=\"article:published_time\" content=\"2014-03-19T19:00:12+00:00\" \/>\n<meta property=\"article:modified_time\" content=\"2014-03-26T12:13:25+00:00\" \/>\n<meta property=\"og:image\" content=\"https:\/\/www.naturparkmagazin.de\/schwaebisch-fraenkischer-wald\/wp-content\/uploads\/sites\/34\/allgemein-2.jpg\" \/>\n\t<meta property=\"og:image:width\" content=\"3600\" \/>\n\t<meta property=\"og:image:height\" content=\"2400\" \/>\n\t<meta property=\"og:image:type\" content=\"image\/jpeg\" \/>\n<meta name=\"author\" content=\"Naturpark-Team\" \/>\n<meta name=\"twitter:label1\" content=\"Verfasst von\" \/>\n\t<meta name=\"twitter:data1\" content=\"Naturpark-Team\" \/>\n\t<meta name=\"twitter:label2\" content=\"Gesch\u00e4tzte Lesezeit\" \/>\n\t<meta name=\"twitter:data2\" content=\"1\u00a0Minute\" \/>\n<script type=\"application\/ld+json\" class=\"yoast-schema-graph\">{\"@context\":\"https:\/\/schema.org\",\"@graph\":[{\"@type\":\"WebPage\",\"@id\":\"https:\/\/www.naturparkmagazin.de\/schwaebisch-fraenkischer-wald\/natur-erlebniscamp-am-13-april-in-wuestenrot\/\",\"url\":\"https:\/\/www.naturparkmagazin.de\/schwaebisch-fraenkischer-wald\/natur-erlebniscamp-am-13-april-in-wuestenrot\/\",\"name\":\"Natur-Erlebniscamp am 13. April in W\u00fcstenrot - Naturpark Schw\u00e4bisch-Fr\u00e4nkischer Wald\",\"isPartOf\":{\"@id\":\"https:\/\/www.naturparkmagazin.de\/schwaebisch-fraenkischer-wald\/#website\"},\"datePublished\":\"2014-03-19T19:00:12+00:00\",\"dateModified\":\"2014-03-26T12:13:25+00:00\",\"author\":{\"@id\":\"https:\/\/www.naturparkmagazin.de\/schwaebisch-fraenkischer-wald\/#\/schema\/person\/f047a3702ae747fd7830cf8ac95e6066\"},\"breadcrumb\":{\"@id\":\"https:\/\/www.naturparkmagazin.de\/schwaebisch-fraenkischer-wald\/natur-erlebniscamp-am-13-april-in-wuestenrot\/#breadcrumb\"},\"inLanguage\":\"de\",\"potentialAction\":[{\"@type\":\"ReadAction\",\"target\":[\"https:\/\/www.naturparkmagazin.de\/schwaebisch-fraenkischer-wald\/natur-erlebniscamp-am-13-april-in-wuestenrot\/\"]}]},{\"@type\":\"BreadcrumbList\",\"@id\":\"https:\/\/www.naturparkmagazin.de\/schwaebisch-fraenkischer-wald\/natur-erlebniscamp-am-13-april-in-wuestenrot\/#breadcrumb\",\"itemListElement\":[{\"@type\":\"ListItem\",\"position\":1,\"name\":\"Home\",\"item\":\"https:\/\/www.naturparkmagazin.de\/schwaebisch-fraenkischer-wald\/\"},{\"@type\":\"ListItem\",\"position\":2,\"name\":\"Natur-Erlebniscamp am 13. April in W\u00fcstenrot\"}]},{\"@type\":\"WebSite\",\"@id\":\"https:\/\/www.naturparkmagazin.de\/schwaebisch-fraenkischer-wald\/#website\",\"url\":\"https:\/\/www.naturparkmagazin.de\/schwaebisch-fraenkischer-wald\/\",\"name\":\"Naturpark Schw\u00e4bisch-Fr\u00e4nkischer Wald\",\"description\":\"\",\"potentialAction\":[{\"@type\":\"SearchAction\",\"target\":{\"@type\":\"EntryPoint\",\"urlTemplate\":\"https:\/\/www.naturparkmagazin.de\/schwaebisch-fraenkischer-wald\/?s={search_term_string}\"},\"query-input\":\"required name=search_term_string\"}],\"inLanguage\":\"de\"},{\"@type\":\"Person\",\"@id\":\"https:\/\/www.naturparkmagazin.de\/schwaebisch-fraenkischer-wald\/#\/schema\/person\/f047a3702ae747fd7830cf8ac95e6066\",\"name\":\"Naturpark-Team\",\"sameAs\":[\"http:\/\/www.naturpark-sfw.de\",\"https:\/\/www.facebook.com\/naturparkSFW\"],\"url\":\"https:\/\/www.naturparkmagazin.de\/schwaebisch-fraenkischer-wald\/author\/bernharddrixler\/\"}]}<\/script>\n<!-- \/ Yoast SEO plugin. -->","yoast_head_json":{"title":"Natur-Erlebniscamp am 13. April in W\u00fcstenrot - Naturpark Schw\u00e4bisch-Fr\u00e4nkischer Wald","robots":{"index":"index","follow":"follow","max-snippet":"max-snippet:-1","max-image-preview":"max-image-preview:large","max-video-preview":"max-video-preview:-1"},"canonical":"https:\/\/www.naturparkmagazin.de\/schwaebisch-fraenkischer-wald\/natur-erlebniscamp-am-13-april-in-wuestenrot\/","og_locale":"de_DE","og_type":"article","og_title":"Natur-Erlebniscamp am 13. April in W\u00fcstenrot - Naturpark Schw\u00e4bisch-Fr\u00e4nkischer Wald","og_description":"Der Winter ist vorbei, der Fr\u00fchling hat begonnen. Um diese Tatsache zu zelebrieren, laden wir Sie herzlich zur ersten Natur-Erlebniscamp Veranstaltung, der Waldolympiade, ein. Mit lustigen Kr\u00e4fte- und Geschicklichkeitsspielen k\u00f6nnen Sie am 13. April beim Naturfreundehaus in W\u00fcstenrot die Natur erleben und Ihre Ausdauer und Geschicklichkeit auf die Probe stellen!","og_url":"https:\/\/www.naturparkmagazin.de\/schwaebisch-fraenkischer-wald\/natur-erlebniscamp-am-13-april-in-wuestenrot\/","og_site_name":"Naturpark Schw\u00e4bisch-Fr\u00e4nkischer Wald","article_author":"https:\/\/www.facebook.com\/naturparkSFW","article_published_time":"2014-03-19T19:00:12+00:00","article_modified_time":"2014-03-26T12:13:25+00:00","og_image":[{"width":3600,"height":2400,"url":"https:\/\/www.naturparkmagazin.de\/schwaebisch-fraenkischer-wald\/wp-content\/uploads\/sites\/34\/allgemein-2.jpg","type":"image\/jpeg"}],"author":"Naturpark-Team","twitter_misc":{"Verfasst von":"Naturpark-Team","Gesch\u00e4tzte Lesezeit":"1\u00a0Minute"},"schema":{"@context":"https:\/\/schema.org","@graph":[{"@type":"WebPage","@id":"https:\/\/www.naturparkmagazin.de\/schwaebisch-fraenkischer-wald\/natur-erlebniscamp-am-13-april-in-wuestenrot\/","url":"https:\/\/www.naturparkmagazin.de\/schwaebisch-fraenkischer-wald\/natur-erlebniscamp-am-13-april-in-wuestenrot\/","name":"Natur-Erlebniscamp am 13. April in W\u00fcstenrot - Naturpark Schw\u00e4bisch-Fr\u00e4nkischer Wald","isPartOf":{"@id":"https:\/\/www.naturparkmagazin.de\/schwaebisch-fraenkischer-wald\/#website"},"datePublished":"2014-03-19T19:00:12+00:00","dateModified":"2014-03-26T12:13:25+00:00","author":{"@id":"https:\/\/www.naturparkmagazin.de\/schwaebisch-fraenkischer-wald\/#\/schema\/person\/f047a3702ae747fd7830cf8ac95e6066"},"breadcrumb":{"@id":"https:\/\/www.naturparkmagazin.de\/schwaebisch-fraenkischer-wald\/natur-erlebniscamp-am-13-april-in-wuestenrot\/#breadcrumb"},"inLanguage":"de","potentialAction":[{"@type":"ReadAction","target":["https:\/\/www.naturparkmagazin.de\/schwaebisch-fraenkischer-wald\/natur-erlebniscamp-am-13-april-in-wuestenrot\/"]}]},{"@type":"BreadcrumbList","@id":"https:\/\/www.naturparkmagazin.de\/schwaebisch-fraenkischer-wald\/natur-erlebniscamp-am-13-april-in-wuestenrot\/#breadcrumb","itemListElement":[{"@type":"ListItem","position":1,"name":"Home","item":"https:\/\/www.naturparkmagazin.de\/schwaebisch-fraenkischer-wald\/"},{"@type":"ListItem","position":2,"name":"Natur-Erlebniscamp am 13. April in W\u00fcstenrot"}]},{"@type":"WebSite","@id":"https:\/\/www.naturparkmagazin.de\/schwaebisch-fraenkischer-wald\/#website","url":"https:\/\/www.naturparkmagazin.de\/schwaebisch-fraenkischer-wald\/","name":"Naturpark Schw\u00e4bisch-Fr\u00e4nkischer Wald","description":"","potentialAction":[{"@type":"SearchAction","target":{"@type":"EntryPoint","urlTemplate":"https:\/\/www.naturparkmagazin.de\/schwaebisch-fraenkischer-wald\/?s={search_term_string}"},"query-input":"required name=search_term_string"}],"inLanguage":"de"},{"@type":"Person","@id":"https:\/\/www.naturparkmagazin.de\/schwaebisch-fraenkischer-wald\/#\/schema\/person\/f047a3702ae747fd7830cf8ac95e6066","name":"Naturpark-Team","sameAs":["http:\/\/www.naturpark-sfw.de","https:\/\/www.facebook.com\/naturparkSFW"],"url":"https:\/\/www.naturparkmagazin.de\/schwaebisch-fraenkischer-wald\/author\/bernharddrixler\/"}]}},"_links":{"self":[{"href":"https:\/\/www.naturparkmagazin.de\/schwaebisch-fraenkischer-wald\/wp-json\/wp\/v2\/posts\/684"}],"collection":[{"href":"https:\/\/www.naturparkmagazin.de\/schwaebisch-fraenkischer-wald\/wp-json\/wp\/v2\/posts"}],"about":[{"href":"https:\/\/www.naturparkmagazin.de\/schwaebisch-fraenkischer-wald\/wp-json\/wp\/v2\/types\/post"}],"author":[{"embeddable":true,"href":"https:\/\/www.naturparkmagazin.de\/schwaebisch-fraenkischer-wald\/wp-json\/wp\/v2\/users\/25"}],"replies":[{"embeddable":true,"href":"https:\/\/www.naturparkmagazin.de\/schwaebisch-fraenkischer-wald\/wp-json\/wp\/v2\/comments?post=684"}],"version-history":[{"count":5,"href":"https:\/\/www.naturparkmagazin.de\/schwaebisch-fraenkischer-wald\/wp-json\/wp\/v2\/posts\/684\/revisions"}],"predecessor-version":[{"id":715,"href":"https:\/\/www.naturparkmagazin.de\/schwaebisch-fraenkischer-wald\/wp-json\/wp\/v2\/posts\/684\/revisions\/715"}],"wp:featuredmedia":[{"embeddable":true,"href":"https:\/\/www.naturparkmagazin.de\/schwaebisch-fraenkischer-wald\/wp-json\/wp\/v2\/media\/675"}],"wp:attachment":[{"href":"https:\/\/www.naturparkmagazin.de\/schwaebisch-fraenkischer-wald\/wp-json\/wp\/v2\/media?parent=684"}],"wp:term":[{"taxonomy":"category","embeddable":true,"href":"https:\/\/www.naturparkmagazin.de\/schwaebisch-fraenkischer-wald\/wp-json\/wp\/v2\/categories?post=684"},{"taxonomy":"post_tag","embeddable":true,"href":"https:\/\/www.naturparkmagazin.de\/schwaebisch-fraenkischer-wald\/wp-json\/wp\/v2\/tags?post=684"}],"curies":[{"name":"wp","href":"https:\/\/api.w.org\/{rel}","templated":true}]}}