{"id":6842,"date":"2018-11-19T08:29:38","date_gmt":"2018-11-19T07:29:38","guid":{"rendered":"https:\/\/www.naturparkmagazin.de\/schwaebisch-fraenkischer-wald\/?p=6842"},"modified":"2018-11-26T08:36:09","modified_gmt":"2018-11-26T07:36:09","slug":"drei-tage-welzheimer-weihnachtsdorf-am-ersten-adventswochenende","status":"publish","type":"post","link":"https:\/\/www.naturparkmagazin.de\/schwaebisch-fraenkischer-wald\/drei-tage-welzheimer-weihnachtsdorf-am-ersten-adventswochenende\/","title":{"rendered":"Drei Tage Welzheimer Weihnachtsdorf am ersten Adventswochenende"},"content":{"rendered":"<p>In diesem Jahr findet das Welzheimer Weihnachtsdorf wieder an drei Tagen statt:<\/p>\n<div id=\"attachment_6843\" style=\"width: 510px\" class=\"wp-caption alignright\"><a href=\"https:\/\/www.naturparkmagazin.de\/schwaebisch-fraenkischer-wald\/wp-content\/uploads\/sites\/34\/Weihnachtsmarkt-34kl.jpg\"><img aria-describedby=\"caption-attachment-6843\" decoding=\"async\" loading=\"lazy\" class=\"size-full wp-image-6843\" src=\"https:\/\/www.naturparkmagazin.de\/schwaebisch-fraenkischer-wald\/wp-content\/uploads\/sites\/34\/Weihnachtsmarkt-34kl.jpg\" alt=\"Welzheimer Weihnachtsdorf im bezaubernden Ambiente unter alten B\u00e4umen\" width=\"500\" height=\"300\" srcset=\"https:\/\/www.naturparkmagazin.de\/schwaebisch-fraenkischer-wald\/wp-content\/uploads\/sites\/34\/Weihnachtsmarkt-34kl.jpg 500w, https:\/\/www.naturparkmagazin.de\/schwaebisch-fraenkischer-wald\/wp-content\/uploads\/sites\/34\/Weihnachtsmarkt-34kl-300x180.jpg 300w, https:\/\/www.naturparkmagazin.de\/schwaebisch-fraenkischer-wald\/wp-content\/uploads\/sites\/34\/Weihnachtsmarkt-34kl-200x120.jpg 200w\" sizes=\"(max-width: 500px) 100vw, 500px\" \/><\/a><p id=\"caption-attachment-6843\" class=\"wp-caption-text\">Welzheimer Weihnachtsdorf im bezaubernden Ambiente unter alten B\u00e4umen<\/p><\/div>\n<ul>\n<li>Freitag, 30. November, 18 bis 23 Uhr<\/li>\n<li>Samstag, 1. Dezember, 15 bis 23 Uhr und<\/li>\n<li>Sonntag, 2. Dezember von 11 bis 19 Uhr.<\/li>\n<\/ul>\n<p>Die Besucher erwartet ein bezauberndes Ambiente unter alten B\u00e4umen und der im Lichterglanz erstrahlenden\u00a0 St. Gallus-Kirche auf dem Kirchplatz im Herzen der Stadt. 24 weihnachtlich geschm\u00fcckte H\u00fctten und St\u00e4nde reihen sich zu einem romantischen und stimmungsvollen Weihnachtsdorf auf und zaubern eine vorweihnachtliche Atmosph\u00e4re. Von 16 bis 20 Uhr k\u00f6nnen noch in zahlreichen ge\u00f6ffneten Gesch\u00e4ften in der Innenstadt Weihnachtsgeschenke besorgt.<\/p>\n<p>Am Sonntag wird das Weihnachtsdorf um den klassischen Weihnachtsmarkt der Vereine, Organisationen und privaten Beschickern rund um den Kirchplatz erweitert. An den drei Tagen erwartet die Besucher der Duft von Gl\u00fchwein und Punsch, und eine gro\u00dfe Vielfalt an kulinarischen Leckerbissen sowie eine gro\u00dfe Auswahl an Geschenken, Basteleien und Waren rund um den Kirchplatz. Es wird sicherlich auch f\u00fcr die Weihnachts-dekoration zuhause noch das eine oder andere zu finden sein. Dieses Jahr nehmen rund 20 H\u00e4ndler, Hobbyk\u00fcnstler, Welzheimer Vereine, Kinderg\u00e4rten und Privatanbieter am Markt am Sonntag teil.<\/p>\n<p>An allen drei Tagen sorgen verschiedene Musikgruppen wieder mit live gespielten Advents- und Weihnachtsliedern f\u00fcr festliche Weihnachtsatmosph\u00e4re auf dem Kirchplatz. Die Auerbacher Weihnachtspyramide ist im Welzheimer Rathaus (Foyer Neubau) aufgestellt. Lassen Sie sich vom sch\u00f6nen Welzheimer Ambiente auf die Adventszeit einstimmen.<\/p>\n<p><strong><\/strong>73642 Welzheim | <a href=\"http:\/\/www.welzheim.de\" target=\"_blank\">www.welzheim.de<\/a><\/p>\n","protected":false},"excerpt":{"rendered":"<p>30.11, 01.+02.12.: Welzheimer Weihnachtsdorf im bezaubernden Ambiente unter alten B\u00e4umen<\/p>\n","protected":false},"author":25,"featured_media":6844,"comment_status":"open","ping_status":"open","sticky":false,"template":"","format":"standard","meta":[],"categories":[11],"tags":[1069],"yoast_head":"<!-- This site is optimized with the Yoast SEO plugin v19.10 - https:\/\/yoast.com\/wordpress\/plugins\/seo\/ -->\n<title>Drei Tage Welzheimer Weihnachtsdorf am ersten Adventswochenende - Naturpark Schw\u00e4bisch-Fr\u00e4nkischer Wald<\/title>\n<meta name=\"robots\" content=\"index, follow, max-snippet:-1, max-image-preview:large, max-video-preview:-1\" \/>\n<link rel=\"canonical\" href=\"https:\/\/www.naturparkmagazin.de\/schwaebisch-fraenkischer-wald\/drei-tage-welzheimer-weihnachtsdorf-am-ersten-adventswochenende\/\" \/>\n<meta property=\"og:locale\" content=\"de_DE\" \/>\n<meta property=\"og:type\" content=\"article\" \/>\n<meta property=\"og:title\" content=\"Drei Tage Welzheimer Weihnachtsdorf am ersten Adventswochenende - Naturpark Schw\u00e4bisch-Fr\u00e4nkischer Wald\" \/>\n<meta property=\"og:description\" content=\"30.11, 01.+02.12.: Welzheimer Weihnachtsdorf im bezaubernden Ambiente unter alten B\u00e4umen\" \/>\n<meta property=\"og:url\" content=\"https:\/\/www.naturparkmagazin.de\/schwaebisch-fraenkischer-wald\/drei-tage-welzheimer-weihnachtsdorf-am-ersten-adventswochenende\/\" \/>\n<meta property=\"og:site_name\" content=\"Naturpark Schw\u00e4bisch-Fr\u00e4nkischer Wald\" \/>\n<meta property=\"article:author\" content=\"https:\/\/www.facebook.com\/naturparkSFW\" \/>\n<meta property=\"article:published_time\" content=\"2018-11-19T07:29:38+00:00\" \/>\n<meta property=\"article:modified_time\" content=\"2018-11-26T07:36:09+00:00\" \/>\n<meta property=\"og:image\" content=\"https:\/\/www.naturparkmagazin.de\/schwaebisch-fraenkischer-wald\/wp-content\/uploads\/sites\/34\/Weihnachtsmarkt-34kl1.jpg\" \/>\n\t<meta property=\"og:image:width\" content=\"200\" \/>\n\t<meta property=\"og:image:height\" content=\"200\" \/>\n\t<meta property=\"og:image:type\" content=\"image\/jpeg\" \/>\n<meta name=\"author\" content=\"Naturpark-Team\" \/>\n<meta name=\"twitter:label1\" content=\"Verfasst von\" \/>\n\t<meta name=\"twitter:data1\" content=\"Naturpark-Team\" \/>\n\t<meta name=\"twitter:label2\" content=\"Gesch\u00e4tzte Lesezeit\" \/>\n\t<meta name=\"twitter:data2\" content=\"1\u00a0Minute\" \/>\n<script type=\"application\/ld+json\" class=\"yoast-schema-graph\">{\"@context\":\"https:\/\/schema.org\",\"@graph\":[{\"@type\":\"WebPage\",\"@id\":\"https:\/\/www.naturparkmagazin.de\/schwaebisch-fraenkischer-wald\/drei-tage-welzheimer-weihnachtsdorf-am-ersten-adventswochenende\/\",\"url\":\"https:\/\/www.naturparkmagazin.de\/schwaebisch-fraenkischer-wald\/drei-tage-welzheimer-weihnachtsdorf-am-ersten-adventswochenende\/\",\"name\":\"Drei Tage Welzheimer Weihnachtsdorf am ersten Adventswochenende - Naturpark Schw\u00e4bisch-Fr\u00e4nkischer Wald\",\"isPartOf\":{\"@id\":\"https:\/\/www.naturparkmagazin.de\/schwaebisch-fraenkischer-wald\/#website\"},\"datePublished\":\"2018-11-19T07:29:38+00:00\",\"dateModified\":\"2018-11-26T07:36:09+00:00\",\"author\":{\"@id\":\"https:\/\/www.naturparkmagazin.de\/schwaebisch-fraenkischer-wald\/#\/schema\/person\/f047a3702ae747fd7830cf8ac95e6066\"},\"breadcrumb\":{\"@id\":\"https:\/\/www.naturparkmagazin.de\/schwaebisch-fraenkischer-wald\/drei-tage-welzheimer-weihnachtsdorf-am-ersten-adventswochenende\/#breadcrumb\"},\"inLanguage\":\"de\",\"potentialAction\":[{\"@type\":\"ReadAction\",\"target\":[\"https:\/\/www.naturparkmagazin.de\/schwaebisch-fraenkischer-wald\/drei-tage-welzheimer-weihnachtsdorf-am-ersten-adventswochenende\/\"]}]},{\"@type\":\"BreadcrumbList\",\"@id\":\"https:\/\/www.naturparkmagazin.de\/schwaebisch-fraenkischer-wald\/drei-tage-welzheimer-weihnachtsdorf-am-ersten-adventswochenende\/#breadcrumb\",\"itemListElement\":[{\"@type\":\"ListItem\",\"position\":1,\"name\":\"Home\",\"item\":\"https:\/\/www.naturparkmagazin.de\/schwaebisch-fraenkischer-wald\/\"},{\"@type\":\"ListItem\",\"position\":2,\"name\":\"Drei Tage Welzheimer Weihnachtsdorf am ersten Adventswochenende\"}]},{\"@type\":\"WebSite\",\"@id\":\"https:\/\/www.naturparkmagazin.de\/schwaebisch-fraenkischer-wald\/#website\",\"url\":\"https:\/\/www.naturparkmagazin.de\/schwaebisch-fraenkischer-wald\/\",\"name\":\"Naturpark Schw\u00e4bisch-Fr\u00e4nkischer Wald\",\"description\":\"\",\"potentialAction\":[{\"@type\":\"SearchAction\",\"target\":{\"@type\":\"EntryPoint\",\"urlTemplate\":\"https:\/\/www.naturparkmagazin.de\/schwaebisch-fraenkischer-wald\/?s={search_term_string}\"},\"query-input\":\"required name=search_term_string\"}],\"inLanguage\":\"de\"},{\"@type\":\"Person\",\"@id\":\"https:\/\/www.naturparkmagazin.de\/schwaebisch-fraenkischer-wald\/#\/schema\/person\/f047a3702ae747fd7830cf8ac95e6066\",\"name\":\"Naturpark-Team\",\"sameAs\":[\"http:\/\/www.naturpark-sfw.de\",\"https:\/\/www.facebook.com\/naturparkSFW\"],\"url\":\"https:\/\/www.naturparkmagazin.de\/schwaebisch-fraenkischer-wald\/author\/bernharddrixler\/\"}]}<\/script>\n<!-- \/ Yoast SEO plugin. -->","yoast_head_json":{"title":"Drei Tage Welzheimer Weihnachtsdorf am ersten Adventswochenende - Naturpark Schw\u00e4bisch-Fr\u00e4nkischer Wald","robots":{"index":"index","follow":"follow","max-snippet":"max-snippet:-1","max-image-preview":"max-image-preview:large","max-video-preview":"max-video-preview:-1"},"canonical":"https:\/\/www.naturparkmagazin.de\/schwaebisch-fraenkischer-wald\/drei-tage-welzheimer-weihnachtsdorf-am-ersten-adventswochenende\/","og_locale":"de_DE","og_type":"article","og_title":"Drei Tage Welzheimer Weihnachtsdorf am ersten Adventswochenende - Naturpark Schw\u00e4bisch-Fr\u00e4nkischer Wald","og_description":"30.11, 01.+02.12.: Welzheimer Weihnachtsdorf im bezaubernden Ambiente unter alten B\u00e4umen","og_url":"https:\/\/www.naturparkmagazin.de\/schwaebisch-fraenkischer-wald\/drei-tage-welzheimer-weihnachtsdorf-am-ersten-adventswochenende\/","og_site_name":"Naturpark Schw\u00e4bisch-Fr\u00e4nkischer Wald","article_author":"https:\/\/www.facebook.com\/naturparkSFW","article_published_time":"2018-11-19T07:29:38+00:00","article_modified_time":"2018-11-26T07:36:09+00:00","og_image":[{"width":200,"height":200,"url":"https:\/\/www.naturparkmagazin.de\/schwaebisch-fraenkischer-wald\/wp-content\/uploads\/sites\/34\/Weihnachtsmarkt-34kl1.jpg","type":"image\/jpeg"}],"author":"Naturpark-Team","twitter_misc":{"Verfasst von":"Naturpark-Team","Gesch\u00e4tzte Lesezeit":"1\u00a0Minute"},"schema":{"@context":"https:\/\/schema.org","@graph":[{"@type":"WebPage","@id":"https:\/\/www.naturparkmagazin.de\/schwaebisch-fraenkischer-wald\/drei-tage-welzheimer-weihnachtsdorf-am-ersten-adventswochenende\/","url":"https:\/\/www.naturparkmagazin.de\/schwaebisch-fraenkischer-wald\/drei-tage-welzheimer-weihnachtsdorf-am-ersten-adventswochenende\/","name":"Drei Tage Welzheimer Weihnachtsdorf am ersten Adventswochenende - Naturpark Schw\u00e4bisch-Fr\u00e4nkischer Wald","isPartOf":{"@id":"https:\/\/www.naturparkmagazin.de\/schwaebisch-fraenkischer-wald\/#website"},"datePublished":"2018-11-19T07:29:38+00:00","dateModified":"2018-11-26T07:36:09+00:00","author":{"@id":"https:\/\/www.naturparkmagazin.de\/schwaebisch-fraenkischer-wald\/#\/schema\/person\/f047a3702ae747fd7830cf8ac95e6066"},"breadcrumb":{"@id":"https:\/\/www.naturparkmagazin.de\/schwaebisch-fraenkischer-wald\/drei-tage-welzheimer-weihnachtsdorf-am-ersten-adventswochenende\/#breadcrumb"},"inLanguage":"de","potentialAction":[{"@type":"ReadAction","target":["https:\/\/www.naturparkmagazin.de\/schwaebisch-fraenkischer-wald\/drei-tage-welzheimer-weihnachtsdorf-am-ersten-adventswochenende\/"]}]},{"@type":"BreadcrumbList","@id":"https:\/\/www.naturparkmagazin.de\/schwaebisch-fraenkischer-wald\/drei-tage-welzheimer-weihnachtsdorf-am-ersten-adventswochenende\/#breadcrumb","itemListElement":[{"@type":"ListItem","position":1,"name":"Home","item":"https:\/\/www.naturparkmagazin.de\/schwaebisch-fraenkischer-wald\/"},{"@type":"ListItem","position":2,"name":"Drei Tage Welzheimer Weihnachtsdorf am ersten Adventswochenende"}]},{"@type":"WebSite","@id":"https:\/\/www.naturparkmagazin.de\/schwaebisch-fraenkischer-wald\/#website","url":"https:\/\/www.naturparkmagazin.de\/schwaebisch-fraenkischer-wald\/","name":"Naturpark Schw\u00e4bisch-Fr\u00e4nkischer Wald","description":"","potentialAction":[{"@type":"SearchAction","target":{"@type":"EntryPoint","urlTemplate":"https:\/\/www.naturparkmagazin.de\/schwaebisch-fraenkischer-wald\/?s={search_term_string}"},"query-input":"required name=search_term_string"}],"inLanguage":"de"},{"@type":"Person","@id":"https:\/\/www.naturparkmagazin.de\/schwaebisch-fraenkischer-wald\/#\/schema\/person\/f047a3702ae747fd7830cf8ac95e6066","name":"Naturpark-Team","sameAs":["http:\/\/www.naturpark-sfw.de","https:\/\/www.facebook.com\/naturparkSFW"],"url":"https:\/\/www.naturparkmagazin.de\/schwaebisch-fraenkischer-wald\/author\/bernharddrixler\/"}]}},"_links":{"self":[{"href":"https:\/\/www.naturparkmagazin.de\/schwaebisch-fraenkischer-wald\/wp-json\/wp\/v2\/posts\/6842"}],"collection":[{"href":"https:\/\/www.naturparkmagazin.de\/schwaebisch-fraenkischer-wald\/wp-json\/wp\/v2\/posts"}],"about":[{"href":"https:\/\/www.naturparkmagazin.de\/schwaebisch-fraenkischer-wald\/wp-json\/wp\/v2\/types\/post"}],"author":[{"embeddable":true,"href":"https:\/\/www.naturparkmagazin.de\/schwaebisch-fraenkischer-wald\/wp-json\/wp\/v2\/users\/25"}],"replies":[{"embeddable":true,"href":"https:\/\/www.naturparkmagazin.de\/schwaebisch-fraenkischer-wald\/wp-json\/wp\/v2\/comments?post=6842"}],"version-history":[{"count":1,"href":"https:\/\/www.naturparkmagazin.de\/schwaebisch-fraenkischer-wald\/wp-json\/wp\/v2\/posts\/6842\/revisions"}],"predecessor-version":[{"id":6846,"href":"https:\/\/www.naturparkmagazin.de\/schwaebisch-fraenkischer-wald\/wp-json\/wp\/v2\/posts\/6842\/revisions\/6846"}],"wp:featuredmedia":[{"embeddable":true,"href":"https:\/\/www.naturparkmagazin.de\/schwaebisch-fraenkischer-wald\/wp-json\/wp\/v2\/media\/6844"}],"wp:attachment":[{"href":"https:\/\/www.naturparkmagazin.de\/schwaebisch-fraenkischer-wald\/wp-json\/wp\/v2\/media?parent=6842"}],"wp:term":[{"taxonomy":"category","embeddable":true,"href":"https:\/\/www.naturparkmagazin.de\/schwaebisch-fraenkischer-wald\/wp-json\/wp\/v2\/categories?post=6842"},{"taxonomy":"post_tag","embeddable":true,"href":"https:\/\/www.naturparkmagazin.de\/schwaebisch-fraenkischer-wald\/wp-json\/wp\/v2\/tags?post=6842"}],"curies":[{"name":"wp","href":"https:\/\/api.w.org\/{rel}","templated":true}]}}