{"id":689,"date":"2014-03-19T19:41:04","date_gmt":"2014-03-19T18:41:04","guid":{"rendered":"http:\/\/www.naturparkmagazin.de\/schwaebisch-fraenkischer-wald\/?p=689"},"modified":"2014-04-09T12:02:05","modified_gmt":"2014-04-09T10:02:05","slug":"neuen-attraktion-im-naturparkzentrum-das-eulen-tv","status":"publish","type":"post","link":"https:\/\/www.naturparkmagazin.de\/schwaebisch-fraenkischer-wald\/neuen-attraktion-im-naturparkzentrum-das-eulen-tv\/","title":{"rendered":"Neuen Attraktion im Naturparkzentrum: das Eulen TV"},"content":{"rendered":"<p><a href=\"https:\/\/www.naturparkmagazin.de\/schwaebisch-fraenkischer-wald\/wp-content\/uploads\/sites\/34\/P1000951.jpg\"><img decoding=\"async\" loading=\"lazy\" class=\"alignright size-thumbnail wp-image-677\" alt=\"Copyright: Naturpark Schw\u00e4bisch-Fr\u00e4nkischer Wald\" src=\"https:\/\/www.naturparkmagazin.de\/schwaebisch-fraenkischer-wald\/wp-content\/uploads\/sites\/34\/P1000951-300x400.jpg\" width=\"234\" height=\"312\" srcset=\"https:\/\/www.naturparkmagazin.de\/schwaebisch-fraenkischer-wald\/wp-content\/uploads\/sites\/34\/P1000951-300x400.jpg 300w, https:\/\/www.naturparkmagazin.de\/schwaebisch-fraenkischer-wald\/wp-content\/uploads\/sites\/34\/P1000951-620x827.jpg 620w, https:\/\/www.naturparkmagazin.de\/schwaebisch-fraenkischer-wald\/wp-content\/uploads\/sites\/34\/P1000951-940x1254.jpg 940w, https:\/\/www.naturparkmagazin.de\/schwaebisch-fraenkischer-wald\/wp-content\/uploads\/sites\/34\/P1000951-500x667.jpg 500w, https:\/\/www.naturparkmagazin.de\/schwaebisch-fraenkischer-wald\/wp-content\/uploads\/sites\/34\/P1000951-420x560.jpg 420w, https:\/\/www.naturparkmagazin.de\/schwaebisch-fraenkischer-wald\/wp-content\/uploads\/sites\/34\/P1000951-135x180.jpg 135w, https:\/\/www.naturparkmagazin.de\/schwaebisch-fraenkischer-wald\/wp-content\/uploads\/sites\/34\/P1000951-53x71.jpg 53w, https:\/\/www.naturparkmagazin.de\/schwaebisch-fraenkischer-wald\/wp-content\/uploads\/sites\/34\/P1000951-670x893.jpg 670w, https:\/\/www.naturparkmagazin.de\/schwaebisch-fraenkischer-wald\/wp-content\/uploads\/sites\/34\/P1000951-200x267.jpg 200w, https:\/\/www.naturparkmagazin.de\/schwaebisch-fraenkischer-wald\/wp-content\/uploads\/sites\/34\/P1000951.jpg 1382w\" sizes=\"(max-width: 234px) 100vw, 234px\" \/><\/a>Der Naturpark freut sich \u00fcber sein neuestes Ausstellungsst\u00fcck f\u00fcr das Naturparkzentrum: das Eulen TV! Auf dem Dachboden des Naturparkzentrums befindet sich einen Eulenkasten, in dem letztes Jahr vier kleine Schleiereulen zur Welt kamen und von ihren eifrigen Eltern gro\u00df gezogen wurden. Dieses Jahr wollen wir das Brutgesch\u00e4ft der Eulen ganz genau verfolgen und die Jungtiere beim Erwachsen werden beobachten \u2013 das alles aber nat\u00fcrlich ohne sie zu st\u00f6ren. Deshalb haben wir im Naturparkzentrum das Eulen TV installiert, \u00fcber das die Besucher die Eulen per Funkkamera live beobachten und bestaunen k\u00f6nnen.<\/p>\n<p>Der Eulenkasten im Dach des denkmalgesch\u00fctzen Naturparkzentrums in der Murrhardter Innenstadt w\u00fcrde bereites vor ungef\u00e4hr 30 Jahren von eingebaut und erst letztes Jahr von den Eulen angenommen, die gleich sehr erfolgreich alle vier Jungen gro\u00df zogen. So hoffen wir dieses Jahr nat\u00fcrlich auf einer Wiederholung und sind schon darauf vorbereitet, wenn die Eulen im April\/Mai mit der Brut beginnen. Eine \u00dcbe<a href=\"https:\/\/www.naturparkmagazin.de\/schwaebisch-fraenkischer-wald\/wp-content\/uploads\/sites\/34\/130715_Sc-hleiereule-aelter_klein.jpg\"><img decoding=\"async\" loading=\"lazy\" class=\"size-full wp-image-277 alignleft\" alt=\"130715_Sc hleiereule aelter_klein\" src=\"https:\/\/www.naturparkmagazin.de\/schwaebisch-fraenkischer-wald\/wp-content\/uploads\/sites\/34\/130715_Sc-hleiereule-aelter_klein.jpg\" width=\"300\" height=\"324\" srcset=\"https:\/\/www.naturparkmagazin.de\/schwaebisch-fraenkischer-wald\/wp-content\/uploads\/sites\/34\/130715_Sc-hleiereule-aelter_klein.jpg 300w, https:\/\/www.naturparkmagazin.de\/schwaebisch-fraenkischer-wald\/wp-content\/uploads\/sites\/34\/130715_Sc-hleiereule-aelter_klein-200x216.jpg 200w\" sizes=\"(max-width: 300px) 100vw, 300px\" \/><\/a>rwachungskamera \u00fcbertr\u00e4gt das Geschehen im Eulenkasten per Funk an einen Fernseher im zweiten Stock des Naturparkzentrums. Dort k\u00f6nnen Interessierte bequem die Eulen beobachten, ohne sie zu st\u00f6ren. Zusammen mit dem Bienenstock ist das Eulen TV das zweite Ausstellungsst\u00fcck im Naturparkzentrum, das den Besuchern einen direkten Blick auf das Verhalten von Tieren erm\u00f6glicht.<\/p>\n<p>Wir freuen uns, den Eulen einem geeigneten Zuhause zu bieten und hoffen auf einer neue Eulengeneration im Naturparkzentrum, die dann \u00fcber das Eulen TV zu beobachten ist.<\/p>\n","protected":false},"excerpt":{"rendered":"<p>Der Naturpark freut sich \u00fcber sein neuestes Ausstellungsst\u00fcck f\u00fcr das Naturparkzentrum: das Eulen TV! Auf dem Dachboden des Naturparkzentrums befindet sich einen Eulenkasten, in dem letztes Jahr vier kleine Schleiereulen von ihren eifrigen Eltern gro\u00df gezogen wurden. Dieses Jahr wollen wir die Jungtiere beim Erwachsen werden beobachten \u2013 das alles aber nat\u00fcrlich ohne sie zu st\u00f6ren.<\/p>\n","protected":false},"author":25,"featured_media":278,"comment_status":"open","ping_status":"open","sticky":false,"template":"","format":"standard","meta":[],"categories":[11],"tags":[],"yoast_head":"<!-- This site is optimized with the Yoast SEO plugin v19.10 - https:\/\/yoast.com\/wordpress\/plugins\/seo\/ -->\n<title>Neuen Attraktion im Naturparkzentrum: das Eulen TV - Naturpark Schw\u00e4bisch-Fr\u00e4nkischer Wald<\/title>\n<meta name=\"robots\" content=\"index, follow, max-snippet:-1, max-image-preview:large, max-video-preview:-1\" \/>\n<link rel=\"canonical\" href=\"https:\/\/www.naturparkmagazin.de\/schwaebisch-fraenkischer-wald\/neuen-attraktion-im-naturparkzentrum-das-eulen-tv\/\" \/>\n<meta property=\"og:locale\" content=\"de_DE\" \/>\n<meta property=\"og:type\" content=\"article\" \/>\n<meta property=\"og:title\" content=\"Neuen Attraktion im Naturparkzentrum: das Eulen TV - Naturpark Schw\u00e4bisch-Fr\u00e4nkischer Wald\" \/>\n<meta property=\"og:description\" content=\"Der Naturpark freut sich \u00fcber sein neuestes Ausstellungsst\u00fcck f\u00fcr das Naturparkzentrum: das Eulen TV! Auf dem Dachboden des Naturparkzentrums befindet sich einen Eulenkasten, in dem letztes Jahr vier kleine Schleiereulen von ihren eifrigen Eltern gro\u00df gezogen wurden. Dieses Jahr wollen wir die Jungtiere beim Erwachsen werden beobachten \u2013 das alles aber nat\u00fcrlich ohne sie zu st\u00f6ren.\" \/>\n<meta property=\"og:url\" content=\"https:\/\/www.naturparkmagazin.de\/schwaebisch-fraenkischer-wald\/neuen-attraktion-im-naturparkzentrum-das-eulen-tv\/\" \/>\n<meta property=\"og:site_name\" content=\"Naturpark Schw\u00e4bisch-Fr\u00e4nkischer Wald\" \/>\n<meta property=\"article:author\" content=\"https:\/\/www.facebook.com\/naturparkSFW\" \/>\n<meta property=\"article:published_time\" content=\"2014-03-19T18:41:04+00:00\" \/>\n<meta property=\"article:modified_time\" content=\"2014-04-09T10:02:05+00:00\" \/>\n<meta property=\"og:image\" content=\"https:\/\/www.naturparkmagazin.de\/schwaebisch-fraenkischer-wald\/wp-content\/uploads\/sites\/34\/NPZ_NAchwuchs_klein.jpg\" \/>\n\t<meta property=\"og:image:width\" content=\"500\" \/>\n\t<meta property=\"og:image:height\" content=\"374\" \/>\n\t<meta property=\"og:image:type\" content=\"image\/jpeg\" \/>\n<meta name=\"author\" content=\"Naturpark-Team\" \/>\n<meta name=\"twitter:label1\" content=\"Verfasst von\" \/>\n\t<meta name=\"twitter:data1\" content=\"Naturpark-Team\" \/>\n\t<meta name=\"twitter:label2\" content=\"Gesch\u00e4tzte Lesezeit\" \/>\n\t<meta name=\"twitter:data2\" content=\"1\u00a0Minute\" \/>\n<script type=\"application\/ld+json\" class=\"yoast-schema-graph\">{\"@context\":\"https:\/\/schema.org\",\"@graph\":[{\"@type\":\"WebPage\",\"@id\":\"https:\/\/www.naturparkmagazin.de\/schwaebisch-fraenkischer-wald\/neuen-attraktion-im-naturparkzentrum-das-eulen-tv\/\",\"url\":\"https:\/\/www.naturparkmagazin.de\/schwaebisch-fraenkischer-wald\/neuen-attraktion-im-naturparkzentrum-das-eulen-tv\/\",\"name\":\"Neuen Attraktion im Naturparkzentrum: das Eulen TV - Naturpark Schw\u00e4bisch-Fr\u00e4nkischer Wald\",\"isPartOf\":{\"@id\":\"https:\/\/www.naturparkmagazin.de\/schwaebisch-fraenkischer-wald\/#website\"},\"datePublished\":\"2014-03-19T18:41:04+00:00\",\"dateModified\":\"2014-04-09T10:02:05+00:00\",\"author\":{\"@id\":\"https:\/\/www.naturparkmagazin.de\/schwaebisch-fraenkischer-wald\/#\/schema\/person\/f047a3702ae747fd7830cf8ac95e6066\"},\"breadcrumb\":{\"@id\":\"https:\/\/www.naturparkmagazin.de\/schwaebisch-fraenkischer-wald\/neuen-attraktion-im-naturparkzentrum-das-eulen-tv\/#breadcrumb\"},\"inLanguage\":\"de\",\"potentialAction\":[{\"@type\":\"ReadAction\",\"target\":[\"https:\/\/www.naturparkmagazin.de\/schwaebisch-fraenkischer-wald\/neuen-attraktion-im-naturparkzentrum-das-eulen-tv\/\"]}]},{\"@type\":\"BreadcrumbList\",\"@id\":\"https:\/\/www.naturparkmagazin.de\/schwaebisch-fraenkischer-wald\/neuen-attraktion-im-naturparkzentrum-das-eulen-tv\/#breadcrumb\",\"itemListElement\":[{\"@type\":\"ListItem\",\"position\":1,\"name\":\"Home\",\"item\":\"https:\/\/www.naturparkmagazin.de\/schwaebisch-fraenkischer-wald\/\"},{\"@type\":\"ListItem\",\"position\":2,\"name\":\"Neuen Attraktion im Naturparkzentrum: das Eulen TV\"}]},{\"@type\":\"WebSite\",\"@id\":\"https:\/\/www.naturparkmagazin.de\/schwaebisch-fraenkischer-wald\/#website\",\"url\":\"https:\/\/www.naturparkmagazin.de\/schwaebisch-fraenkischer-wald\/\",\"name\":\"Naturpark Schw\u00e4bisch-Fr\u00e4nkischer Wald\",\"description\":\"\",\"potentialAction\":[{\"@type\":\"SearchAction\",\"target\":{\"@type\":\"EntryPoint\",\"urlTemplate\":\"https:\/\/www.naturparkmagazin.de\/schwaebisch-fraenkischer-wald\/?s={search_term_string}\"},\"query-input\":\"required name=search_term_string\"}],\"inLanguage\":\"de\"},{\"@type\":\"Person\",\"@id\":\"https:\/\/www.naturparkmagazin.de\/schwaebisch-fraenkischer-wald\/#\/schema\/person\/f047a3702ae747fd7830cf8ac95e6066\",\"name\":\"Naturpark-Team\",\"sameAs\":[\"http:\/\/www.naturpark-sfw.de\",\"https:\/\/www.facebook.com\/naturparkSFW\"],\"url\":\"https:\/\/www.naturparkmagazin.de\/schwaebisch-fraenkischer-wald\/author\/bernharddrixler\/\"}]}<\/script>\n<!-- \/ Yoast SEO plugin. -->","yoast_head_json":{"title":"Neuen Attraktion im Naturparkzentrum: das Eulen TV - Naturpark Schw\u00e4bisch-Fr\u00e4nkischer Wald","robots":{"index":"index","follow":"follow","max-snippet":"max-snippet:-1","max-image-preview":"max-image-preview:large","max-video-preview":"max-video-preview:-1"},"canonical":"https:\/\/www.naturparkmagazin.de\/schwaebisch-fraenkischer-wald\/neuen-attraktion-im-naturparkzentrum-das-eulen-tv\/","og_locale":"de_DE","og_type":"article","og_title":"Neuen Attraktion im Naturparkzentrum: das Eulen TV - Naturpark Schw\u00e4bisch-Fr\u00e4nkischer Wald","og_description":"Der Naturpark freut sich \u00fcber sein neuestes Ausstellungsst\u00fcck f\u00fcr das Naturparkzentrum: das Eulen TV! Auf dem Dachboden des Naturparkzentrums befindet sich einen Eulenkasten, in dem letztes Jahr vier kleine Schleiereulen von ihren eifrigen Eltern gro\u00df gezogen wurden. Dieses Jahr wollen wir die Jungtiere beim Erwachsen werden beobachten \u2013 das alles aber nat\u00fcrlich ohne sie zu st\u00f6ren.","og_url":"https:\/\/www.naturparkmagazin.de\/schwaebisch-fraenkischer-wald\/neuen-attraktion-im-naturparkzentrum-das-eulen-tv\/","og_site_name":"Naturpark Schw\u00e4bisch-Fr\u00e4nkischer Wald","article_author":"https:\/\/www.facebook.com\/naturparkSFW","article_published_time":"2014-03-19T18:41:04+00:00","article_modified_time":"2014-04-09T10:02:05+00:00","og_image":[{"width":500,"height":374,"url":"https:\/\/www.naturparkmagazin.de\/schwaebisch-fraenkischer-wald\/wp-content\/uploads\/sites\/34\/NPZ_NAchwuchs_klein.jpg","type":"image\/jpeg"}],"author":"Naturpark-Team","twitter_misc":{"Verfasst von":"Naturpark-Team","Gesch\u00e4tzte Lesezeit":"1\u00a0Minute"},"schema":{"@context":"https:\/\/schema.org","@graph":[{"@type":"WebPage","@id":"https:\/\/www.naturparkmagazin.de\/schwaebisch-fraenkischer-wald\/neuen-attraktion-im-naturparkzentrum-das-eulen-tv\/","url":"https:\/\/www.naturparkmagazin.de\/schwaebisch-fraenkischer-wald\/neuen-attraktion-im-naturparkzentrum-das-eulen-tv\/","name":"Neuen Attraktion im Naturparkzentrum: das Eulen TV - Naturpark Schw\u00e4bisch-Fr\u00e4nkischer Wald","isPartOf":{"@id":"https:\/\/www.naturparkmagazin.de\/schwaebisch-fraenkischer-wald\/#website"},"datePublished":"2014-03-19T18:41:04+00:00","dateModified":"2014-04-09T10:02:05+00:00","author":{"@id":"https:\/\/www.naturparkmagazin.de\/schwaebisch-fraenkischer-wald\/#\/schema\/person\/f047a3702ae747fd7830cf8ac95e6066"},"breadcrumb":{"@id":"https:\/\/www.naturparkmagazin.de\/schwaebisch-fraenkischer-wald\/neuen-attraktion-im-naturparkzentrum-das-eulen-tv\/#breadcrumb"},"inLanguage":"de","potentialAction":[{"@type":"ReadAction","target":["https:\/\/www.naturparkmagazin.de\/schwaebisch-fraenkischer-wald\/neuen-attraktion-im-naturparkzentrum-das-eulen-tv\/"]}]},{"@type":"BreadcrumbList","@id":"https:\/\/www.naturparkmagazin.de\/schwaebisch-fraenkischer-wald\/neuen-attraktion-im-naturparkzentrum-das-eulen-tv\/#breadcrumb","itemListElement":[{"@type":"ListItem","position":1,"name":"Home","item":"https:\/\/www.naturparkmagazin.de\/schwaebisch-fraenkischer-wald\/"},{"@type":"ListItem","position":2,"name":"Neuen Attraktion im Naturparkzentrum: das Eulen TV"}]},{"@type":"WebSite","@id":"https:\/\/www.naturparkmagazin.de\/schwaebisch-fraenkischer-wald\/#website","url":"https:\/\/www.naturparkmagazin.de\/schwaebisch-fraenkischer-wald\/","name":"Naturpark Schw\u00e4bisch-Fr\u00e4nkischer Wald","description":"","potentialAction":[{"@type":"SearchAction","target":{"@type":"EntryPoint","urlTemplate":"https:\/\/www.naturparkmagazin.de\/schwaebisch-fraenkischer-wald\/?s={search_term_string}"},"query-input":"required name=search_term_string"}],"inLanguage":"de"},{"@type":"Person","@id":"https:\/\/www.naturparkmagazin.de\/schwaebisch-fraenkischer-wald\/#\/schema\/person\/f047a3702ae747fd7830cf8ac95e6066","name":"Naturpark-Team","sameAs":["http:\/\/www.naturpark-sfw.de","https:\/\/www.facebook.com\/naturparkSFW"],"url":"https:\/\/www.naturparkmagazin.de\/schwaebisch-fraenkischer-wald\/author\/bernharddrixler\/"}]}},"_links":{"self":[{"href":"https:\/\/www.naturparkmagazin.de\/schwaebisch-fraenkischer-wald\/wp-json\/wp\/v2\/posts\/689"}],"collection":[{"href":"https:\/\/www.naturparkmagazin.de\/schwaebisch-fraenkischer-wald\/wp-json\/wp\/v2\/posts"}],"about":[{"href":"https:\/\/www.naturparkmagazin.de\/schwaebisch-fraenkischer-wald\/wp-json\/wp\/v2\/types\/post"}],"author":[{"embeddable":true,"href":"https:\/\/www.naturparkmagazin.de\/schwaebisch-fraenkischer-wald\/wp-json\/wp\/v2\/users\/25"}],"replies":[{"embeddable":true,"href":"https:\/\/www.naturparkmagazin.de\/schwaebisch-fraenkischer-wald\/wp-json\/wp\/v2\/comments?post=689"}],"version-history":[{"count":5,"href":"https:\/\/www.naturparkmagazin.de\/schwaebisch-fraenkischer-wald\/wp-json\/wp\/v2\/posts\/689\/revisions"}],"predecessor-version":[{"id":713,"href":"https:\/\/www.naturparkmagazin.de\/schwaebisch-fraenkischer-wald\/wp-json\/wp\/v2\/posts\/689\/revisions\/713"}],"wp:featuredmedia":[{"embeddable":true,"href":"https:\/\/www.naturparkmagazin.de\/schwaebisch-fraenkischer-wald\/wp-json\/wp\/v2\/media\/278"}],"wp:attachment":[{"href":"https:\/\/www.naturparkmagazin.de\/schwaebisch-fraenkischer-wald\/wp-json\/wp\/v2\/media?parent=689"}],"wp:term":[{"taxonomy":"category","embeddable":true,"href":"https:\/\/www.naturparkmagazin.de\/schwaebisch-fraenkischer-wald\/wp-json\/wp\/v2\/categories?post=689"},{"taxonomy":"post_tag","embeddable":true,"href":"https:\/\/www.naturparkmagazin.de\/schwaebisch-fraenkischer-wald\/wp-json\/wp\/v2\/tags?post=689"}],"curies":[{"name":"wp","href":"https:\/\/api.w.org\/{rel}","templated":true}]}}