{"id":6922,"date":"2018-12-12T12:03:17","date_gmt":"2018-12-12T11:03:17","guid":{"rendered":"https:\/\/www.naturparkmagazin.de\/schwaebisch-fraenkischer-wald\/?p=6922"},"modified":"2018-12-12T09:51:39","modified_gmt":"2018-12-12T08:51:39","slug":"grossschutzgebiete-baden-wuerttemberg-auf-der-cmt-in-stuttgart","status":"publish","type":"post","link":"https:\/\/www.naturparkmagazin.de\/schwaebisch-fraenkischer-wald\/grossschutzgebiete-baden-wuerttemberg-auf-der-cmt-in-stuttgart\/","title":{"rendered":"Gro\u00dfschutzgebiete Baden-W\u00fcrttemberg auf der CMT in Stuttgart"},"content":{"rendered":"<p>Wenn Sie in der Winterzeit schon den n\u00e4chsten Urlaub planen m\u00f6chten, k\u00f6nnen Sie sich vom 12. bis 20. Januar 2019 auf der weltweit gr\u00f6\u00dften Publikumsmesse f\u00fcr Tourismus und Freizeit, der CMT (Caravan, Motor und Touristik), in Stuttgart inspirieren lassen.<\/p>\n<div id=\"attachment_5653\" style=\"width: 510px\" class=\"wp-caption alignright\"><a href=\"https:\/\/www.naturparkmagazin.de\/schwaebisch-fraenkischer-wald\/wp-content\/uploads\/sites\/34\/170116_CMT_NPSFW-52.jpg\"><img aria-describedby=\"caption-attachment-5653\" decoding=\"async\" loading=\"lazy\" class=\"size-full wp-image-5653\" src=\"https:\/\/www.naturparkmagazin.de\/schwaebisch-fraenkischer-wald\/wp-content\/uploads\/sites\/34\/170116_CMT_NPSFW-52.jpg\" alt=\"Die Gro\u00dfschutzgebiete auf der CMT in Stuttgart\" width=\"500\" height=\"300\" srcset=\"https:\/\/www.naturparkmagazin.de\/schwaebisch-fraenkischer-wald\/wp-content\/uploads\/sites\/34\/170116_CMT_NPSFW-52.jpg 500w, https:\/\/www.naturparkmagazin.de\/schwaebisch-fraenkischer-wald\/wp-content\/uploads\/sites\/34\/170116_CMT_NPSFW-52-300x180.jpg 300w, https:\/\/www.naturparkmagazin.de\/schwaebisch-fraenkischer-wald\/wp-content\/uploads\/sites\/34\/170116_CMT_NPSFW-52-200x120.jpg 200w\" sizes=\"(max-width: 500px) 100vw, 500px\" \/><\/a><p id=\"caption-attachment-5653\" class=\"wp-caption-text\">Die Gro\u00dfschutzgebiete auf der CMT in Stuttgart<\/p><\/div>\n<p>Auch der Naturpark Schw\u00e4bisch-Fr\u00e4nkischer Wald ist wieder auf einem gemeinsamen Stand der Gro\u00dfschutzgebiete Baden-W\u00fcrttembergs vertreten. Ob Nationalpark, Biosph\u00e4renreservate oder Naturparke \u2013 in den vielf\u00e4ltigen Landschaften Baden-W\u00fcrttembergs finden Sie alles, was Sie f\u00fcr einen erholsamen Urlaub in der Natur vor der eigenen Haust\u00fcr ben\u00f6tigen: Exzellente Wander- oder Radwege, regional produzierte Gaumenfreuden sowie authentische Naturerlebnisse warten auf Sie.<\/p>\n<p>Wir werden Ihnen auf der CMT unsere frisch gedruckten Brosch\u00fcren &#8222;Naturpark aktiv\u201c und &#8222;Naturparkteller&#8220; pr\u00e4sentieren. Besuchen Sie uns in Halle 6 am Stand A39 und lernen Sie uns pers\u00f6nlich kennen. Wir freuen uns auf interessante Gespr\u00e4che und helfen Ihnen gerne, Ihren n\u00e4chsten Besuch im Naturpark Schw\u00e4bisch-Fr\u00e4nkischer Wald zu planen!<\/p>\n<p>Landesmesse Stuttgart GmbH\nMessepiazza 1\n70629 Stuttgart\nTel.: +49 711 18560-0<\/p>\n","protected":false},"excerpt":{"rendered":"<p>12.-20.01.: Besuchen Sie uns in Halle 6 am Stand A39 auf der CMT<\/p>\n","protected":false},"author":25,"featured_media":6923,"comment_status":"open","ping_status":"open","sticky":false,"template":"","format":"standard","meta":[],"categories":[617],"tags":[1253],"yoast_head":"<!-- This site is optimized with the Yoast SEO plugin v19.10 - https:\/\/yoast.com\/wordpress\/plugins\/seo\/ -->\n<title>Gro\u00dfschutzgebiete Baden-W\u00fcrttemberg auf der CMT in Stuttgart - Naturpark Schw\u00e4bisch-Fr\u00e4nkischer Wald<\/title>\n<meta name=\"robots\" content=\"index, follow, max-snippet:-1, max-image-preview:large, max-video-preview:-1\" \/>\n<link rel=\"canonical\" href=\"https:\/\/www.naturparkmagazin.de\/schwaebisch-fraenkischer-wald\/grossschutzgebiete-baden-wuerttemberg-auf-der-cmt-in-stuttgart\/\" \/>\n<meta property=\"og:locale\" content=\"de_DE\" \/>\n<meta property=\"og:type\" content=\"article\" \/>\n<meta property=\"og:title\" content=\"Gro\u00dfschutzgebiete Baden-W\u00fcrttemberg auf der CMT in Stuttgart - Naturpark Schw\u00e4bisch-Fr\u00e4nkischer Wald\" \/>\n<meta property=\"og:description\" content=\"12.-20.01.: Besuchen Sie uns in Halle 6 am Stand A39 auf der CMT\" \/>\n<meta property=\"og:url\" content=\"https:\/\/www.naturparkmagazin.de\/schwaebisch-fraenkischer-wald\/grossschutzgebiete-baden-wuerttemberg-auf-der-cmt-in-stuttgart\/\" \/>\n<meta property=\"og:site_name\" content=\"Naturpark Schw\u00e4bisch-Fr\u00e4nkischer Wald\" \/>\n<meta property=\"article:author\" content=\"https:\/\/www.facebook.com\/naturparkSFW\" \/>\n<meta property=\"article:published_time\" content=\"2018-12-12T11:03:17+00:00\" \/>\n<meta property=\"article:modified_time\" content=\"2018-12-12T08:51:39+00:00\" \/>\n<meta property=\"og:image\" content=\"https:\/\/www.naturparkmagazin.de\/schwaebisch-fraenkischer-wald\/wp-content\/uploads\/sites\/34\/180113_CMT_AGNPBW-k6.jpg\" \/>\n\t<meta property=\"og:image:width\" content=\"200\" \/>\n\t<meta property=\"og:image:height\" content=\"200\" \/>\n\t<meta property=\"og:image:type\" content=\"image\/jpeg\" \/>\n<meta name=\"author\" content=\"Naturpark-Team\" \/>\n<meta name=\"twitter:label1\" content=\"Verfasst von\" \/>\n\t<meta name=\"twitter:data1\" content=\"Naturpark-Team\" \/>\n\t<meta name=\"twitter:label2\" content=\"Gesch\u00e4tzte Lesezeit\" \/>\n\t<meta name=\"twitter:data2\" content=\"1\u00a0Minute\" \/>\n<script type=\"application\/ld+json\" class=\"yoast-schema-graph\">{\"@context\":\"https:\/\/schema.org\",\"@graph\":[{\"@type\":\"WebPage\",\"@id\":\"https:\/\/www.naturparkmagazin.de\/schwaebisch-fraenkischer-wald\/grossschutzgebiete-baden-wuerttemberg-auf-der-cmt-in-stuttgart\/\",\"url\":\"https:\/\/www.naturparkmagazin.de\/schwaebisch-fraenkischer-wald\/grossschutzgebiete-baden-wuerttemberg-auf-der-cmt-in-stuttgart\/\",\"name\":\"Gro\u00dfschutzgebiete Baden-W\u00fcrttemberg auf der CMT in Stuttgart - Naturpark Schw\u00e4bisch-Fr\u00e4nkischer Wald\",\"isPartOf\":{\"@id\":\"https:\/\/www.naturparkmagazin.de\/schwaebisch-fraenkischer-wald\/#website\"},\"datePublished\":\"2018-12-12T11:03:17+00:00\",\"dateModified\":\"2018-12-12T08:51:39+00:00\",\"author\":{\"@id\":\"https:\/\/www.naturparkmagazin.de\/schwaebisch-fraenkischer-wald\/#\/schema\/person\/f047a3702ae747fd7830cf8ac95e6066\"},\"breadcrumb\":{\"@id\":\"https:\/\/www.naturparkmagazin.de\/schwaebisch-fraenkischer-wald\/grossschutzgebiete-baden-wuerttemberg-auf-der-cmt-in-stuttgart\/#breadcrumb\"},\"inLanguage\":\"de\",\"potentialAction\":[{\"@type\":\"ReadAction\",\"target\":[\"https:\/\/www.naturparkmagazin.de\/schwaebisch-fraenkischer-wald\/grossschutzgebiete-baden-wuerttemberg-auf-der-cmt-in-stuttgart\/\"]}]},{\"@type\":\"BreadcrumbList\",\"@id\":\"https:\/\/www.naturparkmagazin.de\/schwaebisch-fraenkischer-wald\/grossschutzgebiete-baden-wuerttemberg-auf-der-cmt-in-stuttgart\/#breadcrumb\",\"itemListElement\":[{\"@type\":\"ListItem\",\"position\":1,\"name\":\"Home\",\"item\":\"https:\/\/www.naturparkmagazin.de\/schwaebisch-fraenkischer-wald\/\"},{\"@type\":\"ListItem\",\"position\":2,\"name\":\"Gro\u00dfschutzgebiete Baden-W\u00fcrttemberg auf der CMT in Stuttgart\"}]},{\"@type\":\"WebSite\",\"@id\":\"https:\/\/www.naturparkmagazin.de\/schwaebisch-fraenkischer-wald\/#website\",\"url\":\"https:\/\/www.naturparkmagazin.de\/schwaebisch-fraenkischer-wald\/\",\"name\":\"Naturpark Schw\u00e4bisch-Fr\u00e4nkischer Wald\",\"description\":\"\",\"potentialAction\":[{\"@type\":\"SearchAction\",\"target\":{\"@type\":\"EntryPoint\",\"urlTemplate\":\"https:\/\/www.naturparkmagazin.de\/schwaebisch-fraenkischer-wald\/?s={search_term_string}\"},\"query-input\":\"required name=search_term_string\"}],\"inLanguage\":\"de\"},{\"@type\":\"Person\",\"@id\":\"https:\/\/www.naturparkmagazin.de\/schwaebisch-fraenkischer-wald\/#\/schema\/person\/f047a3702ae747fd7830cf8ac95e6066\",\"name\":\"Naturpark-Team\",\"sameAs\":[\"http:\/\/www.naturpark-sfw.de\",\"https:\/\/www.facebook.com\/naturparkSFW\"],\"url\":\"https:\/\/www.naturparkmagazin.de\/schwaebisch-fraenkischer-wald\/author\/bernharddrixler\/\"}]}<\/script>\n<!-- \/ Yoast SEO plugin. -->","yoast_head_json":{"title":"Gro\u00dfschutzgebiete Baden-W\u00fcrttemberg auf der CMT in Stuttgart - Naturpark Schw\u00e4bisch-Fr\u00e4nkischer Wald","robots":{"index":"index","follow":"follow","max-snippet":"max-snippet:-1","max-image-preview":"max-image-preview:large","max-video-preview":"max-video-preview:-1"},"canonical":"https:\/\/www.naturparkmagazin.de\/schwaebisch-fraenkischer-wald\/grossschutzgebiete-baden-wuerttemberg-auf-der-cmt-in-stuttgart\/","og_locale":"de_DE","og_type":"article","og_title":"Gro\u00dfschutzgebiete Baden-W\u00fcrttemberg auf der CMT in Stuttgart - Naturpark Schw\u00e4bisch-Fr\u00e4nkischer Wald","og_description":"12.-20.01.: Besuchen Sie uns in Halle 6 am Stand A39 auf der CMT","og_url":"https:\/\/www.naturparkmagazin.de\/schwaebisch-fraenkischer-wald\/grossschutzgebiete-baden-wuerttemberg-auf-der-cmt-in-stuttgart\/","og_site_name":"Naturpark Schw\u00e4bisch-Fr\u00e4nkischer Wald","article_author":"https:\/\/www.facebook.com\/naturparkSFW","article_published_time":"2018-12-12T11:03:17+00:00","article_modified_time":"2018-12-12T08:51:39+00:00","og_image":[{"width":200,"height":200,"url":"https:\/\/www.naturparkmagazin.de\/schwaebisch-fraenkischer-wald\/wp-content\/uploads\/sites\/34\/180113_CMT_AGNPBW-k6.jpg","type":"image\/jpeg"}],"author":"Naturpark-Team","twitter_misc":{"Verfasst von":"Naturpark-Team","Gesch\u00e4tzte Lesezeit":"1\u00a0Minute"},"schema":{"@context":"https:\/\/schema.org","@graph":[{"@type":"WebPage","@id":"https:\/\/www.naturparkmagazin.de\/schwaebisch-fraenkischer-wald\/grossschutzgebiete-baden-wuerttemberg-auf-der-cmt-in-stuttgart\/","url":"https:\/\/www.naturparkmagazin.de\/schwaebisch-fraenkischer-wald\/grossschutzgebiete-baden-wuerttemberg-auf-der-cmt-in-stuttgart\/","name":"Gro\u00dfschutzgebiete Baden-W\u00fcrttemberg auf der CMT in Stuttgart - Naturpark Schw\u00e4bisch-Fr\u00e4nkischer Wald","isPartOf":{"@id":"https:\/\/www.naturparkmagazin.de\/schwaebisch-fraenkischer-wald\/#website"},"datePublished":"2018-12-12T11:03:17+00:00","dateModified":"2018-12-12T08:51:39+00:00","author":{"@id":"https:\/\/www.naturparkmagazin.de\/schwaebisch-fraenkischer-wald\/#\/schema\/person\/f047a3702ae747fd7830cf8ac95e6066"},"breadcrumb":{"@id":"https:\/\/www.naturparkmagazin.de\/schwaebisch-fraenkischer-wald\/grossschutzgebiete-baden-wuerttemberg-auf-der-cmt-in-stuttgart\/#breadcrumb"},"inLanguage":"de","potentialAction":[{"@type":"ReadAction","target":["https:\/\/www.naturparkmagazin.de\/schwaebisch-fraenkischer-wald\/grossschutzgebiete-baden-wuerttemberg-auf-der-cmt-in-stuttgart\/"]}]},{"@type":"BreadcrumbList","@id":"https:\/\/www.naturparkmagazin.de\/schwaebisch-fraenkischer-wald\/grossschutzgebiete-baden-wuerttemberg-auf-der-cmt-in-stuttgart\/#breadcrumb","itemListElement":[{"@type":"ListItem","position":1,"name":"Home","item":"https:\/\/www.naturparkmagazin.de\/schwaebisch-fraenkischer-wald\/"},{"@type":"ListItem","position":2,"name":"Gro\u00dfschutzgebiete Baden-W\u00fcrttemberg auf der CMT in Stuttgart"}]},{"@type":"WebSite","@id":"https:\/\/www.naturparkmagazin.de\/schwaebisch-fraenkischer-wald\/#website","url":"https:\/\/www.naturparkmagazin.de\/schwaebisch-fraenkischer-wald\/","name":"Naturpark Schw\u00e4bisch-Fr\u00e4nkischer Wald","description":"","potentialAction":[{"@type":"SearchAction","target":{"@type":"EntryPoint","urlTemplate":"https:\/\/www.naturparkmagazin.de\/schwaebisch-fraenkischer-wald\/?s={search_term_string}"},"query-input":"required name=search_term_string"}],"inLanguage":"de"},{"@type":"Person","@id":"https:\/\/www.naturparkmagazin.de\/schwaebisch-fraenkischer-wald\/#\/schema\/person\/f047a3702ae747fd7830cf8ac95e6066","name":"Naturpark-Team","sameAs":["http:\/\/www.naturpark-sfw.de","https:\/\/www.facebook.com\/naturparkSFW"],"url":"https:\/\/www.naturparkmagazin.de\/schwaebisch-fraenkischer-wald\/author\/bernharddrixler\/"}]}},"_links":{"self":[{"href":"https:\/\/www.naturparkmagazin.de\/schwaebisch-fraenkischer-wald\/wp-json\/wp\/v2\/posts\/6922"}],"collection":[{"href":"https:\/\/www.naturparkmagazin.de\/schwaebisch-fraenkischer-wald\/wp-json\/wp\/v2\/posts"}],"about":[{"href":"https:\/\/www.naturparkmagazin.de\/schwaebisch-fraenkischer-wald\/wp-json\/wp\/v2\/types\/post"}],"author":[{"embeddable":true,"href":"https:\/\/www.naturparkmagazin.de\/schwaebisch-fraenkischer-wald\/wp-json\/wp\/v2\/users\/25"}],"replies":[{"embeddable":true,"href":"https:\/\/www.naturparkmagazin.de\/schwaebisch-fraenkischer-wald\/wp-json\/wp\/v2\/comments?post=6922"}],"version-history":[{"count":1,"href":"https:\/\/www.naturparkmagazin.de\/schwaebisch-fraenkischer-wald\/wp-json\/wp\/v2\/posts\/6922\/revisions"}],"predecessor-version":[{"id":6924,"href":"https:\/\/www.naturparkmagazin.de\/schwaebisch-fraenkischer-wald\/wp-json\/wp\/v2\/posts\/6922\/revisions\/6924"}],"wp:featuredmedia":[{"embeddable":true,"href":"https:\/\/www.naturparkmagazin.de\/schwaebisch-fraenkischer-wald\/wp-json\/wp\/v2\/media\/6923"}],"wp:attachment":[{"href":"https:\/\/www.naturparkmagazin.de\/schwaebisch-fraenkischer-wald\/wp-json\/wp\/v2\/media?parent=6922"}],"wp:term":[{"taxonomy":"category","embeddable":true,"href":"https:\/\/www.naturparkmagazin.de\/schwaebisch-fraenkischer-wald\/wp-json\/wp\/v2\/categories?post=6922"},{"taxonomy":"post_tag","embeddable":true,"href":"https:\/\/www.naturparkmagazin.de\/schwaebisch-fraenkischer-wald\/wp-json\/wp\/v2\/tags?post=6922"}],"curies":[{"name":"wp","href":"https:\/\/api.w.org\/{rel}","templated":true}]}}