{"id":694,"date":"2014-03-19T20:08:13","date_gmt":"2014-03-19T19:08:13","guid":{"rendered":"http:\/\/www.naturparkmagazin.de\/schwaebisch-fraenkischer-wald\/?p=694"},"modified":"2014-03-25T11:16:20","modified_gmt":"2014-03-25T10:16:20","slug":"der-naturpark-ist-eine-der-ersten-nachhaltigen-destinationen-des-landes","status":"publish","type":"post","link":"https:\/\/www.naturparkmagazin.de\/schwaebisch-fraenkischer-wald\/der-naturpark-ist-eine-der-ersten-nachhaltigen-destinationen-des-landes\/","title":{"rendered":"Naturpark &#8211; eine der ersten nachhaltigen Destinationen des Landes"},"content":{"rendered":"<p><a href=\"https:\/\/www.naturparkmagazin.de\/schwaebisch-fraenkischer-wald\/wp-content\/uploads\/sites\/34\/110807_Brunch_adB_Wacholderhof-010.jpg\"><img decoding=\"async\" loading=\"lazy\" class=\"alignright size-thumbnail wp-image-665\" alt=\"Copyright: Naturpark Schw\u00e4bisch-Fr\u00e4nkischer Wald\" src=\"https:\/\/www.naturparkmagazin.de\/schwaebisch-fraenkischer-wald\/wp-content\/uploads\/sites\/34\/110807_Brunch_adB_Wacholderhof-010-300x450.jpg\" width=\"263\" height=\"395\" srcset=\"https:\/\/www.naturparkmagazin.de\/schwaebisch-fraenkischer-wald\/wp-content\/uploads\/sites\/34\/110807_Brunch_adB_Wacholderhof-010-300x450.jpg 300w, https:\/\/www.naturparkmagazin.de\/schwaebisch-fraenkischer-wald\/wp-content\/uploads\/sites\/34\/110807_Brunch_adB_Wacholderhof-010-620x930.jpg 620w, https:\/\/www.naturparkmagazin.de\/schwaebisch-fraenkischer-wald\/wp-content\/uploads\/sites\/34\/110807_Brunch_adB_Wacholderhof-010-940x1410.jpg 940w, https:\/\/www.naturparkmagazin.de\/schwaebisch-fraenkischer-wald\/wp-content\/uploads\/sites\/34\/110807_Brunch_adB_Wacholderhof-010-670x1005.jpg 670w, https:\/\/www.naturparkmagazin.de\/schwaebisch-fraenkischer-wald\/wp-content\/uploads\/sites\/34\/110807_Brunch_adB_Wacholderhof-010-200x300.jpg 200w, https:\/\/www.naturparkmagazin.de\/schwaebisch-fraenkischer-wald\/wp-content\/uploads\/sites\/34\/110807_Brunch_adB_Wacholderhof-010.jpg 1000w\" sizes=\"(max-width: 263px) 100vw, 263px\" \/><\/a>Am 3. April wird der Naturpark Schw\u00e4bisch-Fr\u00e4nkischer Wald als nachhaltige Destination ausgezeichnet. Die Zertifizierung erfolgt im Rahmen des Nachhaltigkeitschecks des Landes Baden-W\u00fcrttemberg.<\/p>\n<p>Nachhaltigkeit ist ein Thema, das immer mehr an Bedeutung gewinnt. Es wird immer h\u00e4ufiger als ein Entscheidungskriterium f\u00fcr Touristen bei der Destinations- und Unterkunftswahl genannt. Die transparente Vermarktung der Nachhaltigkeit kann einen wichtigen Erfolgsfaktor darstellen. Deshalb beteiligt sich der Naturpark Schw\u00e4bisch-Fr\u00e4nkischer Wald am Nachhaltigkeitscheck des Landes Baden-W\u00fcrttemberg und wird eine der ersten zertifiziert nachhaltigen Tourismusdestinationen des Landes. Um dieses Pr\u00e4dikat zu bekommen, muss der Naturpark sowohl seine eigenen T\u00e4tigkeiten nachhaltiger gestalten als auch touristische Leistungstr\u00e4ger dazu ansto\u00dfen, ihren Betriebe unter Ber\u00fccksichtigung verschiedenen Nachhaltigkeitsaspekten zu verbessern. Daher sind die touristischen Leistungstr\u00e4ger aufgerufen, nachhaltige Partnerbetriebe des Naturparks zu werden. Dies haben beispielsweise der Wachholderhof im Murrhardt und der Riegenhof im Mainhardt bereits getan. Berthold Burkhardt von Wachholderhof ist der Meinung, dieses Zertifikat passt sehr gut zu seinen Betrieb. Seit 1980 wirtschaftet der von einem Verein betriebene Wachholderhof biologisch und bietet Lernangebote f\u00fcr S<a href=\"https:\/\/www.naturparkmagazin.de\/schwaebisch-fraenkischer-wald\/wp-content\/uploads\/sites\/34\/100_4599.jpg\"><img decoding=\"async\" loading=\"lazy\" class=\"size-thumbnail wp-image-663 alignleft\" alt=\"Copyright: Naturpark Schw\u00e4bisch-Fr\u00e4nkischer Wald\" src=\"https:\/\/www.naturparkmagazin.de\/schwaebisch-fraenkischer-wald\/wp-content\/uploads\/sites\/34\/100_4599-300x399.jpg\" width=\"300\" height=\"399\" srcset=\"https:\/\/www.naturparkmagazin.de\/schwaebisch-fraenkischer-wald\/wp-content\/uploads\/sites\/34\/100_4599-300x399.jpg 300w, https:\/\/www.naturparkmagazin.de\/schwaebisch-fraenkischer-wald\/wp-content\/uploads\/sites\/34\/100_4599-500x667.jpg 500w, https:\/\/www.naturparkmagazin.de\/schwaebisch-fraenkischer-wald\/wp-content\/uploads\/sites\/34\/100_4599-420x560.jpg 420w, https:\/\/www.naturparkmagazin.de\/schwaebisch-fraenkischer-wald\/wp-content\/uploads\/sites\/34\/100_4599-135x180.jpg 135w, https:\/\/www.naturparkmagazin.de\/schwaebisch-fraenkischer-wald\/wp-content\/uploads\/sites\/34\/100_4599-53x71.jpg 53w, https:\/\/www.naturparkmagazin.de\/schwaebisch-fraenkischer-wald\/wp-content\/uploads\/sites\/34\/100_4599-200x266.jpg 200w, https:\/\/www.naturparkmagazin.de\/schwaebisch-fraenkischer-wald\/wp-content\/uploads\/sites\/34\/100_4599.jpg 600w\" sizes=\"(max-width: 300px) 100vw, 300px\" \/><\/a>chulklassen an. In der Wirtschaftsweise, bez\u00fcglich der Mitarbeiterf\u00fchrung, des Managements der Unterk\u00fcnfte etc. setzt der Wacholderhof die Grunds\u00e4tze der Nachhaltigkeit auf allen Ebenen bereits um. Daher ist der Wachholderhof quasi pr\u00e4destiniert, nachhaltiger Partnerbetrieb des Naturparks zu werden und sieht die Zertifizierung als zus\u00e4tzliche M\u00f6glichkeit der Werbung und positiven Au\u00dfendarstellung.<\/p>\n<p>Am 3. April erfolgen nun das Audit des Naturparks und voraussichtlich auch die Auszeichnung. Das Audit wird von zwei unabh\u00e4ngigen Pr\u00fcfern durchgef\u00fchrt, die mit den Mitarbeitern sprechen, die Richtigkeit der gelieferten Daten pr\u00fcfen und \u00fcber Fortschritt des aufgestellten Verbesserungsprogramms informiert werden. Auch einige Partnerbetriebe sollen besichtigt werden. Mit dem Bestehen des Audits ist der Naturpark Schw\u00e4bisch-Fr\u00e4nkischer Wald f\u00fcr die n\u00e4chsten drei Jahre als nachhaltige Touristendestination ausgezeichnet.<\/p>\n<p>Der Naturpark freut sich, bald als nachhaltige Destination ausgezeichnet zu sein und unterst\u00fctzt gerne alle interessierten Betriebe im Naturpark, die sich auch auf dem Weg der Nachhaltigkeit machen wollen.<\/p>\n<p>&nbsp;<\/p>\n","protected":false},"excerpt":{"rendered":"<p>Am 3. April wird der Naturpark Schw\u00e4bisch-Fr\u00e4nkischer Wald als nachhaltige Destination ausgezeichnet. Die Zertifizierung erfolgt im Rahmen des Nachhaltigkeitschecks des Landes Baden-W\u00fcrttemberg.<\/p>\n","protected":false},"author":25,"featured_media":668,"comment_status":"open","ping_status":"open","sticky":false,"template":"","format":"standard","meta":[],"categories":[7],"tags":[],"yoast_head":"<!-- This site is optimized with the Yoast SEO plugin v19.10 - https:\/\/yoast.com\/wordpress\/plugins\/seo\/ -->\n<title>Naturpark - eine der ersten nachhaltigen Destinationen des Landes - Naturpark Schw\u00e4bisch-Fr\u00e4nkischer Wald<\/title>\n<meta name=\"robots\" content=\"index, follow, max-snippet:-1, max-image-preview:large, max-video-preview:-1\" \/>\n<link rel=\"canonical\" href=\"https:\/\/www.naturparkmagazin.de\/schwaebisch-fraenkischer-wald\/der-naturpark-ist-eine-der-ersten-nachhaltigen-destinationen-des-landes\/\" \/>\n<meta property=\"og:locale\" content=\"de_DE\" \/>\n<meta property=\"og:type\" content=\"article\" \/>\n<meta property=\"og:title\" content=\"Naturpark - eine der ersten nachhaltigen Destinationen des Landes - Naturpark Schw\u00e4bisch-Fr\u00e4nkischer Wald\" \/>\n<meta property=\"og:description\" content=\"Am 3. April wird der Naturpark Schw\u00e4bisch-Fr\u00e4nkischer Wald als nachhaltige Destination ausgezeichnet. Die Zertifizierung erfolgt im Rahmen des Nachhaltigkeitschecks des Landes Baden-W\u00fcrttemberg.\" \/>\n<meta property=\"og:url\" content=\"https:\/\/www.naturparkmagazin.de\/schwaebisch-fraenkischer-wald\/der-naturpark-ist-eine-der-ersten-nachhaltigen-destinationen-des-landes\/\" \/>\n<meta property=\"og:site_name\" content=\"Naturpark Schw\u00e4bisch-Fr\u00e4nkischer Wald\" \/>\n<meta property=\"article:author\" content=\"https:\/\/www.facebook.com\/naturparkSFW\" \/>\n<meta property=\"article:published_time\" content=\"2014-03-19T19:08:13+00:00\" \/>\n<meta property=\"article:modified_time\" content=\"2014-03-25T10:16:20+00:00\" \/>\n<meta property=\"og:image\" content=\"https:\/\/www.naturparkmagazin.de\/schwaebisch-fraenkischer-wald\/wp-content\/uploads\/sites\/34\/130804_Riegenhofbrunch-95.jpg\" \/>\n\t<meta property=\"og:image:width\" content=\"960\" \/>\n\t<meta property=\"og:image:height\" content=\"720\" \/>\n\t<meta property=\"og:image:type\" content=\"image\/jpeg\" \/>\n<meta name=\"author\" content=\"Naturpark-Team\" \/>\n<meta name=\"twitter:label1\" content=\"Verfasst von\" \/>\n\t<meta name=\"twitter:data1\" content=\"Naturpark-Team\" \/>\n\t<meta name=\"twitter:label2\" content=\"Gesch\u00e4tzte Lesezeit\" \/>\n\t<meta name=\"twitter:data2\" content=\"2\u00a0Minuten\" \/>\n<script type=\"application\/ld+json\" class=\"yoast-schema-graph\">{\"@context\":\"https:\/\/schema.org\",\"@graph\":[{\"@type\":\"WebPage\",\"@id\":\"https:\/\/www.naturparkmagazin.de\/schwaebisch-fraenkischer-wald\/der-naturpark-ist-eine-der-ersten-nachhaltigen-destinationen-des-landes\/\",\"url\":\"https:\/\/www.naturparkmagazin.de\/schwaebisch-fraenkischer-wald\/der-naturpark-ist-eine-der-ersten-nachhaltigen-destinationen-des-landes\/\",\"name\":\"Naturpark - eine der ersten nachhaltigen Destinationen des Landes - Naturpark Schw\u00e4bisch-Fr\u00e4nkischer Wald\",\"isPartOf\":{\"@id\":\"https:\/\/www.naturparkmagazin.de\/schwaebisch-fraenkischer-wald\/#website\"},\"datePublished\":\"2014-03-19T19:08:13+00:00\",\"dateModified\":\"2014-03-25T10:16:20+00:00\",\"author\":{\"@id\":\"https:\/\/www.naturparkmagazin.de\/schwaebisch-fraenkischer-wald\/#\/schema\/person\/f047a3702ae747fd7830cf8ac95e6066\"},\"breadcrumb\":{\"@id\":\"https:\/\/www.naturparkmagazin.de\/schwaebisch-fraenkischer-wald\/der-naturpark-ist-eine-der-ersten-nachhaltigen-destinationen-des-landes\/#breadcrumb\"},\"inLanguage\":\"de\",\"potentialAction\":[{\"@type\":\"ReadAction\",\"target\":[\"https:\/\/www.naturparkmagazin.de\/schwaebisch-fraenkischer-wald\/der-naturpark-ist-eine-der-ersten-nachhaltigen-destinationen-des-landes\/\"]}]},{\"@type\":\"BreadcrumbList\",\"@id\":\"https:\/\/www.naturparkmagazin.de\/schwaebisch-fraenkischer-wald\/der-naturpark-ist-eine-der-ersten-nachhaltigen-destinationen-des-landes\/#breadcrumb\",\"itemListElement\":[{\"@type\":\"ListItem\",\"position\":1,\"name\":\"Home\",\"item\":\"https:\/\/www.naturparkmagazin.de\/schwaebisch-fraenkischer-wald\/\"},{\"@type\":\"ListItem\",\"position\":2,\"name\":\"Naturpark &#8211; eine der ersten nachhaltigen Destinationen des Landes\"}]},{\"@type\":\"WebSite\",\"@id\":\"https:\/\/www.naturparkmagazin.de\/schwaebisch-fraenkischer-wald\/#website\",\"url\":\"https:\/\/www.naturparkmagazin.de\/schwaebisch-fraenkischer-wald\/\",\"name\":\"Naturpark Schw\u00e4bisch-Fr\u00e4nkischer Wald\",\"description\":\"\",\"potentialAction\":[{\"@type\":\"SearchAction\",\"target\":{\"@type\":\"EntryPoint\",\"urlTemplate\":\"https:\/\/www.naturparkmagazin.de\/schwaebisch-fraenkischer-wald\/?s={search_term_string}\"},\"query-input\":\"required name=search_term_string\"}],\"inLanguage\":\"de\"},{\"@type\":\"Person\",\"@id\":\"https:\/\/www.naturparkmagazin.de\/schwaebisch-fraenkischer-wald\/#\/schema\/person\/f047a3702ae747fd7830cf8ac95e6066\",\"name\":\"Naturpark-Team\",\"sameAs\":[\"http:\/\/www.naturpark-sfw.de\",\"https:\/\/www.facebook.com\/naturparkSFW\"],\"url\":\"https:\/\/www.naturparkmagazin.de\/schwaebisch-fraenkischer-wald\/author\/bernharddrixler\/\"}]}<\/script>\n<!-- \/ Yoast SEO plugin. -->","yoast_head_json":{"title":"Naturpark - eine der ersten nachhaltigen Destinationen des Landes - Naturpark Schw\u00e4bisch-Fr\u00e4nkischer Wald","robots":{"index":"index","follow":"follow","max-snippet":"max-snippet:-1","max-image-preview":"max-image-preview:large","max-video-preview":"max-video-preview:-1"},"canonical":"https:\/\/www.naturparkmagazin.de\/schwaebisch-fraenkischer-wald\/der-naturpark-ist-eine-der-ersten-nachhaltigen-destinationen-des-landes\/","og_locale":"de_DE","og_type":"article","og_title":"Naturpark - eine der ersten nachhaltigen Destinationen des Landes - Naturpark Schw\u00e4bisch-Fr\u00e4nkischer Wald","og_description":"Am 3. April wird der Naturpark Schw\u00e4bisch-Fr\u00e4nkischer Wald als nachhaltige Destination ausgezeichnet. Die Zertifizierung erfolgt im Rahmen des Nachhaltigkeitschecks des Landes Baden-W\u00fcrttemberg.","og_url":"https:\/\/www.naturparkmagazin.de\/schwaebisch-fraenkischer-wald\/der-naturpark-ist-eine-der-ersten-nachhaltigen-destinationen-des-landes\/","og_site_name":"Naturpark Schw\u00e4bisch-Fr\u00e4nkischer Wald","article_author":"https:\/\/www.facebook.com\/naturparkSFW","article_published_time":"2014-03-19T19:08:13+00:00","article_modified_time":"2014-03-25T10:16:20+00:00","og_image":[{"width":960,"height":720,"url":"https:\/\/www.naturparkmagazin.de\/schwaebisch-fraenkischer-wald\/wp-content\/uploads\/sites\/34\/130804_Riegenhofbrunch-95.jpg","type":"image\/jpeg"}],"author":"Naturpark-Team","twitter_misc":{"Verfasst von":"Naturpark-Team","Gesch\u00e4tzte Lesezeit":"2\u00a0Minuten"},"schema":{"@context":"https:\/\/schema.org","@graph":[{"@type":"WebPage","@id":"https:\/\/www.naturparkmagazin.de\/schwaebisch-fraenkischer-wald\/der-naturpark-ist-eine-der-ersten-nachhaltigen-destinationen-des-landes\/","url":"https:\/\/www.naturparkmagazin.de\/schwaebisch-fraenkischer-wald\/der-naturpark-ist-eine-der-ersten-nachhaltigen-destinationen-des-landes\/","name":"Naturpark - eine der ersten nachhaltigen Destinationen des Landes - Naturpark Schw\u00e4bisch-Fr\u00e4nkischer Wald","isPartOf":{"@id":"https:\/\/www.naturparkmagazin.de\/schwaebisch-fraenkischer-wald\/#website"},"datePublished":"2014-03-19T19:08:13+00:00","dateModified":"2014-03-25T10:16:20+00:00","author":{"@id":"https:\/\/www.naturparkmagazin.de\/schwaebisch-fraenkischer-wald\/#\/schema\/person\/f047a3702ae747fd7830cf8ac95e6066"},"breadcrumb":{"@id":"https:\/\/www.naturparkmagazin.de\/schwaebisch-fraenkischer-wald\/der-naturpark-ist-eine-der-ersten-nachhaltigen-destinationen-des-landes\/#breadcrumb"},"inLanguage":"de","potentialAction":[{"@type":"ReadAction","target":["https:\/\/www.naturparkmagazin.de\/schwaebisch-fraenkischer-wald\/der-naturpark-ist-eine-der-ersten-nachhaltigen-destinationen-des-landes\/"]}]},{"@type":"BreadcrumbList","@id":"https:\/\/www.naturparkmagazin.de\/schwaebisch-fraenkischer-wald\/der-naturpark-ist-eine-der-ersten-nachhaltigen-destinationen-des-landes\/#breadcrumb","itemListElement":[{"@type":"ListItem","position":1,"name":"Home","item":"https:\/\/www.naturparkmagazin.de\/schwaebisch-fraenkischer-wald\/"},{"@type":"ListItem","position":2,"name":"Naturpark &#8211; eine der ersten nachhaltigen Destinationen des Landes"}]},{"@type":"WebSite","@id":"https:\/\/www.naturparkmagazin.de\/schwaebisch-fraenkischer-wald\/#website","url":"https:\/\/www.naturparkmagazin.de\/schwaebisch-fraenkischer-wald\/","name":"Naturpark Schw\u00e4bisch-Fr\u00e4nkischer Wald","description":"","potentialAction":[{"@type":"SearchAction","target":{"@type":"EntryPoint","urlTemplate":"https:\/\/www.naturparkmagazin.de\/schwaebisch-fraenkischer-wald\/?s={search_term_string}"},"query-input":"required name=search_term_string"}],"inLanguage":"de"},{"@type":"Person","@id":"https:\/\/www.naturparkmagazin.de\/schwaebisch-fraenkischer-wald\/#\/schema\/person\/f047a3702ae747fd7830cf8ac95e6066","name":"Naturpark-Team","sameAs":["http:\/\/www.naturpark-sfw.de","https:\/\/www.facebook.com\/naturparkSFW"],"url":"https:\/\/www.naturparkmagazin.de\/schwaebisch-fraenkischer-wald\/author\/bernharddrixler\/"}]}},"_links":{"self":[{"href":"https:\/\/www.naturparkmagazin.de\/schwaebisch-fraenkischer-wald\/wp-json\/wp\/v2\/posts\/694"}],"collection":[{"href":"https:\/\/www.naturparkmagazin.de\/schwaebisch-fraenkischer-wald\/wp-json\/wp\/v2\/posts"}],"about":[{"href":"https:\/\/www.naturparkmagazin.de\/schwaebisch-fraenkischer-wald\/wp-json\/wp\/v2\/types\/post"}],"author":[{"embeddable":true,"href":"https:\/\/www.naturparkmagazin.de\/schwaebisch-fraenkischer-wald\/wp-json\/wp\/v2\/users\/25"}],"replies":[{"embeddable":true,"href":"https:\/\/www.naturparkmagazin.de\/schwaebisch-fraenkischer-wald\/wp-json\/wp\/v2\/comments?post=694"}],"version-history":[{"count":5,"href":"https:\/\/www.naturparkmagazin.de\/schwaebisch-fraenkischer-wald\/wp-json\/wp\/v2\/posts\/694\/revisions"}],"predecessor-version":[{"id":708,"href":"https:\/\/www.naturparkmagazin.de\/schwaebisch-fraenkischer-wald\/wp-json\/wp\/v2\/posts\/694\/revisions\/708"}],"wp:featuredmedia":[{"embeddable":true,"href":"https:\/\/www.naturparkmagazin.de\/schwaebisch-fraenkischer-wald\/wp-json\/wp\/v2\/media\/668"}],"wp:attachment":[{"href":"https:\/\/www.naturparkmagazin.de\/schwaebisch-fraenkischer-wald\/wp-json\/wp\/v2\/media?parent=694"}],"wp:term":[{"taxonomy":"category","embeddable":true,"href":"https:\/\/www.naturparkmagazin.de\/schwaebisch-fraenkischer-wald\/wp-json\/wp\/v2\/categories?post=694"},{"taxonomy":"post_tag","embeddable":true,"href":"https:\/\/www.naturparkmagazin.de\/schwaebisch-fraenkischer-wald\/wp-json\/wp\/v2\/tags?post=694"}],"curies":[{"name":"wp","href":"https:\/\/api.w.org\/{rel}","templated":true}]}}