{"id":6984,"date":"2019-03-18T08:46:10","date_gmt":"2019-03-18T07:46:10","guid":{"rendered":"https:\/\/www.naturparkmagazin.de\/schwaebisch-fraenkischer-wald\/?p=6984"},"modified":"2019-03-18T10:19:12","modified_gmt":"2019-03-18T09:19:12","slug":"naturparkbewegt-25-km-tour-berg-und-tal-im-schwaebischen-wald","status":"publish","type":"post","link":"https:\/\/www.naturparkmagazin.de\/schwaebisch-fraenkischer-wald\/naturparkbewegt-25-km-tour-berg-und-tal-im-schwaebischen-wald\/","title":{"rendered":"Naturpark\u2026bewegt! 25 km bergauf \u2013 bergab im Welzheimer Wald"},"content":{"rendered":"<ol start=\"7\">\n<li>April \u2013 Sonntag\n<div id=\"attachment_7586\" style=\"width: 510px\" class=\"wp-caption alignright\"><a href=\"https:\/\/www.naturparkmagazin.de\/schwaebisch-fraenkischer-wald\/wp-content\/uploads\/sites\/34\/P4090053A-002.jpg\"><img aria-describedby=\"caption-attachment-7586\" decoding=\"async\" loading=\"lazy\" class=\"size-full wp-image-7586\" src=\"https:\/\/www.naturparkmagazin.de\/schwaebisch-fraenkischer-wald\/wp-content\/uploads\/sites\/34\/P4090053A-002.jpg\" alt=\"25 km bergauf \u2013 bergab im Welzheimer Wald mit den WaldMeistern\" width=\"500\" height=\"300\" srcset=\"https:\/\/www.naturparkmagazin.de\/schwaebisch-fraenkischer-wald\/wp-content\/uploads\/sites\/34\/P4090053A-002.jpg 500w, https:\/\/www.naturparkmagazin.de\/schwaebisch-fraenkischer-wald\/wp-content\/uploads\/sites\/34\/P4090053A-002-300x180.jpg 300w, https:\/\/www.naturparkmagazin.de\/schwaebisch-fraenkischer-wald\/wp-content\/uploads\/sites\/34\/P4090053A-002-200x120.jpg 200w\" sizes=\"(max-width: 500px) 100vw, 500px\" \/><\/a><p id=\"caption-attachment-7586\" class=\"wp-caption-text\">25 km bergauf \u2013 bergab im Welzheimer Wald mit den WaldMeistern<\/p><\/div><\/li>\n<\/ol>\n<p>Am Sonntag, 7. April er\u00f6ffnen die Naturparkf\u00fchrer Dr. Manfred Krautter und Walter Hieber (\u201eWaldMeister\u201c) ihre Distanzwanderungs-Saison mit einer Tour im landschaftlich reizvollen Welzheimer Wald. Start und Ziel der etwa 25 km langen Tour ist\u00a0 Allmersbach im Tal. Sie verl\u00e4uft zun\u00e4chst ostw\u00e4rts nach Lutzenberg, Alth\u00fctte, dann durch das wildromantische Str\u00fcmpfelbachtal\u00a0 \u00fcber Rudersberg \u2013 K\u00f6nigsbronnhof zur\u00fcck nach Allmersbach.\u00a0 Die Wanderer werden belohnt mit herrlichen Ausblicken \u00fcber das Weissacher Tal, Wieslauftal und die Backnanger Bucht. Aber auch lauschige Pfade am Bach und im Wald laden zum Fr\u00fchjahrswandern ein.\u00a0 Ein herzhaftes Vesper mit Getr\u00e4nken in freier Landschaft ist im Preis inbegriffen. Diese Tour eignet sich hervorragend als Saisonauftakt f\u00fcr ge\u00fcbte Wanderer, die Fitness, Naturerlebnis und Genuss verbinden wollen.<\/p>\n<ul>\n<li>Start: 8.30 Uhr<\/li>\n<li>Treffpunkt: Allmersbach im Tal, SportErlebnisPark, Schorndorfer Str. 70<\/li>\n<li>Dauer: Ca. 7,5 Stunden<\/li>\n<li>Kosten: 20 \u20ac\/Person, inkl. herzhaftes Vesper in freier Landschaft<\/li>\n<li>Anmeldung erforderlich bis 4. April, 0 71 82 \/ 93 56 97, <a href=\"mailto:hieber@die-naturparkfuehrer.de\" target=\"_blank\">hieber@die-naturparkfuehrer.de<\/a><\/li>\n<\/ul>\n<p>Termine der weiteren Distanzwanderungen: 5. Mai 2019: 40 km, L\u00f6wenstein,\u00a0 31. Mai \/1. Juni 2019: 24-Stunden-Wanderung, Murrhardt; 15. September 2019: WanderMarathon, Oberrot; 20. Oktober 2019: 25 km, Waldenburg.<\/p>\n","protected":false},"excerpt":{"rendered":"<p>07.04.: Distanzwanderung mit den Naturparkf\u00fchrern Walter Hieber und  Prof. Dr. Manfred Krautter <\/p>\n","protected":false},"author":25,"featured_media":7587,"comment_status":"open","ping_status":"open","sticky":false,"template":"","format":"standard","meta":[],"categories":[11],"tags":[1253],"yoast_head":"<!-- This site is optimized with the Yoast SEO plugin v19.10 - https:\/\/yoast.com\/wordpress\/plugins\/seo\/ -->\n<title>Naturpark\u2026bewegt! 25 km bergauf \u2013 bergab im Welzheimer Wald - Naturpark Schw\u00e4bisch-Fr\u00e4nkischer Wald<\/title>\n<meta name=\"robots\" content=\"index, follow, max-snippet:-1, max-image-preview:large, max-video-preview:-1\" \/>\n<link rel=\"canonical\" href=\"https:\/\/www.naturparkmagazin.de\/schwaebisch-fraenkischer-wald\/naturparkbewegt-25-km-tour-berg-und-tal-im-schwaebischen-wald\/\" \/>\n<meta property=\"og:locale\" content=\"de_DE\" \/>\n<meta property=\"og:type\" content=\"article\" \/>\n<meta property=\"og:title\" content=\"Naturpark\u2026bewegt! 25 km bergauf \u2013 bergab im Welzheimer Wald - Naturpark Schw\u00e4bisch-Fr\u00e4nkischer Wald\" \/>\n<meta property=\"og:description\" content=\"07.04.: Distanzwanderung mit den Naturparkf\u00fchrern Walter Hieber und Prof. Dr. Manfred Krautter\" \/>\n<meta property=\"og:url\" content=\"https:\/\/www.naturparkmagazin.de\/schwaebisch-fraenkischer-wald\/naturparkbewegt-25-km-tour-berg-und-tal-im-schwaebischen-wald\/\" \/>\n<meta property=\"og:site_name\" content=\"Naturpark Schw\u00e4bisch-Fr\u00e4nkischer Wald\" \/>\n<meta property=\"article:author\" content=\"https:\/\/www.facebook.com\/naturparkSFW\" \/>\n<meta property=\"article:published_time\" content=\"2019-03-18T07:46:10+00:00\" \/>\n<meta property=\"article:modified_time\" content=\"2019-03-18T09:19:12+00:00\" \/>\n<meta property=\"og:image\" content=\"https:\/\/www.naturparkmagazin.de\/schwaebisch-fraenkischer-wald\/wp-content\/uploads\/sites\/34\/P4090053A-0021.jpg\" \/>\n\t<meta property=\"og:image:width\" content=\"200\" \/>\n\t<meta property=\"og:image:height\" content=\"200\" \/>\n\t<meta property=\"og:image:type\" content=\"image\/jpeg\" \/>\n<meta name=\"author\" content=\"Naturpark-Team\" \/>\n<meta name=\"twitter:label1\" content=\"Verfasst von\" \/>\n\t<meta name=\"twitter:data1\" content=\"Naturpark-Team\" \/>\n\t<meta name=\"twitter:label2\" content=\"Gesch\u00e4tzte Lesezeit\" \/>\n\t<meta name=\"twitter:data2\" content=\"1\u00a0Minute\" \/>\n<script type=\"application\/ld+json\" class=\"yoast-schema-graph\">{\"@context\":\"https:\/\/schema.org\",\"@graph\":[{\"@type\":\"WebPage\",\"@id\":\"https:\/\/www.naturparkmagazin.de\/schwaebisch-fraenkischer-wald\/naturparkbewegt-25-km-tour-berg-und-tal-im-schwaebischen-wald\/\",\"url\":\"https:\/\/www.naturparkmagazin.de\/schwaebisch-fraenkischer-wald\/naturparkbewegt-25-km-tour-berg-und-tal-im-schwaebischen-wald\/\",\"name\":\"Naturpark\u2026bewegt! 25 km bergauf \u2013 bergab im Welzheimer Wald - Naturpark Schw\u00e4bisch-Fr\u00e4nkischer Wald\",\"isPartOf\":{\"@id\":\"https:\/\/www.naturparkmagazin.de\/schwaebisch-fraenkischer-wald\/#website\"},\"datePublished\":\"2019-03-18T07:46:10+00:00\",\"dateModified\":\"2019-03-18T09:19:12+00:00\",\"author\":{\"@id\":\"https:\/\/www.naturparkmagazin.de\/schwaebisch-fraenkischer-wald\/#\/schema\/person\/f047a3702ae747fd7830cf8ac95e6066\"},\"breadcrumb\":{\"@id\":\"https:\/\/www.naturparkmagazin.de\/schwaebisch-fraenkischer-wald\/naturparkbewegt-25-km-tour-berg-und-tal-im-schwaebischen-wald\/#breadcrumb\"},\"inLanguage\":\"de\",\"potentialAction\":[{\"@type\":\"ReadAction\",\"target\":[\"https:\/\/www.naturparkmagazin.de\/schwaebisch-fraenkischer-wald\/naturparkbewegt-25-km-tour-berg-und-tal-im-schwaebischen-wald\/\"]}]},{\"@type\":\"BreadcrumbList\",\"@id\":\"https:\/\/www.naturparkmagazin.de\/schwaebisch-fraenkischer-wald\/naturparkbewegt-25-km-tour-berg-und-tal-im-schwaebischen-wald\/#breadcrumb\",\"itemListElement\":[{\"@type\":\"ListItem\",\"position\":1,\"name\":\"Home\",\"item\":\"https:\/\/www.naturparkmagazin.de\/schwaebisch-fraenkischer-wald\/\"},{\"@type\":\"ListItem\",\"position\":2,\"name\":\"Naturpark\u2026bewegt! 25 km bergauf \u2013 bergab im Welzheimer Wald\"}]},{\"@type\":\"WebSite\",\"@id\":\"https:\/\/www.naturparkmagazin.de\/schwaebisch-fraenkischer-wald\/#website\",\"url\":\"https:\/\/www.naturparkmagazin.de\/schwaebisch-fraenkischer-wald\/\",\"name\":\"Naturpark Schw\u00e4bisch-Fr\u00e4nkischer Wald\",\"description\":\"\",\"potentialAction\":[{\"@type\":\"SearchAction\",\"target\":{\"@type\":\"EntryPoint\",\"urlTemplate\":\"https:\/\/www.naturparkmagazin.de\/schwaebisch-fraenkischer-wald\/?s={search_term_string}\"},\"query-input\":\"required name=search_term_string\"}],\"inLanguage\":\"de\"},{\"@type\":\"Person\",\"@id\":\"https:\/\/www.naturparkmagazin.de\/schwaebisch-fraenkischer-wald\/#\/schema\/person\/f047a3702ae747fd7830cf8ac95e6066\",\"name\":\"Naturpark-Team\",\"sameAs\":[\"http:\/\/www.naturpark-sfw.de\",\"https:\/\/www.facebook.com\/naturparkSFW\"],\"url\":\"https:\/\/www.naturparkmagazin.de\/schwaebisch-fraenkischer-wald\/author\/bernharddrixler\/\"}]}<\/script>\n<!-- \/ Yoast SEO plugin. -->","yoast_head_json":{"title":"Naturpark\u2026bewegt! 25 km bergauf \u2013 bergab im Welzheimer Wald - Naturpark Schw\u00e4bisch-Fr\u00e4nkischer Wald","robots":{"index":"index","follow":"follow","max-snippet":"max-snippet:-1","max-image-preview":"max-image-preview:large","max-video-preview":"max-video-preview:-1"},"canonical":"https:\/\/www.naturparkmagazin.de\/schwaebisch-fraenkischer-wald\/naturparkbewegt-25-km-tour-berg-und-tal-im-schwaebischen-wald\/","og_locale":"de_DE","og_type":"article","og_title":"Naturpark\u2026bewegt! 25 km bergauf \u2013 bergab im Welzheimer Wald - Naturpark Schw\u00e4bisch-Fr\u00e4nkischer Wald","og_description":"07.04.: Distanzwanderung mit den Naturparkf\u00fchrern Walter Hieber und Prof. Dr. Manfred Krautter","og_url":"https:\/\/www.naturparkmagazin.de\/schwaebisch-fraenkischer-wald\/naturparkbewegt-25-km-tour-berg-und-tal-im-schwaebischen-wald\/","og_site_name":"Naturpark Schw\u00e4bisch-Fr\u00e4nkischer Wald","article_author":"https:\/\/www.facebook.com\/naturparkSFW","article_published_time":"2019-03-18T07:46:10+00:00","article_modified_time":"2019-03-18T09:19:12+00:00","og_image":[{"width":200,"height":200,"url":"https:\/\/www.naturparkmagazin.de\/schwaebisch-fraenkischer-wald\/wp-content\/uploads\/sites\/34\/P4090053A-0021.jpg","type":"image\/jpeg"}],"author":"Naturpark-Team","twitter_misc":{"Verfasst von":"Naturpark-Team","Gesch\u00e4tzte Lesezeit":"1\u00a0Minute"},"schema":{"@context":"https:\/\/schema.org","@graph":[{"@type":"WebPage","@id":"https:\/\/www.naturparkmagazin.de\/schwaebisch-fraenkischer-wald\/naturparkbewegt-25-km-tour-berg-und-tal-im-schwaebischen-wald\/","url":"https:\/\/www.naturparkmagazin.de\/schwaebisch-fraenkischer-wald\/naturparkbewegt-25-km-tour-berg-und-tal-im-schwaebischen-wald\/","name":"Naturpark\u2026bewegt! 25 km bergauf \u2013 bergab im Welzheimer Wald - Naturpark Schw\u00e4bisch-Fr\u00e4nkischer Wald","isPartOf":{"@id":"https:\/\/www.naturparkmagazin.de\/schwaebisch-fraenkischer-wald\/#website"},"datePublished":"2019-03-18T07:46:10+00:00","dateModified":"2019-03-18T09:19:12+00:00","author":{"@id":"https:\/\/www.naturparkmagazin.de\/schwaebisch-fraenkischer-wald\/#\/schema\/person\/f047a3702ae747fd7830cf8ac95e6066"},"breadcrumb":{"@id":"https:\/\/www.naturparkmagazin.de\/schwaebisch-fraenkischer-wald\/naturparkbewegt-25-km-tour-berg-und-tal-im-schwaebischen-wald\/#breadcrumb"},"inLanguage":"de","potentialAction":[{"@type":"ReadAction","target":["https:\/\/www.naturparkmagazin.de\/schwaebisch-fraenkischer-wald\/naturparkbewegt-25-km-tour-berg-und-tal-im-schwaebischen-wald\/"]}]},{"@type":"BreadcrumbList","@id":"https:\/\/www.naturparkmagazin.de\/schwaebisch-fraenkischer-wald\/naturparkbewegt-25-km-tour-berg-und-tal-im-schwaebischen-wald\/#breadcrumb","itemListElement":[{"@type":"ListItem","position":1,"name":"Home","item":"https:\/\/www.naturparkmagazin.de\/schwaebisch-fraenkischer-wald\/"},{"@type":"ListItem","position":2,"name":"Naturpark\u2026bewegt! 25 km bergauf \u2013 bergab im Welzheimer Wald"}]},{"@type":"WebSite","@id":"https:\/\/www.naturparkmagazin.de\/schwaebisch-fraenkischer-wald\/#website","url":"https:\/\/www.naturparkmagazin.de\/schwaebisch-fraenkischer-wald\/","name":"Naturpark Schw\u00e4bisch-Fr\u00e4nkischer Wald","description":"","potentialAction":[{"@type":"SearchAction","target":{"@type":"EntryPoint","urlTemplate":"https:\/\/www.naturparkmagazin.de\/schwaebisch-fraenkischer-wald\/?s={search_term_string}"},"query-input":"required name=search_term_string"}],"inLanguage":"de"},{"@type":"Person","@id":"https:\/\/www.naturparkmagazin.de\/schwaebisch-fraenkischer-wald\/#\/schema\/person\/f047a3702ae747fd7830cf8ac95e6066","name":"Naturpark-Team","sameAs":["http:\/\/www.naturpark-sfw.de","https:\/\/www.facebook.com\/naturparkSFW"],"url":"https:\/\/www.naturparkmagazin.de\/schwaebisch-fraenkischer-wald\/author\/bernharddrixler\/"}]}},"_links":{"self":[{"href":"https:\/\/www.naturparkmagazin.de\/schwaebisch-fraenkischer-wald\/wp-json\/wp\/v2\/posts\/6984"}],"collection":[{"href":"https:\/\/www.naturparkmagazin.de\/schwaebisch-fraenkischer-wald\/wp-json\/wp\/v2\/posts"}],"about":[{"href":"https:\/\/www.naturparkmagazin.de\/schwaebisch-fraenkischer-wald\/wp-json\/wp\/v2\/types\/post"}],"author":[{"embeddable":true,"href":"https:\/\/www.naturparkmagazin.de\/schwaebisch-fraenkischer-wald\/wp-json\/wp\/v2\/users\/25"}],"replies":[{"embeddable":true,"href":"https:\/\/www.naturparkmagazin.de\/schwaebisch-fraenkischer-wald\/wp-json\/wp\/v2\/comments?post=6984"}],"version-history":[{"count":6,"href":"https:\/\/www.naturparkmagazin.de\/schwaebisch-fraenkischer-wald\/wp-json\/wp\/v2\/posts\/6984\/revisions"}],"predecessor-version":[{"id":7588,"href":"https:\/\/www.naturparkmagazin.de\/schwaebisch-fraenkischer-wald\/wp-json\/wp\/v2\/posts\/6984\/revisions\/7588"}],"wp:featuredmedia":[{"embeddable":true,"href":"https:\/\/www.naturparkmagazin.de\/schwaebisch-fraenkischer-wald\/wp-json\/wp\/v2\/media\/7587"}],"wp:attachment":[{"href":"https:\/\/www.naturparkmagazin.de\/schwaebisch-fraenkischer-wald\/wp-json\/wp\/v2\/media?parent=6984"}],"wp:term":[{"taxonomy":"category","embeddable":true,"href":"https:\/\/www.naturparkmagazin.de\/schwaebisch-fraenkischer-wald\/wp-json\/wp\/v2\/categories?post=6984"},{"taxonomy":"post_tag","embeddable":true,"href":"https:\/\/www.naturparkmagazin.de\/schwaebisch-fraenkischer-wald\/wp-json\/wp\/v2\/tags?post=6984"}],"curies":[{"name":"wp","href":"https:\/\/api.w.org\/{rel}","templated":true}]}}