{"id":7049,"date":"2019-06-14T09:56:14","date_gmt":"2019-06-14T07:56:14","guid":{"rendered":"https:\/\/www.naturparkmagazin.de\/schwaebisch-fraenkischer-wald\/?p=7049"},"modified":"2019-06-14T07:41:01","modified_gmt":"2019-06-14T05:41:01","slug":"natur-erlebniscamp-wuestenrot-11","status":"publish","type":"post","link":"https:\/\/www.naturparkmagazin.de\/schwaebisch-fraenkischer-wald\/natur-erlebniscamp-wuestenrot-11\/","title":{"rendered":"Natur-Erlebniscamp W\u00fcstenrot &#8211; Forschertag am Steinknickle"},"content":{"rendered":"<div>Sonntag, 28. Juli<\/div>\n<div><\/div>\n<div>\n<div id=\"attachment_7759\" style=\"width: 310px\" class=\"wp-caption alignright\"><a href=\"https:\/\/www.naturparkmagazin.de\/schwaebisch-fraenkischer-wald\/wp-content\/uploads\/sites\/34\/19_NPSFW_Naturerlebniscamp_Plakat_3-002.jpg\"><img aria-describedby=\"caption-attachment-7759\" decoding=\"async\" loading=\"lazy\" class=\"wp-image-7759 size-full\" src=\"https:\/\/www.naturparkmagazin.de\/schwaebisch-fraenkischer-wald\/wp-content\/uploads\/sites\/34\/19_NPSFW_Naturerlebniscamp_Plakat_3-002.jpg\" alt=\"Spannendes, Interessantes und Bewegendes erleben\" width=\"300\" height=\"500\" srcset=\"https:\/\/www.naturparkmagazin.de\/schwaebisch-fraenkischer-wald\/wp-content\/uploads\/sites\/34\/19_NPSFW_Naturerlebniscamp_Plakat_3-002.jpg 300w, https:\/\/www.naturparkmagazin.de\/schwaebisch-fraenkischer-wald\/wp-content\/uploads\/sites\/34\/19_NPSFW_Naturerlebniscamp_Plakat_3-002-200x333.jpg 200w\" sizes=\"(max-width: 300px) 100vw, 300px\" \/><\/a><p id=\"caption-attachment-7759\" class=\"wp-caption-text\">Spannendes, Interessantes und Bewegendes erleben<\/p><\/div>\n<\/div>\n<div>Das Team des \u201eNatur-Erlebniscamps W\u00fcstenrot\u201c erm\u00f6glicht 2019 bei vier gro\u00dfen Veranstaltungen ein vielf\u00e4ltiges Naturerleben f\u00fcr Jung und Alt, f\u00fcr Gro\u00df und Klein. Jede Veranstaltung steht unter einem bestimmten Motto und entf\u00fchrt die Teilnehmer f\u00fcr einen halben Tag an die sch\u00f6nsten Pl\u00e4tze in der abwechslungsreichen Natur rund um W\u00fcstenrot. Alle Aktionen fordern auf, sich aktiv zu beteiligen, Dinge in die Hand zu nehmen und auszuprobieren und dadurch viel Neues zu erfahren.<\/div>\n<div><\/div>\n<div>Die ausgewogene Abstimmung der unterschiedlichen Programmpunkte sorgt daf\u00fcr, dass jeder etwas f\u00fcr sich findet, ob zahm oder wild, ob laut oder leise, ob besinnlich oder bewegend. Bew\u00e4hrte Programmpunkte finden sich wieder, viele neue Ideen bereichern das Programm.\nWichtig ist auch das Miteinander der Teilnehmer. Insbesondere Familien k\u00f6nnen hier unvergessliche gemeinsame Erlebnisse abseits des Alltagstrubels genie\u00dfen.<\/div>\n<div>Lassen Sie sich ein auf das Erlebnis Natur. Wir freuen uns auf Sie!<\/div>\n<div>\nVeranstaltet wird das Projekt von der Gemeinde W\u00fcstenrot in Kooperation mit den Naturparkf\u00fchrern, den Naturfreunden Heilbronn sowie dem Waldnetzwerk e.V.<\/div>\n<div>Alle Informationen in der \u00dcbersicht k\u00f6nnen Sie hier herunterladen: <a href=\"https:\/\/www.naturpark-sfw.de\/erleben\/natur-erlebnisangebote\/natur-erlebniscamp\/\" target=\"_blank\">https:\/\/www.naturpark-sfw.de\/erleben\/natur-erlebnisangebote\/natur-erlebniscamp\/<\/a><\/div>\n","protected":false},"excerpt":{"rendered":"<p>28.07.: Spannendes, Interessantes und Bewegendes erleben<\/p>\n","protected":false},"author":25,"featured_media":7760,"comment_status":"open","ping_status":"open","sticky":false,"template":"","format":"standard","meta":[],"categories":[11],"tags":[1253],"yoast_head":"<!-- This site is optimized with the Yoast SEO plugin v19.10 - https:\/\/yoast.com\/wordpress\/plugins\/seo\/ -->\n<title>Natur-Erlebniscamp W\u00fcstenrot - Forschertag am Steinknickle - Naturpark Schw\u00e4bisch-Fr\u00e4nkischer Wald<\/title>\n<meta name=\"robots\" content=\"index, follow, max-snippet:-1, max-image-preview:large, max-video-preview:-1\" \/>\n<link rel=\"canonical\" href=\"https:\/\/www.naturparkmagazin.de\/schwaebisch-fraenkischer-wald\/natur-erlebniscamp-wuestenrot-11\/\" \/>\n<meta property=\"og:locale\" content=\"de_DE\" \/>\n<meta property=\"og:type\" content=\"article\" \/>\n<meta property=\"og:title\" content=\"Natur-Erlebniscamp W\u00fcstenrot - Forschertag am Steinknickle - Naturpark Schw\u00e4bisch-Fr\u00e4nkischer Wald\" \/>\n<meta property=\"og:description\" content=\"28.07.: Spannendes, Interessantes und Bewegendes erleben\" \/>\n<meta property=\"og:url\" content=\"https:\/\/www.naturparkmagazin.de\/schwaebisch-fraenkischer-wald\/natur-erlebniscamp-wuestenrot-11\/\" \/>\n<meta property=\"og:site_name\" content=\"Naturpark Schw\u00e4bisch-Fr\u00e4nkischer Wald\" \/>\n<meta property=\"article:author\" content=\"https:\/\/www.facebook.com\/naturparkSFW\" \/>\n<meta property=\"article:published_time\" content=\"2019-06-14T07:56:14+00:00\" \/>\n<meta property=\"article:modified_time\" content=\"2019-06-14T05:41:01+00:00\" \/>\n<meta property=\"og:image\" content=\"https:\/\/www.naturparkmagazin.de\/schwaebisch-fraenkischer-wald\/wp-content\/uploads\/sites\/34\/19_NPSFW_Naturerlebniscamp_Plakat_3-0021.jpg\" \/>\n\t<meta property=\"og:image:width\" content=\"200\" \/>\n\t<meta property=\"og:image:height\" content=\"200\" \/>\n\t<meta property=\"og:image:type\" content=\"image\/jpeg\" \/>\n<meta name=\"author\" content=\"Naturpark-Team\" \/>\n<meta name=\"twitter:label1\" content=\"Verfasst von\" \/>\n\t<meta name=\"twitter:data1\" content=\"Naturpark-Team\" \/>\n\t<meta name=\"twitter:label2\" content=\"Gesch\u00e4tzte Lesezeit\" \/>\n\t<meta name=\"twitter:data2\" content=\"1\u00a0Minute\" \/>\n<script type=\"application\/ld+json\" class=\"yoast-schema-graph\">{\"@context\":\"https:\/\/schema.org\",\"@graph\":[{\"@type\":\"WebPage\",\"@id\":\"https:\/\/www.naturparkmagazin.de\/schwaebisch-fraenkischer-wald\/natur-erlebniscamp-wuestenrot-11\/\",\"url\":\"https:\/\/www.naturparkmagazin.de\/schwaebisch-fraenkischer-wald\/natur-erlebniscamp-wuestenrot-11\/\",\"name\":\"Natur-Erlebniscamp W\u00fcstenrot - Forschertag am Steinknickle - Naturpark Schw\u00e4bisch-Fr\u00e4nkischer Wald\",\"isPartOf\":{\"@id\":\"https:\/\/www.naturparkmagazin.de\/schwaebisch-fraenkischer-wald\/#website\"},\"datePublished\":\"2019-06-14T07:56:14+00:00\",\"dateModified\":\"2019-06-14T05:41:01+00:00\",\"author\":{\"@id\":\"https:\/\/www.naturparkmagazin.de\/schwaebisch-fraenkischer-wald\/#\/schema\/person\/f047a3702ae747fd7830cf8ac95e6066\"},\"breadcrumb\":{\"@id\":\"https:\/\/www.naturparkmagazin.de\/schwaebisch-fraenkischer-wald\/natur-erlebniscamp-wuestenrot-11\/#breadcrumb\"},\"inLanguage\":\"de\",\"potentialAction\":[{\"@type\":\"ReadAction\",\"target\":[\"https:\/\/www.naturparkmagazin.de\/schwaebisch-fraenkischer-wald\/natur-erlebniscamp-wuestenrot-11\/\"]}]},{\"@type\":\"BreadcrumbList\",\"@id\":\"https:\/\/www.naturparkmagazin.de\/schwaebisch-fraenkischer-wald\/natur-erlebniscamp-wuestenrot-11\/#breadcrumb\",\"itemListElement\":[{\"@type\":\"ListItem\",\"position\":1,\"name\":\"Home\",\"item\":\"https:\/\/www.naturparkmagazin.de\/schwaebisch-fraenkischer-wald\/\"},{\"@type\":\"ListItem\",\"position\":2,\"name\":\"Natur-Erlebniscamp W\u00fcstenrot &#8211; Forschertag am Steinknickle\"}]},{\"@type\":\"WebSite\",\"@id\":\"https:\/\/www.naturparkmagazin.de\/schwaebisch-fraenkischer-wald\/#website\",\"url\":\"https:\/\/www.naturparkmagazin.de\/schwaebisch-fraenkischer-wald\/\",\"name\":\"Naturpark Schw\u00e4bisch-Fr\u00e4nkischer Wald\",\"description\":\"\",\"potentialAction\":[{\"@type\":\"SearchAction\",\"target\":{\"@type\":\"EntryPoint\",\"urlTemplate\":\"https:\/\/www.naturparkmagazin.de\/schwaebisch-fraenkischer-wald\/?s={search_term_string}\"},\"query-input\":\"required name=search_term_string\"}],\"inLanguage\":\"de\"},{\"@type\":\"Person\",\"@id\":\"https:\/\/www.naturparkmagazin.de\/schwaebisch-fraenkischer-wald\/#\/schema\/person\/f047a3702ae747fd7830cf8ac95e6066\",\"name\":\"Naturpark-Team\",\"sameAs\":[\"http:\/\/www.naturpark-sfw.de\",\"https:\/\/www.facebook.com\/naturparkSFW\"],\"url\":\"https:\/\/www.naturparkmagazin.de\/schwaebisch-fraenkischer-wald\/author\/bernharddrixler\/\"}]}<\/script>\n<!-- \/ Yoast SEO plugin. -->","yoast_head_json":{"title":"Natur-Erlebniscamp W\u00fcstenrot - Forschertag am Steinknickle - Naturpark Schw\u00e4bisch-Fr\u00e4nkischer Wald","robots":{"index":"index","follow":"follow","max-snippet":"max-snippet:-1","max-image-preview":"max-image-preview:large","max-video-preview":"max-video-preview:-1"},"canonical":"https:\/\/www.naturparkmagazin.de\/schwaebisch-fraenkischer-wald\/natur-erlebniscamp-wuestenrot-11\/","og_locale":"de_DE","og_type":"article","og_title":"Natur-Erlebniscamp W\u00fcstenrot - Forschertag am Steinknickle - Naturpark Schw\u00e4bisch-Fr\u00e4nkischer Wald","og_description":"28.07.: Spannendes, Interessantes und Bewegendes erleben","og_url":"https:\/\/www.naturparkmagazin.de\/schwaebisch-fraenkischer-wald\/natur-erlebniscamp-wuestenrot-11\/","og_site_name":"Naturpark Schw\u00e4bisch-Fr\u00e4nkischer Wald","article_author":"https:\/\/www.facebook.com\/naturparkSFW","article_published_time":"2019-06-14T07:56:14+00:00","article_modified_time":"2019-06-14T05:41:01+00:00","og_image":[{"width":200,"height":200,"url":"https:\/\/www.naturparkmagazin.de\/schwaebisch-fraenkischer-wald\/wp-content\/uploads\/sites\/34\/19_NPSFW_Naturerlebniscamp_Plakat_3-0021.jpg","type":"image\/jpeg"}],"author":"Naturpark-Team","twitter_misc":{"Verfasst von":"Naturpark-Team","Gesch\u00e4tzte Lesezeit":"1\u00a0Minute"},"schema":{"@context":"https:\/\/schema.org","@graph":[{"@type":"WebPage","@id":"https:\/\/www.naturparkmagazin.de\/schwaebisch-fraenkischer-wald\/natur-erlebniscamp-wuestenrot-11\/","url":"https:\/\/www.naturparkmagazin.de\/schwaebisch-fraenkischer-wald\/natur-erlebniscamp-wuestenrot-11\/","name":"Natur-Erlebniscamp W\u00fcstenrot - Forschertag am Steinknickle - Naturpark Schw\u00e4bisch-Fr\u00e4nkischer Wald","isPartOf":{"@id":"https:\/\/www.naturparkmagazin.de\/schwaebisch-fraenkischer-wald\/#website"},"datePublished":"2019-06-14T07:56:14+00:00","dateModified":"2019-06-14T05:41:01+00:00","author":{"@id":"https:\/\/www.naturparkmagazin.de\/schwaebisch-fraenkischer-wald\/#\/schema\/person\/f047a3702ae747fd7830cf8ac95e6066"},"breadcrumb":{"@id":"https:\/\/www.naturparkmagazin.de\/schwaebisch-fraenkischer-wald\/natur-erlebniscamp-wuestenrot-11\/#breadcrumb"},"inLanguage":"de","potentialAction":[{"@type":"ReadAction","target":["https:\/\/www.naturparkmagazin.de\/schwaebisch-fraenkischer-wald\/natur-erlebniscamp-wuestenrot-11\/"]}]},{"@type":"BreadcrumbList","@id":"https:\/\/www.naturparkmagazin.de\/schwaebisch-fraenkischer-wald\/natur-erlebniscamp-wuestenrot-11\/#breadcrumb","itemListElement":[{"@type":"ListItem","position":1,"name":"Home","item":"https:\/\/www.naturparkmagazin.de\/schwaebisch-fraenkischer-wald\/"},{"@type":"ListItem","position":2,"name":"Natur-Erlebniscamp W\u00fcstenrot &#8211; Forschertag am Steinknickle"}]},{"@type":"WebSite","@id":"https:\/\/www.naturparkmagazin.de\/schwaebisch-fraenkischer-wald\/#website","url":"https:\/\/www.naturparkmagazin.de\/schwaebisch-fraenkischer-wald\/","name":"Naturpark Schw\u00e4bisch-Fr\u00e4nkischer Wald","description":"","potentialAction":[{"@type":"SearchAction","target":{"@type":"EntryPoint","urlTemplate":"https:\/\/www.naturparkmagazin.de\/schwaebisch-fraenkischer-wald\/?s={search_term_string}"},"query-input":"required name=search_term_string"}],"inLanguage":"de"},{"@type":"Person","@id":"https:\/\/www.naturparkmagazin.de\/schwaebisch-fraenkischer-wald\/#\/schema\/person\/f047a3702ae747fd7830cf8ac95e6066","name":"Naturpark-Team","sameAs":["http:\/\/www.naturpark-sfw.de","https:\/\/www.facebook.com\/naturparkSFW"],"url":"https:\/\/www.naturparkmagazin.de\/schwaebisch-fraenkischer-wald\/author\/bernharddrixler\/"}]}},"_links":{"self":[{"href":"https:\/\/www.naturparkmagazin.de\/schwaebisch-fraenkischer-wald\/wp-json\/wp\/v2\/posts\/7049"}],"collection":[{"href":"https:\/\/www.naturparkmagazin.de\/schwaebisch-fraenkischer-wald\/wp-json\/wp\/v2\/posts"}],"about":[{"href":"https:\/\/www.naturparkmagazin.de\/schwaebisch-fraenkischer-wald\/wp-json\/wp\/v2\/types\/post"}],"author":[{"embeddable":true,"href":"https:\/\/www.naturparkmagazin.de\/schwaebisch-fraenkischer-wald\/wp-json\/wp\/v2\/users\/25"}],"replies":[{"embeddable":true,"href":"https:\/\/www.naturparkmagazin.de\/schwaebisch-fraenkischer-wald\/wp-json\/wp\/v2\/comments?post=7049"}],"version-history":[{"count":7,"href":"https:\/\/www.naturparkmagazin.de\/schwaebisch-fraenkischer-wald\/wp-json\/wp\/v2\/posts\/7049\/revisions"}],"predecessor-version":[{"id":7757,"href":"https:\/\/www.naturparkmagazin.de\/schwaebisch-fraenkischer-wald\/wp-json\/wp\/v2\/posts\/7049\/revisions\/7757"}],"wp:featuredmedia":[{"embeddable":true,"href":"https:\/\/www.naturparkmagazin.de\/schwaebisch-fraenkischer-wald\/wp-json\/wp\/v2\/media\/7760"}],"wp:attachment":[{"href":"https:\/\/www.naturparkmagazin.de\/schwaebisch-fraenkischer-wald\/wp-json\/wp\/v2\/media?parent=7049"}],"wp:term":[{"taxonomy":"category","embeddable":true,"href":"https:\/\/www.naturparkmagazin.de\/schwaebisch-fraenkischer-wald\/wp-json\/wp\/v2\/categories?post=7049"},{"taxonomy":"post_tag","embeddable":true,"href":"https:\/\/www.naturparkmagazin.de\/schwaebisch-fraenkischer-wald\/wp-json\/wp\/v2\/tags?post=7049"}],"curies":[{"name":"wp","href":"https:\/\/api.w.org\/{rel}","templated":true}]}}