{"id":7186,"date":"2019-05-16T14:03:01","date_gmt":"2019-05-16T12:03:01","guid":{"rendered":"https:\/\/www.naturparkmagazin.de\/schwaebisch-fraenkischer-wald\/?p=7186"},"modified":"2019-01-10T14:10:49","modified_gmt":"2019-01-10T13:10:49","slug":"naturparkerzaehlt-schoene-wege-alte-kirchen-und-eine-turmhuegelburg","status":"publish","type":"post","link":"https:\/\/www.naturparkmagazin.de\/schwaebisch-fraenkischer-wald\/naturparkerzaehlt-schoene-wege-alte-kirchen-und-eine-turmhuegelburg\/","title":{"rendered":"Naturpark\u2026erz\u00e4hlt! Sch\u00f6ne Wege, alte Kirchen und eine Turmh\u00fcgelburg"},"content":{"rendered":"<ol start=\"16\">\n<li>Juni \u2013 Sonntag\n<div id=\"attachment_7188\" style=\"width: 510px\" class=\"wp-caption alignright\"><a href=\"https:\/\/www.naturparkmagazin.de\/schwaebisch-fraenkischer-wald\/wp-content\/uploads\/sites\/34\/190616_NPaktiv_Angstenberger.Helene.jpg\"><img aria-describedby=\"caption-attachment-7188\" decoding=\"async\" loading=\"lazy\" class=\"size-full wp-image-7188\" src=\"https:\/\/www.naturparkmagazin.de\/schwaebisch-fraenkischer-wald\/wp-content\/uploads\/sites\/34\/190616_NPaktiv_Angstenberger.Helene.jpg\" alt=\"Sch\u00f6ne Wege, alte Kirchen und eine Turmh\u00fcgelburg\" width=\"500\" height=\"300\" srcset=\"https:\/\/www.naturparkmagazin.de\/schwaebisch-fraenkischer-wald\/wp-content\/uploads\/sites\/34\/190616_NPaktiv_Angstenberger.Helene.jpg 500w, https:\/\/www.naturparkmagazin.de\/schwaebisch-fraenkischer-wald\/wp-content\/uploads\/sites\/34\/190616_NPaktiv_Angstenberger.Helene-300x180.jpg 300w, https:\/\/www.naturparkmagazin.de\/schwaebisch-fraenkischer-wald\/wp-content\/uploads\/sites\/34\/190616_NPaktiv_Angstenberger.Helene-200x120.jpg 200w\" sizes=\"(max-width: 500px) 100vw, 500px\" \/><\/a><p id=\"caption-attachment-7188\" class=\"wp-caption-text\">Sch\u00f6ne Wege, alte Kirchen und eine Turmh\u00fcgelburg<\/p><\/div><\/li>\n<\/ol>\n<p>In Leinroden steht landschaftlich sehr reizvoll einer der am besten erhaltenen Wohnt\u00fcrme aus demJahrhundert, er ist heute in Privatbesitz. Ebenso eine der ganz alten evangelischen Kirchen aus dem 16. Jahrhundert. Die Teilnehmer erfahren von Naturparkf\u00fchrerin\u00a0Helene Angstenberger geschichtlich Interessantes aus dieser Zeit auf dem Weg von Leinroden nach Neubronn. Im Dorfhaus gibt es die M\u00f6glichkeit eine Kaffeepause einzulegen, bevor es \u00fcber sch\u00f6ne Wege ins Leintal zur\u00fcckgeht.<\/p>\n<ul>\n<li>Start: 13 Uhr<\/li>\n<li>Treffpunkt: Abtsgm\u00fcnd-Leinroden, Kirche Leinroden<\/li>\n<li>Dauer: Ca. 3,5 Stunden<\/li>\n<li>Kosten: 8 \u20ac\/Person, Kinder bis 16 Jahre 2 \u20ac<\/li>\n<li>Anmeldung bis 15. Juni: 0 73 66 \/ 91 92 48, <a href=\"mailto:angstenberger@die-naturparkfuehrer.de\">angstenberger@die-naturparkfuehrer.de<\/a><\/li>\n<\/ul>\n","protected":false},"excerpt":{"rendered":"<p>16.06.: Tour mit Naturparkf\u00fchrerin Helene Angstenberger von Leinroden nach Neubronn<\/p>\n","protected":false},"author":25,"featured_media":7189,"comment_status":"open","ping_status":"open","sticky":false,"template":"","format":"standard","meta":[],"categories":[11],"tags":[1253],"yoast_head":"<!-- This site is optimized with the Yoast SEO plugin v19.10 - https:\/\/yoast.com\/wordpress\/plugins\/seo\/ -->\n<title>Naturpark\u2026erz\u00e4hlt! Sch\u00f6ne Wege, alte Kirchen und eine Turmh\u00fcgelburg - Naturpark Schw\u00e4bisch-Fr\u00e4nkischer Wald<\/title>\n<meta name=\"robots\" content=\"index, follow, max-snippet:-1, max-image-preview:large, max-video-preview:-1\" \/>\n<link rel=\"canonical\" href=\"https:\/\/www.naturparkmagazin.de\/schwaebisch-fraenkischer-wald\/naturparkerzaehlt-schoene-wege-alte-kirchen-und-eine-turmhuegelburg\/\" \/>\n<meta property=\"og:locale\" content=\"de_DE\" \/>\n<meta property=\"og:type\" content=\"article\" \/>\n<meta property=\"og:title\" content=\"Naturpark\u2026erz\u00e4hlt! Sch\u00f6ne Wege, alte Kirchen und eine Turmh\u00fcgelburg - Naturpark Schw\u00e4bisch-Fr\u00e4nkischer Wald\" \/>\n<meta property=\"og:description\" content=\"16.06.: Tour mit Naturparkf\u00fchrerin Helene Angstenberger von Leinroden nach Neubronn\" \/>\n<meta property=\"og:url\" content=\"https:\/\/www.naturparkmagazin.de\/schwaebisch-fraenkischer-wald\/naturparkerzaehlt-schoene-wege-alte-kirchen-und-eine-turmhuegelburg\/\" \/>\n<meta property=\"og:site_name\" content=\"Naturpark Schw\u00e4bisch-Fr\u00e4nkischer Wald\" \/>\n<meta property=\"article:author\" content=\"https:\/\/www.facebook.com\/naturparkSFW\" \/>\n<meta property=\"article:published_time\" content=\"2019-05-16T12:03:01+00:00\" \/>\n<meta property=\"article:modified_time\" content=\"2019-01-10T13:10:49+00:00\" \/>\n<meta property=\"og:image\" content=\"https:\/\/www.naturparkmagazin.de\/schwaebisch-fraenkischer-wald\/wp-content\/uploads\/sites\/34\/190616_NPaktiv_Angstenberger.Helene1.jpg\" \/>\n\t<meta property=\"og:image:width\" content=\"200\" \/>\n\t<meta property=\"og:image:height\" content=\"200\" \/>\n\t<meta property=\"og:image:type\" content=\"image\/jpeg\" \/>\n<meta name=\"author\" content=\"Naturpark-Team\" \/>\n<meta name=\"twitter:label1\" content=\"Verfasst von\" \/>\n\t<meta name=\"twitter:data1\" content=\"Naturpark-Team\" \/>\n\t<meta name=\"twitter:label2\" content=\"Gesch\u00e4tzte Lesezeit\" \/>\n\t<meta name=\"twitter:data2\" content=\"1\u00a0Minute\" \/>\n<script type=\"application\/ld+json\" class=\"yoast-schema-graph\">{\"@context\":\"https:\/\/schema.org\",\"@graph\":[{\"@type\":\"WebPage\",\"@id\":\"https:\/\/www.naturparkmagazin.de\/schwaebisch-fraenkischer-wald\/naturparkerzaehlt-schoene-wege-alte-kirchen-und-eine-turmhuegelburg\/\",\"url\":\"https:\/\/www.naturparkmagazin.de\/schwaebisch-fraenkischer-wald\/naturparkerzaehlt-schoene-wege-alte-kirchen-und-eine-turmhuegelburg\/\",\"name\":\"Naturpark\u2026erz\u00e4hlt! Sch\u00f6ne Wege, alte Kirchen und eine Turmh\u00fcgelburg - Naturpark Schw\u00e4bisch-Fr\u00e4nkischer Wald\",\"isPartOf\":{\"@id\":\"https:\/\/www.naturparkmagazin.de\/schwaebisch-fraenkischer-wald\/#website\"},\"datePublished\":\"2019-05-16T12:03:01+00:00\",\"dateModified\":\"2019-01-10T13:10:49+00:00\",\"author\":{\"@id\":\"https:\/\/www.naturparkmagazin.de\/schwaebisch-fraenkischer-wald\/#\/schema\/person\/f047a3702ae747fd7830cf8ac95e6066\"},\"breadcrumb\":{\"@id\":\"https:\/\/www.naturparkmagazin.de\/schwaebisch-fraenkischer-wald\/naturparkerzaehlt-schoene-wege-alte-kirchen-und-eine-turmhuegelburg\/#breadcrumb\"},\"inLanguage\":\"de\",\"potentialAction\":[{\"@type\":\"ReadAction\",\"target\":[\"https:\/\/www.naturparkmagazin.de\/schwaebisch-fraenkischer-wald\/naturparkerzaehlt-schoene-wege-alte-kirchen-und-eine-turmhuegelburg\/\"]}]},{\"@type\":\"BreadcrumbList\",\"@id\":\"https:\/\/www.naturparkmagazin.de\/schwaebisch-fraenkischer-wald\/naturparkerzaehlt-schoene-wege-alte-kirchen-und-eine-turmhuegelburg\/#breadcrumb\",\"itemListElement\":[{\"@type\":\"ListItem\",\"position\":1,\"name\":\"Home\",\"item\":\"https:\/\/www.naturparkmagazin.de\/schwaebisch-fraenkischer-wald\/\"},{\"@type\":\"ListItem\",\"position\":2,\"name\":\"Naturpark\u2026erz\u00e4hlt! Sch\u00f6ne Wege, alte Kirchen und eine Turmh\u00fcgelburg\"}]},{\"@type\":\"WebSite\",\"@id\":\"https:\/\/www.naturparkmagazin.de\/schwaebisch-fraenkischer-wald\/#website\",\"url\":\"https:\/\/www.naturparkmagazin.de\/schwaebisch-fraenkischer-wald\/\",\"name\":\"Naturpark Schw\u00e4bisch-Fr\u00e4nkischer Wald\",\"description\":\"\",\"potentialAction\":[{\"@type\":\"SearchAction\",\"target\":{\"@type\":\"EntryPoint\",\"urlTemplate\":\"https:\/\/www.naturparkmagazin.de\/schwaebisch-fraenkischer-wald\/?s={search_term_string}\"},\"query-input\":\"required name=search_term_string\"}],\"inLanguage\":\"de\"},{\"@type\":\"Person\",\"@id\":\"https:\/\/www.naturparkmagazin.de\/schwaebisch-fraenkischer-wald\/#\/schema\/person\/f047a3702ae747fd7830cf8ac95e6066\",\"name\":\"Naturpark-Team\",\"sameAs\":[\"http:\/\/www.naturpark-sfw.de\",\"https:\/\/www.facebook.com\/naturparkSFW\"],\"url\":\"https:\/\/www.naturparkmagazin.de\/schwaebisch-fraenkischer-wald\/author\/bernharddrixler\/\"}]}<\/script>\n<!-- \/ Yoast SEO plugin. -->","yoast_head_json":{"title":"Naturpark\u2026erz\u00e4hlt! Sch\u00f6ne Wege, alte Kirchen und eine Turmh\u00fcgelburg - Naturpark Schw\u00e4bisch-Fr\u00e4nkischer Wald","robots":{"index":"index","follow":"follow","max-snippet":"max-snippet:-1","max-image-preview":"max-image-preview:large","max-video-preview":"max-video-preview:-1"},"canonical":"https:\/\/www.naturparkmagazin.de\/schwaebisch-fraenkischer-wald\/naturparkerzaehlt-schoene-wege-alte-kirchen-und-eine-turmhuegelburg\/","og_locale":"de_DE","og_type":"article","og_title":"Naturpark\u2026erz\u00e4hlt! Sch\u00f6ne Wege, alte Kirchen und eine Turmh\u00fcgelburg - Naturpark Schw\u00e4bisch-Fr\u00e4nkischer Wald","og_description":"16.06.: Tour mit Naturparkf\u00fchrerin Helene Angstenberger von Leinroden nach Neubronn","og_url":"https:\/\/www.naturparkmagazin.de\/schwaebisch-fraenkischer-wald\/naturparkerzaehlt-schoene-wege-alte-kirchen-und-eine-turmhuegelburg\/","og_site_name":"Naturpark Schw\u00e4bisch-Fr\u00e4nkischer Wald","article_author":"https:\/\/www.facebook.com\/naturparkSFW","article_published_time":"2019-05-16T12:03:01+00:00","article_modified_time":"2019-01-10T13:10:49+00:00","og_image":[{"width":200,"height":200,"url":"https:\/\/www.naturparkmagazin.de\/schwaebisch-fraenkischer-wald\/wp-content\/uploads\/sites\/34\/190616_NPaktiv_Angstenberger.Helene1.jpg","type":"image\/jpeg"}],"author":"Naturpark-Team","twitter_misc":{"Verfasst von":"Naturpark-Team","Gesch\u00e4tzte Lesezeit":"1\u00a0Minute"},"schema":{"@context":"https:\/\/schema.org","@graph":[{"@type":"WebPage","@id":"https:\/\/www.naturparkmagazin.de\/schwaebisch-fraenkischer-wald\/naturparkerzaehlt-schoene-wege-alte-kirchen-und-eine-turmhuegelburg\/","url":"https:\/\/www.naturparkmagazin.de\/schwaebisch-fraenkischer-wald\/naturparkerzaehlt-schoene-wege-alte-kirchen-und-eine-turmhuegelburg\/","name":"Naturpark\u2026erz\u00e4hlt! Sch\u00f6ne Wege, alte Kirchen und eine Turmh\u00fcgelburg - Naturpark Schw\u00e4bisch-Fr\u00e4nkischer Wald","isPartOf":{"@id":"https:\/\/www.naturparkmagazin.de\/schwaebisch-fraenkischer-wald\/#website"},"datePublished":"2019-05-16T12:03:01+00:00","dateModified":"2019-01-10T13:10:49+00:00","author":{"@id":"https:\/\/www.naturparkmagazin.de\/schwaebisch-fraenkischer-wald\/#\/schema\/person\/f047a3702ae747fd7830cf8ac95e6066"},"breadcrumb":{"@id":"https:\/\/www.naturparkmagazin.de\/schwaebisch-fraenkischer-wald\/naturparkerzaehlt-schoene-wege-alte-kirchen-und-eine-turmhuegelburg\/#breadcrumb"},"inLanguage":"de","potentialAction":[{"@type":"ReadAction","target":["https:\/\/www.naturparkmagazin.de\/schwaebisch-fraenkischer-wald\/naturparkerzaehlt-schoene-wege-alte-kirchen-und-eine-turmhuegelburg\/"]}]},{"@type":"BreadcrumbList","@id":"https:\/\/www.naturparkmagazin.de\/schwaebisch-fraenkischer-wald\/naturparkerzaehlt-schoene-wege-alte-kirchen-und-eine-turmhuegelburg\/#breadcrumb","itemListElement":[{"@type":"ListItem","position":1,"name":"Home","item":"https:\/\/www.naturparkmagazin.de\/schwaebisch-fraenkischer-wald\/"},{"@type":"ListItem","position":2,"name":"Naturpark\u2026erz\u00e4hlt! Sch\u00f6ne Wege, alte Kirchen und eine Turmh\u00fcgelburg"}]},{"@type":"WebSite","@id":"https:\/\/www.naturparkmagazin.de\/schwaebisch-fraenkischer-wald\/#website","url":"https:\/\/www.naturparkmagazin.de\/schwaebisch-fraenkischer-wald\/","name":"Naturpark Schw\u00e4bisch-Fr\u00e4nkischer Wald","description":"","potentialAction":[{"@type":"SearchAction","target":{"@type":"EntryPoint","urlTemplate":"https:\/\/www.naturparkmagazin.de\/schwaebisch-fraenkischer-wald\/?s={search_term_string}"},"query-input":"required name=search_term_string"}],"inLanguage":"de"},{"@type":"Person","@id":"https:\/\/www.naturparkmagazin.de\/schwaebisch-fraenkischer-wald\/#\/schema\/person\/f047a3702ae747fd7830cf8ac95e6066","name":"Naturpark-Team","sameAs":["http:\/\/www.naturpark-sfw.de","https:\/\/www.facebook.com\/naturparkSFW"],"url":"https:\/\/www.naturparkmagazin.de\/schwaebisch-fraenkischer-wald\/author\/bernharddrixler\/"}]}},"_links":{"self":[{"href":"https:\/\/www.naturparkmagazin.de\/schwaebisch-fraenkischer-wald\/wp-json\/wp\/v2\/posts\/7186"}],"collection":[{"href":"https:\/\/www.naturparkmagazin.de\/schwaebisch-fraenkischer-wald\/wp-json\/wp\/v2\/posts"}],"about":[{"href":"https:\/\/www.naturparkmagazin.de\/schwaebisch-fraenkischer-wald\/wp-json\/wp\/v2\/types\/post"}],"author":[{"embeddable":true,"href":"https:\/\/www.naturparkmagazin.de\/schwaebisch-fraenkischer-wald\/wp-json\/wp\/v2\/users\/25"}],"replies":[{"embeddable":true,"href":"https:\/\/www.naturparkmagazin.de\/schwaebisch-fraenkischer-wald\/wp-json\/wp\/v2\/comments?post=7186"}],"version-history":[{"count":4,"href":"https:\/\/www.naturparkmagazin.de\/schwaebisch-fraenkischer-wald\/wp-json\/wp\/v2\/posts\/7186\/revisions"}],"predecessor-version":[{"id":7192,"href":"https:\/\/www.naturparkmagazin.de\/schwaebisch-fraenkischer-wald\/wp-json\/wp\/v2\/posts\/7186\/revisions\/7192"}],"wp:featuredmedia":[{"embeddable":true,"href":"https:\/\/www.naturparkmagazin.de\/schwaebisch-fraenkischer-wald\/wp-json\/wp\/v2\/media\/7189"}],"wp:attachment":[{"href":"https:\/\/www.naturparkmagazin.de\/schwaebisch-fraenkischer-wald\/wp-json\/wp\/v2\/media?parent=7186"}],"wp:term":[{"taxonomy":"category","embeddable":true,"href":"https:\/\/www.naturparkmagazin.de\/schwaebisch-fraenkischer-wald\/wp-json\/wp\/v2\/categories?post=7186"},{"taxonomy":"post_tag","embeddable":true,"href":"https:\/\/www.naturparkmagazin.de\/schwaebisch-fraenkischer-wald\/wp-json\/wp\/v2\/tags?post=7186"}],"curies":[{"name":"wp","href":"https:\/\/api.w.org\/{rel}","templated":true}]}}