{"id":7268,"date":"2019-01-16T11:17:10","date_gmt":"2019-01-16T10:17:10","guid":{"rendered":"https:\/\/www.naturparkmagazin.de\/schwaebisch-fraenkischer-wald\/?p=7268"},"modified":"2019-01-16T07:54:46","modified_gmt":"2019-01-16T06:54:46","slug":"genuss-landschaft-direktvermarktung-20-jahre-naturparkteller","status":"publish","type":"post","link":"https:\/\/www.naturparkmagazin.de\/schwaebisch-fraenkischer-wald\/genuss-landschaft-direktvermarktung-20-jahre-naturparkteller\/","title":{"rendered":"Genuss. Landschaft. Dirketvermarktung. 20 Jahre Naturparkteller"},"content":{"rendered":"<p>&#8230;EIN SCHMACKHAFTES JUBIL\u00c4UM!<\/p>\n<div id=\"attachment_7269\" style=\"width: 310px\" class=\"wp-caption alignright\"><a href=\"https:\/\/www.naturparkmagazin.de\/schwaebisch-fraenkischer-wald\/wp-content\/uploads\/sites\/34\/19_NPSFW_NPT_Titelseite.jpg\"><img aria-describedby=\"caption-attachment-7269\" decoding=\"async\" loading=\"lazy\" class=\"size-full wp-image-7269\" src=\"https:\/\/www.naturparkmagazin.de\/schwaebisch-fraenkischer-wald\/wp-content\/uploads\/sites\/34\/19_NPSFW_NPT_Titelseite.jpg\" alt=\"GENUSS. LANDSCHAFT. DIREKTVERMARKTUNG. 20 JAHRE NATURPARKTELLER\" width=\"300\" height=\"500\" srcset=\"https:\/\/www.naturparkmagazin.de\/schwaebisch-fraenkischer-wald\/wp-content\/uploads\/sites\/34\/19_NPSFW_NPT_Titelseite.jpg 300w, https:\/\/www.naturparkmagazin.de\/schwaebisch-fraenkischer-wald\/wp-content\/uploads\/sites\/34\/19_NPSFW_NPT_Titelseite-200x333.jpg 200w\" sizes=\"(max-width: 300px) 100vw, 300px\" \/><\/a><p id=\"caption-attachment-7269\" class=\"wp-caption-text\">GENUSS. LANDSCHAFT. DIREKTVERMARKTUNG. 20 JAHRE NATURPARKTELLER<\/p><\/div>\n<p>Im Jahr 2000 ging es los mit den regionalen Gaumenfreuden im Naturpark Schw\u00e4bisch-Fr\u00e4nkischer Wald. An der Grundidee hat sich seitdem nicht viel ge\u00e4ndert: Gastronomen aus der Naturparkregion bieten ein Gericht an, das aus regional produzierten Zutaten besteht. Dazu gibt es einen leckeren Wein aus der Region oder ein anderes Getr\u00e4nk nach Wahl. Fertig ist das Erfolgsrezept!<\/p>\n<p>Hinter diesem an sich einfachen Konzept stecken nat\u00fcrlich viele pers\u00f6nliche Geschichten und Anekdoten der Gastronomen sowie Zeit, Engagement und die gro\u00dfe Liebe zum Kochen. Wir m\u00f6chten in dieser Jubil\u00e4umsbrosch\u00fcre ein paar Geheimnisse l\u00fcften und die Erfolgsrezepte verraten, die den Naturparkteller zu dem authentisch-kulinarischen Angebot machen, welches er ist.<\/p>\n<p>Lernen Sie z. B. unsere Gastronomen n\u00e4her kennen, die von Anfang an dabei sind oder kochen Sie deren \u201eErfolgsrezepte\u201c nach. Den einen oder anderen Tipp, wie Sie mit dem Kauf von regionalen Lebensmitteln zumindest die Welt vor Ihrer Haust\u00fcr ein St\u00fcckchen besser machen k\u00f6nnen, finden Sie ebenfalls auf den folgenden Seiten.<\/p>\n<p>Eines hat sich auch nach 20 Jahren nicht ge\u00e4ndert: die Abwechslung und Qualit\u00e4t, die Sie beim Genie\u00dfen des Naturparktellers schmecken d\u00fcrfen. Hierbei w\u00fcnschen wir Ihnen ebenso viel Freude wie beim Lesen der Brosch\u00fcre.<\/p>\n<p>Lassen Sie sich die Erfolgsrezepte munden!<\/p>\n<p>Die Brosch\u00fcre k\u00f6nnen Sie hier herunterladen und auch bestellen: <a href=\"http:\/\/www.naturpark-sfw.de\/informieren\/broschueren-bestellung\/\" target=\"_blank\">www.naturpark-sfw.de\/informieren\/broschueren-bestellung\/<\/a>\nAu\u00dferdem ist sie in allen <a href=\"https:\/\/www.naturpark-sfw.de\/der-naturpark\/vorstellung-naturpark-schwaebisch-fraenkischer-wald\/mitgliedskommunen\/\" target=\"_blank\">Naturparkkommunen<\/a> und bei den <a href=\"https:\/\/www.naturpark-sfw.de\/der-naturpark\/partner-des-naturparks\/\" target=\"_blank\">Touristikorganisationen<\/a> in der Naturparkregion kostenlos erh\u00e4ltlich.<\/p>\n","protected":false},"excerpt":{"rendered":"<p>Regionale Gaumenfreuden im Naturpark Schw\u00e4bisch-Fr\u00e4nkischer Wald<\/p>\n","protected":false},"author":25,"featured_media":7270,"comment_status":"open","ping_status":"open","sticky":false,"template":"","format":"standard","meta":[],"categories":[13],"tags":[1253],"yoast_head":"<!-- This site is optimized with the Yoast SEO plugin v19.10 - https:\/\/yoast.com\/wordpress\/plugins\/seo\/ -->\n<title>Genuss. Landschaft. Dirketvermarktung. 20 Jahre Naturparkteller - Naturpark Schw\u00e4bisch-Fr\u00e4nkischer Wald<\/title>\n<meta name=\"robots\" content=\"index, follow, max-snippet:-1, max-image-preview:large, max-video-preview:-1\" \/>\n<link rel=\"canonical\" href=\"https:\/\/www.naturparkmagazin.de\/schwaebisch-fraenkischer-wald\/genuss-landschaft-direktvermarktung-20-jahre-naturparkteller\/\" \/>\n<meta property=\"og:locale\" content=\"de_DE\" \/>\n<meta property=\"og:type\" content=\"article\" \/>\n<meta property=\"og:title\" content=\"Genuss. Landschaft. Dirketvermarktung. 20 Jahre Naturparkteller - Naturpark Schw\u00e4bisch-Fr\u00e4nkischer Wald\" \/>\n<meta property=\"og:description\" content=\"Regionale Gaumenfreuden im Naturpark Schw\u00e4bisch-Fr\u00e4nkischer Wald\" \/>\n<meta property=\"og:url\" content=\"https:\/\/www.naturparkmagazin.de\/schwaebisch-fraenkischer-wald\/genuss-landschaft-direktvermarktung-20-jahre-naturparkteller\/\" \/>\n<meta property=\"og:site_name\" content=\"Naturpark Schw\u00e4bisch-Fr\u00e4nkischer Wald\" \/>\n<meta property=\"article:author\" content=\"https:\/\/www.facebook.com\/naturparkSFW\" \/>\n<meta property=\"article:published_time\" content=\"2019-01-16T10:17:10+00:00\" \/>\n<meta property=\"article:modified_time\" content=\"2019-01-16T06:54:46+00:00\" \/>\n<meta property=\"og:image\" content=\"https:\/\/www.naturparkmagazin.de\/schwaebisch-fraenkischer-wald\/wp-content\/uploads\/sites\/34\/19_NPSFW_NPT_Titelseite1.jpg\" \/>\n\t<meta property=\"og:image:width\" content=\"200\" \/>\n\t<meta property=\"og:image:height\" content=\"200\" \/>\n\t<meta property=\"og:image:type\" content=\"image\/jpeg\" \/>\n<meta name=\"author\" content=\"Naturpark-Team\" \/>\n<meta name=\"twitter:label1\" content=\"Verfasst von\" \/>\n\t<meta name=\"twitter:data1\" content=\"Naturpark-Team\" \/>\n\t<meta name=\"twitter:label2\" content=\"Gesch\u00e4tzte Lesezeit\" \/>\n\t<meta name=\"twitter:data2\" content=\"1\u00a0Minute\" \/>\n<script type=\"application\/ld+json\" class=\"yoast-schema-graph\">{\"@context\":\"https:\/\/schema.org\",\"@graph\":[{\"@type\":\"WebPage\",\"@id\":\"https:\/\/www.naturparkmagazin.de\/schwaebisch-fraenkischer-wald\/genuss-landschaft-direktvermarktung-20-jahre-naturparkteller\/\",\"url\":\"https:\/\/www.naturparkmagazin.de\/schwaebisch-fraenkischer-wald\/genuss-landschaft-direktvermarktung-20-jahre-naturparkteller\/\",\"name\":\"Genuss. Landschaft. Dirketvermarktung. 20 Jahre Naturparkteller - Naturpark Schw\u00e4bisch-Fr\u00e4nkischer Wald\",\"isPartOf\":{\"@id\":\"https:\/\/www.naturparkmagazin.de\/schwaebisch-fraenkischer-wald\/#website\"},\"datePublished\":\"2019-01-16T10:17:10+00:00\",\"dateModified\":\"2019-01-16T06:54:46+00:00\",\"author\":{\"@id\":\"https:\/\/www.naturparkmagazin.de\/schwaebisch-fraenkischer-wald\/#\/schema\/person\/f047a3702ae747fd7830cf8ac95e6066\"},\"breadcrumb\":{\"@id\":\"https:\/\/www.naturparkmagazin.de\/schwaebisch-fraenkischer-wald\/genuss-landschaft-direktvermarktung-20-jahre-naturparkteller\/#breadcrumb\"},\"inLanguage\":\"de\",\"potentialAction\":[{\"@type\":\"ReadAction\",\"target\":[\"https:\/\/www.naturparkmagazin.de\/schwaebisch-fraenkischer-wald\/genuss-landschaft-direktvermarktung-20-jahre-naturparkteller\/\"]}]},{\"@type\":\"BreadcrumbList\",\"@id\":\"https:\/\/www.naturparkmagazin.de\/schwaebisch-fraenkischer-wald\/genuss-landschaft-direktvermarktung-20-jahre-naturparkteller\/#breadcrumb\",\"itemListElement\":[{\"@type\":\"ListItem\",\"position\":1,\"name\":\"Home\",\"item\":\"https:\/\/www.naturparkmagazin.de\/schwaebisch-fraenkischer-wald\/\"},{\"@type\":\"ListItem\",\"position\":2,\"name\":\"Genuss. Landschaft. Dirketvermarktung. 20 Jahre Naturparkteller\"}]},{\"@type\":\"WebSite\",\"@id\":\"https:\/\/www.naturparkmagazin.de\/schwaebisch-fraenkischer-wald\/#website\",\"url\":\"https:\/\/www.naturparkmagazin.de\/schwaebisch-fraenkischer-wald\/\",\"name\":\"Naturpark Schw\u00e4bisch-Fr\u00e4nkischer Wald\",\"description\":\"\",\"potentialAction\":[{\"@type\":\"SearchAction\",\"target\":{\"@type\":\"EntryPoint\",\"urlTemplate\":\"https:\/\/www.naturparkmagazin.de\/schwaebisch-fraenkischer-wald\/?s={search_term_string}\"},\"query-input\":\"required name=search_term_string\"}],\"inLanguage\":\"de\"},{\"@type\":\"Person\",\"@id\":\"https:\/\/www.naturparkmagazin.de\/schwaebisch-fraenkischer-wald\/#\/schema\/person\/f047a3702ae747fd7830cf8ac95e6066\",\"name\":\"Naturpark-Team\",\"sameAs\":[\"http:\/\/www.naturpark-sfw.de\",\"https:\/\/www.facebook.com\/naturparkSFW\"],\"url\":\"https:\/\/www.naturparkmagazin.de\/schwaebisch-fraenkischer-wald\/author\/bernharddrixler\/\"}]}<\/script>\n<!-- \/ Yoast SEO plugin. -->","yoast_head_json":{"title":"Genuss. Landschaft. Dirketvermarktung. 20 Jahre Naturparkteller - Naturpark Schw\u00e4bisch-Fr\u00e4nkischer Wald","robots":{"index":"index","follow":"follow","max-snippet":"max-snippet:-1","max-image-preview":"max-image-preview:large","max-video-preview":"max-video-preview:-1"},"canonical":"https:\/\/www.naturparkmagazin.de\/schwaebisch-fraenkischer-wald\/genuss-landschaft-direktvermarktung-20-jahre-naturparkteller\/","og_locale":"de_DE","og_type":"article","og_title":"Genuss. Landschaft. Dirketvermarktung. 20 Jahre Naturparkteller - Naturpark Schw\u00e4bisch-Fr\u00e4nkischer Wald","og_description":"Regionale Gaumenfreuden im Naturpark Schw\u00e4bisch-Fr\u00e4nkischer Wald","og_url":"https:\/\/www.naturparkmagazin.de\/schwaebisch-fraenkischer-wald\/genuss-landschaft-direktvermarktung-20-jahre-naturparkteller\/","og_site_name":"Naturpark Schw\u00e4bisch-Fr\u00e4nkischer Wald","article_author":"https:\/\/www.facebook.com\/naturparkSFW","article_published_time":"2019-01-16T10:17:10+00:00","article_modified_time":"2019-01-16T06:54:46+00:00","og_image":[{"width":200,"height":200,"url":"https:\/\/www.naturparkmagazin.de\/schwaebisch-fraenkischer-wald\/wp-content\/uploads\/sites\/34\/19_NPSFW_NPT_Titelseite1.jpg","type":"image\/jpeg"}],"author":"Naturpark-Team","twitter_misc":{"Verfasst von":"Naturpark-Team","Gesch\u00e4tzte Lesezeit":"1\u00a0Minute"},"schema":{"@context":"https:\/\/schema.org","@graph":[{"@type":"WebPage","@id":"https:\/\/www.naturparkmagazin.de\/schwaebisch-fraenkischer-wald\/genuss-landschaft-direktvermarktung-20-jahre-naturparkteller\/","url":"https:\/\/www.naturparkmagazin.de\/schwaebisch-fraenkischer-wald\/genuss-landschaft-direktvermarktung-20-jahre-naturparkteller\/","name":"Genuss. Landschaft. Dirketvermarktung. 20 Jahre Naturparkteller - Naturpark Schw\u00e4bisch-Fr\u00e4nkischer Wald","isPartOf":{"@id":"https:\/\/www.naturparkmagazin.de\/schwaebisch-fraenkischer-wald\/#website"},"datePublished":"2019-01-16T10:17:10+00:00","dateModified":"2019-01-16T06:54:46+00:00","author":{"@id":"https:\/\/www.naturparkmagazin.de\/schwaebisch-fraenkischer-wald\/#\/schema\/person\/f047a3702ae747fd7830cf8ac95e6066"},"breadcrumb":{"@id":"https:\/\/www.naturparkmagazin.de\/schwaebisch-fraenkischer-wald\/genuss-landschaft-direktvermarktung-20-jahre-naturparkteller\/#breadcrumb"},"inLanguage":"de","potentialAction":[{"@type":"ReadAction","target":["https:\/\/www.naturparkmagazin.de\/schwaebisch-fraenkischer-wald\/genuss-landschaft-direktvermarktung-20-jahre-naturparkteller\/"]}]},{"@type":"BreadcrumbList","@id":"https:\/\/www.naturparkmagazin.de\/schwaebisch-fraenkischer-wald\/genuss-landschaft-direktvermarktung-20-jahre-naturparkteller\/#breadcrumb","itemListElement":[{"@type":"ListItem","position":1,"name":"Home","item":"https:\/\/www.naturparkmagazin.de\/schwaebisch-fraenkischer-wald\/"},{"@type":"ListItem","position":2,"name":"Genuss. Landschaft. Dirketvermarktung. 20 Jahre Naturparkteller"}]},{"@type":"WebSite","@id":"https:\/\/www.naturparkmagazin.de\/schwaebisch-fraenkischer-wald\/#website","url":"https:\/\/www.naturparkmagazin.de\/schwaebisch-fraenkischer-wald\/","name":"Naturpark Schw\u00e4bisch-Fr\u00e4nkischer Wald","description":"","potentialAction":[{"@type":"SearchAction","target":{"@type":"EntryPoint","urlTemplate":"https:\/\/www.naturparkmagazin.de\/schwaebisch-fraenkischer-wald\/?s={search_term_string}"},"query-input":"required name=search_term_string"}],"inLanguage":"de"},{"@type":"Person","@id":"https:\/\/www.naturparkmagazin.de\/schwaebisch-fraenkischer-wald\/#\/schema\/person\/f047a3702ae747fd7830cf8ac95e6066","name":"Naturpark-Team","sameAs":["http:\/\/www.naturpark-sfw.de","https:\/\/www.facebook.com\/naturparkSFW"],"url":"https:\/\/www.naturparkmagazin.de\/schwaebisch-fraenkischer-wald\/author\/bernharddrixler\/"}]}},"_links":{"self":[{"href":"https:\/\/www.naturparkmagazin.de\/schwaebisch-fraenkischer-wald\/wp-json\/wp\/v2\/posts\/7268"}],"collection":[{"href":"https:\/\/www.naturparkmagazin.de\/schwaebisch-fraenkischer-wald\/wp-json\/wp\/v2\/posts"}],"about":[{"href":"https:\/\/www.naturparkmagazin.de\/schwaebisch-fraenkischer-wald\/wp-json\/wp\/v2\/types\/post"}],"author":[{"embeddable":true,"href":"https:\/\/www.naturparkmagazin.de\/schwaebisch-fraenkischer-wald\/wp-json\/wp\/v2\/users\/25"}],"replies":[{"embeddable":true,"href":"https:\/\/www.naturparkmagazin.de\/schwaebisch-fraenkischer-wald\/wp-json\/wp\/v2\/comments?post=7268"}],"version-history":[{"count":5,"href":"https:\/\/www.naturparkmagazin.de\/schwaebisch-fraenkischer-wald\/wp-json\/wp\/v2\/posts\/7268\/revisions"}],"predecessor-version":[{"id":7315,"href":"https:\/\/www.naturparkmagazin.de\/schwaebisch-fraenkischer-wald\/wp-json\/wp\/v2\/posts\/7268\/revisions\/7315"}],"wp:featuredmedia":[{"embeddable":true,"href":"https:\/\/www.naturparkmagazin.de\/schwaebisch-fraenkischer-wald\/wp-json\/wp\/v2\/media\/7270"}],"wp:attachment":[{"href":"https:\/\/www.naturparkmagazin.de\/schwaebisch-fraenkischer-wald\/wp-json\/wp\/v2\/media?parent=7268"}],"wp:term":[{"taxonomy":"category","embeddable":true,"href":"https:\/\/www.naturparkmagazin.de\/schwaebisch-fraenkischer-wald\/wp-json\/wp\/v2\/categories?post=7268"},{"taxonomy":"post_tag","embeddable":true,"href":"https:\/\/www.naturparkmagazin.de\/schwaebisch-fraenkischer-wald\/wp-json\/wp\/v2\/tags?post=7268"}],"curies":[{"name":"wp","href":"https:\/\/api.w.org\/{rel}","templated":true}]}}