{"id":746,"date":"2014-04-17T20:00:13","date_gmt":"2014-04-17T18:00:13","guid":{"rendered":"http:\/\/www.naturparkmagazin.de\/schwaebisch-fraenkischer-wald\/?p=746"},"modified":"2014-04-23T20:36:43","modified_gmt":"2014-04-23T18:36:43","slug":"naturerlebniscamp-in-wuestenrot-wellingtonienplatz-mai-2014","status":"publish","type":"post","link":"https:\/\/www.naturparkmagazin.de\/schwaebisch-fraenkischer-wald\/naturerlebniscamp-in-wuestenrot-wellingtonienplatz-mai-2014\/","title":{"rendered":"Natur-Erlebniscamp in W\u00fcstenrot am 29. Mai 2014"},"content":{"rendered":"<p>Das letzte Natur-Erlebniscamp am 13. April in W\u00fcstenrot war ein voller Erfolg. Bei Sackh\u00fcpfen, oder Bogenschie\u00dfen, bei einem Orientierungslauf, oder Tierweitsprung, hier war f\u00fcr jeden etwas dabei! Das haben Sie verpasst? Keine Sorge! Schon bald findet das n\u00e4chste Natur-Erlebniscamp in W\u00fcstenrot statt. Wir w\u00fcnschen Ihnen schon jetzt einen unvergesslichen Tag im Naturpark Schw\u00e4bisch-Fr\u00e4nkischer Wald.<\/p>\n<p>&nbsp;<\/p>\n<p><strong>Donnerstag,29. Mai 2014 (Himmelfahrt)<\/strong><\/p>\n<p>Alte Waldgewerbe am Wellingtonienplatz<\/p>\n<p>Barrierefrei Erwandern \u2013 Entdecken \u2013 Erleben<\/p>\n<p>Bei diesem Thementag gilt es, selbstst\u00e4ndig einen markierten Rundkurs im Bereich des Wellingtonienplatzes zu erwandern. Unterwegs gibt es viele spannende Mitmachstationen zu entdecken. Dort k\u00f6nnen die Besucher die alten Waldgewerbe, die \u00fcber viele Jahrhunderte die Lebensgrundlage der Menschen im Schw\u00e4bisch- Fr\u00e4nkischen Wald darstellten, aktiv erleben.<\/p>\n<p>Unter anderem trifft man Glasmacher und Harzer, Kl\u00e4mmerlesmacher und K\u00f6hler beim Veredeln unterschiedlicher Rohstoffe aus der Natur. Forst- und Holzknechte zeigen Ihre beschwerliche Arbeit im Wald: vom Baumf\u00e4llen bis zum Holztransport. Historische Jagd, Imkerei und Waldweide als Grundlage der Ern\u00e4hrung werden ebenso wie die Reisig- und Streunutzung praxisnah demonstriert. Auf einer gef\u00fchrten Wanderung zum Silberstollen erf\u00e4hrt man vieles zum historischen Bergbau im Gebiet.<\/p>\n<p>Am Ende des Tages werden alle um viele Erlebnisse und Informationen reicher und mit manch sch\u00f6nem selbst gemachtem Erinnerungsst\u00fcck nach Hause gehen.<a href=\"https:\/\/www.naturparkmagazin.de\/schwaebisch-fraenkischer-wald\/wp-content\/uploads\/sites\/34\/130414_NEC_Waldolympiade_Kathi-491.jpg\"><img decoding=\"async\" loading=\"lazy\" class=\"alignright size-thumbnail wp-image-666\" alt=\"Copyright: Naturpark Schw\u00e4bisch-Fr\u00e4nkischer Wald\" src=\"https:\/\/www.naturparkmagazin.de\/schwaebisch-fraenkischer-wald\/wp-content\/uploads\/sites\/34\/130414_NEC_Waldolympiade_Kathi-491-300x225.jpg\" width=\"300\" height=\"225\" srcset=\"https:\/\/www.naturparkmagazin.de\/schwaebisch-fraenkischer-wald\/wp-content\/uploads\/sites\/34\/130414_NEC_Waldolympiade_Kathi-491-300x225.jpg 300w, https:\/\/www.naturparkmagazin.de\/schwaebisch-fraenkischer-wald\/wp-content\/uploads\/sites\/34\/130414_NEC_Waldolympiade_Kathi-491-620x465.jpg 620w, https:\/\/www.naturparkmagazin.de\/schwaebisch-fraenkischer-wald\/wp-content\/uploads\/sites\/34\/130414_NEC_Waldolympiade_Kathi-491-940x705.jpg 940w, https:\/\/www.naturparkmagazin.de\/schwaebisch-fraenkischer-wald\/wp-content\/uploads\/sites\/34\/130414_NEC_Waldolympiade_Kathi-491-580x435.jpg 580w, https:\/\/www.naturparkmagazin.de\/schwaebisch-fraenkischer-wald\/wp-content\/uploads\/sites\/34\/130414_NEC_Waldolympiade_Kathi-491-420x315.jpg 420w, https:\/\/www.naturparkmagazin.de\/schwaebisch-fraenkischer-wald\/wp-content\/uploads\/sites\/34\/130414_NEC_Waldolympiade_Kathi-491-180x135.jpg 180w, https:\/\/www.naturparkmagazin.de\/schwaebisch-fraenkischer-wald\/wp-content\/uploads\/sites\/34\/130414_NEC_Waldolympiade_Kathi-491-95x71.jpg 95w, https:\/\/www.naturparkmagazin.de\/schwaebisch-fraenkischer-wald\/wp-content\/uploads\/sites\/34\/130414_NEC_Waldolympiade_Kathi-491-670x503.jpg 670w, https:\/\/www.naturparkmagazin.de\/schwaebisch-fraenkischer-wald\/wp-content\/uploads\/sites\/34\/130414_NEC_Waldolympiade_Kathi-491-200x150.jpg 200w, https:\/\/www.naturparkmagazin.de\/schwaebisch-fraenkischer-wald\/wp-content\/uploads\/sites\/34\/130414_NEC_Waldolympiade_Kathi-491.jpg 1333w\" sizes=\"(max-width: 300px) 100vw, 300px\" \/><\/a><\/p>\n<p>&nbsp;<\/p>\n<p>Streckenl\u00e4nge: ca. 3,5 km<\/p>\n<p>Am Wellingtonienplatz ist f\u00fcr die Bewirtung mit regionalen Spezialit\u00e4ten gesorgt.<\/p>\n<p>Parkm\u00f6glichkeiten f\u00fcr Rollstuhlfahrer sind ausgeschildert. Eine barrierefreie Toilette ist vorhanden. Der gesamte Rundkurs bewegt sich auf breiten geschotterten Waldwegen mit geringen H\u00f6henunterschieden und ist damit kinderwagen- und rollstuhltauglich.<\/p>\n<p>Ein \u00dcbersichtsplan mit allen Stationen liegt am Info-Stand der Gemeinde aus.<\/p>\n<p><strong>Ort: W\u00fcstenrot, Wellingtonienplatz<\/strong><\/p>\n<p><strong>Uhrzeit: 13-18 Uhr<\/strong><\/p>\n<p><strong>Startzeit \u201eBergbautour Silberstollen\u201c: 13 und 15.30 Uhr, Treffpunkt Info-Stand Gemeinde (nicht barrierefrei)<\/strong><\/p>\n","protected":false},"excerpt":{"rendered":"<p>Das letzte Natur-Erlebniscamp am 13. April in W\u00fcstenrot war ein voller Erfolg. Bei Sackh\u00fcpfen, oder Bogenschie\u00dfen, bei einem Orientierungslauf, oder Tierweitsprung, hier war f\u00fcr jeden etwas dabei! Das haben Sie verpasst? Keine Sorge! Schon bald findet das n\u00e4chste Natur-Erlebniscamp in W\u00fcstenrot statt. Wir w\u00fcnschen Ihnen schon jetzt einen unvergesslichen Tag im Naturpark Schw\u00e4bisch-Fr\u00e4nkischer Wald.<\/p>\n","protected":false},"author":25,"featured_media":675,"comment_status":"open","ping_status":"open","sticky":false,"template":"","format":"standard","meta":[],"categories":[11],"tags":[],"yoast_head":"<!-- This site is optimized with the Yoast SEO plugin v19.10 - https:\/\/yoast.com\/wordpress\/plugins\/seo\/ -->\n<title>Natur-Erlebniscamp in W\u00fcstenrot am 29. Mai 2014 - Naturpark Schw\u00e4bisch-Fr\u00e4nkischer Wald<\/title>\n<meta name=\"robots\" content=\"index, follow, max-snippet:-1, max-image-preview:large, max-video-preview:-1\" \/>\n<link rel=\"canonical\" href=\"https:\/\/www.naturparkmagazin.de\/schwaebisch-fraenkischer-wald\/naturerlebniscamp-in-wuestenrot-wellingtonienplatz-mai-2014\/\" \/>\n<meta property=\"og:locale\" content=\"de_DE\" \/>\n<meta property=\"og:type\" content=\"article\" \/>\n<meta property=\"og:title\" content=\"Natur-Erlebniscamp in W\u00fcstenrot am 29. Mai 2014 - Naturpark Schw\u00e4bisch-Fr\u00e4nkischer Wald\" \/>\n<meta property=\"og:description\" content=\"Das letzte Natur-Erlebniscamp am 13. April in W\u00fcstenrot war ein voller Erfolg. Bei Sackh\u00fcpfen, oder Bogenschie\u00dfen, bei einem Orientierungslauf, oder Tierweitsprung, hier war f\u00fcr jeden etwas dabei! Das haben Sie verpasst? Keine Sorge! Schon bald findet das n\u00e4chste Natur-Erlebniscamp in W\u00fcstenrot statt. Wir w\u00fcnschen Ihnen schon jetzt einen unvergesslichen Tag im Naturpark Schw\u00e4bisch-Fr\u00e4nkischer Wald.\" \/>\n<meta property=\"og:url\" content=\"https:\/\/www.naturparkmagazin.de\/schwaebisch-fraenkischer-wald\/naturerlebniscamp-in-wuestenrot-wellingtonienplatz-mai-2014\/\" \/>\n<meta property=\"og:site_name\" content=\"Naturpark Schw\u00e4bisch-Fr\u00e4nkischer Wald\" \/>\n<meta property=\"article:author\" content=\"https:\/\/www.facebook.com\/naturparkSFW\" \/>\n<meta property=\"article:published_time\" content=\"2014-04-17T18:00:13+00:00\" \/>\n<meta property=\"article:modified_time\" content=\"2014-04-23T18:36:43+00:00\" \/>\n<meta property=\"og:image\" content=\"https:\/\/www.naturparkmagazin.de\/schwaebisch-fraenkischer-wald\/wp-content\/uploads\/sites\/34\/allgemein-2.jpg\" \/>\n\t<meta property=\"og:image:width\" content=\"3600\" \/>\n\t<meta property=\"og:image:height\" content=\"2400\" \/>\n\t<meta property=\"og:image:type\" content=\"image\/jpeg\" \/>\n<meta name=\"author\" content=\"Naturpark-Team\" \/>\n<meta name=\"twitter:label1\" content=\"Verfasst von\" \/>\n\t<meta name=\"twitter:data1\" content=\"Naturpark-Team\" \/>\n\t<meta name=\"twitter:label2\" content=\"Gesch\u00e4tzte Lesezeit\" \/>\n\t<meta name=\"twitter:data2\" content=\"1\u00a0Minute\" \/>\n<script type=\"application\/ld+json\" class=\"yoast-schema-graph\">{\"@context\":\"https:\/\/schema.org\",\"@graph\":[{\"@type\":\"WebPage\",\"@id\":\"https:\/\/www.naturparkmagazin.de\/schwaebisch-fraenkischer-wald\/naturerlebniscamp-in-wuestenrot-wellingtonienplatz-mai-2014\/\",\"url\":\"https:\/\/www.naturparkmagazin.de\/schwaebisch-fraenkischer-wald\/naturerlebniscamp-in-wuestenrot-wellingtonienplatz-mai-2014\/\",\"name\":\"Natur-Erlebniscamp in W\u00fcstenrot am 29. Mai 2014 - Naturpark Schw\u00e4bisch-Fr\u00e4nkischer Wald\",\"isPartOf\":{\"@id\":\"https:\/\/www.naturparkmagazin.de\/schwaebisch-fraenkischer-wald\/#website\"},\"datePublished\":\"2014-04-17T18:00:13+00:00\",\"dateModified\":\"2014-04-23T18:36:43+00:00\",\"author\":{\"@id\":\"https:\/\/www.naturparkmagazin.de\/schwaebisch-fraenkischer-wald\/#\/schema\/person\/f047a3702ae747fd7830cf8ac95e6066\"},\"breadcrumb\":{\"@id\":\"https:\/\/www.naturparkmagazin.de\/schwaebisch-fraenkischer-wald\/naturerlebniscamp-in-wuestenrot-wellingtonienplatz-mai-2014\/#breadcrumb\"},\"inLanguage\":\"de\",\"potentialAction\":[{\"@type\":\"ReadAction\",\"target\":[\"https:\/\/www.naturparkmagazin.de\/schwaebisch-fraenkischer-wald\/naturerlebniscamp-in-wuestenrot-wellingtonienplatz-mai-2014\/\"]}]},{\"@type\":\"BreadcrumbList\",\"@id\":\"https:\/\/www.naturparkmagazin.de\/schwaebisch-fraenkischer-wald\/naturerlebniscamp-in-wuestenrot-wellingtonienplatz-mai-2014\/#breadcrumb\",\"itemListElement\":[{\"@type\":\"ListItem\",\"position\":1,\"name\":\"Home\",\"item\":\"https:\/\/www.naturparkmagazin.de\/schwaebisch-fraenkischer-wald\/\"},{\"@type\":\"ListItem\",\"position\":2,\"name\":\"Natur-Erlebniscamp in W\u00fcstenrot am 29. Mai 2014\"}]},{\"@type\":\"WebSite\",\"@id\":\"https:\/\/www.naturparkmagazin.de\/schwaebisch-fraenkischer-wald\/#website\",\"url\":\"https:\/\/www.naturparkmagazin.de\/schwaebisch-fraenkischer-wald\/\",\"name\":\"Naturpark Schw\u00e4bisch-Fr\u00e4nkischer Wald\",\"description\":\"\",\"potentialAction\":[{\"@type\":\"SearchAction\",\"target\":{\"@type\":\"EntryPoint\",\"urlTemplate\":\"https:\/\/www.naturparkmagazin.de\/schwaebisch-fraenkischer-wald\/?s={search_term_string}\"},\"query-input\":\"required name=search_term_string\"}],\"inLanguage\":\"de\"},{\"@type\":\"Person\",\"@id\":\"https:\/\/www.naturparkmagazin.de\/schwaebisch-fraenkischer-wald\/#\/schema\/person\/f047a3702ae747fd7830cf8ac95e6066\",\"name\":\"Naturpark-Team\",\"sameAs\":[\"http:\/\/www.naturpark-sfw.de\",\"https:\/\/www.facebook.com\/naturparkSFW\"],\"url\":\"https:\/\/www.naturparkmagazin.de\/schwaebisch-fraenkischer-wald\/author\/bernharddrixler\/\"}]}<\/script>\n<!-- \/ Yoast SEO plugin. -->","yoast_head_json":{"title":"Natur-Erlebniscamp in W\u00fcstenrot am 29. Mai 2014 - Naturpark Schw\u00e4bisch-Fr\u00e4nkischer Wald","robots":{"index":"index","follow":"follow","max-snippet":"max-snippet:-1","max-image-preview":"max-image-preview:large","max-video-preview":"max-video-preview:-1"},"canonical":"https:\/\/www.naturparkmagazin.de\/schwaebisch-fraenkischer-wald\/naturerlebniscamp-in-wuestenrot-wellingtonienplatz-mai-2014\/","og_locale":"de_DE","og_type":"article","og_title":"Natur-Erlebniscamp in W\u00fcstenrot am 29. Mai 2014 - Naturpark Schw\u00e4bisch-Fr\u00e4nkischer Wald","og_description":"Das letzte Natur-Erlebniscamp am 13. April in W\u00fcstenrot war ein voller Erfolg. Bei Sackh\u00fcpfen, oder Bogenschie\u00dfen, bei einem Orientierungslauf, oder Tierweitsprung, hier war f\u00fcr jeden etwas dabei! Das haben Sie verpasst? Keine Sorge! Schon bald findet das n\u00e4chste Natur-Erlebniscamp in W\u00fcstenrot statt. Wir w\u00fcnschen Ihnen schon jetzt einen unvergesslichen Tag im Naturpark Schw\u00e4bisch-Fr\u00e4nkischer Wald.","og_url":"https:\/\/www.naturparkmagazin.de\/schwaebisch-fraenkischer-wald\/naturerlebniscamp-in-wuestenrot-wellingtonienplatz-mai-2014\/","og_site_name":"Naturpark Schw\u00e4bisch-Fr\u00e4nkischer Wald","article_author":"https:\/\/www.facebook.com\/naturparkSFW","article_published_time":"2014-04-17T18:00:13+00:00","article_modified_time":"2014-04-23T18:36:43+00:00","og_image":[{"width":3600,"height":2400,"url":"https:\/\/www.naturparkmagazin.de\/schwaebisch-fraenkischer-wald\/wp-content\/uploads\/sites\/34\/allgemein-2.jpg","type":"image\/jpeg"}],"author":"Naturpark-Team","twitter_misc":{"Verfasst von":"Naturpark-Team","Gesch\u00e4tzte Lesezeit":"1\u00a0Minute"},"schema":{"@context":"https:\/\/schema.org","@graph":[{"@type":"WebPage","@id":"https:\/\/www.naturparkmagazin.de\/schwaebisch-fraenkischer-wald\/naturerlebniscamp-in-wuestenrot-wellingtonienplatz-mai-2014\/","url":"https:\/\/www.naturparkmagazin.de\/schwaebisch-fraenkischer-wald\/naturerlebniscamp-in-wuestenrot-wellingtonienplatz-mai-2014\/","name":"Natur-Erlebniscamp in W\u00fcstenrot am 29. Mai 2014 - Naturpark Schw\u00e4bisch-Fr\u00e4nkischer Wald","isPartOf":{"@id":"https:\/\/www.naturparkmagazin.de\/schwaebisch-fraenkischer-wald\/#website"},"datePublished":"2014-04-17T18:00:13+00:00","dateModified":"2014-04-23T18:36:43+00:00","author":{"@id":"https:\/\/www.naturparkmagazin.de\/schwaebisch-fraenkischer-wald\/#\/schema\/person\/f047a3702ae747fd7830cf8ac95e6066"},"breadcrumb":{"@id":"https:\/\/www.naturparkmagazin.de\/schwaebisch-fraenkischer-wald\/naturerlebniscamp-in-wuestenrot-wellingtonienplatz-mai-2014\/#breadcrumb"},"inLanguage":"de","potentialAction":[{"@type":"ReadAction","target":["https:\/\/www.naturparkmagazin.de\/schwaebisch-fraenkischer-wald\/naturerlebniscamp-in-wuestenrot-wellingtonienplatz-mai-2014\/"]}]},{"@type":"BreadcrumbList","@id":"https:\/\/www.naturparkmagazin.de\/schwaebisch-fraenkischer-wald\/naturerlebniscamp-in-wuestenrot-wellingtonienplatz-mai-2014\/#breadcrumb","itemListElement":[{"@type":"ListItem","position":1,"name":"Home","item":"https:\/\/www.naturparkmagazin.de\/schwaebisch-fraenkischer-wald\/"},{"@type":"ListItem","position":2,"name":"Natur-Erlebniscamp in W\u00fcstenrot am 29. Mai 2014"}]},{"@type":"WebSite","@id":"https:\/\/www.naturparkmagazin.de\/schwaebisch-fraenkischer-wald\/#website","url":"https:\/\/www.naturparkmagazin.de\/schwaebisch-fraenkischer-wald\/","name":"Naturpark Schw\u00e4bisch-Fr\u00e4nkischer Wald","description":"","potentialAction":[{"@type":"SearchAction","target":{"@type":"EntryPoint","urlTemplate":"https:\/\/www.naturparkmagazin.de\/schwaebisch-fraenkischer-wald\/?s={search_term_string}"},"query-input":"required name=search_term_string"}],"inLanguage":"de"},{"@type":"Person","@id":"https:\/\/www.naturparkmagazin.de\/schwaebisch-fraenkischer-wald\/#\/schema\/person\/f047a3702ae747fd7830cf8ac95e6066","name":"Naturpark-Team","sameAs":["http:\/\/www.naturpark-sfw.de","https:\/\/www.facebook.com\/naturparkSFW"],"url":"https:\/\/www.naturparkmagazin.de\/schwaebisch-fraenkischer-wald\/author\/bernharddrixler\/"}]}},"_links":{"self":[{"href":"https:\/\/www.naturparkmagazin.de\/schwaebisch-fraenkischer-wald\/wp-json\/wp\/v2\/posts\/746"}],"collection":[{"href":"https:\/\/www.naturparkmagazin.de\/schwaebisch-fraenkischer-wald\/wp-json\/wp\/v2\/posts"}],"about":[{"href":"https:\/\/www.naturparkmagazin.de\/schwaebisch-fraenkischer-wald\/wp-json\/wp\/v2\/types\/post"}],"author":[{"embeddable":true,"href":"https:\/\/www.naturparkmagazin.de\/schwaebisch-fraenkischer-wald\/wp-json\/wp\/v2\/users\/25"}],"replies":[{"embeddable":true,"href":"https:\/\/www.naturparkmagazin.de\/schwaebisch-fraenkischer-wald\/wp-json\/wp\/v2\/comments?post=746"}],"version-history":[{"count":3,"href":"https:\/\/www.naturparkmagazin.de\/schwaebisch-fraenkischer-wald\/wp-json\/wp\/v2\/posts\/746\/revisions"}],"predecessor-version":[{"id":749,"href":"https:\/\/www.naturparkmagazin.de\/schwaebisch-fraenkischer-wald\/wp-json\/wp\/v2\/posts\/746\/revisions\/749"}],"wp:featuredmedia":[{"embeddable":true,"href":"https:\/\/www.naturparkmagazin.de\/schwaebisch-fraenkischer-wald\/wp-json\/wp\/v2\/media\/675"}],"wp:attachment":[{"href":"https:\/\/www.naturparkmagazin.de\/schwaebisch-fraenkischer-wald\/wp-json\/wp\/v2\/media?parent=746"}],"wp:term":[{"taxonomy":"category","embeddable":true,"href":"https:\/\/www.naturparkmagazin.de\/schwaebisch-fraenkischer-wald\/wp-json\/wp\/v2\/categories?post=746"},{"taxonomy":"post_tag","embeddable":true,"href":"https:\/\/www.naturparkmagazin.de\/schwaebisch-fraenkischer-wald\/wp-json\/wp\/v2\/tags?post=746"}],"curies":[{"name":"wp","href":"https:\/\/api.w.org\/{rel}","templated":true}]}}