{"id":750,"date":"2014-04-17T20:05:02","date_gmt":"2014-04-17T18:05:02","guid":{"rendered":"http:\/\/www.naturparkmagazin.de\/schwaebisch-fraenkischer-wald\/?p=750"},"modified":"2014-04-23T20:37:12","modified_gmt":"2014-04-23T18:37:12","slug":"naturschutztag-am-25-mai","status":"publish","type":"post","link":"https:\/\/www.naturparkmagazin.de\/schwaebisch-fraenkischer-wald\/naturschutztag-am-25-mai\/","title":{"rendered":"Naturschutztag am 25. Mai"},"content":{"rendered":"<p>Streuobstwiesen und Wald, Klingen, Grotten und Schluchten, Gew\u00e4sser und Wiesent\u00e4ler &#8211; die Landschaften des Naturparks Schw\u00e4bisch-Fr\u00e4nkischer Wald zeichnen sich durch ihre Vielfalt und Einzigartigkeit aus. Umso bedeutsamer ist es, diese vielseitigen Lebensr\u00e4ume zu erhalten und zu sch\u00fctzen. Naturschutz hautnah und mit allen Sinnen erleben k\u00f6nnen Sie am 25.5.2014 beim Naturschutztag im Naturpark Schw\u00e4bisch-Fr\u00e4nkischer Wald.<a href=\"https:\/\/www.naturparkmagazin.de\/schwaebisch-fraenkischer-wald\/wp-content\/uploads\/sites\/34\/140504_Rombach.jpg\"><img decoding=\"async\" loading=\"lazy\" class=\"alignright size-thumbnail wp-image-682\" alt=\"Copyright: Naturpark Schw\u00e4bisch-Fr\u00e4nkischer Wald\" src=\"https:\/\/www.naturparkmagazin.de\/schwaebisch-fraenkischer-wald\/wp-content\/uploads\/sites\/34\/140504_Rombach-300x225.jpg\" width=\"300\" height=\"225\" srcset=\"https:\/\/www.naturparkmagazin.de\/schwaebisch-fraenkischer-wald\/wp-content\/uploads\/sites\/34\/140504_Rombach-300x225.jpg 300w, https:\/\/www.naturparkmagazin.de\/schwaebisch-fraenkischer-wald\/wp-content\/uploads\/sites\/34\/140504_Rombach-620x465.jpg 620w, https:\/\/www.naturparkmagazin.de\/schwaebisch-fraenkischer-wald\/wp-content\/uploads\/sites\/34\/140504_Rombach-940x705.jpg 940w, https:\/\/www.naturparkmagazin.de\/schwaebisch-fraenkischer-wald\/wp-content\/uploads\/sites\/34\/140504_Rombach-580x435.jpg 580w, https:\/\/www.naturparkmagazin.de\/schwaebisch-fraenkischer-wald\/wp-content\/uploads\/sites\/34\/140504_Rombach-420x315.jpg 420w, https:\/\/www.naturparkmagazin.de\/schwaebisch-fraenkischer-wald\/wp-content\/uploads\/sites\/34\/140504_Rombach-180x135.jpg 180w, https:\/\/www.naturparkmagazin.de\/schwaebisch-fraenkischer-wald\/wp-content\/uploads\/sites\/34\/140504_Rombach-95x71.jpg 95w, https:\/\/www.naturparkmagazin.de\/schwaebisch-fraenkischer-wald\/wp-content\/uploads\/sites\/34\/140504_Rombach-670x503.jpg 670w, https:\/\/www.naturparkmagazin.de\/schwaebisch-fraenkischer-wald\/wp-content\/uploads\/sites\/34\/140504_Rombach-200x150.jpg 200w, https:\/\/www.naturparkmagazin.de\/schwaebisch-fraenkischer-wald\/wp-content\/uploads\/sites\/34\/140504_Rombach.jpg 1200w\" sizes=\"(max-width: 300px) 100vw, 300px\" \/><\/a><\/p>\n<p>An verschiedenen Orten im Naturparkgebiet laden Experten Sie ein, durch Exkursionen, Vortr\u00e4ge und aktive Mitmachangebote die vielseitigen und spannenden Aufgabenfelder des Naturschutzes kennenzulernen.<\/p>\n<p>&nbsp;<\/p>\n<p><b>1. Vom Hollerbusch, feurigen Salamandern und wilden Katzen \u2013 unterwegs ins Naturschutzgebiet Kalksklinge<\/b><\/p>\n<p>Vorbei an idyllischen Streuobstwiesen und durch alte Buchenw\u00e4lder geht diese F\u00fchrung mit Naturparkf\u00fchrerin Petra Kuch ins NSG Kalksklinge. Das geheime Leben der Tiere und Pflanzen der Klingen und Schluchten des Naturparks steht im Mittelpunkt der F\u00fchrung. Das lebenswichtige Element Wasser wird hierbei mit allen Sinnen erlebt.<\/p>\n<p><b>Wer? <\/b>Petra Kuch, Naturparkf\u00fchrerin\nTel.: 0 79 41 \/ 60 64 36, E-Mail: info@wald-safari.de<\/p>\n<p><b>Wo?<\/b> Pfedelbach \u2013 Untersteinbach, neue Mehrzweckhalle in der Zeilgasse<\/p>\n<p><b>Wann? <\/b>13-17 Uhr<\/p>\n<p><b>Info:<\/b> Trittsicherheit erforderlich, bitte Getr\u00e4nke und ggf. Vesper mitbringen<\/p>\n<p>&nbsp;<\/p>\n<p><b>2. Lebensr\u00e4ume f\u00fcr Wildbienen \u2013 Hotelbau f\u00fcr Insekten<\/b><\/p>\n<p>Fast 500 Wildbienen-Arten sorgen bei uns f\u00fcr die Best\u00e4ubung unserer Bl\u00fctenpflanzen. F\u00fcr eine alte L\u00f6wensteiner Streuobstwiese wird gemeinsam ein gro\u00dfes Wildbienenhotel gebaut und unter Anleitung entstehen kleine Wildbienenhotels zum Mitnehmen. Ein Wildblumen-Quiz und Spiele rund um &#8222;Biene &amp; Co.&#8220; laden zum Mitmachen ein.<\/p>\n<p><b>Wer? <\/b>Sabine R\u00fccker, Naturparkf\u00fchrerin und Dipl. Ing. Landespflege (FH)\nCarolin Schupp, Dipl. Ing. Landschaftsarchitektur (FH)\nKooperation mit dem Forstrevier Eschenau\nTel.: 0 71 30 \/ 40 11 20, E-Mail: sabine-ruecker@gmx.de<\/p>\n<p><b>Wo?<\/b> L\u00f6wenstein, Hofacker, zwischen Aussichtsplatte und Burg, Fu\u00dfweg ca. 10 Minuten ist ausgeschildert<\/p>\n<p><b>Wann? <\/b>11-17 Uhr<\/p>\n<p>&nbsp;<\/p>\n<p><b>3. \u201eBachf\u00fchlung&#8220; &#8211; Tierbestimmung an der Rot<\/b><\/p>\n<p>Ausger\u00fcstet mit Kescher, Becherlupen, und Mikroskop gehen wir spannenden Fragen rund um den Lebensraum Bach nach: Welche Tiere leben im Gew\u00e4sser und wie kann die Wasserqualit\u00e4t bestimmt werden? Ein Angebot f\u00fcr Kinder und interessierte Besucher.<\/p>\n<p><b>Wer?<\/b> Uwe Hiller Dipl.-Ing. Landespflege, Andreas Ehrl-Nazaruk Gew\u00e4sserbiologe\nTel.: 0 71 81 \/ 25 79 308, E-Mail: hiller@geo-bit.de<\/p>\n<p><b>Wo?<\/b> Mainhardt, Grillplatz Hankertsm\u00fchle, bitte beachten: Nur zu Fu\u00df oder mit dem Fahrrad erreichbar. Der Parkplatz im Internet \u00e0 http:\/\/goo.gl\/ZrWPy<\/p>\n<p><b>Wann?<\/b> 11-16 Uhr<\/p>\n<p>&nbsp;<\/p>\n<p><b>4. Natursch\u00e4tze im Kochertal<\/b><\/p>\n<p>Diese Wanderung f\u00fchrt uns durchs Naturschutzgebiet Kochertal, vorbei am Stolleneingang eines ehemaligen Salzbergwerkes, durch das Ebertal hinauf zum Buchhorn. Naturschutzwart Gerhard Scheuermann gibt auf dieser Wanderung Einblicke in die nat\u00fcrliche Vielfalt und manche naturschutzfachliche und kulturhistorische Besonderheit und zeigt uns herrliche Ausblicke von Buchhorn und Bilz.<\/p>\n<p><b>Wer? <\/b>Gerhard Scheuermann, Naturschutzwart\nTel:: 0 79 14 \/ 16 54<\/p>\n<p><b>Wo?<\/b> Alter Bahnhof Wilhelmsgl\u00fcck bei Michelbach \/ Hirschfelden<\/p>\n<p><b>Wann? <\/b>14-17 Uhr<\/p>\n<p><b>Info:<\/b> Der Weg ist nicht f\u00fcr Kinderwagen geeignet, um Anmeldung wird gebeten!<\/p>\n<p>&nbsp;<\/p>\n<p><b>5. Naturschutz im Wald praktisch gesehen<\/b><\/p>\n<p>\u201eWaldnaturschutz? Das l\u00e4uft automatisch, da der Wald sowieso nur extensiv bewirtschaftet wird\u201c; \u201eDa bleibt keine Bodenkrume auf der andern wenn Holz ger\u00fcckt wird, von wegen Naturschutz im Wald!\u201c\nZwischen diesen Extremen bewegen sich die Meinungen zum Thema Waldnaturschutz. Wie Waldnaturschutz in Gaildorf aussieht k\u00f6nnen Sie bei dieser Exkursion rund um den \u201eSchweizerhof\u201c aus erster Hand erfahren.<\/p>\n<p><b>Wer? <\/b>Karl-Dieter Diemer, Revierf\u00f6rster Dienstleistungsrevier Rottal\nTel.: 0 79 71 \/ 40 09, E-Mail: k.diemer@lrasha-forst.de<\/p>\n<p><b>Wo?<\/b> Parkplatz Baubetriebshof in Gaildorf-Eutendorf<\/p>\n<p><b>Wann? <\/b>13.30-17 Uhr<\/p>\n<p><b>Info: <\/b>Strecke durch teilweise unwegsames Gel\u00e4nde<\/p>\n<p>&nbsp;<\/p>\n<p><b>6. Faszination Flederm\u00e4use \u2013 Aktionstag rund um die Sonderausstellung im Naturparkzentrum<\/b><\/p>\n<p>Am 9.Mai er\u00f6ffnet im Naturparkzentrum eine Sonderausstellung zu Flederm\u00e4usen \u2013 den geheimnisvollen J\u00e4gern der Nacht. Am Naturschutztag finden zahlreiche Mitmach-Aktionen zum Thema Flederm\u00e4use statt: Quartierkastenbau und Fledermausrallye mit vielen spannenden Aufgaben und lehrreichen Spielen rund um die fliegenden S\u00e4ugetiere. Dar\u00fcber hinaus wird es um 20 Uhr eine Fledermausf\u00fchrung durch die Murrhardter Innenstadt und rund um den Feuersee geben.<\/p>\n<p><b>Wer? <\/b>Naturpark Schw\u00e4bisch-Fr\u00e4nkischer Wald; Landratsamt Rems-Murr-Kreis, Fachbereich Naturschutz und Landschaftspflege; Arbeitsgemeinschaft Fledermausschutz Baden-W\u00fcrttemberg; NABU-Gruppe Murrhardt.<\/p>\n<p>Tel.: 0 71 92 \/ 21 38 87, E-Mail: kathi.schieber@naturpark-sfw.de<\/p>\n<p><b>Wo?<\/b> Murrhardt, Naturparkzentrum, Der Parkplatz im Internet \u00e0 http:\/\/goo.gl\/IYqn1<\/p>\n<p><b>Wann? <\/b>Ab 11 Uhr, Fledermausf\u00fchrung um 20 Uhr<\/p>\n<p>&nbsp;<\/p>\n<p><b>7. Vortrag: Wie nachhaltig ist der Energieholzboom?<\/b><\/p>\n<p>Die Energiewende ist in aller Munde. Der Umstieg von Kohle und Atom auf Energie aus Wind, Wasser, Sonne und Biomasse ist in vollem Gange. Auch der Rohstoff Holz erlebt als Energietr\u00e4ger dabei eine Renaissance. Gerade in den l\u00e4ndlichen Gebieten boomt daher auch die Nachfrage nach Brennholz und so mancher F\u00f6rster kann sich kaum noch retten vor den vielen Anfragen der Brennholznutzer. Neben dem klassischen Scheitholz boomen aber auch Hackschnitzel und Pellets und auch vom Acker soll bald noch mehr Energieholz aus sogenannten Kurzumtriebsplantagen kommen.\nWie nachhaltig ist das alles eigentlich? K\u00f6nnen wir Kohle und Gas wirklich 1:1 durch Holz aus dem Wald und vom Acker ersetzen? Wie sehen die Stoffstr\u00f6me bei der Energieholzbereitstellung aus und was gilt es beim Heizen mit Holz zu beachten?\nDiesen Fragen geht Johannes Enssle, Waldreferent beim NABU Baden-W\u00fcrttemberg auf den Grund und erl\u00e4utert welche Chancen und Risiken mit der Energieholznutzung verbunden sind.<\/p>\n<p><b>Wer?<\/b> Johannes Enssle, Waldreferent des NABU Baden-W\u00fcrttemberg\nTel.: 07 11 \/ 96 67 227, E-Mail: johannes.enssle@nabu-bw.de<\/p>\n<p><b>Wo?<\/b> Murrhardt, Festhalle. Der Parkplatz im Internet \u00e0 http:\/\/goo.gl\/IYqn1<\/p>\n<p><b>Wann? <\/b>19-21 Uhr<\/p>\n<p><b>\u00a0<\/b><\/p>\n<p><b>8. Beobachtungen in der D\u00e4mmerung<\/b><\/p>\n<p>V\u00f6gel, Pflanzen und Pilze werden im Mittelpunkt dieser Abendwanderung stehen, die uns durch Streuobstwiesen, Halbtrockenrasen und den Wald am Stummelberg bei Mittelrot und Michelb\u00e4chle f\u00fchrt.<\/p>\n<p><b>Wer? <\/b>Karl-Heinz Johe, NABU Gaildorf-Limpurger Land<\/p>\n<p>Tel.: 0 79 71 \/ 76 40, E-Mail: mykologie@gmail.com<\/p>\n<p><b>Wo?<\/b> Fichtenberg, Wanderparkplatz am Stummelberg.\nDer Parkplatz im Internet \u00e0 http:\/\/goo.gl\/511zd<\/p>\n<p><b>Wann? <\/b>17-20 Uhr<\/p>\n<p><b>Info:<\/b> Wenn vorhanden bitte Fernglas und Lupe mitbringen.<\/p>\n<p><b>9. Sehen wo die Orchideen stehen<\/b><\/p>\n<p>Diese Wanderung f\u00fchrt unter anderem durch das reizvolle Naturschutzgebiet Gauchhauser Tal. Orchideen und andere Besonderheiten machen diese F\u00fchrung nicht nur zu einem botanischen Erlebnis.<\/p>\n<p><b>Wer? <\/b>Edith Noak, Naturparkf\u00fchrerin\nTel.: 0 71 84 \/ 29 11 87, E-Mail: edith.noak@web.de<\/p>\n<p><b>Wo? <\/b>Kaisersbach, Parkplatz Schanze, Richtung Kirchenkirnberg, bei der Abzweigung Altersberg.\nDer Parkplatz im Internet \u00e0 http:\/\/goo.gl\/kGW4w<\/p>\n<p><b>Wann? <\/b>10-13 Uhr<\/p>\n<p><b>Info:<\/b> Der Weg ist nicht f\u00fcr Kinderwagen geeignet, ggf. Vesper mitbringen<\/p>\n<p><b>\u00a0<\/b><\/p>\n<p><b>10. Im Bann des Bannwaldes<\/b><\/p>\n<p>Eine Tour f\u00fcr die ganze Familie: Naturparkf\u00fchrerin Ruth Bohn nimmt die Teilnehmer mit auf eine spannende Exkursion durch den Kaisersbacher Bannwald. Bannw\u00e4lder sind Totalreservate, in denen jegliche forstliche Nutzung unterbleibt. Auf einer Exkursion durch den Bannwald \u201eSteinh\u00e4usle\u201c erleben und erforschen wir die Natur und ergr\u00fcnden die Funktionen eines Bannwaldes.<\/p>\n<p><b>Wer? <\/b>Ruth Bohn, Naturparkf\u00fchrerin\nTel.: 0 71 84 \/ 21 98 E-Mail: bohn@die-naturparkfuehrer.de<\/p>\n<p><b>Wo? <\/b>Kaisersbach, L1150 in Richtung Kirchenkirnberg, bei der Abzweigung Bruch \/ Mettelbach, Parkplatz Finken. Der Parkplatz im Internet \u00e0 http:\/\/goo.gl\/WhVQW<\/p>\n<p><b>Wann? <\/b>14-16.30 Uhr<\/p>\n<p><b>Info:<\/b> Der Weg ist nicht f\u00fcr Kinderwagen geeignet<\/p>\n<p><b>\u00a0<\/b><\/p>\n<p><b>11. Blumenwiese Altersberg<\/b><\/p>\n<p>Die Wanderung zur Landschaftsschutzgebiet Blumenwiese Altenberg in Allmersbach f\u00fchrt \u00fcber eine alte beeindruckende Wanderstrecke. Auf der ausgeschilderte Strecke warten Experten auf Sie, um Sie auf manche reizvolle Besonderheit aufmerksam zu machen und diese zu erkl\u00e4ren. Zur St\u00e4rkung gibt\u2019s Kaffee und Kuchen im Freien.<\/p>\n<p><b>Wer? <\/b>J\u00fcrgen Burr, Berg und Wanderfreunde<b>\n<\/b>E-Mail: info@wanderfreundeallmersbach.de<\/p>\n<p><b>Wo?<\/b> Allmersbach, Parkplatz H\u00f6rnle, Friedhofstr.<\/p>\n<p><b>Wann? <\/b>Offene Veranstaltung, Start zwischen 13 und 16 Uhr<\/p>\n<p><b>\u00a0<\/b><\/p>\n<p><b>12. Botanische Kostbarkeiten am Waldesrand \/ Botanik, Orchideen<\/b><\/p>\n<p>Ein botanischer Spaziergang am Rande des Naturschutzgebietes \u201eJ\u00e4gerh\u00f6lzle\u201c bei Rudersberg-Waldenstein mit einem kulturellen Seitenblick auf das Hohe Mittelalter. Sofern das Wetter mitmacht, werden wir auf dieser Wanderung V\u00f6gel und Insektenbeobachten und so manche Geheimnisse \u00fcber diese Tiere erfahren:<\/p>\n<p><b>Wer? <\/b>Albrecht P. Block, Naturparkf\u00fchrer\nTel.: 0 71 83 \/ 42 88 59, E-Mail: block@die-naturparkfuehrer.de<\/p>\n<p><b>Wo? <\/b>Oberhalb Burg Waldenstein in Richtung Edelmannshof, nicht als offizieller Parkplatz ausgeschildert. Der Parkplatz im Internet \u00e0 http:\/\/goo.gl\/caud0<\/p>\n<p><b>Wann? <\/b>10-12 Uhr<\/p>\n<p><b>Info:<\/b> Der Weg ist nicht barrierefrei, wenn vorhanden bitte Fernglas mitbringen, Thema f\u00fcr Kinder unter 8 Jahren eher ungeeignet. Anschlie\u00dfende Einkehrm\u00f6glichkeiten ist vorhanden. Um Anmeldung wird gebeten!<\/p>\n<p><b>\u00a0<\/b><\/p>\n<p><b>13.Naturkundliche Wanderung im s\u00fcdlichen Welzheimer Wald<\/b><\/p>\n<p>Die Wanderung f\u00fchrt in das abgelegene gro\u00dfe Waldgebiet um den K\u00f6s- und Pl\u00fcderwiesenhof. Ein hochinteressantes Naturschutzgebiet wird aufgesucht, wo seltene Pflanzen bestaunt werden k\u00f6nnen. Eine \u00fcppige Natur wartet darauf, entdeckt zu werden.<\/p>\n<p><b>Wer?<\/b> Prof. Dr. Manfred Krautter, Naturparkf\u00fchrer\nTel.: 0 71 81 \/ 83 994 E-Mail: krautter@die-naturparkfuehrer.de<\/p>\n<p><b>Wo?<\/b> Urbach-B\u00e4renbach, Parkplatz Bux<\/p>\n<p><b>Wann? <\/b>13-18 Uhr<\/p>\n<p><b>Info:<\/b> Streckenl\u00e4nge etwa 12 km, Vesper und Getr\u00e4nke mitbringen.<\/p>\n<p>b<\/p>\n","protected":false},"excerpt":{"rendered":"<p>Streuobstwiesen und Wald, Klingen, Grotten und Schluchten, Gew\u00e4sser und Wiesent\u00e4ler &#8211; die Landschaften des Naturparks Schw\u00e4bisch-Fr\u00e4nkischer Wald zeichnen sich durch ihre Vielfalt und Einzigartigkeit aus. Umso bedeutsamer ist es, diese vielseitigen Lebensr\u00e4ume zu erhalten und zu sch\u00fctzen. Naturschutz hautnah und mit allen Sinnen erleben k\u00f6nnen Sie am 25.5.2014 beim Naturschutztag im Naturpark Schw\u00e4bisch-Fr\u00e4nkischer Wald.<\/p>\n","protected":false},"author":25,"featured_media":541,"comment_status":"open","ping_status":"open","sticky":false,"template":"","format":"standard","meta":[],"categories":[11],"tags":[],"yoast_head":"<!-- This site is optimized with the Yoast SEO plugin v19.10 - https:\/\/yoast.com\/wordpress\/plugins\/seo\/ -->\n<title>Naturschutztag am 25. Mai - Naturpark Schw\u00e4bisch-Fr\u00e4nkischer Wald<\/title>\n<meta name=\"robots\" content=\"index, follow, max-snippet:-1, max-image-preview:large, max-video-preview:-1\" \/>\n<link rel=\"canonical\" href=\"https:\/\/www.naturparkmagazin.de\/schwaebisch-fraenkischer-wald\/naturschutztag-am-25-mai\/\" \/>\n<meta property=\"og:locale\" content=\"de_DE\" \/>\n<meta property=\"og:type\" content=\"article\" \/>\n<meta property=\"og:title\" content=\"Naturschutztag am 25. Mai - Naturpark Schw\u00e4bisch-Fr\u00e4nkischer Wald\" \/>\n<meta property=\"og:description\" content=\"Streuobstwiesen und Wald, Klingen, Grotten und Schluchten, Gew\u00e4sser und Wiesent\u00e4ler - die Landschaften des Naturparks Schw\u00e4bisch-Fr\u00e4nkischer Wald zeichnen sich durch ihre Vielfalt und Einzigartigkeit aus. Umso bedeutsamer ist es, diese vielseitigen Lebensr\u00e4ume zu erhalten und zu sch\u00fctzen. Naturschutz hautnah und mit allen Sinnen erleben k\u00f6nnen Sie am 25.5.2014 beim Naturschutztag im Naturpark Schw\u00e4bisch-Fr\u00e4nkischer Wald.\" \/>\n<meta property=\"og:url\" content=\"https:\/\/www.naturparkmagazin.de\/schwaebisch-fraenkischer-wald\/naturschutztag-am-25-mai\/\" \/>\n<meta property=\"og:site_name\" content=\"Naturpark Schw\u00e4bisch-Fr\u00e4nkischer Wald\" \/>\n<meta property=\"article:author\" content=\"https:\/\/www.facebook.com\/naturparkSFW\" \/>\n<meta property=\"article:published_time\" content=\"2014-04-17T18:05:02+00:00\" \/>\n<meta property=\"article:modified_time\" content=\"2014-04-23T18:37:12+00:00\" \/>\n<meta property=\"og:image\" content=\"https:\/\/www.naturparkmagazin.de\/schwaebisch-fraenkischer-wald\/wp-content\/uploads\/sites\/34\/131025_Ehrenamt-177.jpg\" \/>\n\t<meta property=\"og:image:width\" content=\"1500\" \/>\n\t<meta property=\"og:image:height\" content=\"1000\" \/>\n\t<meta property=\"og:image:type\" content=\"image\/jpeg\" \/>\n<meta name=\"author\" content=\"Naturpark-Team\" \/>\n<meta name=\"twitter:label1\" content=\"Verfasst von\" \/>\n\t<meta name=\"twitter:data1\" content=\"Naturpark-Team\" \/>\n\t<meta name=\"twitter:label2\" content=\"Gesch\u00e4tzte Lesezeit\" \/>\n\t<meta name=\"twitter:data2\" content=\"7\u00a0Minuten\" \/>\n<script type=\"application\/ld+json\" class=\"yoast-schema-graph\">{\"@context\":\"https:\/\/schema.org\",\"@graph\":[{\"@type\":\"WebPage\",\"@id\":\"https:\/\/www.naturparkmagazin.de\/schwaebisch-fraenkischer-wald\/naturschutztag-am-25-mai\/\",\"url\":\"https:\/\/www.naturparkmagazin.de\/schwaebisch-fraenkischer-wald\/naturschutztag-am-25-mai\/\",\"name\":\"Naturschutztag am 25. Mai - Naturpark Schw\u00e4bisch-Fr\u00e4nkischer Wald\",\"isPartOf\":{\"@id\":\"https:\/\/www.naturparkmagazin.de\/schwaebisch-fraenkischer-wald\/#website\"},\"datePublished\":\"2014-04-17T18:05:02+00:00\",\"dateModified\":\"2014-04-23T18:37:12+00:00\",\"author\":{\"@id\":\"https:\/\/www.naturparkmagazin.de\/schwaebisch-fraenkischer-wald\/#\/schema\/person\/f047a3702ae747fd7830cf8ac95e6066\"},\"breadcrumb\":{\"@id\":\"https:\/\/www.naturparkmagazin.de\/schwaebisch-fraenkischer-wald\/naturschutztag-am-25-mai\/#breadcrumb\"},\"inLanguage\":\"de\",\"potentialAction\":[{\"@type\":\"ReadAction\",\"target\":[\"https:\/\/www.naturparkmagazin.de\/schwaebisch-fraenkischer-wald\/naturschutztag-am-25-mai\/\"]}]},{\"@type\":\"BreadcrumbList\",\"@id\":\"https:\/\/www.naturparkmagazin.de\/schwaebisch-fraenkischer-wald\/naturschutztag-am-25-mai\/#breadcrumb\",\"itemListElement\":[{\"@type\":\"ListItem\",\"position\":1,\"name\":\"Home\",\"item\":\"https:\/\/www.naturparkmagazin.de\/schwaebisch-fraenkischer-wald\/\"},{\"@type\":\"ListItem\",\"position\":2,\"name\":\"Naturschutztag am 25. Mai\"}]},{\"@type\":\"WebSite\",\"@id\":\"https:\/\/www.naturparkmagazin.de\/schwaebisch-fraenkischer-wald\/#website\",\"url\":\"https:\/\/www.naturparkmagazin.de\/schwaebisch-fraenkischer-wald\/\",\"name\":\"Naturpark Schw\u00e4bisch-Fr\u00e4nkischer Wald\",\"description\":\"\",\"potentialAction\":[{\"@type\":\"SearchAction\",\"target\":{\"@type\":\"EntryPoint\",\"urlTemplate\":\"https:\/\/www.naturparkmagazin.de\/schwaebisch-fraenkischer-wald\/?s={search_term_string}\"},\"query-input\":\"required name=search_term_string\"}],\"inLanguage\":\"de\"},{\"@type\":\"Person\",\"@id\":\"https:\/\/www.naturparkmagazin.de\/schwaebisch-fraenkischer-wald\/#\/schema\/person\/f047a3702ae747fd7830cf8ac95e6066\",\"name\":\"Naturpark-Team\",\"sameAs\":[\"http:\/\/www.naturpark-sfw.de\",\"https:\/\/www.facebook.com\/naturparkSFW\"],\"url\":\"https:\/\/www.naturparkmagazin.de\/schwaebisch-fraenkischer-wald\/author\/bernharddrixler\/\"}]}<\/script>\n<!-- \/ Yoast SEO plugin. -->","yoast_head_json":{"title":"Naturschutztag am 25. Mai - Naturpark Schw\u00e4bisch-Fr\u00e4nkischer Wald","robots":{"index":"index","follow":"follow","max-snippet":"max-snippet:-1","max-image-preview":"max-image-preview:large","max-video-preview":"max-video-preview:-1"},"canonical":"https:\/\/www.naturparkmagazin.de\/schwaebisch-fraenkischer-wald\/naturschutztag-am-25-mai\/","og_locale":"de_DE","og_type":"article","og_title":"Naturschutztag am 25. Mai - Naturpark Schw\u00e4bisch-Fr\u00e4nkischer Wald","og_description":"Streuobstwiesen und Wald, Klingen, Grotten und Schluchten, Gew\u00e4sser und Wiesent\u00e4ler - die Landschaften des Naturparks Schw\u00e4bisch-Fr\u00e4nkischer Wald zeichnen sich durch ihre Vielfalt und Einzigartigkeit aus. Umso bedeutsamer ist es, diese vielseitigen Lebensr\u00e4ume zu erhalten und zu sch\u00fctzen. Naturschutz hautnah und mit allen Sinnen erleben k\u00f6nnen Sie am 25.5.2014 beim Naturschutztag im Naturpark Schw\u00e4bisch-Fr\u00e4nkischer Wald.","og_url":"https:\/\/www.naturparkmagazin.de\/schwaebisch-fraenkischer-wald\/naturschutztag-am-25-mai\/","og_site_name":"Naturpark Schw\u00e4bisch-Fr\u00e4nkischer Wald","article_author":"https:\/\/www.facebook.com\/naturparkSFW","article_published_time":"2014-04-17T18:05:02+00:00","article_modified_time":"2014-04-23T18:37:12+00:00","og_image":[{"width":1500,"height":1000,"url":"https:\/\/www.naturparkmagazin.de\/schwaebisch-fraenkischer-wald\/wp-content\/uploads\/sites\/34\/131025_Ehrenamt-177.jpg","type":"image\/jpeg"}],"author":"Naturpark-Team","twitter_misc":{"Verfasst von":"Naturpark-Team","Gesch\u00e4tzte Lesezeit":"7\u00a0Minuten"},"schema":{"@context":"https:\/\/schema.org","@graph":[{"@type":"WebPage","@id":"https:\/\/www.naturparkmagazin.de\/schwaebisch-fraenkischer-wald\/naturschutztag-am-25-mai\/","url":"https:\/\/www.naturparkmagazin.de\/schwaebisch-fraenkischer-wald\/naturschutztag-am-25-mai\/","name":"Naturschutztag am 25. Mai - Naturpark Schw\u00e4bisch-Fr\u00e4nkischer Wald","isPartOf":{"@id":"https:\/\/www.naturparkmagazin.de\/schwaebisch-fraenkischer-wald\/#website"},"datePublished":"2014-04-17T18:05:02+00:00","dateModified":"2014-04-23T18:37:12+00:00","author":{"@id":"https:\/\/www.naturparkmagazin.de\/schwaebisch-fraenkischer-wald\/#\/schema\/person\/f047a3702ae747fd7830cf8ac95e6066"},"breadcrumb":{"@id":"https:\/\/www.naturparkmagazin.de\/schwaebisch-fraenkischer-wald\/naturschutztag-am-25-mai\/#breadcrumb"},"inLanguage":"de","potentialAction":[{"@type":"ReadAction","target":["https:\/\/www.naturparkmagazin.de\/schwaebisch-fraenkischer-wald\/naturschutztag-am-25-mai\/"]}]},{"@type":"BreadcrumbList","@id":"https:\/\/www.naturparkmagazin.de\/schwaebisch-fraenkischer-wald\/naturschutztag-am-25-mai\/#breadcrumb","itemListElement":[{"@type":"ListItem","position":1,"name":"Home","item":"https:\/\/www.naturparkmagazin.de\/schwaebisch-fraenkischer-wald\/"},{"@type":"ListItem","position":2,"name":"Naturschutztag am 25. Mai"}]},{"@type":"WebSite","@id":"https:\/\/www.naturparkmagazin.de\/schwaebisch-fraenkischer-wald\/#website","url":"https:\/\/www.naturparkmagazin.de\/schwaebisch-fraenkischer-wald\/","name":"Naturpark Schw\u00e4bisch-Fr\u00e4nkischer Wald","description":"","potentialAction":[{"@type":"SearchAction","target":{"@type":"EntryPoint","urlTemplate":"https:\/\/www.naturparkmagazin.de\/schwaebisch-fraenkischer-wald\/?s={search_term_string}"},"query-input":"required name=search_term_string"}],"inLanguage":"de"},{"@type":"Person","@id":"https:\/\/www.naturparkmagazin.de\/schwaebisch-fraenkischer-wald\/#\/schema\/person\/f047a3702ae747fd7830cf8ac95e6066","name":"Naturpark-Team","sameAs":["http:\/\/www.naturpark-sfw.de","https:\/\/www.facebook.com\/naturparkSFW"],"url":"https:\/\/www.naturparkmagazin.de\/schwaebisch-fraenkischer-wald\/author\/bernharddrixler\/"}]}},"_links":{"self":[{"href":"https:\/\/www.naturparkmagazin.de\/schwaebisch-fraenkischer-wald\/wp-json\/wp\/v2\/posts\/750"}],"collection":[{"href":"https:\/\/www.naturparkmagazin.de\/schwaebisch-fraenkischer-wald\/wp-json\/wp\/v2\/posts"}],"about":[{"href":"https:\/\/www.naturparkmagazin.de\/schwaebisch-fraenkischer-wald\/wp-json\/wp\/v2\/types\/post"}],"author":[{"embeddable":true,"href":"https:\/\/www.naturparkmagazin.de\/schwaebisch-fraenkischer-wald\/wp-json\/wp\/v2\/users\/25"}],"replies":[{"embeddable":true,"href":"https:\/\/www.naturparkmagazin.de\/schwaebisch-fraenkischer-wald\/wp-json\/wp\/v2\/comments?post=750"}],"version-history":[{"count":3,"href":"https:\/\/www.naturparkmagazin.de\/schwaebisch-fraenkischer-wald\/wp-json\/wp\/v2\/posts\/750\/revisions"}],"predecessor-version":[{"id":771,"href":"https:\/\/www.naturparkmagazin.de\/schwaebisch-fraenkischer-wald\/wp-json\/wp\/v2\/posts\/750\/revisions\/771"}],"wp:featuredmedia":[{"embeddable":true,"href":"https:\/\/www.naturparkmagazin.de\/schwaebisch-fraenkischer-wald\/wp-json\/wp\/v2\/media\/541"}],"wp:attachment":[{"href":"https:\/\/www.naturparkmagazin.de\/schwaebisch-fraenkischer-wald\/wp-json\/wp\/v2\/media?parent=750"}],"wp:term":[{"taxonomy":"category","embeddable":true,"href":"https:\/\/www.naturparkmagazin.de\/schwaebisch-fraenkischer-wald\/wp-json\/wp\/v2\/categories?post=750"},{"taxonomy":"post_tag","embeddable":true,"href":"https:\/\/www.naturparkmagazin.de\/schwaebisch-fraenkischer-wald\/wp-json\/wp\/v2\/tags?post=750"}],"curies":[{"name":"wp","href":"https:\/\/api.w.org\/{rel}","templated":true}]}}