{"id":758,"date":"2014-04-17T20:10:19","date_gmt":"2014-04-17T18:10:19","guid":{"rendered":"http:\/\/www.naturparkmagazin.de\/schwaebisch-fraenkischer-wald\/?p=758"},"modified":"2014-04-23T20:37:28","modified_gmt":"2014-04-23T18:37:28","slug":"naturparkmarkt-in-sulzbach-a-d-murr-am-11-mai","status":"publish","type":"post","link":"https:\/\/www.naturparkmagazin.de\/schwaebisch-fraenkischer-wald\/naturparkmarkt-in-sulzbach-a-d-murr-am-11-mai\/","title":{"rendered":"Naturparkmarkt in Sulzbach a. d. Murr am 11. Mai"},"content":{"rendered":"<p><em>Die Naturparkm\u00e4rkte im Schw\u00e4bisch-Fr\u00e4nkischen Wald starten in eine neue Saison. Am 11.Mai 2014 hei\u00dft es wieder Schlemmen, Schauen und Staunen, wenn die Tore zum Naturparkmarkt in Sulzbach ge\u00f6ffnet werden.<\/em><\/p>\n<p>\u00dcber 50 Direktvermakter aus dem Naturpark Schw\u00e4bisch-Fr\u00e4nkischer Wald erhalten an diesem Tag die M\u00f6glichkeit, sich und ihre Produkte zu pr\u00e4sentieren. Bei den sorgf\u00e4ltig zubereiteten Speisen und Getr\u00e4nken ist f\u00fcr jeden Geschmack etwas dabei und auch experimentierfreudige Gaumen kommen auf ihre Kosten.<\/p>\n<p>Fleisch- und Wurstwaren, Wildspezialit\u00e4ten, handgemachter K\u00e4se zum Kaufen oder gleich Vernaschen, Holzofenbrot, Kuchen, Honig und andere Imkereiprodukte sowie Obst, Gem\u00fcse, Spirituosen und Weine &#8211; lassen Sie sich beim Naturparkmarkt von der Qualit\u00e4t und Frische der regionalen Produkte \u00fcberzeugen! Holzbasteleien, Schmuck, Holz- und T\u00f6pferwaren sowie handgemachte Seifen runden das Angebot ab.<a href=\"https:\/\/www.naturparkmagazin.de\/schwaebisch-fraenkischer-wald\/wp-content\/uploads\/sites\/34\/120617_NPM_Grab_Kathi-34_klein.jpg\"><img decoding=\"async\" loading=\"lazy\" class=\"alignright size-thumbnail wp-image-617\" alt=\"Copyright: Naturpark Schw\u00e4bisch-Fr\u00e4nkischer Wald\" src=\"https:\/\/www.naturparkmagazin.de\/schwaebisch-fraenkischer-wald\/wp-content\/uploads\/sites\/34\/120617_NPM_Grab_Kathi-34_klein-300x400.jpg\" width=\"300\" height=\"400\" srcset=\"https:\/\/www.naturparkmagazin.de\/schwaebisch-fraenkischer-wald\/wp-content\/uploads\/sites\/34\/120617_NPM_Grab_Kathi-34_klein-300x400.jpg 300w, https:\/\/www.naturparkmagazin.de\/schwaebisch-fraenkischer-wald\/wp-content\/uploads\/sites\/34\/120617_NPM_Grab_Kathi-34_klein-500x667.jpg 500w, https:\/\/www.naturparkmagazin.de\/schwaebisch-fraenkischer-wald\/wp-content\/uploads\/sites\/34\/120617_NPM_Grab_Kathi-34_klein-420x560.jpg 420w, https:\/\/www.naturparkmagazin.de\/schwaebisch-fraenkischer-wald\/wp-content\/uploads\/sites\/34\/120617_NPM_Grab_Kathi-34_klein-135x180.jpg 135w, https:\/\/www.naturparkmagazin.de\/schwaebisch-fraenkischer-wald\/wp-content\/uploads\/sites\/34\/120617_NPM_Grab_Kathi-34_klein-53x71.jpg 53w, https:\/\/www.naturparkmagazin.de\/schwaebisch-fraenkischer-wald\/wp-content\/uploads\/sites\/34\/120617_NPM_Grab_Kathi-34_klein-200x267.jpg 200w, https:\/\/www.naturparkmagazin.de\/schwaebisch-fraenkischer-wald\/wp-content\/uploads\/sites\/34\/120617_NPM_Grab_Kathi-34_klein.jpg 567w\" sizes=\"(max-width: 300px) 100vw, 300px\" \/><\/a><\/p>\n<p>Die famili\u00e4re Naturparkmarkt-Atmosph\u00e4re wird durch ein vielseitiges Programm und liebevoll gestaltete Verkaufsst\u00e4nde bereichert.<\/p>\n<p>Das Rahmenprogramm des Naturparkmarkts macht den Besuch zu einem nicht nur kulinarischen Erlebnis. Bei einer gef\u00fchrten Wanderung mit dem Schw\u00e4bischen Albverein genie\u00dfen Sie zus\u00e4tzlich einen herrlichen Blick auf Sulzbach und Umgebung. Ein Highlight auf dem Naturparkmarkt ist die offizielle K\u00fcr der zweiten Schw\u00e4bischen WaldFee und die Er\u00f6ffnung der Freizeitbus-Saison im Schw\u00e4bischen Wald. Begleitet von Landschaftsgeschichte und \u2013geschichten f\u00fchrt Naturparkf\u00fchrer Walter Hieber Sie zur sagenumwobenen Seufzer-Quelle. Bei einer Brezel und frisch gebrauten Bier wird gerastet, bevor es mit einem besonderen Blick auf die Burg Reichenberg wieder zur\u00fcck zum Naturparkmarkt geht. Weitere Programmpunkte finden Sie auf dem Flyer oder auch im Internet.<\/p>\n<p>Der Flyer zum Naturparkmarkt Sulzbach an der Murr kann ab sofort beim Naturpark angefordert oder im Internet heruntergeladen werden. Weitere Informationen zu diesem und den anderen Naturparkm\u00e4rkten finden Sie unter <a href=\"http:\/\/www.naturpark-sfw.de\">www.naturpark-sfw.de<\/a>.<\/p>\n<p>&nbsp;<\/p>\n","protected":false},"excerpt":{"rendered":"<p>Die Naturparkm\u00e4rkte im Schw\u00e4bisch-Fr\u00e4nkischen Wald starten in eine neue Saison. Am 11.Mai 2014 hei\u00dft es wieder Schlemmen, Schauen und Staunen, wenn die Tore zum Naturparkmarkt in Sulzbach ge\u00f6ffnet werden.<\/p>\n","protected":false},"author":25,"featured_media":663,"comment_status":"open","ping_status":"open","sticky":false,"template":"","format":"standard","meta":[],"categories":[11],"tags":[],"yoast_head":"<!-- This site is optimized with the Yoast SEO plugin v19.10 - https:\/\/yoast.com\/wordpress\/plugins\/seo\/ -->\n<title>Naturparkmarkt in Sulzbach a. d. Murr am 11. Mai - Naturpark Schw\u00e4bisch-Fr\u00e4nkischer Wald<\/title>\n<meta name=\"robots\" content=\"index, follow, max-snippet:-1, max-image-preview:large, max-video-preview:-1\" \/>\n<link rel=\"canonical\" href=\"https:\/\/www.naturparkmagazin.de\/schwaebisch-fraenkischer-wald\/naturparkmarkt-in-sulzbach-a-d-murr-am-11-mai\/\" \/>\n<meta property=\"og:locale\" content=\"de_DE\" \/>\n<meta property=\"og:type\" content=\"article\" \/>\n<meta property=\"og:title\" content=\"Naturparkmarkt in Sulzbach a. d. Murr am 11. Mai - Naturpark Schw\u00e4bisch-Fr\u00e4nkischer Wald\" \/>\n<meta property=\"og:description\" content=\"Die Naturparkm\u00e4rkte im Schw\u00e4bisch-Fr\u00e4nkischen Wald starten in eine neue Saison. Am 11.Mai 2014 hei\u00dft es wieder Schlemmen, Schauen und Staunen, wenn die Tore zum Naturparkmarkt in Sulzbach ge\u00f6ffnet werden.\" \/>\n<meta property=\"og:url\" content=\"https:\/\/www.naturparkmagazin.de\/schwaebisch-fraenkischer-wald\/naturparkmarkt-in-sulzbach-a-d-murr-am-11-mai\/\" \/>\n<meta property=\"og:site_name\" content=\"Naturpark Schw\u00e4bisch-Fr\u00e4nkischer Wald\" \/>\n<meta property=\"article:author\" content=\"https:\/\/www.facebook.com\/naturparkSFW\" \/>\n<meta property=\"article:published_time\" content=\"2014-04-17T18:10:19+00:00\" \/>\n<meta property=\"article:modified_time\" content=\"2014-04-23T18:37:28+00:00\" \/>\n<meta property=\"og:image\" content=\"https:\/\/www.naturparkmagazin.de\/schwaebisch-fraenkischer-wald\/wp-content\/uploads\/sites\/34\/100_4599.jpg\" \/>\n\t<meta property=\"og:image:width\" content=\"600\" \/>\n\t<meta property=\"og:image:height\" content=\"798\" \/>\n\t<meta property=\"og:image:type\" content=\"image\/jpeg\" \/>\n<meta name=\"author\" content=\"Naturpark-Team\" \/>\n<meta name=\"twitter:label1\" content=\"Verfasst von\" \/>\n\t<meta name=\"twitter:data1\" content=\"Naturpark-Team\" \/>\n\t<meta name=\"twitter:label2\" content=\"Gesch\u00e4tzte Lesezeit\" \/>\n\t<meta name=\"twitter:data2\" content=\"1\u00a0Minute\" \/>\n<script type=\"application\/ld+json\" class=\"yoast-schema-graph\">{\"@context\":\"https:\/\/schema.org\",\"@graph\":[{\"@type\":\"WebPage\",\"@id\":\"https:\/\/www.naturparkmagazin.de\/schwaebisch-fraenkischer-wald\/naturparkmarkt-in-sulzbach-a-d-murr-am-11-mai\/\",\"url\":\"https:\/\/www.naturparkmagazin.de\/schwaebisch-fraenkischer-wald\/naturparkmarkt-in-sulzbach-a-d-murr-am-11-mai\/\",\"name\":\"Naturparkmarkt in Sulzbach a. d. Murr am 11. Mai - Naturpark Schw\u00e4bisch-Fr\u00e4nkischer Wald\",\"isPartOf\":{\"@id\":\"https:\/\/www.naturparkmagazin.de\/schwaebisch-fraenkischer-wald\/#website\"},\"datePublished\":\"2014-04-17T18:10:19+00:00\",\"dateModified\":\"2014-04-23T18:37:28+00:00\",\"author\":{\"@id\":\"https:\/\/www.naturparkmagazin.de\/schwaebisch-fraenkischer-wald\/#\/schema\/person\/f047a3702ae747fd7830cf8ac95e6066\"},\"breadcrumb\":{\"@id\":\"https:\/\/www.naturparkmagazin.de\/schwaebisch-fraenkischer-wald\/naturparkmarkt-in-sulzbach-a-d-murr-am-11-mai\/#breadcrumb\"},\"inLanguage\":\"de\",\"potentialAction\":[{\"@type\":\"ReadAction\",\"target\":[\"https:\/\/www.naturparkmagazin.de\/schwaebisch-fraenkischer-wald\/naturparkmarkt-in-sulzbach-a-d-murr-am-11-mai\/\"]}]},{\"@type\":\"BreadcrumbList\",\"@id\":\"https:\/\/www.naturparkmagazin.de\/schwaebisch-fraenkischer-wald\/naturparkmarkt-in-sulzbach-a-d-murr-am-11-mai\/#breadcrumb\",\"itemListElement\":[{\"@type\":\"ListItem\",\"position\":1,\"name\":\"Home\",\"item\":\"https:\/\/www.naturparkmagazin.de\/schwaebisch-fraenkischer-wald\/\"},{\"@type\":\"ListItem\",\"position\":2,\"name\":\"Naturparkmarkt in Sulzbach a. d. Murr am 11. Mai\"}]},{\"@type\":\"WebSite\",\"@id\":\"https:\/\/www.naturparkmagazin.de\/schwaebisch-fraenkischer-wald\/#website\",\"url\":\"https:\/\/www.naturparkmagazin.de\/schwaebisch-fraenkischer-wald\/\",\"name\":\"Naturpark Schw\u00e4bisch-Fr\u00e4nkischer Wald\",\"description\":\"\",\"potentialAction\":[{\"@type\":\"SearchAction\",\"target\":{\"@type\":\"EntryPoint\",\"urlTemplate\":\"https:\/\/www.naturparkmagazin.de\/schwaebisch-fraenkischer-wald\/?s={search_term_string}\"},\"query-input\":\"required name=search_term_string\"}],\"inLanguage\":\"de\"},{\"@type\":\"Person\",\"@id\":\"https:\/\/www.naturparkmagazin.de\/schwaebisch-fraenkischer-wald\/#\/schema\/person\/f047a3702ae747fd7830cf8ac95e6066\",\"name\":\"Naturpark-Team\",\"sameAs\":[\"http:\/\/www.naturpark-sfw.de\",\"https:\/\/www.facebook.com\/naturparkSFW\"],\"url\":\"https:\/\/www.naturparkmagazin.de\/schwaebisch-fraenkischer-wald\/author\/bernharddrixler\/\"}]}<\/script>\n<!-- \/ Yoast SEO plugin. -->","yoast_head_json":{"title":"Naturparkmarkt in Sulzbach a. d. Murr am 11. Mai - Naturpark Schw\u00e4bisch-Fr\u00e4nkischer Wald","robots":{"index":"index","follow":"follow","max-snippet":"max-snippet:-1","max-image-preview":"max-image-preview:large","max-video-preview":"max-video-preview:-1"},"canonical":"https:\/\/www.naturparkmagazin.de\/schwaebisch-fraenkischer-wald\/naturparkmarkt-in-sulzbach-a-d-murr-am-11-mai\/","og_locale":"de_DE","og_type":"article","og_title":"Naturparkmarkt in Sulzbach a. d. Murr am 11. Mai - Naturpark Schw\u00e4bisch-Fr\u00e4nkischer Wald","og_description":"Die Naturparkm\u00e4rkte im Schw\u00e4bisch-Fr\u00e4nkischen Wald starten in eine neue Saison. Am 11.Mai 2014 hei\u00dft es wieder Schlemmen, Schauen und Staunen, wenn die Tore zum Naturparkmarkt in Sulzbach ge\u00f6ffnet werden.","og_url":"https:\/\/www.naturparkmagazin.de\/schwaebisch-fraenkischer-wald\/naturparkmarkt-in-sulzbach-a-d-murr-am-11-mai\/","og_site_name":"Naturpark Schw\u00e4bisch-Fr\u00e4nkischer Wald","article_author":"https:\/\/www.facebook.com\/naturparkSFW","article_published_time":"2014-04-17T18:10:19+00:00","article_modified_time":"2014-04-23T18:37:28+00:00","og_image":[{"width":600,"height":798,"url":"https:\/\/www.naturparkmagazin.de\/schwaebisch-fraenkischer-wald\/wp-content\/uploads\/sites\/34\/100_4599.jpg","type":"image\/jpeg"}],"author":"Naturpark-Team","twitter_misc":{"Verfasst von":"Naturpark-Team","Gesch\u00e4tzte Lesezeit":"1\u00a0Minute"},"schema":{"@context":"https:\/\/schema.org","@graph":[{"@type":"WebPage","@id":"https:\/\/www.naturparkmagazin.de\/schwaebisch-fraenkischer-wald\/naturparkmarkt-in-sulzbach-a-d-murr-am-11-mai\/","url":"https:\/\/www.naturparkmagazin.de\/schwaebisch-fraenkischer-wald\/naturparkmarkt-in-sulzbach-a-d-murr-am-11-mai\/","name":"Naturparkmarkt in Sulzbach a. d. Murr am 11. Mai - Naturpark Schw\u00e4bisch-Fr\u00e4nkischer Wald","isPartOf":{"@id":"https:\/\/www.naturparkmagazin.de\/schwaebisch-fraenkischer-wald\/#website"},"datePublished":"2014-04-17T18:10:19+00:00","dateModified":"2014-04-23T18:37:28+00:00","author":{"@id":"https:\/\/www.naturparkmagazin.de\/schwaebisch-fraenkischer-wald\/#\/schema\/person\/f047a3702ae747fd7830cf8ac95e6066"},"breadcrumb":{"@id":"https:\/\/www.naturparkmagazin.de\/schwaebisch-fraenkischer-wald\/naturparkmarkt-in-sulzbach-a-d-murr-am-11-mai\/#breadcrumb"},"inLanguage":"de","potentialAction":[{"@type":"ReadAction","target":["https:\/\/www.naturparkmagazin.de\/schwaebisch-fraenkischer-wald\/naturparkmarkt-in-sulzbach-a-d-murr-am-11-mai\/"]}]},{"@type":"BreadcrumbList","@id":"https:\/\/www.naturparkmagazin.de\/schwaebisch-fraenkischer-wald\/naturparkmarkt-in-sulzbach-a-d-murr-am-11-mai\/#breadcrumb","itemListElement":[{"@type":"ListItem","position":1,"name":"Home","item":"https:\/\/www.naturparkmagazin.de\/schwaebisch-fraenkischer-wald\/"},{"@type":"ListItem","position":2,"name":"Naturparkmarkt in Sulzbach a. d. Murr am 11. Mai"}]},{"@type":"WebSite","@id":"https:\/\/www.naturparkmagazin.de\/schwaebisch-fraenkischer-wald\/#website","url":"https:\/\/www.naturparkmagazin.de\/schwaebisch-fraenkischer-wald\/","name":"Naturpark Schw\u00e4bisch-Fr\u00e4nkischer Wald","description":"","potentialAction":[{"@type":"SearchAction","target":{"@type":"EntryPoint","urlTemplate":"https:\/\/www.naturparkmagazin.de\/schwaebisch-fraenkischer-wald\/?s={search_term_string}"},"query-input":"required name=search_term_string"}],"inLanguage":"de"},{"@type":"Person","@id":"https:\/\/www.naturparkmagazin.de\/schwaebisch-fraenkischer-wald\/#\/schema\/person\/f047a3702ae747fd7830cf8ac95e6066","name":"Naturpark-Team","sameAs":["http:\/\/www.naturpark-sfw.de","https:\/\/www.facebook.com\/naturparkSFW"],"url":"https:\/\/www.naturparkmagazin.de\/schwaebisch-fraenkischer-wald\/author\/bernharddrixler\/"}]}},"_links":{"self":[{"href":"https:\/\/www.naturparkmagazin.de\/schwaebisch-fraenkischer-wald\/wp-json\/wp\/v2\/posts\/758"}],"collection":[{"href":"https:\/\/www.naturparkmagazin.de\/schwaebisch-fraenkischer-wald\/wp-json\/wp\/v2\/posts"}],"about":[{"href":"https:\/\/www.naturparkmagazin.de\/schwaebisch-fraenkischer-wald\/wp-json\/wp\/v2\/types\/post"}],"author":[{"embeddable":true,"href":"https:\/\/www.naturparkmagazin.de\/schwaebisch-fraenkischer-wald\/wp-json\/wp\/v2\/users\/25"}],"replies":[{"embeddable":true,"href":"https:\/\/www.naturparkmagazin.de\/schwaebisch-fraenkischer-wald\/wp-json\/wp\/v2\/comments?post=758"}],"version-history":[{"count":1,"href":"https:\/\/www.naturparkmagazin.de\/schwaebisch-fraenkischer-wald\/wp-json\/wp\/v2\/posts\/758\/revisions"}],"predecessor-version":[{"id":759,"href":"https:\/\/www.naturparkmagazin.de\/schwaebisch-fraenkischer-wald\/wp-json\/wp\/v2\/posts\/758\/revisions\/759"}],"wp:featuredmedia":[{"embeddable":true,"href":"https:\/\/www.naturparkmagazin.de\/schwaebisch-fraenkischer-wald\/wp-json\/wp\/v2\/media\/663"}],"wp:attachment":[{"href":"https:\/\/www.naturparkmagazin.de\/schwaebisch-fraenkischer-wald\/wp-json\/wp\/v2\/media?parent=758"}],"wp:term":[{"taxonomy":"category","embeddable":true,"href":"https:\/\/www.naturparkmagazin.de\/schwaebisch-fraenkischer-wald\/wp-json\/wp\/v2\/categories?post=758"},{"taxonomy":"post_tag","embeddable":true,"href":"https:\/\/www.naturparkmagazin.de\/schwaebisch-fraenkischer-wald\/wp-json\/wp\/v2\/tags?post=758"}],"curies":[{"name":"wp","href":"https:\/\/api.w.org\/{rel}","templated":true}]}}