{"id":7602,"date":"2019-03-18T14:37:44","date_gmt":"2019-03-18T13:37:44","guid":{"rendered":"https:\/\/www.naturparkmagazin.de\/schwaebisch-fraenkischer-wald\/?p=7602"},"modified":"2019-03-21T14:42:45","modified_gmt":"2019-03-21T13:42:45","slug":"mit-naturparkfuehrern-auf-der-suche-nach-den-ersten-fruehlingsboten","status":"publish","type":"post","link":"https:\/\/www.naturparkmagazin.de\/schwaebisch-fraenkischer-wald\/mit-naturparkfuehrern-auf-der-suche-nach-den-ersten-fruehlingsboten\/","title":{"rendered":"Mit Naturparkf\u00fchrern auf der Suche nach den ersten Fr\u00fchlingsboten"},"content":{"rendered":"<p>Die w\u00e4rmer werdenden Sonnenstrahlen kitzeln Menschen, Tiere und Pflanzen an der Nase.<\/p>\n<div id=\"attachment_7603\" style=\"width: 510px\" class=\"wp-caption alignright\"><a href=\"https:\/\/www.naturparkmagazin.de\/schwaebisch-fraenkischer-wald\/wp-content\/uploads\/sites\/34\/190320_BILD_Fruehling_Kuehnle.jpg\"><img aria-describedby=\"caption-attachment-7603\" decoding=\"async\" loading=\"lazy\" class=\"size-full wp-image-7603\" src=\"https:\/\/www.naturparkmagazin.de\/schwaebisch-fraenkischer-wald\/wp-content\/uploads\/sites\/34\/190320_BILD_Fruehling_Kuehnle.jpg\" alt=\"Mit Naturparkf\u00fchrern auf der Suche nach Fr\u00fchlingsboten \" width=\"500\" height=\"300\" srcset=\"https:\/\/www.naturparkmagazin.de\/schwaebisch-fraenkischer-wald\/wp-content\/uploads\/sites\/34\/190320_BILD_Fruehling_Kuehnle.jpg 500w, https:\/\/www.naturparkmagazin.de\/schwaebisch-fraenkischer-wald\/wp-content\/uploads\/sites\/34\/190320_BILD_Fruehling_Kuehnle-300x180.jpg 300w, https:\/\/www.naturparkmagazin.de\/schwaebisch-fraenkischer-wald\/wp-content\/uploads\/sites\/34\/190320_BILD_Fruehling_Kuehnle-200x120.jpg 200w\" sizes=\"(max-width: 500px) 100vw, 500px\" \/><\/a><p id=\"caption-attachment-7603\" class=\"wp-caption-text\">Mit Naturparkf\u00fchrern auf der Suche nach Fr\u00fchlingsboten<\/p><\/div>\n<p>Alle zieht es nun hinaus in die frische Fr\u00fchlingsluft. Die Naturparkf\u00fchrer des Schw\u00e4bisch-Fr\u00e4nkischen Waldes laden ein sich gemeinsam auf die Suche nach den ersten Fr\u00fchjahrsboten zu machen und diese willkommen zu hei\u00dfen.<\/p>\n<p>Welcher Vogel zwitschert da und was bl\u00fcht dort am Wegesrand? Manches von dem frischen Gr\u00fcn ist sogar essbar und kann verkostet werden. Diese und viele weitere interessante Details geben die Naturparkf\u00fchrer auf ihren kurzweiligen Wanderungen weiter. Z.B. beim \u201eNaturgucker-Streifzug\u201c jeden ersten Freitagabend im Monat. Auch die Jahresfeste wie z.B. Ostern oder die Walpurgisnacht sind im Programm der Naturparkf\u00fchrer mit besonderen Veranstaltungen ber\u00fccksichtigt. F\u00fcr sportlich Ambitionierte werden Distanz-Wanderungen und -Mountenbiketouren geboten. Als Highlight gilt hier die 23,99-Stunden-Wanderung \u201eSchlaflos im\u00a0 Schw\u00e4bischen Wald\u201c (31.05.19). Au\u00dferdem gibt es Veranstaltungen speziell f\u00fcr Familien und Kinder, wie z.B. das \u201eAbenteuer Wildnis \u2013 Kids-Camp\u201c (15.-18.4.19) oder die \u201eR\u00e4uberwanderung zur Mordsklinge mit Schatzsuche\u201c (01.05.19).<\/p>\n<p>Etliche Touren sind auch f\u00fcr Menschen mit Geheinschr\u00e4nkungen ausgelegt, z.B. am 19.05.19 am Breitenauer See. Dies ist nur ein kleiner Auszug aus dem abwechslungsreichen Veranstaltungsprogramm der Naturparkf\u00fchrer Schw\u00e4bisch-Fr\u00e4nkischer Wald. Diese und viele weitere Termine finden sich in der \u201eNaturpark aktiv\u201c-Brosch\u00fcre und auf <a href=\"http:\/\/www.die-naturparkfuehrer.de\" target=\"_blank\">www.die-naturparkfuehrer.de<\/a><\/p>\n","protected":false},"excerpt":{"rendered":"<p>Den Naturpark aktiv mit den Naturparkf\u00fchrern erleben<\/p>\n","protected":false},"author":25,"featured_media":7604,"comment_status":"open","ping_status":"open","sticky":false,"template":"","format":"standard","meta":[],"categories":[617],"tags":[1253],"yoast_head":"<!-- This site is optimized with the Yoast SEO plugin v19.10 - https:\/\/yoast.com\/wordpress\/plugins\/seo\/ -->\n<title>Mit Naturparkf\u00fchrern auf der Suche nach den ersten Fr\u00fchlingsboten - Naturpark Schw\u00e4bisch-Fr\u00e4nkischer Wald<\/title>\n<meta name=\"robots\" content=\"index, follow, max-snippet:-1, max-image-preview:large, max-video-preview:-1\" \/>\n<link rel=\"canonical\" href=\"https:\/\/www.naturparkmagazin.de\/schwaebisch-fraenkischer-wald\/mit-naturparkfuehrern-auf-der-suche-nach-den-ersten-fruehlingsboten\/\" \/>\n<meta property=\"og:locale\" content=\"de_DE\" \/>\n<meta property=\"og:type\" content=\"article\" \/>\n<meta property=\"og:title\" content=\"Mit Naturparkf\u00fchrern auf der Suche nach den ersten Fr\u00fchlingsboten - Naturpark Schw\u00e4bisch-Fr\u00e4nkischer Wald\" \/>\n<meta property=\"og:description\" content=\"Den Naturpark aktiv mit den Naturparkf\u00fchrern erleben\" \/>\n<meta property=\"og:url\" content=\"https:\/\/www.naturparkmagazin.de\/schwaebisch-fraenkischer-wald\/mit-naturparkfuehrern-auf-der-suche-nach-den-ersten-fruehlingsboten\/\" \/>\n<meta property=\"og:site_name\" content=\"Naturpark Schw\u00e4bisch-Fr\u00e4nkischer Wald\" \/>\n<meta property=\"article:author\" content=\"https:\/\/www.facebook.com\/naturparkSFW\" \/>\n<meta property=\"article:published_time\" content=\"2019-03-18T13:37:44+00:00\" \/>\n<meta property=\"article:modified_time\" content=\"2019-03-21T13:42:45+00:00\" \/>\n<meta property=\"og:image\" content=\"https:\/\/www.naturparkmagazin.de\/schwaebisch-fraenkischer-wald\/wp-content\/uploads\/sites\/34\/190320_BILD_Fruehling_Kuehnle1.jpg\" \/>\n\t<meta property=\"og:image:width\" content=\"200\" \/>\n\t<meta property=\"og:image:height\" content=\"200\" \/>\n\t<meta property=\"og:image:type\" content=\"image\/jpeg\" \/>\n<meta name=\"author\" content=\"Naturpark-Team\" \/>\n<meta name=\"twitter:label1\" content=\"Verfasst von\" \/>\n\t<meta name=\"twitter:data1\" content=\"Naturpark-Team\" \/>\n\t<meta name=\"twitter:label2\" content=\"Gesch\u00e4tzte Lesezeit\" \/>\n\t<meta name=\"twitter:data2\" content=\"1\u00a0Minute\" \/>\n<script type=\"application\/ld+json\" class=\"yoast-schema-graph\">{\"@context\":\"https:\/\/schema.org\",\"@graph\":[{\"@type\":\"WebPage\",\"@id\":\"https:\/\/www.naturparkmagazin.de\/schwaebisch-fraenkischer-wald\/mit-naturparkfuehrern-auf-der-suche-nach-den-ersten-fruehlingsboten\/\",\"url\":\"https:\/\/www.naturparkmagazin.de\/schwaebisch-fraenkischer-wald\/mit-naturparkfuehrern-auf-der-suche-nach-den-ersten-fruehlingsboten\/\",\"name\":\"Mit Naturparkf\u00fchrern auf der Suche nach den ersten Fr\u00fchlingsboten - Naturpark Schw\u00e4bisch-Fr\u00e4nkischer Wald\",\"isPartOf\":{\"@id\":\"https:\/\/www.naturparkmagazin.de\/schwaebisch-fraenkischer-wald\/#website\"},\"datePublished\":\"2019-03-18T13:37:44+00:00\",\"dateModified\":\"2019-03-21T13:42:45+00:00\",\"author\":{\"@id\":\"https:\/\/www.naturparkmagazin.de\/schwaebisch-fraenkischer-wald\/#\/schema\/person\/f047a3702ae747fd7830cf8ac95e6066\"},\"breadcrumb\":{\"@id\":\"https:\/\/www.naturparkmagazin.de\/schwaebisch-fraenkischer-wald\/mit-naturparkfuehrern-auf-der-suche-nach-den-ersten-fruehlingsboten\/#breadcrumb\"},\"inLanguage\":\"de\",\"potentialAction\":[{\"@type\":\"ReadAction\",\"target\":[\"https:\/\/www.naturparkmagazin.de\/schwaebisch-fraenkischer-wald\/mit-naturparkfuehrern-auf-der-suche-nach-den-ersten-fruehlingsboten\/\"]}]},{\"@type\":\"BreadcrumbList\",\"@id\":\"https:\/\/www.naturparkmagazin.de\/schwaebisch-fraenkischer-wald\/mit-naturparkfuehrern-auf-der-suche-nach-den-ersten-fruehlingsboten\/#breadcrumb\",\"itemListElement\":[{\"@type\":\"ListItem\",\"position\":1,\"name\":\"Home\",\"item\":\"https:\/\/www.naturparkmagazin.de\/schwaebisch-fraenkischer-wald\/\"},{\"@type\":\"ListItem\",\"position\":2,\"name\":\"Mit Naturparkf\u00fchrern auf der Suche nach den ersten Fr\u00fchlingsboten\"}]},{\"@type\":\"WebSite\",\"@id\":\"https:\/\/www.naturparkmagazin.de\/schwaebisch-fraenkischer-wald\/#website\",\"url\":\"https:\/\/www.naturparkmagazin.de\/schwaebisch-fraenkischer-wald\/\",\"name\":\"Naturpark Schw\u00e4bisch-Fr\u00e4nkischer Wald\",\"description\":\"\",\"potentialAction\":[{\"@type\":\"SearchAction\",\"target\":{\"@type\":\"EntryPoint\",\"urlTemplate\":\"https:\/\/www.naturparkmagazin.de\/schwaebisch-fraenkischer-wald\/?s={search_term_string}\"},\"query-input\":\"required name=search_term_string\"}],\"inLanguage\":\"de\"},{\"@type\":\"Person\",\"@id\":\"https:\/\/www.naturparkmagazin.de\/schwaebisch-fraenkischer-wald\/#\/schema\/person\/f047a3702ae747fd7830cf8ac95e6066\",\"name\":\"Naturpark-Team\",\"sameAs\":[\"http:\/\/www.naturpark-sfw.de\",\"https:\/\/www.facebook.com\/naturparkSFW\"],\"url\":\"https:\/\/www.naturparkmagazin.de\/schwaebisch-fraenkischer-wald\/author\/bernharddrixler\/\"}]}<\/script>\n<!-- \/ Yoast SEO plugin. -->","yoast_head_json":{"title":"Mit Naturparkf\u00fchrern auf der Suche nach den ersten Fr\u00fchlingsboten - Naturpark Schw\u00e4bisch-Fr\u00e4nkischer Wald","robots":{"index":"index","follow":"follow","max-snippet":"max-snippet:-1","max-image-preview":"max-image-preview:large","max-video-preview":"max-video-preview:-1"},"canonical":"https:\/\/www.naturparkmagazin.de\/schwaebisch-fraenkischer-wald\/mit-naturparkfuehrern-auf-der-suche-nach-den-ersten-fruehlingsboten\/","og_locale":"de_DE","og_type":"article","og_title":"Mit Naturparkf\u00fchrern auf der Suche nach den ersten Fr\u00fchlingsboten - Naturpark Schw\u00e4bisch-Fr\u00e4nkischer Wald","og_description":"Den Naturpark aktiv mit den Naturparkf\u00fchrern erleben","og_url":"https:\/\/www.naturparkmagazin.de\/schwaebisch-fraenkischer-wald\/mit-naturparkfuehrern-auf-der-suche-nach-den-ersten-fruehlingsboten\/","og_site_name":"Naturpark Schw\u00e4bisch-Fr\u00e4nkischer Wald","article_author":"https:\/\/www.facebook.com\/naturparkSFW","article_published_time":"2019-03-18T13:37:44+00:00","article_modified_time":"2019-03-21T13:42:45+00:00","og_image":[{"width":200,"height":200,"url":"https:\/\/www.naturparkmagazin.de\/schwaebisch-fraenkischer-wald\/wp-content\/uploads\/sites\/34\/190320_BILD_Fruehling_Kuehnle1.jpg","type":"image\/jpeg"}],"author":"Naturpark-Team","twitter_misc":{"Verfasst von":"Naturpark-Team","Gesch\u00e4tzte Lesezeit":"1\u00a0Minute"},"schema":{"@context":"https:\/\/schema.org","@graph":[{"@type":"WebPage","@id":"https:\/\/www.naturparkmagazin.de\/schwaebisch-fraenkischer-wald\/mit-naturparkfuehrern-auf-der-suche-nach-den-ersten-fruehlingsboten\/","url":"https:\/\/www.naturparkmagazin.de\/schwaebisch-fraenkischer-wald\/mit-naturparkfuehrern-auf-der-suche-nach-den-ersten-fruehlingsboten\/","name":"Mit Naturparkf\u00fchrern auf der Suche nach den ersten Fr\u00fchlingsboten - Naturpark Schw\u00e4bisch-Fr\u00e4nkischer Wald","isPartOf":{"@id":"https:\/\/www.naturparkmagazin.de\/schwaebisch-fraenkischer-wald\/#website"},"datePublished":"2019-03-18T13:37:44+00:00","dateModified":"2019-03-21T13:42:45+00:00","author":{"@id":"https:\/\/www.naturparkmagazin.de\/schwaebisch-fraenkischer-wald\/#\/schema\/person\/f047a3702ae747fd7830cf8ac95e6066"},"breadcrumb":{"@id":"https:\/\/www.naturparkmagazin.de\/schwaebisch-fraenkischer-wald\/mit-naturparkfuehrern-auf-der-suche-nach-den-ersten-fruehlingsboten\/#breadcrumb"},"inLanguage":"de","potentialAction":[{"@type":"ReadAction","target":["https:\/\/www.naturparkmagazin.de\/schwaebisch-fraenkischer-wald\/mit-naturparkfuehrern-auf-der-suche-nach-den-ersten-fruehlingsboten\/"]}]},{"@type":"BreadcrumbList","@id":"https:\/\/www.naturparkmagazin.de\/schwaebisch-fraenkischer-wald\/mit-naturparkfuehrern-auf-der-suche-nach-den-ersten-fruehlingsboten\/#breadcrumb","itemListElement":[{"@type":"ListItem","position":1,"name":"Home","item":"https:\/\/www.naturparkmagazin.de\/schwaebisch-fraenkischer-wald\/"},{"@type":"ListItem","position":2,"name":"Mit Naturparkf\u00fchrern auf der Suche nach den ersten Fr\u00fchlingsboten"}]},{"@type":"WebSite","@id":"https:\/\/www.naturparkmagazin.de\/schwaebisch-fraenkischer-wald\/#website","url":"https:\/\/www.naturparkmagazin.de\/schwaebisch-fraenkischer-wald\/","name":"Naturpark Schw\u00e4bisch-Fr\u00e4nkischer Wald","description":"","potentialAction":[{"@type":"SearchAction","target":{"@type":"EntryPoint","urlTemplate":"https:\/\/www.naturparkmagazin.de\/schwaebisch-fraenkischer-wald\/?s={search_term_string}"},"query-input":"required name=search_term_string"}],"inLanguage":"de"},{"@type":"Person","@id":"https:\/\/www.naturparkmagazin.de\/schwaebisch-fraenkischer-wald\/#\/schema\/person\/f047a3702ae747fd7830cf8ac95e6066","name":"Naturpark-Team","sameAs":["http:\/\/www.naturpark-sfw.de","https:\/\/www.facebook.com\/naturparkSFW"],"url":"https:\/\/www.naturparkmagazin.de\/schwaebisch-fraenkischer-wald\/author\/bernharddrixler\/"}]}},"_links":{"self":[{"href":"https:\/\/www.naturparkmagazin.de\/schwaebisch-fraenkischer-wald\/wp-json\/wp\/v2\/posts\/7602"}],"collection":[{"href":"https:\/\/www.naturparkmagazin.de\/schwaebisch-fraenkischer-wald\/wp-json\/wp\/v2\/posts"}],"about":[{"href":"https:\/\/www.naturparkmagazin.de\/schwaebisch-fraenkischer-wald\/wp-json\/wp\/v2\/types\/post"}],"author":[{"embeddable":true,"href":"https:\/\/www.naturparkmagazin.de\/schwaebisch-fraenkischer-wald\/wp-json\/wp\/v2\/users\/25"}],"replies":[{"embeddable":true,"href":"https:\/\/www.naturparkmagazin.de\/schwaebisch-fraenkischer-wald\/wp-json\/wp\/v2\/comments?post=7602"}],"version-history":[{"count":1,"href":"https:\/\/www.naturparkmagazin.de\/schwaebisch-fraenkischer-wald\/wp-json\/wp\/v2\/posts\/7602\/revisions"}],"predecessor-version":[{"id":7605,"href":"https:\/\/www.naturparkmagazin.de\/schwaebisch-fraenkischer-wald\/wp-json\/wp\/v2\/posts\/7602\/revisions\/7605"}],"wp:featuredmedia":[{"embeddable":true,"href":"https:\/\/www.naturparkmagazin.de\/schwaebisch-fraenkischer-wald\/wp-json\/wp\/v2\/media\/7604"}],"wp:attachment":[{"href":"https:\/\/www.naturparkmagazin.de\/schwaebisch-fraenkischer-wald\/wp-json\/wp\/v2\/media?parent=7602"}],"wp:term":[{"taxonomy":"category","embeddable":true,"href":"https:\/\/www.naturparkmagazin.de\/schwaebisch-fraenkischer-wald\/wp-json\/wp\/v2\/categories?post=7602"},{"taxonomy":"post_tag","embeddable":true,"href":"https:\/\/www.naturparkmagazin.de\/schwaebisch-fraenkischer-wald\/wp-json\/wp\/v2\/tags?post=7602"}],"curies":[{"name":"wp","href":"https:\/\/api.w.org\/{rel}","templated":true}]}}