{"id":7650,"date":"2019-04-12T10:46:59","date_gmt":"2019-04-12T08:46:59","guid":{"rendered":"https:\/\/www.naturparkmagazin.de\/schwaebisch-fraenkischer-wald\/?p=7650"},"modified":"2019-04-18T10:53:34","modified_gmt":"2019-04-18T08:53:34","slug":"warum-blueht-es-denn-da","status":"publish","type":"post","link":"https:\/\/www.naturparkmagazin.de\/schwaebisch-fraenkischer-wald\/warum-blueht-es-denn-da\/","title":{"rendered":"Warum bl\u00fcht es denn da?"},"content":{"rendered":"<p><strong>Gemeinden auf dem Weg zum \u201eBl\u00fchenden Naturpark\u201c Schw\u00e4bisch-Fr\u00e4nkischer Wald <\/strong><\/p>\n<p><a href=\"https:\/\/www.naturparkmagazin.de\/schwaebisch-fraenkischer-wald\/wp-content\/uploads\/sites\/34\/180925_Bluehender_NP_SFW_k.jpg\"><img decoding=\"async\" loading=\"lazy\" class=\"size-full wp-image-7651\" src=\"https:\/\/www.naturparkmagazin.de\/schwaebisch-fraenkischer-wald\/wp-content\/uploads\/sites\/34\/180925_Bluehender_NP_SFW_k.jpg\" alt=\"Gemeinden auf dem Weg zum \u201eBl\u00fchenden Naturpark\u201c Schw\u00e4-bisch-Fr\u00e4nkischer Wald \" width=\"500\" height=\"300\" srcset=\"https:\/\/www.naturparkmagazin.de\/schwaebisch-fraenkischer-wald\/wp-content\/uploads\/sites\/34\/180925_Bluehender_NP_SFW_k.jpg 500w, https:\/\/www.naturparkmagazin.de\/schwaebisch-fraenkischer-wald\/wp-content\/uploads\/sites\/34\/180925_Bluehender_NP_SFW_k-300x180.jpg 300w, https:\/\/www.naturparkmagazin.de\/schwaebisch-fraenkischer-wald\/wp-content\/uploads\/sites\/34\/180925_Bluehender_NP_SFW_k-200x120.jpg 200w\" sizes=\"(max-width: 500px) 100vw, 500px\" \/><\/a><\/p>\n<p>Der weltweite R\u00fcckgang von Insekten macht auch vor unserer Region nicht halt. Es sind verschiedene Faktoren, die f\u00fcr den R\u00fcckgang von Wildbienen, Schmetterlingen, Schwebfliegen und Co. verantwortlich sind. Ein Aspekt ist, dass unsere heimische Insektenwelt an bestimmte Pflanzenarten angepasst sind \u2013 und diese Artenvielfalt nimmt in unserer Landschaft immer weiter ab. F\u00fcr alle best\u00e4ubenden Insekten ist ein ausreichendes Angebot an Nektar und Pollen vom Fr\u00fchjahr bis in den Herbst hinein jedoch lebensnotwendig. Wenn Wildblumenwiesen, bl\u00fchende Str\u00e4ucher und Gartenstauden sowie Ackerwildkr\u00e4uter immer weniger werden, finden Insekten zu wenig Futter.<\/p>\n<p>Um die Artenvielfalt in unserer Region zu erh\u00f6hen und um dem fortschreitenden Insektensterben ein St\u00fcck entgegenzuwirken, wurde das landesweite Projekt \u201eBl\u00fchende Naturparke Baden-W\u00fcrttemberg\u201c ins Leben gerufen. Gef\u00f6rdert wird das Projekt mit Mitteln aus dem Sonderprogramm des Landes Baden-W\u00fcrttemberg zur St\u00e4rkung der biologischen Vielfalt mit dem Ziel, durch die Anlage von Wildblumenwiesen ganzj\u00e4hrig Lebensraum und ein vielf\u00e4ltiges Nahrungsangebot f\u00fcr Insekten zu schaffen. Im Gegensatz zu Honigbienen fliegen viele Wildbienenarten keine weiten Strecken. Daher kommt es nicht so sehr auf die Gr\u00f6\u00dfe der einzelnen Fl\u00e4che an, sondern auf ein m\u00f6glichst dichtes Netz an Wildblumenstandorten, um auch die Ausbreitung der Insekten zu unterst\u00fctzen. Ein wichtiger Aspekt dabei ist die richtige Fl\u00e4chenpflege.<\/p>\n<p>Wie sich naturnahe Wildblumenwiesen am besten entwickeln und wie die Pflege von Schmetterlings- und Wildbienens\u00e4umen aussieht wird im Naturpark Schw\u00e4bisch-Fr\u00e4nkischer Wald im Rahmen eines Bauhoftrainings gelehrt. In den Seminaren des Bauhoftrainings, begleitet durch die Diplom-Biologen Karin und Martin Wei\u00df aus Kirchheim \/ Ries, werden die Mitarbeiterinnen und Mitarbeiter der kommunalen Bauh\u00f6fe in der Anlage und Pflege von naturnahen, \u00f6ffentlichen Gr\u00fcnfl\u00e4chen geschult und beraten. Auf \u201eEh da\u201c-Fl\u00e4chen in den Teilnehmergemeinden, etwa entlang von Rad- und Fu\u00dfwegen, auf Verkehrskreiseln oder gemeindeeigenem Gr\u00fcnland, soll mit gebietsheimischem Saatgut die Vielfalt nachhaltig und langfristig erh\u00f6ht werden.<\/p>\n<p>Doch nicht nur f\u00fcr die Bauh\u00f6fe \u00e4ndert sich durch den Bl\u00fchenden Naturpark das Pflegemanagement, auch f\u00fcr die Bev\u00f6lkerung wird es zun\u00e4chst eine Umstellung f\u00fcr die Augen sein. Hier gilt: Geduld haben, der Natur eine Chance geben sich zu entfalten und offen f\u00fcr eine neue \u00c4sthetik sein, denn Wachstum braucht Zeit!<\/p>\n<p>Zum 40-j\u00e4hrigen Jubil\u00e4um des Naturparks in diesem Jahr werden die ersten Wildblumenwiesen in den teilnehmenden Naturparkgemeinden zu sehen sein. 15 Naturparkkommunen beteiligen sich seit Herbst 2017 am Bl\u00fchenden Naturpark: Michelfeld, Michelbach a. d. Bilz, Gro\u00dferlach, Sulzbach a. d. Murr, Oppenweiler, Backnang, Alth\u00fctte, Kaisersbach, Welzheim, Alfdorf, Pl\u00fcderhausen, Lorch, Berglen, Abtsgm\u00fcnd und Adelmannsfelden. Im Herbst 2018 sind weitere Kommunen in das Projekt mit eingestiegen: Rosengarten, Gaildorf, Rudersberg, Auenwald, W\u00fcstenrot und Mainhardt.<\/p>\n<p>Der gew\u00e4hlte Ansatz, die Bauh\u00f6fe von Beginn an in die Umsetzung zu integrieren, beruht auf dem landesweiten NABU-Projekt \u201eNatur nah dran\u201c. Hier k\u00f6nnen sich auch Kommunen au\u00dferhalb des Naturparks um eine F\u00f6rderung zur Entwicklung naturnaher Gr\u00fcnfl\u00e4chen bewerben: www.naturnahdran.de.<\/p>\n<p>Das Bauhoftraining im Naturpark wird mit Mitteln des Landes Baden-W\u00fcrttemberg und der Lotterie Gl\u00fccksspirale gef\u00f6rdert.<\/p>\n","protected":false},"excerpt":{"rendered":"<p>Geduld haben, der Natur eine Chance geben sich zu entfalten und offen f\u00fcr eine neue \u00c4sthetik sein, denn Wachstum braucht Zeit!<\/p>\n","protected":false},"author":25,"featured_media":7652,"comment_status":"open","ping_status":"open","sticky":false,"template":"","format":"standard","meta":[],"categories":[8],"tags":[1253],"yoast_head":"<!-- This site is optimized with the Yoast SEO plugin v19.10 - https:\/\/yoast.com\/wordpress\/plugins\/seo\/ -->\n<title>Warum bl\u00fcht es denn da? - Naturpark Schw\u00e4bisch-Fr\u00e4nkischer Wald<\/title>\n<meta name=\"robots\" content=\"index, follow, max-snippet:-1, max-image-preview:large, max-video-preview:-1\" \/>\n<link rel=\"canonical\" href=\"https:\/\/www.naturparkmagazin.de\/schwaebisch-fraenkischer-wald\/warum-blueht-es-denn-da\/\" \/>\n<meta property=\"og:locale\" content=\"de_DE\" \/>\n<meta property=\"og:type\" content=\"article\" \/>\n<meta property=\"og:title\" content=\"Warum bl\u00fcht es denn da? - Naturpark Schw\u00e4bisch-Fr\u00e4nkischer Wald\" \/>\n<meta property=\"og:description\" content=\"Geduld haben, der Natur eine Chance geben sich zu entfalten und offen f\u00fcr eine neue \u00c4sthetik sein, denn Wachstum braucht Zeit!\" \/>\n<meta property=\"og:url\" content=\"https:\/\/www.naturparkmagazin.de\/schwaebisch-fraenkischer-wald\/warum-blueht-es-denn-da\/\" \/>\n<meta property=\"og:site_name\" content=\"Naturpark Schw\u00e4bisch-Fr\u00e4nkischer Wald\" \/>\n<meta property=\"article:author\" content=\"https:\/\/www.facebook.com\/naturparkSFW\" \/>\n<meta property=\"article:published_time\" content=\"2019-04-12T08:46:59+00:00\" \/>\n<meta property=\"article:modified_time\" content=\"2019-04-18T08:53:34+00:00\" \/>\n<meta property=\"og:image\" content=\"https:\/\/www.naturparkmagazin.de\/schwaebisch-fraenkischer-wald\/wp-content\/uploads\/sites\/34\/180925_Bluehender_NP_SFW_k1.jpg\" \/>\n\t<meta property=\"og:image:width\" content=\"200\" \/>\n\t<meta property=\"og:image:height\" content=\"200\" \/>\n\t<meta property=\"og:image:type\" content=\"image\/jpeg\" \/>\n<meta name=\"author\" content=\"Naturpark-Team\" \/>\n<meta name=\"twitter:label1\" content=\"Verfasst von\" \/>\n\t<meta name=\"twitter:data1\" content=\"Naturpark-Team\" \/>\n\t<meta name=\"twitter:label2\" content=\"Gesch\u00e4tzte Lesezeit\" \/>\n\t<meta name=\"twitter:data2\" content=\"3\u00a0Minuten\" \/>\n<script type=\"application\/ld+json\" class=\"yoast-schema-graph\">{\"@context\":\"https:\/\/schema.org\",\"@graph\":[{\"@type\":\"WebPage\",\"@id\":\"https:\/\/www.naturparkmagazin.de\/schwaebisch-fraenkischer-wald\/warum-blueht-es-denn-da\/\",\"url\":\"https:\/\/www.naturparkmagazin.de\/schwaebisch-fraenkischer-wald\/warum-blueht-es-denn-da\/\",\"name\":\"Warum bl\u00fcht es denn da? - Naturpark Schw\u00e4bisch-Fr\u00e4nkischer Wald\",\"isPartOf\":{\"@id\":\"https:\/\/www.naturparkmagazin.de\/schwaebisch-fraenkischer-wald\/#website\"},\"datePublished\":\"2019-04-12T08:46:59+00:00\",\"dateModified\":\"2019-04-18T08:53:34+00:00\",\"author\":{\"@id\":\"https:\/\/www.naturparkmagazin.de\/schwaebisch-fraenkischer-wald\/#\/schema\/person\/f047a3702ae747fd7830cf8ac95e6066\"},\"breadcrumb\":{\"@id\":\"https:\/\/www.naturparkmagazin.de\/schwaebisch-fraenkischer-wald\/warum-blueht-es-denn-da\/#breadcrumb\"},\"inLanguage\":\"de\",\"potentialAction\":[{\"@type\":\"ReadAction\",\"target\":[\"https:\/\/www.naturparkmagazin.de\/schwaebisch-fraenkischer-wald\/warum-blueht-es-denn-da\/\"]}]},{\"@type\":\"BreadcrumbList\",\"@id\":\"https:\/\/www.naturparkmagazin.de\/schwaebisch-fraenkischer-wald\/warum-blueht-es-denn-da\/#breadcrumb\",\"itemListElement\":[{\"@type\":\"ListItem\",\"position\":1,\"name\":\"Home\",\"item\":\"https:\/\/www.naturparkmagazin.de\/schwaebisch-fraenkischer-wald\/\"},{\"@type\":\"ListItem\",\"position\":2,\"name\":\"Warum bl\u00fcht es denn da?\"}]},{\"@type\":\"WebSite\",\"@id\":\"https:\/\/www.naturparkmagazin.de\/schwaebisch-fraenkischer-wald\/#website\",\"url\":\"https:\/\/www.naturparkmagazin.de\/schwaebisch-fraenkischer-wald\/\",\"name\":\"Naturpark Schw\u00e4bisch-Fr\u00e4nkischer Wald\",\"description\":\"\",\"potentialAction\":[{\"@type\":\"SearchAction\",\"target\":{\"@type\":\"EntryPoint\",\"urlTemplate\":\"https:\/\/www.naturparkmagazin.de\/schwaebisch-fraenkischer-wald\/?s={search_term_string}\"},\"query-input\":\"required name=search_term_string\"}],\"inLanguage\":\"de\"},{\"@type\":\"Person\",\"@id\":\"https:\/\/www.naturparkmagazin.de\/schwaebisch-fraenkischer-wald\/#\/schema\/person\/f047a3702ae747fd7830cf8ac95e6066\",\"name\":\"Naturpark-Team\",\"sameAs\":[\"http:\/\/www.naturpark-sfw.de\",\"https:\/\/www.facebook.com\/naturparkSFW\"],\"url\":\"https:\/\/www.naturparkmagazin.de\/schwaebisch-fraenkischer-wald\/author\/bernharddrixler\/\"}]}<\/script>\n<!-- \/ Yoast SEO plugin. -->","yoast_head_json":{"title":"Warum bl\u00fcht es denn da? - Naturpark Schw\u00e4bisch-Fr\u00e4nkischer Wald","robots":{"index":"index","follow":"follow","max-snippet":"max-snippet:-1","max-image-preview":"max-image-preview:large","max-video-preview":"max-video-preview:-1"},"canonical":"https:\/\/www.naturparkmagazin.de\/schwaebisch-fraenkischer-wald\/warum-blueht-es-denn-da\/","og_locale":"de_DE","og_type":"article","og_title":"Warum bl\u00fcht es denn da? - Naturpark Schw\u00e4bisch-Fr\u00e4nkischer Wald","og_description":"Geduld haben, der Natur eine Chance geben sich zu entfalten und offen f\u00fcr eine neue \u00c4sthetik sein, denn Wachstum braucht Zeit!","og_url":"https:\/\/www.naturparkmagazin.de\/schwaebisch-fraenkischer-wald\/warum-blueht-es-denn-da\/","og_site_name":"Naturpark Schw\u00e4bisch-Fr\u00e4nkischer Wald","article_author":"https:\/\/www.facebook.com\/naturparkSFW","article_published_time":"2019-04-12T08:46:59+00:00","article_modified_time":"2019-04-18T08:53:34+00:00","og_image":[{"width":200,"height":200,"url":"https:\/\/www.naturparkmagazin.de\/schwaebisch-fraenkischer-wald\/wp-content\/uploads\/sites\/34\/180925_Bluehender_NP_SFW_k1.jpg","type":"image\/jpeg"}],"author":"Naturpark-Team","twitter_misc":{"Verfasst von":"Naturpark-Team","Gesch\u00e4tzte Lesezeit":"3\u00a0Minuten"},"schema":{"@context":"https:\/\/schema.org","@graph":[{"@type":"WebPage","@id":"https:\/\/www.naturparkmagazin.de\/schwaebisch-fraenkischer-wald\/warum-blueht-es-denn-da\/","url":"https:\/\/www.naturparkmagazin.de\/schwaebisch-fraenkischer-wald\/warum-blueht-es-denn-da\/","name":"Warum bl\u00fcht es denn da? - Naturpark Schw\u00e4bisch-Fr\u00e4nkischer Wald","isPartOf":{"@id":"https:\/\/www.naturparkmagazin.de\/schwaebisch-fraenkischer-wald\/#website"},"datePublished":"2019-04-12T08:46:59+00:00","dateModified":"2019-04-18T08:53:34+00:00","author":{"@id":"https:\/\/www.naturparkmagazin.de\/schwaebisch-fraenkischer-wald\/#\/schema\/person\/f047a3702ae747fd7830cf8ac95e6066"},"breadcrumb":{"@id":"https:\/\/www.naturparkmagazin.de\/schwaebisch-fraenkischer-wald\/warum-blueht-es-denn-da\/#breadcrumb"},"inLanguage":"de","potentialAction":[{"@type":"ReadAction","target":["https:\/\/www.naturparkmagazin.de\/schwaebisch-fraenkischer-wald\/warum-blueht-es-denn-da\/"]}]},{"@type":"BreadcrumbList","@id":"https:\/\/www.naturparkmagazin.de\/schwaebisch-fraenkischer-wald\/warum-blueht-es-denn-da\/#breadcrumb","itemListElement":[{"@type":"ListItem","position":1,"name":"Home","item":"https:\/\/www.naturparkmagazin.de\/schwaebisch-fraenkischer-wald\/"},{"@type":"ListItem","position":2,"name":"Warum bl\u00fcht es denn da?"}]},{"@type":"WebSite","@id":"https:\/\/www.naturparkmagazin.de\/schwaebisch-fraenkischer-wald\/#website","url":"https:\/\/www.naturparkmagazin.de\/schwaebisch-fraenkischer-wald\/","name":"Naturpark Schw\u00e4bisch-Fr\u00e4nkischer Wald","description":"","potentialAction":[{"@type":"SearchAction","target":{"@type":"EntryPoint","urlTemplate":"https:\/\/www.naturparkmagazin.de\/schwaebisch-fraenkischer-wald\/?s={search_term_string}"},"query-input":"required name=search_term_string"}],"inLanguage":"de"},{"@type":"Person","@id":"https:\/\/www.naturparkmagazin.de\/schwaebisch-fraenkischer-wald\/#\/schema\/person\/f047a3702ae747fd7830cf8ac95e6066","name":"Naturpark-Team","sameAs":["http:\/\/www.naturpark-sfw.de","https:\/\/www.facebook.com\/naturparkSFW"],"url":"https:\/\/www.naturparkmagazin.de\/schwaebisch-fraenkischer-wald\/author\/bernharddrixler\/"}]}},"_links":{"self":[{"href":"https:\/\/www.naturparkmagazin.de\/schwaebisch-fraenkischer-wald\/wp-json\/wp\/v2\/posts\/7650"}],"collection":[{"href":"https:\/\/www.naturparkmagazin.de\/schwaebisch-fraenkischer-wald\/wp-json\/wp\/v2\/posts"}],"about":[{"href":"https:\/\/www.naturparkmagazin.de\/schwaebisch-fraenkischer-wald\/wp-json\/wp\/v2\/types\/post"}],"author":[{"embeddable":true,"href":"https:\/\/www.naturparkmagazin.de\/schwaebisch-fraenkischer-wald\/wp-json\/wp\/v2\/users\/25"}],"replies":[{"embeddable":true,"href":"https:\/\/www.naturparkmagazin.de\/schwaebisch-fraenkischer-wald\/wp-json\/wp\/v2\/comments?post=7650"}],"version-history":[{"count":3,"href":"https:\/\/www.naturparkmagazin.de\/schwaebisch-fraenkischer-wald\/wp-json\/wp\/v2\/posts\/7650\/revisions"}],"predecessor-version":[{"id":7655,"href":"https:\/\/www.naturparkmagazin.de\/schwaebisch-fraenkischer-wald\/wp-json\/wp\/v2\/posts\/7650\/revisions\/7655"}],"wp:featuredmedia":[{"embeddable":true,"href":"https:\/\/www.naturparkmagazin.de\/schwaebisch-fraenkischer-wald\/wp-json\/wp\/v2\/media\/7652"}],"wp:attachment":[{"href":"https:\/\/www.naturparkmagazin.de\/schwaebisch-fraenkischer-wald\/wp-json\/wp\/v2\/media?parent=7650"}],"wp:term":[{"taxonomy":"category","embeddable":true,"href":"https:\/\/www.naturparkmagazin.de\/schwaebisch-fraenkischer-wald\/wp-json\/wp\/v2\/categories?post=7650"},{"taxonomy":"post_tag","embeddable":true,"href":"https:\/\/www.naturparkmagazin.de\/schwaebisch-fraenkischer-wald\/wp-json\/wp\/v2\/tags?post=7650"}],"curies":[{"name":"wp","href":"https:\/\/api.w.org\/{rel}","templated":true}]}}