{"id":7658,"date":"2019-05-16T11:15:33","date_gmt":"2019-05-16T09:15:33","guid":{"rendered":"https:\/\/www.naturparkmagazin.de\/schwaebisch-fraenkischer-wald\/?p=7658"},"modified":"2019-06-05T08:10:12","modified_gmt":"2019-06-05T06:10:12","slug":"liebe-leserin-lieber-leser-64","status":"publish","type":"post","link":"https:\/\/www.naturparkmagazin.de\/schwaebisch-fraenkischer-wald\/liebe-leserin-lieber-leser-64\/","title":{"rendered":"Liebe Leserin, lieber Leser,"},"content":{"rendered":"<p>herzlich willkommen zum Juni-Newsletter des Naturparks Schw\u00e4bisch-Fr\u00e4nkischer Wald!<\/p>\n<p>In nahezu allen Lebensbereichen findet man heute Plastik: in Verpackungen, als Werkstoff vieler Alltagsgegenst\u00e4nde oder auch in der Kosmetikbranche. In den letzten Jahren wird immer deutlicher, welch gravierende Probleme f\u00fcr die Natur und auch f\u00fcr die Menschen daraus entstehen, dass Plastikabf\u00e4lle oder Mikroplastik in gro\u00dfer Menge in die Umwelt gelangen. Die Frage, wie man diese Entwicklung stoppen kann, hat sich darum zu einem der wichtigsten Themen im Natur- und Umweltbereich entwickelt und eine hohe Bedeutung in Politik und Gesellschaft erlangt.<\/p>\n<p>In dieser Ausgabe unseres Newsletters stellen wir Ihnen drei unserem Naturpark verbundene Unternehmen vor, die sich intensiv mit dem Thema des Lebens ohne, bzw. mit m\u00f6glichst wenig Plastik besch\u00e4ftigen. Au\u00dferdem haben wir nat\u00fcrlich wieder einen prall gef\u00fcllten Veranstaltungskalender f\u00fcr Sie zusammengestellt und auch die kulinarisch-k\u00fcnstlerische Seite des Naturparks gibt es zu Entdecken.<\/p>\n<p>Wir w\u00fcnschen Ihnen eine genussvolle Zeit und viel Spa\u00df beim Erkunden und Erleben des Naturparks &#8211; <em>online<\/em> und <em>offline<\/em>!<\/p>\n<p><strong>Bernhard Drixler, Lisa Funke und Laurel Kagels<\/strong>\n<strong>Naturparkteam Schw\u00e4bisch-Fr\u00e4nkischer Wald<\/strong><\/p>\n<p><em>Naturpark schmeckt! +++ Naturpark bl\u00fcht! +++ Naturpark klingt! +++ Naturpark bewegt! +++ Naturpark erz\u00e4hlt! +++ Naturpark feiert!<\/em><\/p>\n","protected":false},"excerpt":{"rendered":"<p>herzlich willkommen zum Juni-Newsletter des Naturparks Schw\u00e4bisch-Fr\u00e4nkischer Wald! In nahezu allen Lebensbereichen findet man heute Plastik: in Verpackungen, als Werkstoff vieler Alltagsgegenst\u00e4nde oder auch in der Kosmetikbranche. In den letzten Jahren wird immer deutlicher, welch gravierende Probleme f\u00fcr die Natur und auch f\u00fcr die Menschen daraus entstehen, dass Plastikabf\u00e4lle oder Mikroplastik in gro\u00dfer Menge in<\/p>\n","protected":false},"author":25,"featured_media":0,"comment_status":"open","ping_status":"open","sticky":false,"template":"","format":"standard","meta":[],"categories":[52],"tags":[1253],"yoast_head":"<!-- This site is optimized with the Yoast SEO plugin v19.10 - https:\/\/yoast.com\/wordpress\/plugins\/seo\/ -->\n<title>Liebe Leserin, lieber Leser, - Naturpark Schw\u00e4bisch-Fr\u00e4nkischer Wald<\/title>\n<meta name=\"robots\" content=\"index, follow, max-snippet:-1, max-image-preview:large, max-video-preview:-1\" \/>\n<link rel=\"canonical\" href=\"https:\/\/www.naturparkmagazin.de\/schwaebisch-fraenkischer-wald\/liebe-leserin-lieber-leser-64\/\" \/>\n<meta property=\"og:locale\" content=\"de_DE\" \/>\n<meta property=\"og:type\" content=\"article\" \/>\n<meta property=\"og:title\" content=\"Liebe Leserin, lieber Leser, - Naturpark Schw\u00e4bisch-Fr\u00e4nkischer Wald\" \/>\n<meta property=\"og:description\" content=\"herzlich willkommen zum Juni-Newsletter des Naturparks Schw\u00e4bisch-Fr\u00e4nkischer Wald! In nahezu allen Lebensbereichen findet man heute Plastik: in Verpackungen, als Werkstoff vieler Alltagsgegenst\u00e4nde oder auch in der Kosmetikbranche. In den letzten Jahren wird immer deutlicher, welch gravierende Probleme f\u00fcr die Natur und auch f\u00fcr die Menschen daraus entstehen, dass Plastikabf\u00e4lle oder Mikroplastik in gro\u00dfer Menge in\" \/>\n<meta property=\"og:url\" content=\"https:\/\/www.naturparkmagazin.de\/schwaebisch-fraenkischer-wald\/liebe-leserin-lieber-leser-64\/\" \/>\n<meta property=\"og:site_name\" content=\"Naturpark Schw\u00e4bisch-Fr\u00e4nkischer Wald\" \/>\n<meta property=\"article:author\" content=\"https:\/\/www.facebook.com\/naturparkSFW\" \/>\n<meta property=\"article:published_time\" content=\"2019-05-16T09:15:33+00:00\" \/>\n<meta property=\"article:modified_time\" content=\"2019-06-05T06:10:12+00:00\" \/>\n<meta name=\"author\" content=\"Naturpark-Team\" \/>\n<meta name=\"twitter:label1\" content=\"Verfasst von\" \/>\n\t<meta name=\"twitter:data1\" content=\"Naturpark-Team\" \/>\n\t<meta name=\"twitter:label2\" content=\"Gesch\u00e4tzte Lesezeit\" \/>\n\t<meta name=\"twitter:data2\" content=\"1\u00a0Minute\" \/>\n<script type=\"application\/ld+json\" class=\"yoast-schema-graph\">{\"@context\":\"https:\/\/schema.org\",\"@graph\":[{\"@type\":\"WebPage\",\"@id\":\"https:\/\/www.naturparkmagazin.de\/schwaebisch-fraenkischer-wald\/liebe-leserin-lieber-leser-64\/\",\"url\":\"https:\/\/www.naturparkmagazin.de\/schwaebisch-fraenkischer-wald\/liebe-leserin-lieber-leser-64\/\",\"name\":\"Liebe Leserin, lieber Leser, - Naturpark Schw\u00e4bisch-Fr\u00e4nkischer Wald\",\"isPartOf\":{\"@id\":\"https:\/\/www.naturparkmagazin.de\/schwaebisch-fraenkischer-wald\/#website\"},\"datePublished\":\"2019-05-16T09:15:33+00:00\",\"dateModified\":\"2019-06-05T06:10:12+00:00\",\"author\":{\"@id\":\"https:\/\/www.naturparkmagazin.de\/schwaebisch-fraenkischer-wald\/#\/schema\/person\/f047a3702ae747fd7830cf8ac95e6066\"},\"breadcrumb\":{\"@id\":\"https:\/\/www.naturparkmagazin.de\/schwaebisch-fraenkischer-wald\/liebe-leserin-lieber-leser-64\/#breadcrumb\"},\"inLanguage\":\"de\",\"potentialAction\":[{\"@type\":\"ReadAction\",\"target\":[\"https:\/\/www.naturparkmagazin.de\/schwaebisch-fraenkischer-wald\/liebe-leserin-lieber-leser-64\/\"]}]},{\"@type\":\"BreadcrumbList\",\"@id\":\"https:\/\/www.naturparkmagazin.de\/schwaebisch-fraenkischer-wald\/liebe-leserin-lieber-leser-64\/#breadcrumb\",\"itemListElement\":[{\"@type\":\"ListItem\",\"position\":1,\"name\":\"Home\",\"item\":\"https:\/\/www.naturparkmagazin.de\/schwaebisch-fraenkischer-wald\/\"},{\"@type\":\"ListItem\",\"position\":2,\"name\":\"Liebe Leserin, lieber Leser,\"}]},{\"@type\":\"WebSite\",\"@id\":\"https:\/\/www.naturparkmagazin.de\/schwaebisch-fraenkischer-wald\/#website\",\"url\":\"https:\/\/www.naturparkmagazin.de\/schwaebisch-fraenkischer-wald\/\",\"name\":\"Naturpark Schw\u00e4bisch-Fr\u00e4nkischer Wald\",\"description\":\"\",\"potentialAction\":[{\"@type\":\"SearchAction\",\"target\":{\"@type\":\"EntryPoint\",\"urlTemplate\":\"https:\/\/www.naturparkmagazin.de\/schwaebisch-fraenkischer-wald\/?s={search_term_string}\"},\"query-input\":\"required name=search_term_string\"}],\"inLanguage\":\"de\"},{\"@type\":\"Person\",\"@id\":\"https:\/\/www.naturparkmagazin.de\/schwaebisch-fraenkischer-wald\/#\/schema\/person\/f047a3702ae747fd7830cf8ac95e6066\",\"name\":\"Naturpark-Team\",\"sameAs\":[\"http:\/\/www.naturpark-sfw.de\",\"https:\/\/www.facebook.com\/naturparkSFW\"],\"url\":\"https:\/\/www.naturparkmagazin.de\/schwaebisch-fraenkischer-wald\/author\/bernharddrixler\/\"}]}<\/script>\n<!-- \/ Yoast SEO plugin. -->","yoast_head_json":{"title":"Liebe Leserin, lieber Leser, - Naturpark Schw\u00e4bisch-Fr\u00e4nkischer Wald","robots":{"index":"index","follow":"follow","max-snippet":"max-snippet:-1","max-image-preview":"max-image-preview:large","max-video-preview":"max-video-preview:-1"},"canonical":"https:\/\/www.naturparkmagazin.de\/schwaebisch-fraenkischer-wald\/liebe-leserin-lieber-leser-64\/","og_locale":"de_DE","og_type":"article","og_title":"Liebe Leserin, lieber Leser, - Naturpark Schw\u00e4bisch-Fr\u00e4nkischer Wald","og_description":"herzlich willkommen zum Juni-Newsletter des Naturparks Schw\u00e4bisch-Fr\u00e4nkischer Wald! In nahezu allen Lebensbereichen findet man heute Plastik: in Verpackungen, als Werkstoff vieler Alltagsgegenst\u00e4nde oder auch in der Kosmetikbranche. In den letzten Jahren wird immer deutlicher, welch gravierende Probleme f\u00fcr die Natur und auch f\u00fcr die Menschen daraus entstehen, dass Plastikabf\u00e4lle oder Mikroplastik in gro\u00dfer Menge in","og_url":"https:\/\/www.naturparkmagazin.de\/schwaebisch-fraenkischer-wald\/liebe-leserin-lieber-leser-64\/","og_site_name":"Naturpark Schw\u00e4bisch-Fr\u00e4nkischer Wald","article_author":"https:\/\/www.facebook.com\/naturparkSFW","article_published_time":"2019-05-16T09:15:33+00:00","article_modified_time":"2019-06-05T06:10:12+00:00","author":"Naturpark-Team","twitter_misc":{"Verfasst von":"Naturpark-Team","Gesch\u00e4tzte Lesezeit":"1\u00a0Minute"},"schema":{"@context":"https:\/\/schema.org","@graph":[{"@type":"WebPage","@id":"https:\/\/www.naturparkmagazin.de\/schwaebisch-fraenkischer-wald\/liebe-leserin-lieber-leser-64\/","url":"https:\/\/www.naturparkmagazin.de\/schwaebisch-fraenkischer-wald\/liebe-leserin-lieber-leser-64\/","name":"Liebe Leserin, lieber Leser, - Naturpark Schw\u00e4bisch-Fr\u00e4nkischer Wald","isPartOf":{"@id":"https:\/\/www.naturparkmagazin.de\/schwaebisch-fraenkischer-wald\/#website"},"datePublished":"2019-05-16T09:15:33+00:00","dateModified":"2019-06-05T06:10:12+00:00","author":{"@id":"https:\/\/www.naturparkmagazin.de\/schwaebisch-fraenkischer-wald\/#\/schema\/person\/f047a3702ae747fd7830cf8ac95e6066"},"breadcrumb":{"@id":"https:\/\/www.naturparkmagazin.de\/schwaebisch-fraenkischer-wald\/liebe-leserin-lieber-leser-64\/#breadcrumb"},"inLanguage":"de","potentialAction":[{"@type":"ReadAction","target":["https:\/\/www.naturparkmagazin.de\/schwaebisch-fraenkischer-wald\/liebe-leserin-lieber-leser-64\/"]}]},{"@type":"BreadcrumbList","@id":"https:\/\/www.naturparkmagazin.de\/schwaebisch-fraenkischer-wald\/liebe-leserin-lieber-leser-64\/#breadcrumb","itemListElement":[{"@type":"ListItem","position":1,"name":"Home","item":"https:\/\/www.naturparkmagazin.de\/schwaebisch-fraenkischer-wald\/"},{"@type":"ListItem","position":2,"name":"Liebe Leserin, lieber Leser,"}]},{"@type":"WebSite","@id":"https:\/\/www.naturparkmagazin.de\/schwaebisch-fraenkischer-wald\/#website","url":"https:\/\/www.naturparkmagazin.de\/schwaebisch-fraenkischer-wald\/","name":"Naturpark Schw\u00e4bisch-Fr\u00e4nkischer Wald","description":"","potentialAction":[{"@type":"SearchAction","target":{"@type":"EntryPoint","urlTemplate":"https:\/\/www.naturparkmagazin.de\/schwaebisch-fraenkischer-wald\/?s={search_term_string}"},"query-input":"required name=search_term_string"}],"inLanguage":"de"},{"@type":"Person","@id":"https:\/\/www.naturparkmagazin.de\/schwaebisch-fraenkischer-wald\/#\/schema\/person\/f047a3702ae747fd7830cf8ac95e6066","name":"Naturpark-Team","sameAs":["http:\/\/www.naturpark-sfw.de","https:\/\/www.facebook.com\/naturparkSFW"],"url":"https:\/\/www.naturparkmagazin.de\/schwaebisch-fraenkischer-wald\/author\/bernharddrixler\/"}]}},"_links":{"self":[{"href":"https:\/\/www.naturparkmagazin.de\/schwaebisch-fraenkischer-wald\/wp-json\/wp\/v2\/posts\/7658"}],"collection":[{"href":"https:\/\/www.naturparkmagazin.de\/schwaebisch-fraenkischer-wald\/wp-json\/wp\/v2\/posts"}],"about":[{"href":"https:\/\/www.naturparkmagazin.de\/schwaebisch-fraenkischer-wald\/wp-json\/wp\/v2\/types\/post"}],"author":[{"embeddable":true,"href":"https:\/\/www.naturparkmagazin.de\/schwaebisch-fraenkischer-wald\/wp-json\/wp\/v2\/users\/25"}],"replies":[{"embeddable":true,"href":"https:\/\/www.naturparkmagazin.de\/schwaebisch-fraenkischer-wald\/wp-json\/wp\/v2\/comments?post=7658"}],"version-history":[{"count":6,"href":"https:\/\/www.naturparkmagazin.de\/schwaebisch-fraenkischer-wald\/wp-json\/wp\/v2\/posts\/7658\/revisions"}],"predecessor-version":[{"id":7741,"href":"https:\/\/www.naturparkmagazin.de\/schwaebisch-fraenkischer-wald\/wp-json\/wp\/v2\/posts\/7658\/revisions\/7741"}],"wp:attachment":[{"href":"https:\/\/www.naturparkmagazin.de\/schwaebisch-fraenkischer-wald\/wp-json\/wp\/v2\/media?parent=7658"}],"wp:term":[{"taxonomy":"category","embeddable":true,"href":"https:\/\/www.naturparkmagazin.de\/schwaebisch-fraenkischer-wald\/wp-json\/wp\/v2\/categories?post=7658"},{"taxonomy":"post_tag","embeddable":true,"href":"https:\/\/www.naturparkmagazin.de\/schwaebisch-fraenkischer-wald\/wp-json\/wp\/v2\/tags?post=7658"}],"curies":[{"name":"wp","href":"https:\/\/api.w.org\/{rel}","templated":true}]}}