{"id":7664,"date":"2019-05-16T11:51:33","date_gmt":"2019-05-16T09:51:33","guid":{"rendered":"https:\/\/www.naturparkmagazin.de\/schwaebisch-fraenkischer-wald\/?p=7664"},"modified":"2019-05-14T12:22:15","modified_gmt":"2019-05-14T10:22:15","slug":"laedle-im-riegenhof-unverpackt-teil-1","status":"publish","type":"post","link":"https:\/\/www.naturparkmagazin.de\/schwaebisch-fraenkischer-wald\/laedle-im-riegenhof-unverpackt-teil-1\/","title":{"rendered":"L\u00e4dle im Riegenhof &#8211; Unverpackt Teil 1"},"content":{"rendered":"<p>Das L\u00e4dle im Riegenhof besteht seit 20 Jahren. Das Thema \u201eUnverpackt\u201c geh\u00f6rte von Anfang an dazu:<\/p>\n<div id=\"attachment_7665\" style=\"width: 510px\" class=\"wp-caption alignright\"><a href=\"https:\/\/www.naturparkmagazin.de\/schwaebisch-fraenkischer-wald\/wp-content\/uploads\/sites\/34\/Unverpackt2.jpg\"><img aria-describedby=\"caption-attachment-7665\" decoding=\"async\" loading=\"lazy\" class=\"size-full wp-image-7665\" src=\"https:\/\/www.naturparkmagazin.de\/schwaebisch-fraenkischer-wald\/wp-content\/uploads\/sites\/34\/Unverpackt2.jpg\" alt=\"Das L\u00e4dle im Riegenhof: \u201eUnverpackt\u201c geh\u00f6rt zur Hof-Philosophie\" width=\"500\" height=\"300\" srcset=\"https:\/\/www.naturparkmagazin.de\/schwaebisch-fraenkischer-wald\/wp-content\/uploads\/sites\/34\/Unverpackt2.jpg 500w, https:\/\/www.naturparkmagazin.de\/schwaebisch-fraenkischer-wald\/wp-content\/uploads\/sites\/34\/Unverpackt2-300x180.jpg 300w, https:\/\/www.naturparkmagazin.de\/schwaebisch-fraenkischer-wald\/wp-content\/uploads\/sites\/34\/Unverpackt2-200x120.jpg 200w\" sizes=\"(max-width: 500px) 100vw, 500px\" \/><\/a><p id=\"caption-attachment-7665\" class=\"wp-caption-text\">Das L\u00e4dle im Riegenhof: \u201eUnverpackt\u201c geh\u00f6rt zur Hof-Philosophie<\/p><\/div>\n<p>Doris Braun die seit 30 Jahren Holzofenbrot b\u00e4ckt, verkauft Mehl, Zucker, Getreide, Salz, Haferflocken und andere Trockenprodukte schon seit jeher in offener Form. Mit den Jahren sind \u00d6le, Essig, Gew\u00fcrze, Nudeln, H\u00fclsenfr\u00fcchte, diverse Wasch- und Putzmittel ins Sortiment hinzugekommen. Die Kundschaft kann eigene Gef\u00e4\u00dfe mitbringen und sich im Laden die gew\u00fcnschte Menge abf\u00fcllen.<\/p>\n<p>\u201eUnverpackt\u201c geh\u00f6rt zur Hof-Philosophie. Doris Braun ist es wichtig, M\u00fcll zu vermeiden und Verpackung, Plastikt\u00fcten sowie Papiert\u00fcten einzusparen. Kundinnen und Kunden k\u00f6nnen bedarfsgerecht einkaufen und m\u00fcssen keine gro\u00dfen Gebinde mitnehmen. Ein kleiner Haushalt ben\u00f6tigt nicht unbedingt f\u00fcnf Muskatn\u00fcsse &#8211; hier reicht eine Nuss f\u00fcr lange Zeit.<\/p>\n<p>\u00d6kologische Produktion, faire Bezahlung, saisonale Angebote, Produkte aus der Region und \u201eUnverpackt\u201c \u2013 das sind die zentralen Ans\u00e4tze f\u00fcr einen nachhaltigen Konsum. Das L\u00e4dle im Riegenhof will seinen Beitrag dazu leisten.<\/p>\n<p>Kontakt:<\/p>\n<p class=\"ox-d531724ea0-ox-b689f430cf-ox-8e7e4b7025-msonormal\"><a href=\"http:\/\/www.biolaedle.de\" target=\"_blank\">www.biolaedle.de<\/a><\/p>\n<p class=\"ox-d531724ea0-ox-b689f430cf-ox-8e7e4b7025-msonormal\">Doris Braun, Riegenhof 4, 74535 Mainhardt, Tel: 07903-2782<\/p>\n","protected":false},"excerpt":{"rendered":"<p>Das L\u00e4dle im Riegenhof: \u201eUnverpackt\u201c geh\u00f6rt zur Hof-Philosophie.<\/p>\n","protected":false},"author":25,"featured_media":7666,"comment_status":"open","ping_status":"open","sticky":false,"template":"","format":"standard","meta":[],"categories":[13],"tags":[1253],"yoast_head":"<!-- This site is optimized with the Yoast SEO plugin v19.10 - https:\/\/yoast.com\/wordpress\/plugins\/seo\/ -->\n<title>L\u00e4dle im Riegenhof - Unverpackt Teil 1 - Naturpark Schw\u00e4bisch-Fr\u00e4nkischer Wald<\/title>\n<meta name=\"robots\" content=\"index, follow, max-snippet:-1, max-image-preview:large, max-video-preview:-1\" \/>\n<link rel=\"canonical\" href=\"https:\/\/www.naturparkmagazin.de\/schwaebisch-fraenkischer-wald\/laedle-im-riegenhof-unverpackt-teil-1\/\" \/>\n<meta property=\"og:locale\" content=\"de_DE\" \/>\n<meta property=\"og:type\" content=\"article\" \/>\n<meta property=\"og:title\" content=\"L\u00e4dle im Riegenhof - Unverpackt Teil 1 - Naturpark Schw\u00e4bisch-Fr\u00e4nkischer Wald\" \/>\n<meta property=\"og:description\" content=\"Das L\u00e4dle im Riegenhof: \u201eUnverpackt\u201c geh\u00f6rt zur Hof-Philosophie.\" \/>\n<meta property=\"og:url\" content=\"https:\/\/www.naturparkmagazin.de\/schwaebisch-fraenkischer-wald\/laedle-im-riegenhof-unverpackt-teil-1\/\" \/>\n<meta property=\"og:site_name\" content=\"Naturpark Schw\u00e4bisch-Fr\u00e4nkischer Wald\" \/>\n<meta property=\"article:author\" content=\"https:\/\/www.facebook.com\/naturparkSFW\" \/>\n<meta property=\"article:published_time\" content=\"2019-05-16T09:51:33+00:00\" \/>\n<meta property=\"article:modified_time\" content=\"2019-05-14T10:22:15+00:00\" \/>\n<meta property=\"og:image\" content=\"https:\/\/www.naturparkmagazin.de\/schwaebisch-fraenkischer-wald\/wp-content\/uploads\/sites\/34\/Unverpackt21.jpg\" \/>\n\t<meta property=\"og:image:width\" content=\"200\" \/>\n\t<meta property=\"og:image:height\" content=\"200\" \/>\n\t<meta property=\"og:image:type\" content=\"image\/jpeg\" \/>\n<meta name=\"author\" content=\"Naturpark-Team\" \/>\n<meta name=\"twitter:label1\" content=\"Verfasst von\" \/>\n\t<meta name=\"twitter:data1\" content=\"Naturpark-Team\" \/>\n\t<meta name=\"twitter:label2\" content=\"Gesch\u00e4tzte Lesezeit\" \/>\n\t<meta name=\"twitter:data2\" content=\"1\u00a0Minute\" \/>\n<script type=\"application\/ld+json\" class=\"yoast-schema-graph\">{\"@context\":\"https:\/\/schema.org\",\"@graph\":[{\"@type\":\"WebPage\",\"@id\":\"https:\/\/www.naturparkmagazin.de\/schwaebisch-fraenkischer-wald\/laedle-im-riegenhof-unverpackt-teil-1\/\",\"url\":\"https:\/\/www.naturparkmagazin.de\/schwaebisch-fraenkischer-wald\/laedle-im-riegenhof-unverpackt-teil-1\/\",\"name\":\"L\u00e4dle im Riegenhof - Unverpackt Teil 1 - Naturpark Schw\u00e4bisch-Fr\u00e4nkischer Wald\",\"isPartOf\":{\"@id\":\"https:\/\/www.naturparkmagazin.de\/schwaebisch-fraenkischer-wald\/#website\"},\"datePublished\":\"2019-05-16T09:51:33+00:00\",\"dateModified\":\"2019-05-14T10:22:15+00:00\",\"author\":{\"@id\":\"https:\/\/www.naturparkmagazin.de\/schwaebisch-fraenkischer-wald\/#\/schema\/person\/f047a3702ae747fd7830cf8ac95e6066\"},\"breadcrumb\":{\"@id\":\"https:\/\/www.naturparkmagazin.de\/schwaebisch-fraenkischer-wald\/laedle-im-riegenhof-unverpackt-teil-1\/#breadcrumb\"},\"inLanguage\":\"de\",\"potentialAction\":[{\"@type\":\"ReadAction\",\"target\":[\"https:\/\/www.naturparkmagazin.de\/schwaebisch-fraenkischer-wald\/laedle-im-riegenhof-unverpackt-teil-1\/\"]}]},{\"@type\":\"BreadcrumbList\",\"@id\":\"https:\/\/www.naturparkmagazin.de\/schwaebisch-fraenkischer-wald\/laedle-im-riegenhof-unverpackt-teil-1\/#breadcrumb\",\"itemListElement\":[{\"@type\":\"ListItem\",\"position\":1,\"name\":\"Home\",\"item\":\"https:\/\/www.naturparkmagazin.de\/schwaebisch-fraenkischer-wald\/\"},{\"@type\":\"ListItem\",\"position\":2,\"name\":\"L\u00e4dle im Riegenhof &#8211; Unverpackt Teil 1\"}]},{\"@type\":\"WebSite\",\"@id\":\"https:\/\/www.naturparkmagazin.de\/schwaebisch-fraenkischer-wald\/#website\",\"url\":\"https:\/\/www.naturparkmagazin.de\/schwaebisch-fraenkischer-wald\/\",\"name\":\"Naturpark Schw\u00e4bisch-Fr\u00e4nkischer Wald\",\"description\":\"\",\"potentialAction\":[{\"@type\":\"SearchAction\",\"target\":{\"@type\":\"EntryPoint\",\"urlTemplate\":\"https:\/\/www.naturparkmagazin.de\/schwaebisch-fraenkischer-wald\/?s={search_term_string}\"},\"query-input\":\"required name=search_term_string\"}],\"inLanguage\":\"de\"},{\"@type\":\"Person\",\"@id\":\"https:\/\/www.naturparkmagazin.de\/schwaebisch-fraenkischer-wald\/#\/schema\/person\/f047a3702ae747fd7830cf8ac95e6066\",\"name\":\"Naturpark-Team\",\"sameAs\":[\"http:\/\/www.naturpark-sfw.de\",\"https:\/\/www.facebook.com\/naturparkSFW\"],\"url\":\"https:\/\/www.naturparkmagazin.de\/schwaebisch-fraenkischer-wald\/author\/bernharddrixler\/\"}]}<\/script>\n<!-- \/ Yoast SEO plugin. -->","yoast_head_json":{"title":"L\u00e4dle im Riegenhof - Unverpackt Teil 1 - Naturpark Schw\u00e4bisch-Fr\u00e4nkischer Wald","robots":{"index":"index","follow":"follow","max-snippet":"max-snippet:-1","max-image-preview":"max-image-preview:large","max-video-preview":"max-video-preview:-1"},"canonical":"https:\/\/www.naturparkmagazin.de\/schwaebisch-fraenkischer-wald\/laedle-im-riegenhof-unverpackt-teil-1\/","og_locale":"de_DE","og_type":"article","og_title":"L\u00e4dle im Riegenhof - Unverpackt Teil 1 - Naturpark Schw\u00e4bisch-Fr\u00e4nkischer Wald","og_description":"Das L\u00e4dle im Riegenhof: \u201eUnverpackt\u201c geh\u00f6rt zur Hof-Philosophie.","og_url":"https:\/\/www.naturparkmagazin.de\/schwaebisch-fraenkischer-wald\/laedle-im-riegenhof-unverpackt-teil-1\/","og_site_name":"Naturpark Schw\u00e4bisch-Fr\u00e4nkischer Wald","article_author":"https:\/\/www.facebook.com\/naturparkSFW","article_published_time":"2019-05-16T09:51:33+00:00","article_modified_time":"2019-05-14T10:22:15+00:00","og_image":[{"width":200,"height":200,"url":"https:\/\/www.naturparkmagazin.de\/schwaebisch-fraenkischer-wald\/wp-content\/uploads\/sites\/34\/Unverpackt21.jpg","type":"image\/jpeg"}],"author":"Naturpark-Team","twitter_misc":{"Verfasst von":"Naturpark-Team","Gesch\u00e4tzte Lesezeit":"1\u00a0Minute"},"schema":{"@context":"https:\/\/schema.org","@graph":[{"@type":"WebPage","@id":"https:\/\/www.naturparkmagazin.de\/schwaebisch-fraenkischer-wald\/laedle-im-riegenhof-unverpackt-teil-1\/","url":"https:\/\/www.naturparkmagazin.de\/schwaebisch-fraenkischer-wald\/laedle-im-riegenhof-unverpackt-teil-1\/","name":"L\u00e4dle im Riegenhof - Unverpackt Teil 1 - Naturpark Schw\u00e4bisch-Fr\u00e4nkischer Wald","isPartOf":{"@id":"https:\/\/www.naturparkmagazin.de\/schwaebisch-fraenkischer-wald\/#website"},"datePublished":"2019-05-16T09:51:33+00:00","dateModified":"2019-05-14T10:22:15+00:00","author":{"@id":"https:\/\/www.naturparkmagazin.de\/schwaebisch-fraenkischer-wald\/#\/schema\/person\/f047a3702ae747fd7830cf8ac95e6066"},"breadcrumb":{"@id":"https:\/\/www.naturparkmagazin.de\/schwaebisch-fraenkischer-wald\/laedle-im-riegenhof-unverpackt-teil-1\/#breadcrumb"},"inLanguage":"de","potentialAction":[{"@type":"ReadAction","target":["https:\/\/www.naturparkmagazin.de\/schwaebisch-fraenkischer-wald\/laedle-im-riegenhof-unverpackt-teil-1\/"]}]},{"@type":"BreadcrumbList","@id":"https:\/\/www.naturparkmagazin.de\/schwaebisch-fraenkischer-wald\/laedle-im-riegenhof-unverpackt-teil-1\/#breadcrumb","itemListElement":[{"@type":"ListItem","position":1,"name":"Home","item":"https:\/\/www.naturparkmagazin.de\/schwaebisch-fraenkischer-wald\/"},{"@type":"ListItem","position":2,"name":"L\u00e4dle im Riegenhof &#8211; Unverpackt Teil 1"}]},{"@type":"WebSite","@id":"https:\/\/www.naturparkmagazin.de\/schwaebisch-fraenkischer-wald\/#website","url":"https:\/\/www.naturparkmagazin.de\/schwaebisch-fraenkischer-wald\/","name":"Naturpark Schw\u00e4bisch-Fr\u00e4nkischer Wald","description":"","potentialAction":[{"@type":"SearchAction","target":{"@type":"EntryPoint","urlTemplate":"https:\/\/www.naturparkmagazin.de\/schwaebisch-fraenkischer-wald\/?s={search_term_string}"},"query-input":"required name=search_term_string"}],"inLanguage":"de"},{"@type":"Person","@id":"https:\/\/www.naturparkmagazin.de\/schwaebisch-fraenkischer-wald\/#\/schema\/person\/f047a3702ae747fd7830cf8ac95e6066","name":"Naturpark-Team","sameAs":["http:\/\/www.naturpark-sfw.de","https:\/\/www.facebook.com\/naturparkSFW"],"url":"https:\/\/www.naturparkmagazin.de\/schwaebisch-fraenkischer-wald\/author\/bernharddrixler\/"}]}},"_links":{"self":[{"href":"https:\/\/www.naturparkmagazin.de\/schwaebisch-fraenkischer-wald\/wp-json\/wp\/v2\/posts\/7664"}],"collection":[{"href":"https:\/\/www.naturparkmagazin.de\/schwaebisch-fraenkischer-wald\/wp-json\/wp\/v2\/posts"}],"about":[{"href":"https:\/\/www.naturparkmagazin.de\/schwaebisch-fraenkischer-wald\/wp-json\/wp\/v2\/types\/post"}],"author":[{"embeddable":true,"href":"https:\/\/www.naturparkmagazin.de\/schwaebisch-fraenkischer-wald\/wp-json\/wp\/v2\/users\/25"}],"replies":[{"embeddable":true,"href":"https:\/\/www.naturparkmagazin.de\/schwaebisch-fraenkischer-wald\/wp-json\/wp\/v2\/comments?post=7664"}],"version-history":[{"count":1,"href":"https:\/\/www.naturparkmagazin.de\/schwaebisch-fraenkischer-wald\/wp-json\/wp\/v2\/posts\/7664\/revisions"}],"predecessor-version":[{"id":7667,"href":"https:\/\/www.naturparkmagazin.de\/schwaebisch-fraenkischer-wald\/wp-json\/wp\/v2\/posts\/7664\/revisions\/7667"}],"wp:featuredmedia":[{"embeddable":true,"href":"https:\/\/www.naturparkmagazin.de\/schwaebisch-fraenkischer-wald\/wp-json\/wp\/v2\/media\/7666"}],"wp:attachment":[{"href":"https:\/\/www.naturparkmagazin.de\/schwaebisch-fraenkischer-wald\/wp-json\/wp\/v2\/media?parent=7664"}],"wp:term":[{"taxonomy":"category","embeddable":true,"href":"https:\/\/www.naturparkmagazin.de\/schwaebisch-fraenkischer-wald\/wp-json\/wp\/v2\/categories?post=7664"},{"taxonomy":"post_tag","embeddable":true,"href":"https:\/\/www.naturparkmagazin.de\/schwaebisch-fraenkischer-wald\/wp-json\/wp\/v2\/tags?post=7664"}],"curies":[{"name":"wp","href":"https:\/\/api.w.org\/{rel}","templated":true}]}}