{"id":7668,"date":"2019-05-16T12:22:23","date_gmt":"2019-05-16T10:22:23","guid":{"rendered":"https:\/\/www.naturparkmagazin.de\/schwaebisch-fraenkischer-wald\/?p=7668"},"modified":"2019-05-20T08:23:04","modified_gmt":"2019-05-20T06:23:04","slug":"ohne-plapla-unverpackt-teil-2","status":"publish","type":"post","link":"https:\/\/www.naturparkmagazin.de\/schwaebisch-fraenkischer-wald\/ohne-plapla-unverpackt-teil-2\/","title":{"rendered":"Ohne PlaPla &#8211; Unverpackt Teil 2"},"content":{"rendered":"<p>Die Zutaten f\u00fcr ein plastikfreies Leben bekommt man im \u201eohne PlaPla\u201c in Ludwigsburg.<\/p>\n<div id=\"attachment_7669\" style=\"width: 510px\" class=\"wp-caption alignright\"><a href=\"https:\/\/www.naturparkmagazin.de\/schwaebisch-fraenkischer-wald\/wp-content\/uploads\/sites\/34\/59457375_2370741853210414_4572441102652538880_o.jpg\"><img aria-describedby=\"caption-attachment-7669\" decoding=\"async\" loading=\"lazy\" class=\"size-full wp-image-7669\" src=\"https:\/\/www.naturparkmagazin.de\/schwaebisch-fraenkischer-wald\/wp-content\/uploads\/sites\/34\/59457375_2370741853210414_4572441102652538880_o.jpg\" alt=\"Der Unverpackt-Laden \u201eohne PlaPla\u201c in Ludwigsburg holt den Naturpark in die Stadt\" width=\"500\" height=\"300\" srcset=\"https:\/\/www.naturparkmagazin.de\/schwaebisch-fraenkischer-wald\/wp-content\/uploads\/sites\/34\/59457375_2370741853210414_4572441102652538880_o.jpg 500w, https:\/\/www.naturparkmagazin.de\/schwaebisch-fraenkischer-wald\/wp-content\/uploads\/sites\/34\/59457375_2370741853210414_4572441102652538880_o-300x180.jpg 300w, https:\/\/www.naturparkmagazin.de\/schwaebisch-fraenkischer-wald\/wp-content\/uploads\/sites\/34\/59457375_2370741853210414_4572441102652538880_o-200x120.jpg 200w\" sizes=\"(max-width: 500px) 100vw, 500px\" \/><\/a><p id=\"caption-attachment-7669\" class=\"wp-caption-text\">Der Unverpackt-Laden \u201eohne PlaPla\u201c in Ludwigsburg holt den Naturpark in die Stadt<\/p><\/div>\n<p>Ende Februar 2019 hat mit \u201eohne PlaPla\u201c der erste Unverpackt-Laden Ludwigsburgs er\u00f6ffnet. Dort lassen sich Lebensmittel und Dinge des t\u00e4glichen Bedarfs plastikfrei und unverpackt einkaufen \u2013 insgesamt \u00fcber 800 Produkte. F\u00fcr Hergen Blase, Gr\u00fcnder und Gesch\u00e4ftsf\u00fchrer von \u201eohne PlaPla\u201c, liegen die Vorteile auf der Hand: \u201eDa unsere Kunden ihre eigenen Dosen und Gl\u00e4ser verwenden, wird jede Menge Verpackungsm\u00fcll eingespart. Unser Sortiment ist vielf\u00e4ltig, aber trotzdem \u00fcberschaubar. Dadurch wird ein bewusster und zielgerichteter Einkauf m\u00f6glich.\u201c\nHergen Blase legt Wert auf die Vernetzung mit Akteuren aus der Region. Der Naturpark Schw\u00e4bisch-Fr\u00e4nkischer Wald ist hierbei Partner. So kommen nicht nur zahlreiche Produkte wie Honig und Bienenwachst\u00fccher aus der Honig-Manufaktur Spatzenhof, High Fir Gin aus dem Welzheimer Wald oder Seifen von Manfred Krautter aus dem Naturpark, selbst das dazugeh\u00f6rige \u201eNaturparkregal\u201c wurde von Schreiner Mario Esch aus Murrhardt gefertigt. Auch der gro\u00dfe Holztisch, der nach dem Einkauf zum Verweilen bei Kaffee und Kuchen und zum Plaudern mit anderen Kunden einl\u00e4dt, ist ein echtes Naturparkgew\u00e4chs.<a href=\"https:\/\/www.naturparkmagazin.de\/schwaebisch-fraenkischer-wald\/wp-content\/uploads\/sites\/34\/IMG_6029.jpg\"><img decoding=\"async\" loading=\"lazy\" class=\"alignright size-full wp-image-7670\" src=\"https:\/\/www.naturparkmagazin.de\/schwaebisch-fraenkischer-wald\/wp-content\/uploads\/sites\/34\/IMG_6029.jpg\" alt=\"Der Unverpackt-Laden \u201eohne PlaPla\u201c in Ludwigsburg holt den Naturpark in die Stadt\" width=\"300\" height=\"500\" srcset=\"https:\/\/www.naturparkmagazin.de\/schwaebisch-fraenkischer-wald\/wp-content\/uploads\/sites\/34\/IMG_6029.jpg 300w, https:\/\/www.naturparkmagazin.de\/schwaebisch-fraenkischer-wald\/wp-content\/uploads\/sites\/34\/IMG_6029-200x333.jpg 200w\" sizes=\"(max-width: 300px) 100vw, 300px\" \/><\/a>\nDas \u201eohne PlaPla\u201c ist nicht nur eine Einkaufsst\u00e4tte. \u201eDer Laden ist ein Begegnungsort, der eine Plattform f\u00fcr den Austausch rund um das Thema Nachhaltigkeit bieten soll \u2013 mit Workshops, Themenabenden und weiteren inspirierenden Veranstaltungen\u201c, so Hergen Blase.\nKontakt:\nohne PlaPla, Lindenstra\u00dfe 2, 71634 Ludwigsburg\n<a href=\"mailto:hallo@ohneplapla.de\" target=\"_blank\">hallo@ohneplapla.de | <\/a><a href=\"http:\/\/www.facebook.com\/ohneplapla\" target=\"_blank\">www.facebook.com\/ohneplapla<\/a><\/p>\n","protected":false},"excerpt":{"rendered":"<p>Der Unverpackt-Laden \u201eohne PlaPla\u201c in Ludwigsburg holt den Naturpark in die Stadt<\/p>\n","protected":false},"author":25,"featured_media":7671,"comment_status":"open","ping_status":"open","sticky":false,"template":"","format":"standard","meta":[],"categories":[14],"tags":[1253],"yoast_head":"<!-- This site is optimized with the Yoast SEO plugin v19.10 - https:\/\/yoast.com\/wordpress\/plugins\/seo\/ -->\n<title>Ohne PlaPla - Unverpackt Teil 2 - Naturpark Schw\u00e4bisch-Fr\u00e4nkischer Wald<\/title>\n<meta name=\"robots\" content=\"index, follow, max-snippet:-1, max-image-preview:large, max-video-preview:-1\" \/>\n<link rel=\"canonical\" href=\"https:\/\/www.naturparkmagazin.de\/schwaebisch-fraenkischer-wald\/ohne-plapla-unverpackt-teil-2\/\" \/>\n<meta property=\"og:locale\" content=\"de_DE\" \/>\n<meta property=\"og:type\" content=\"article\" \/>\n<meta property=\"og:title\" content=\"Ohne PlaPla - Unverpackt Teil 2 - Naturpark Schw\u00e4bisch-Fr\u00e4nkischer Wald\" \/>\n<meta property=\"og:description\" content=\"Der Unverpackt-Laden \u201eohne PlaPla\u201c in Ludwigsburg holt den Naturpark in die Stadt\" \/>\n<meta property=\"og:url\" content=\"https:\/\/www.naturparkmagazin.de\/schwaebisch-fraenkischer-wald\/ohne-plapla-unverpackt-teil-2\/\" \/>\n<meta property=\"og:site_name\" content=\"Naturpark Schw\u00e4bisch-Fr\u00e4nkischer Wald\" \/>\n<meta property=\"article:author\" content=\"https:\/\/www.facebook.com\/naturparkSFW\" \/>\n<meta property=\"article:published_time\" content=\"2019-05-16T10:22:23+00:00\" \/>\n<meta property=\"article:modified_time\" content=\"2019-05-20T06:23:04+00:00\" \/>\n<meta property=\"og:image\" content=\"https:\/\/www.naturparkmagazin.de\/schwaebisch-fraenkischer-wald\/wp-content\/uploads\/sites\/34\/IMG_6032.jpg\" \/>\n\t<meta property=\"og:image:width\" content=\"200\" \/>\n\t<meta property=\"og:image:height\" content=\"200\" \/>\n\t<meta property=\"og:image:type\" content=\"image\/jpeg\" \/>\n<meta name=\"author\" content=\"Naturpark-Team\" \/>\n<meta name=\"twitter:label1\" content=\"Verfasst von\" \/>\n\t<meta name=\"twitter:data1\" content=\"Naturpark-Team\" \/>\n\t<meta name=\"twitter:label2\" content=\"Gesch\u00e4tzte Lesezeit\" \/>\n\t<meta name=\"twitter:data2\" content=\"1\u00a0Minute\" \/>\n<script type=\"application\/ld+json\" class=\"yoast-schema-graph\">{\"@context\":\"https:\/\/schema.org\",\"@graph\":[{\"@type\":\"WebPage\",\"@id\":\"https:\/\/www.naturparkmagazin.de\/schwaebisch-fraenkischer-wald\/ohne-plapla-unverpackt-teil-2\/\",\"url\":\"https:\/\/www.naturparkmagazin.de\/schwaebisch-fraenkischer-wald\/ohne-plapla-unverpackt-teil-2\/\",\"name\":\"Ohne PlaPla - Unverpackt Teil 2 - Naturpark Schw\u00e4bisch-Fr\u00e4nkischer Wald\",\"isPartOf\":{\"@id\":\"https:\/\/www.naturparkmagazin.de\/schwaebisch-fraenkischer-wald\/#website\"},\"datePublished\":\"2019-05-16T10:22:23+00:00\",\"dateModified\":\"2019-05-20T06:23:04+00:00\",\"author\":{\"@id\":\"https:\/\/www.naturparkmagazin.de\/schwaebisch-fraenkischer-wald\/#\/schema\/person\/f047a3702ae747fd7830cf8ac95e6066\"},\"breadcrumb\":{\"@id\":\"https:\/\/www.naturparkmagazin.de\/schwaebisch-fraenkischer-wald\/ohne-plapla-unverpackt-teil-2\/#breadcrumb\"},\"inLanguage\":\"de\",\"potentialAction\":[{\"@type\":\"ReadAction\",\"target\":[\"https:\/\/www.naturparkmagazin.de\/schwaebisch-fraenkischer-wald\/ohne-plapla-unverpackt-teil-2\/\"]}]},{\"@type\":\"BreadcrumbList\",\"@id\":\"https:\/\/www.naturparkmagazin.de\/schwaebisch-fraenkischer-wald\/ohne-plapla-unverpackt-teil-2\/#breadcrumb\",\"itemListElement\":[{\"@type\":\"ListItem\",\"position\":1,\"name\":\"Home\",\"item\":\"https:\/\/www.naturparkmagazin.de\/schwaebisch-fraenkischer-wald\/\"},{\"@type\":\"ListItem\",\"position\":2,\"name\":\"Ohne PlaPla &#8211; Unverpackt Teil 2\"}]},{\"@type\":\"WebSite\",\"@id\":\"https:\/\/www.naturparkmagazin.de\/schwaebisch-fraenkischer-wald\/#website\",\"url\":\"https:\/\/www.naturparkmagazin.de\/schwaebisch-fraenkischer-wald\/\",\"name\":\"Naturpark Schw\u00e4bisch-Fr\u00e4nkischer Wald\",\"description\":\"\",\"potentialAction\":[{\"@type\":\"SearchAction\",\"target\":{\"@type\":\"EntryPoint\",\"urlTemplate\":\"https:\/\/www.naturparkmagazin.de\/schwaebisch-fraenkischer-wald\/?s={search_term_string}\"},\"query-input\":\"required name=search_term_string\"}],\"inLanguage\":\"de\"},{\"@type\":\"Person\",\"@id\":\"https:\/\/www.naturparkmagazin.de\/schwaebisch-fraenkischer-wald\/#\/schema\/person\/f047a3702ae747fd7830cf8ac95e6066\",\"name\":\"Naturpark-Team\",\"sameAs\":[\"http:\/\/www.naturpark-sfw.de\",\"https:\/\/www.facebook.com\/naturparkSFW\"],\"url\":\"https:\/\/www.naturparkmagazin.de\/schwaebisch-fraenkischer-wald\/author\/bernharddrixler\/\"}]}<\/script>\n<!-- \/ Yoast SEO plugin. -->","yoast_head_json":{"title":"Ohne PlaPla - Unverpackt Teil 2 - Naturpark Schw\u00e4bisch-Fr\u00e4nkischer Wald","robots":{"index":"index","follow":"follow","max-snippet":"max-snippet:-1","max-image-preview":"max-image-preview:large","max-video-preview":"max-video-preview:-1"},"canonical":"https:\/\/www.naturparkmagazin.de\/schwaebisch-fraenkischer-wald\/ohne-plapla-unverpackt-teil-2\/","og_locale":"de_DE","og_type":"article","og_title":"Ohne PlaPla - Unverpackt Teil 2 - Naturpark Schw\u00e4bisch-Fr\u00e4nkischer Wald","og_description":"Der Unverpackt-Laden \u201eohne PlaPla\u201c in Ludwigsburg holt den Naturpark in die Stadt","og_url":"https:\/\/www.naturparkmagazin.de\/schwaebisch-fraenkischer-wald\/ohne-plapla-unverpackt-teil-2\/","og_site_name":"Naturpark Schw\u00e4bisch-Fr\u00e4nkischer Wald","article_author":"https:\/\/www.facebook.com\/naturparkSFW","article_published_time":"2019-05-16T10:22:23+00:00","article_modified_time":"2019-05-20T06:23:04+00:00","og_image":[{"width":200,"height":200,"url":"https:\/\/www.naturparkmagazin.de\/schwaebisch-fraenkischer-wald\/wp-content\/uploads\/sites\/34\/IMG_6032.jpg","type":"image\/jpeg"}],"author":"Naturpark-Team","twitter_misc":{"Verfasst von":"Naturpark-Team","Gesch\u00e4tzte Lesezeit":"1\u00a0Minute"},"schema":{"@context":"https:\/\/schema.org","@graph":[{"@type":"WebPage","@id":"https:\/\/www.naturparkmagazin.de\/schwaebisch-fraenkischer-wald\/ohne-plapla-unverpackt-teil-2\/","url":"https:\/\/www.naturparkmagazin.de\/schwaebisch-fraenkischer-wald\/ohne-plapla-unverpackt-teil-2\/","name":"Ohne PlaPla - Unverpackt Teil 2 - Naturpark Schw\u00e4bisch-Fr\u00e4nkischer Wald","isPartOf":{"@id":"https:\/\/www.naturparkmagazin.de\/schwaebisch-fraenkischer-wald\/#website"},"datePublished":"2019-05-16T10:22:23+00:00","dateModified":"2019-05-20T06:23:04+00:00","author":{"@id":"https:\/\/www.naturparkmagazin.de\/schwaebisch-fraenkischer-wald\/#\/schema\/person\/f047a3702ae747fd7830cf8ac95e6066"},"breadcrumb":{"@id":"https:\/\/www.naturparkmagazin.de\/schwaebisch-fraenkischer-wald\/ohne-plapla-unverpackt-teil-2\/#breadcrumb"},"inLanguage":"de","potentialAction":[{"@type":"ReadAction","target":["https:\/\/www.naturparkmagazin.de\/schwaebisch-fraenkischer-wald\/ohne-plapla-unverpackt-teil-2\/"]}]},{"@type":"BreadcrumbList","@id":"https:\/\/www.naturparkmagazin.de\/schwaebisch-fraenkischer-wald\/ohne-plapla-unverpackt-teil-2\/#breadcrumb","itemListElement":[{"@type":"ListItem","position":1,"name":"Home","item":"https:\/\/www.naturparkmagazin.de\/schwaebisch-fraenkischer-wald\/"},{"@type":"ListItem","position":2,"name":"Ohne PlaPla &#8211; Unverpackt Teil 2"}]},{"@type":"WebSite","@id":"https:\/\/www.naturparkmagazin.de\/schwaebisch-fraenkischer-wald\/#website","url":"https:\/\/www.naturparkmagazin.de\/schwaebisch-fraenkischer-wald\/","name":"Naturpark Schw\u00e4bisch-Fr\u00e4nkischer Wald","description":"","potentialAction":[{"@type":"SearchAction","target":{"@type":"EntryPoint","urlTemplate":"https:\/\/www.naturparkmagazin.de\/schwaebisch-fraenkischer-wald\/?s={search_term_string}"},"query-input":"required name=search_term_string"}],"inLanguage":"de"},{"@type":"Person","@id":"https:\/\/www.naturparkmagazin.de\/schwaebisch-fraenkischer-wald\/#\/schema\/person\/f047a3702ae747fd7830cf8ac95e6066","name":"Naturpark-Team","sameAs":["http:\/\/www.naturpark-sfw.de","https:\/\/www.facebook.com\/naturparkSFW"],"url":"https:\/\/www.naturparkmagazin.de\/schwaebisch-fraenkischer-wald\/author\/bernharddrixler\/"}]}},"_links":{"self":[{"href":"https:\/\/www.naturparkmagazin.de\/schwaebisch-fraenkischer-wald\/wp-json\/wp\/v2\/posts\/7668"}],"collection":[{"href":"https:\/\/www.naturparkmagazin.de\/schwaebisch-fraenkischer-wald\/wp-json\/wp\/v2\/posts"}],"about":[{"href":"https:\/\/www.naturparkmagazin.de\/schwaebisch-fraenkischer-wald\/wp-json\/wp\/v2\/types\/post"}],"author":[{"embeddable":true,"href":"https:\/\/www.naturparkmagazin.de\/schwaebisch-fraenkischer-wald\/wp-json\/wp\/v2\/users\/25"}],"replies":[{"embeddable":true,"href":"https:\/\/www.naturparkmagazin.de\/schwaebisch-fraenkischer-wald\/wp-json\/wp\/v2\/comments?post=7668"}],"version-history":[{"count":2,"href":"https:\/\/www.naturparkmagazin.de\/schwaebisch-fraenkischer-wald\/wp-json\/wp\/v2\/posts\/7668\/revisions"}],"predecessor-version":[{"id":7721,"href":"https:\/\/www.naturparkmagazin.de\/schwaebisch-fraenkischer-wald\/wp-json\/wp\/v2\/posts\/7668\/revisions\/7721"}],"wp:featuredmedia":[{"embeddable":true,"href":"https:\/\/www.naturparkmagazin.de\/schwaebisch-fraenkischer-wald\/wp-json\/wp\/v2\/media\/7671"}],"wp:attachment":[{"href":"https:\/\/www.naturparkmagazin.de\/schwaebisch-fraenkischer-wald\/wp-json\/wp\/v2\/media?parent=7668"}],"wp:term":[{"taxonomy":"category","embeddable":true,"href":"https:\/\/www.naturparkmagazin.de\/schwaebisch-fraenkischer-wald\/wp-json\/wp\/v2\/categories?post=7668"},{"taxonomy":"post_tag","embeddable":true,"href":"https:\/\/www.naturparkmagazin.de\/schwaebisch-fraenkischer-wald\/wp-json\/wp\/v2\/tags?post=7668"}],"curies":[{"name":"wp","href":"https:\/\/api.w.org\/{rel}","templated":true}]}}