{"id":7692,"date":"2019-05-16T15:21:21","date_gmt":"2019-05-16T13:21:21","guid":{"rendered":"https:\/\/www.naturparkmagazin.de\/schwaebisch-fraenkischer-wald\/?p=7692"},"modified":"2019-05-20T09:00:03","modified_gmt":"2019-05-20T07:00:03","slug":"honigmanufaktur-spatzenhof-unverpackt-teil-3","status":"publish","type":"post","link":"https:\/\/www.naturparkmagazin.de\/schwaebisch-fraenkischer-wald\/honigmanufaktur-spatzenhof-unverpackt-teil-3\/","title":{"rendered":"Honigmanufaktur Spatzenhof &#8211; Unverpackt Teil 3"},"content":{"rendered":"<p>Mit seinen W\u00e4ldern und Streuobstwiesen, Schluchten und Gew\u00e4ssern ist der Naturpark Schw\u00e4bisch-Fr\u00e4nkischer Wald eine einzigartige Naturlandschaft. Er ist die Heimat der \u201eHonig-Manufaktur Spatzenhof\u201c.<\/p>\n<p>Die Bienen haben hier eine ideale Nahrungsgrundlage \u2013 und so k\u00f6nnen sie aus dem Guten der Natur Erstklassiges schaffen: \u2028Unbelasteten, gesunden Honig. Jeder Spatzenhof-Honig ist einzigartig, denn die Lage des Bienenstocks bestimmt seinen Charakter. In seinen Honigen spiegelt sich die gesamte Vielfalt des Naturparks Schw\u00e4bisch-Fr\u00e4nkischer Wald wieder. Imkermeister Markus Schwarz imkert nach den strengen Richtlinien von Bioland. Die Einhaltung dieser Richtlinien, wie auch die regelm\u00e4\u00dfigen Kontrollen von Honig und Bienenwachs auf R\u00fcckst\u00e4nde, wird j\u00e4hrlich von einer unabh\u00e4ngigen \u00d6ko-Kontrollstelle \u00fcberpr\u00fcft. Zus\u00e4tzlich wird der Honig zur Erhaltung seiner gesundheitsf\u00f6rdernden Eigenschaften im modernen K\u00fchlhaus gelagert.<\/p>\n<div id=\"attachment_7694\" style=\"width: 510px\" class=\"wp-caption aligncenter\"><a href=\"https:\/\/www.naturparkmagazin.de\/schwaebisch-fraenkischer-wald\/wp-content\/uploads\/sites\/34\/IMG_21611.jpg\"><img aria-describedby=\"caption-attachment-7694\" decoding=\"async\" loading=\"lazy\" class=\"wp-image-7694 size-full\" src=\"https:\/\/www.naturparkmagazin.de\/schwaebisch-fraenkischer-wald\/wp-content\/uploads\/sites\/34\/IMG_21611.jpg\" alt=\"Bienenwachst\u00fccher - eine ideale Mehrwegverpackung\" width=\"500\" height=\"300\" srcset=\"https:\/\/www.naturparkmagazin.de\/schwaebisch-fraenkischer-wald\/wp-content\/uploads\/sites\/34\/IMG_21611.jpg 500w, https:\/\/www.naturparkmagazin.de\/schwaebisch-fraenkischer-wald\/wp-content\/uploads\/sites\/34\/IMG_21611-300x180.jpg 300w, https:\/\/www.naturparkmagazin.de\/schwaebisch-fraenkischer-wald\/wp-content\/uploads\/sites\/34\/IMG_21611-200x120.jpg 200w\" sizes=\"(max-width: 500px) 100vw, 500px\" \/><\/a><p id=\"caption-attachment-7694\" class=\"wp-caption-text\">Bienenwachst\u00fccher &#8211; eine ideale Mehrwegverpackung<\/p><\/div>\n<p>Die M\u00fcll- und insbesondere die Plastikvermeidung ist eine besondere Herzensangelegenheit der Spatzenhofimkerei. Daher kreierte Schwarz Bienenwachst\u00fccher aus dem eigenen Bioland Bienenwachs. Bienenwachst\u00fccher sind eine ideale Mehrwegverpackung, die Frischhaltefolie und Alufolie ersetzen.<\/p>\n<p>Aus Liebe zur Natur und zum Schutz des \u00d6kosystems betreibt Markus Schwarz seine Imkerei. Er will damit ein Gegengewicht setzen zum immer verbreiteteren Raubbau an der Natur und der Industrialisierung der Landwirtschaft. Sein Anspruch ist es, mit seinen Bienen einen wichtigen Beitrag zur Best\u00e4ubung von Wild- und Nutzpflanzen zu leisten.<\/p>\n<div id=\"attachment_7693\" style=\"width: 510px\" class=\"wp-caption alignright\"><a href=\"https:\/\/www.naturparkmagazin.de\/schwaebisch-fraenkischer-wald\/wp-content\/uploads\/sites\/34\/IMG_5864.jpg\"><img aria-describedby=\"caption-attachment-7693\" decoding=\"async\" loading=\"lazy\" class=\"size-full wp-image-7693\" src=\"https:\/\/www.naturparkmagazin.de\/schwaebisch-fraenkischer-wald\/wp-content\/uploads\/sites\/34\/IMG_5864.jpg\" alt=\"Unbelasteter, gesunder Honig aus der Honig-Manufaktur Spatzenhof\" width=\"500\" height=\"300\" srcset=\"https:\/\/www.naturparkmagazin.de\/schwaebisch-fraenkischer-wald\/wp-content\/uploads\/sites\/34\/IMG_5864.jpg 500w, https:\/\/www.naturparkmagazin.de\/schwaebisch-fraenkischer-wald\/wp-content\/uploads\/sites\/34\/IMG_5864-300x180.jpg 300w, https:\/\/www.naturparkmagazin.de\/schwaebisch-fraenkischer-wald\/wp-content\/uploads\/sites\/34\/IMG_5864-200x120.jpg 200w\" sizes=\"(max-width: 500px) 100vw, 500px\" \/><\/a><p id=\"caption-attachment-7693\" class=\"wp-caption-text\">Unbelasteter, gesunder Honig aus der Honig-Manufaktur Spatzenhof<\/p><\/div>\n<p>Die intensive Best\u00e4ubung bringt einen vermehrten Fruchtansatz, volle Ausbildung der Fr\u00fcchte und eine Verbesserung der Fruchtqualit\u00e4t. Ein Honigbienenvolk best\u00e4ubt pro Tag mehrere Millionen Bl\u00fcten und erreicht dadurch einen Best\u00e4ubungsanteil von bis zu 80 \u2013 90% aller Wild- und Nutzpflanzen. Schwarz ist sich sicher, dass die Best\u00e4ubung der vielen Wildpflanzen von Wald und Flur ungemein wichtig ist und diese ohne Honigbienen bereits ausgestorben w\u00e4ren. Damit sichern die Honigbienen den Artenreichtum der Pflanzen in unserer Landschaft. Die Fr\u00fcchte und Samen dieser Wildpflanzen sind wiederum Nahrungsgrundlage f\u00fcr viele Tiere in Wald und Flur. Somit tr\u00e4gt die Honigbiene auch zum Erhalt vieler wildlebender Tiere bei.<\/p>\n<p>Neben neun verschiedenen Honigsorten erntet er mit seinen Bienen heimische Bl\u00fctenpollen und Propolis, das auch als Medizin der Bienen bekannt ist und in der Naturmedizin eingesetzt wird. F\u00fcr besondere Feinschmecker bietet die Honigmanufaktur Honig-Senf und Schoko-Nuss-Honig. Auch Honig-Wein, Honig-Lik\u00f6r und unser Honig-Balsam-Essig geh\u00f6ren fest zum Sortiment.<\/p>\n<p>Kontakt und Infos:<\/p>\n<p>Inh. Imkermeister Markus Schwarz, Spatzenhof 28, 71543 W\u00fcstenrot<\/p>\n<p>Tel: 07945 9425683, Fax: 07945-9425680\nMail: <a href=\"mailto:mail@honigmanufaktur-spatzenhof.de\" target=\"_blank\">mail@honigmanufaktur-spatzenhof.de <\/a>Web: <a href=\"http:\/\/www.Honigmanufaktur-Spatzenhof.de\" target=\"_blank\">www.Honigmanufaktur-Spatzenhof.de<\/a>\nFacebook:\u00a0<a href=\"https:\/\/www.facebook.com\/HonigmanufakturSpatzenhof\/\" target=\"_blank\">https:\/\/www.facebook.com\/HonigmanufakturSpatzenhof\/<\/a><\/p>\n<p>Gl\u00e4serne Imkerei im Spatzenhof am 3. Oktober 2019 von 14-19 Uhr<\/p>\n","protected":false},"excerpt":{"rendered":"<p>Unbelasteter, gesunder Honig aus der Honig-Manufaktur Spatzenhof<\/p>\n","protected":false},"author":25,"featured_media":7695,"comment_status":"open","ping_status":"open","sticky":false,"template":"","format":"standard","meta":[],"categories":[10],"tags":[1253],"yoast_head":"<!-- This site is optimized with the Yoast SEO plugin v19.10 - https:\/\/yoast.com\/wordpress\/plugins\/seo\/ -->\n<title>Honigmanufaktur Spatzenhof - Unverpackt Teil 3 - Naturpark Schw\u00e4bisch-Fr\u00e4nkischer Wald<\/title>\n<meta name=\"robots\" content=\"index, follow, max-snippet:-1, max-image-preview:large, max-video-preview:-1\" \/>\n<link rel=\"canonical\" href=\"https:\/\/www.naturparkmagazin.de\/schwaebisch-fraenkischer-wald\/honigmanufaktur-spatzenhof-unverpackt-teil-3\/\" \/>\n<meta property=\"og:locale\" content=\"de_DE\" \/>\n<meta property=\"og:type\" content=\"article\" \/>\n<meta property=\"og:title\" content=\"Honigmanufaktur Spatzenhof - Unverpackt Teil 3 - Naturpark Schw\u00e4bisch-Fr\u00e4nkischer Wald\" \/>\n<meta property=\"og:description\" content=\"Unbelasteter, gesunder Honig aus der Honig-Manufaktur Spatzenhof\" \/>\n<meta property=\"og:url\" content=\"https:\/\/www.naturparkmagazin.de\/schwaebisch-fraenkischer-wald\/honigmanufaktur-spatzenhof-unverpackt-teil-3\/\" \/>\n<meta property=\"og:site_name\" content=\"Naturpark Schw\u00e4bisch-Fr\u00e4nkischer Wald\" \/>\n<meta property=\"article:author\" content=\"https:\/\/www.facebook.com\/naturparkSFW\" \/>\n<meta property=\"article:published_time\" content=\"2019-05-16T13:21:21+00:00\" \/>\n<meta property=\"article:modified_time\" content=\"2019-05-20T07:00:03+00:00\" \/>\n<meta property=\"og:image\" content=\"https:\/\/www.naturparkmagazin.de\/schwaebisch-fraenkischer-wald\/wp-content\/uploads\/sites\/34\/IMG_58641.jpg\" \/>\n\t<meta property=\"og:image:width\" content=\"500\" \/>\n\t<meta property=\"og:image:height\" content=\"300\" \/>\n\t<meta property=\"og:image:type\" content=\"image\/jpeg\" \/>\n<meta name=\"author\" content=\"Naturpark-Team\" \/>\n<meta name=\"twitter:label1\" content=\"Verfasst von\" \/>\n\t<meta name=\"twitter:data1\" content=\"Naturpark-Team\" \/>\n\t<meta name=\"twitter:label2\" content=\"Gesch\u00e4tzte Lesezeit\" \/>\n\t<meta name=\"twitter:data2\" content=\"2\u00a0Minuten\" \/>\n<script type=\"application\/ld+json\" class=\"yoast-schema-graph\">{\"@context\":\"https:\/\/schema.org\",\"@graph\":[{\"@type\":\"WebPage\",\"@id\":\"https:\/\/www.naturparkmagazin.de\/schwaebisch-fraenkischer-wald\/honigmanufaktur-spatzenhof-unverpackt-teil-3\/\",\"url\":\"https:\/\/www.naturparkmagazin.de\/schwaebisch-fraenkischer-wald\/honigmanufaktur-spatzenhof-unverpackt-teil-3\/\",\"name\":\"Honigmanufaktur Spatzenhof - Unverpackt Teil 3 - Naturpark Schw\u00e4bisch-Fr\u00e4nkischer Wald\",\"isPartOf\":{\"@id\":\"https:\/\/www.naturparkmagazin.de\/schwaebisch-fraenkischer-wald\/#website\"},\"datePublished\":\"2019-05-16T13:21:21+00:00\",\"dateModified\":\"2019-05-20T07:00:03+00:00\",\"author\":{\"@id\":\"https:\/\/www.naturparkmagazin.de\/schwaebisch-fraenkischer-wald\/#\/schema\/person\/f047a3702ae747fd7830cf8ac95e6066\"},\"breadcrumb\":{\"@id\":\"https:\/\/www.naturparkmagazin.de\/schwaebisch-fraenkischer-wald\/honigmanufaktur-spatzenhof-unverpackt-teil-3\/#breadcrumb\"},\"inLanguage\":\"de\",\"potentialAction\":[{\"@type\":\"ReadAction\",\"target\":[\"https:\/\/www.naturparkmagazin.de\/schwaebisch-fraenkischer-wald\/honigmanufaktur-spatzenhof-unverpackt-teil-3\/\"]}]},{\"@type\":\"BreadcrumbList\",\"@id\":\"https:\/\/www.naturparkmagazin.de\/schwaebisch-fraenkischer-wald\/honigmanufaktur-spatzenhof-unverpackt-teil-3\/#breadcrumb\",\"itemListElement\":[{\"@type\":\"ListItem\",\"position\":1,\"name\":\"Home\",\"item\":\"https:\/\/www.naturparkmagazin.de\/schwaebisch-fraenkischer-wald\/\"},{\"@type\":\"ListItem\",\"position\":2,\"name\":\"Honigmanufaktur Spatzenhof &#8211; Unverpackt Teil 3\"}]},{\"@type\":\"WebSite\",\"@id\":\"https:\/\/www.naturparkmagazin.de\/schwaebisch-fraenkischer-wald\/#website\",\"url\":\"https:\/\/www.naturparkmagazin.de\/schwaebisch-fraenkischer-wald\/\",\"name\":\"Naturpark Schw\u00e4bisch-Fr\u00e4nkischer Wald\",\"description\":\"\",\"potentialAction\":[{\"@type\":\"SearchAction\",\"target\":{\"@type\":\"EntryPoint\",\"urlTemplate\":\"https:\/\/www.naturparkmagazin.de\/schwaebisch-fraenkischer-wald\/?s={search_term_string}\"},\"query-input\":\"required name=search_term_string\"}],\"inLanguage\":\"de\"},{\"@type\":\"Person\",\"@id\":\"https:\/\/www.naturparkmagazin.de\/schwaebisch-fraenkischer-wald\/#\/schema\/person\/f047a3702ae747fd7830cf8ac95e6066\",\"name\":\"Naturpark-Team\",\"sameAs\":[\"http:\/\/www.naturpark-sfw.de\",\"https:\/\/www.facebook.com\/naturparkSFW\"],\"url\":\"https:\/\/www.naturparkmagazin.de\/schwaebisch-fraenkischer-wald\/author\/bernharddrixler\/\"}]}<\/script>\n<!-- \/ Yoast SEO plugin. -->","yoast_head_json":{"title":"Honigmanufaktur Spatzenhof - Unverpackt Teil 3 - Naturpark Schw\u00e4bisch-Fr\u00e4nkischer Wald","robots":{"index":"index","follow":"follow","max-snippet":"max-snippet:-1","max-image-preview":"max-image-preview:large","max-video-preview":"max-video-preview:-1"},"canonical":"https:\/\/www.naturparkmagazin.de\/schwaebisch-fraenkischer-wald\/honigmanufaktur-spatzenhof-unverpackt-teil-3\/","og_locale":"de_DE","og_type":"article","og_title":"Honigmanufaktur Spatzenhof - Unverpackt Teil 3 - Naturpark Schw\u00e4bisch-Fr\u00e4nkischer Wald","og_description":"Unbelasteter, gesunder Honig aus der Honig-Manufaktur Spatzenhof","og_url":"https:\/\/www.naturparkmagazin.de\/schwaebisch-fraenkischer-wald\/honigmanufaktur-spatzenhof-unverpackt-teil-3\/","og_site_name":"Naturpark Schw\u00e4bisch-Fr\u00e4nkischer Wald","article_author":"https:\/\/www.facebook.com\/naturparkSFW","article_published_time":"2019-05-16T13:21:21+00:00","article_modified_time":"2019-05-20T07:00:03+00:00","og_image":[{"width":500,"height":300,"url":"https:\/\/www.naturparkmagazin.de\/schwaebisch-fraenkischer-wald\/wp-content\/uploads\/sites\/34\/IMG_58641.jpg","type":"image\/jpeg"}],"author":"Naturpark-Team","twitter_misc":{"Verfasst von":"Naturpark-Team","Gesch\u00e4tzte Lesezeit":"2\u00a0Minuten"},"schema":{"@context":"https:\/\/schema.org","@graph":[{"@type":"WebPage","@id":"https:\/\/www.naturparkmagazin.de\/schwaebisch-fraenkischer-wald\/honigmanufaktur-spatzenhof-unverpackt-teil-3\/","url":"https:\/\/www.naturparkmagazin.de\/schwaebisch-fraenkischer-wald\/honigmanufaktur-spatzenhof-unverpackt-teil-3\/","name":"Honigmanufaktur Spatzenhof - Unverpackt Teil 3 - Naturpark Schw\u00e4bisch-Fr\u00e4nkischer Wald","isPartOf":{"@id":"https:\/\/www.naturparkmagazin.de\/schwaebisch-fraenkischer-wald\/#website"},"datePublished":"2019-05-16T13:21:21+00:00","dateModified":"2019-05-20T07:00:03+00:00","author":{"@id":"https:\/\/www.naturparkmagazin.de\/schwaebisch-fraenkischer-wald\/#\/schema\/person\/f047a3702ae747fd7830cf8ac95e6066"},"breadcrumb":{"@id":"https:\/\/www.naturparkmagazin.de\/schwaebisch-fraenkischer-wald\/honigmanufaktur-spatzenhof-unverpackt-teil-3\/#breadcrumb"},"inLanguage":"de","potentialAction":[{"@type":"ReadAction","target":["https:\/\/www.naturparkmagazin.de\/schwaebisch-fraenkischer-wald\/honigmanufaktur-spatzenhof-unverpackt-teil-3\/"]}]},{"@type":"BreadcrumbList","@id":"https:\/\/www.naturparkmagazin.de\/schwaebisch-fraenkischer-wald\/honigmanufaktur-spatzenhof-unverpackt-teil-3\/#breadcrumb","itemListElement":[{"@type":"ListItem","position":1,"name":"Home","item":"https:\/\/www.naturparkmagazin.de\/schwaebisch-fraenkischer-wald\/"},{"@type":"ListItem","position":2,"name":"Honigmanufaktur Spatzenhof &#8211; Unverpackt Teil 3"}]},{"@type":"WebSite","@id":"https:\/\/www.naturparkmagazin.de\/schwaebisch-fraenkischer-wald\/#website","url":"https:\/\/www.naturparkmagazin.de\/schwaebisch-fraenkischer-wald\/","name":"Naturpark Schw\u00e4bisch-Fr\u00e4nkischer Wald","description":"","potentialAction":[{"@type":"SearchAction","target":{"@type":"EntryPoint","urlTemplate":"https:\/\/www.naturparkmagazin.de\/schwaebisch-fraenkischer-wald\/?s={search_term_string}"},"query-input":"required name=search_term_string"}],"inLanguage":"de"},{"@type":"Person","@id":"https:\/\/www.naturparkmagazin.de\/schwaebisch-fraenkischer-wald\/#\/schema\/person\/f047a3702ae747fd7830cf8ac95e6066","name":"Naturpark-Team","sameAs":["http:\/\/www.naturpark-sfw.de","https:\/\/www.facebook.com\/naturparkSFW"],"url":"https:\/\/www.naturparkmagazin.de\/schwaebisch-fraenkischer-wald\/author\/bernharddrixler\/"}]}},"_links":{"self":[{"href":"https:\/\/www.naturparkmagazin.de\/schwaebisch-fraenkischer-wald\/wp-json\/wp\/v2\/posts\/7692"}],"collection":[{"href":"https:\/\/www.naturparkmagazin.de\/schwaebisch-fraenkischer-wald\/wp-json\/wp\/v2\/posts"}],"about":[{"href":"https:\/\/www.naturparkmagazin.de\/schwaebisch-fraenkischer-wald\/wp-json\/wp\/v2\/types\/post"}],"author":[{"embeddable":true,"href":"https:\/\/www.naturparkmagazin.de\/schwaebisch-fraenkischer-wald\/wp-json\/wp\/v2\/users\/25"}],"replies":[{"embeddable":true,"href":"https:\/\/www.naturparkmagazin.de\/schwaebisch-fraenkischer-wald\/wp-json\/wp\/v2\/comments?post=7692"}],"version-history":[{"count":3,"href":"https:\/\/www.naturparkmagazin.de\/schwaebisch-fraenkischer-wald\/wp-json\/wp\/v2\/posts\/7692\/revisions"}],"predecessor-version":[{"id":7698,"href":"https:\/\/www.naturparkmagazin.de\/schwaebisch-fraenkischer-wald\/wp-json\/wp\/v2\/posts\/7692\/revisions\/7698"}],"wp:featuredmedia":[{"embeddable":true,"href":"https:\/\/www.naturparkmagazin.de\/schwaebisch-fraenkischer-wald\/wp-json\/wp\/v2\/media\/7695"}],"wp:attachment":[{"href":"https:\/\/www.naturparkmagazin.de\/schwaebisch-fraenkischer-wald\/wp-json\/wp\/v2\/media?parent=7692"}],"wp:term":[{"taxonomy":"category","embeddable":true,"href":"https:\/\/www.naturparkmagazin.de\/schwaebisch-fraenkischer-wald\/wp-json\/wp\/v2\/categories?post=7692"},{"taxonomy":"post_tag","embeddable":true,"href":"https:\/\/www.naturparkmagazin.de\/schwaebisch-fraenkischer-wald\/wp-json\/wp\/v2\/tags?post=7692"}],"curies":[{"name":"wp","href":"https:\/\/api.w.org\/{rel}","templated":true}]}}