{"id":7704,"date":"2019-05-16T15:58:42","date_gmt":"2019-05-16T13:58:42","guid":{"rendered":"https:\/\/www.naturparkmagazin.de\/schwaebisch-fraenkischer-wald\/?p=7704"},"modified":"2019-05-14T16:14:06","modified_gmt":"2019-05-14T14:14:06","slug":"neue-schwaebische-waldfee-inthornisiert","status":"publish","type":"post","link":"https:\/\/www.naturparkmagazin.de\/schwaebisch-fraenkischer-wald\/neue-schwaebische-waldfee-inthornisiert\/","title":{"rendered":"Neue Schw\u00e4bische Waldfee inthornisiert"},"content":{"rendered":"<p>Leonie Teresa Treml aus Murrhardt ist die siebte Schw\u00e4bische WaldFee. Sie ist eng mit ihrer Heimat verbunden und freut sich darauf, mit Begeisterung f\u00fcr den Schw\u00e4bischen Wald zu werben.<\/p>\n<div id=\"attachment_7705\" style=\"width: 510px\" class=\"wp-caption alignright\"><a href=\"https:\/\/www.naturparkmagazin.de\/schwaebisch-fraenkischer-wald\/wp-content\/uploads\/sites\/34\/2019-04-04-08.15.06.jpg\"><img aria-describedby=\"caption-attachment-7705\" decoding=\"async\" loading=\"lazy\" class=\"size-full wp-image-7705\" src=\"https:\/\/www.naturparkmagazin.de\/schwaebisch-fraenkischer-wald\/wp-content\/uploads\/sites\/34\/2019-04-04-08.15.06.jpg\" alt=\"Die neue Schw\u00e4bisch Waldfee Leonie Tremel umrahmt von ihren Vorg\u00e4ngerinnen, Landrat Dr. Sigel (li.) und B\u00fcrgermeister Christoph J\u00e4ger\" width=\"500\" height=\"300\" srcset=\"https:\/\/www.naturparkmagazin.de\/schwaebisch-fraenkischer-wald\/wp-content\/uploads\/sites\/34\/2019-04-04-08.15.06.jpg 500w, https:\/\/www.naturparkmagazin.de\/schwaebisch-fraenkischer-wald\/wp-content\/uploads\/sites\/34\/2019-04-04-08.15.06-300x180.jpg 300w, https:\/\/www.naturparkmagazin.de\/schwaebisch-fraenkischer-wald\/wp-content\/uploads\/sites\/34\/2019-04-04-08.15.06-200x120.jpg 200w\" sizes=\"(max-width: 500px) 100vw, 500px\" \/><\/a><p id=\"caption-attachment-7705\" class=\"wp-caption-text\">Die neue Schw\u00e4bisch Waldfee Leonie Treml umrahmt von ihren Vorg\u00e4ngerinnen, Landrat Dr. Sigel (re.) und B\u00fcrgermeister Christoph J\u00e4ger (li.)<\/p><\/div>\n<p class=\"bodytext\">F\u00fcr die Studentin der Sozialen Arbeit sind nicht nur soziale Themen ein wichtiges Anliegen. Die passionierte Querfl\u00f6tenspielerin genie\u00dft in ihrer Freizeit die Natur des Schw\u00e4bischen Waldes und m\u00f6chte die Menschen f\u00fcr die Natur und ihren Erhalt sensibilisieren. \u201eAls Schw\u00e4bische WaldFee m\u00f6chte ich zeigen wie wunderbar die Vielfalt unserer Natur ist und dass es lohnenswert ist, den Schw\u00e4bischen Wald wandernd oder mit dem Rad zu erkunden, dass es erfrischt, in einen der zahlreichen Seen zu springen und dass es beim Waldspaziergang wunderbar unter den F\u00fc\u00dfen knirscht.\u201c<\/p>\n<p class=\"bodytext\">K\u00fcnftig wird sie in einem Feenkleid des Schorndorfer Fashion-Labels RIANI f\u00fcr den Schw\u00e4bischen Wald werben. Mit ihrem \u201eFeen-Dienstwagen\u201c, einem Mini Cabrio gesponsert von dem Autohaus Mulfinger und der Kreissparkasse Waiblingen, wird sie durch den Schw\u00e4bischen Wald zu ihren Auftritten fahren.<\/p>\n<p>Die \u00f6ffentliche K\u00fcr der siebten Schw\u00e4bischen WaldFee fand am Mittwoch, den 1. Mai 2019, auf dem KinderNaturErlebnisfest rund um den Kornberger Viehstall in Oberrot-Kornberg statt.<\/p>\n<p>(Quelle Text: <a href=\"https:\/\/www.schwaebischerwald.com\/index.php?id=3&amp;no_cache=1\" target=\"_blank\">www.schwaebischerwald.com<\/a>)<\/p>\n","protected":false},"excerpt":{"rendered":"<p>Leonie Teresa Treml aus Murrhardt ist die siebte Schw\u00e4bische WaldFee<\/p>\n","protected":false},"author":25,"featured_media":7706,"comment_status":"open","ping_status":"open","sticky":false,"template":"","format":"standard","meta":[],"categories":[8],"tags":[1253],"yoast_head":"<!-- This site is optimized with the Yoast SEO plugin v19.10 - https:\/\/yoast.com\/wordpress\/plugins\/seo\/ -->\n<title>Neue Schw\u00e4bische Waldfee inthornisiert - Naturpark Schw\u00e4bisch-Fr\u00e4nkischer Wald<\/title>\n<meta name=\"robots\" content=\"index, follow, max-snippet:-1, max-image-preview:large, max-video-preview:-1\" \/>\n<link rel=\"canonical\" href=\"https:\/\/www.naturparkmagazin.de\/schwaebisch-fraenkischer-wald\/neue-schwaebische-waldfee-inthornisiert\/\" \/>\n<meta property=\"og:locale\" content=\"de_DE\" \/>\n<meta property=\"og:type\" content=\"article\" \/>\n<meta property=\"og:title\" content=\"Neue Schw\u00e4bische Waldfee inthornisiert - Naturpark Schw\u00e4bisch-Fr\u00e4nkischer Wald\" \/>\n<meta property=\"og:description\" content=\"Leonie Teresa Treml aus Murrhardt ist die siebte Schw\u00e4bische WaldFee\" \/>\n<meta property=\"og:url\" content=\"https:\/\/www.naturparkmagazin.de\/schwaebisch-fraenkischer-wald\/neue-schwaebische-waldfee-inthornisiert\/\" \/>\n<meta property=\"og:site_name\" content=\"Naturpark Schw\u00e4bisch-Fr\u00e4nkischer Wald\" \/>\n<meta property=\"article:author\" content=\"https:\/\/www.facebook.com\/naturparkSFW\" \/>\n<meta property=\"article:published_time\" content=\"2019-05-16T13:58:42+00:00\" \/>\n<meta property=\"article:modified_time\" content=\"2019-05-14T14:14:06+00:00\" \/>\n<meta property=\"og:image\" content=\"https:\/\/www.naturparkmagazin.de\/schwaebisch-fraenkischer-wald\/wp-content\/uploads\/sites\/34\/2019-04-04-08.15.061.jpg\" \/>\n\t<meta property=\"og:image:width\" content=\"200\" \/>\n\t<meta property=\"og:image:height\" content=\"200\" \/>\n\t<meta property=\"og:image:type\" content=\"image\/jpeg\" \/>\n<meta name=\"author\" content=\"Naturpark-Team\" \/>\n<meta name=\"twitter:label1\" content=\"Verfasst von\" \/>\n\t<meta name=\"twitter:data1\" content=\"Naturpark-Team\" \/>\n\t<meta name=\"twitter:label2\" content=\"Gesch\u00e4tzte Lesezeit\" \/>\n\t<meta name=\"twitter:data2\" content=\"1\u00a0Minute\" \/>\n<script type=\"application\/ld+json\" class=\"yoast-schema-graph\">{\"@context\":\"https:\/\/schema.org\",\"@graph\":[{\"@type\":\"WebPage\",\"@id\":\"https:\/\/www.naturparkmagazin.de\/schwaebisch-fraenkischer-wald\/neue-schwaebische-waldfee-inthornisiert\/\",\"url\":\"https:\/\/www.naturparkmagazin.de\/schwaebisch-fraenkischer-wald\/neue-schwaebische-waldfee-inthornisiert\/\",\"name\":\"Neue Schw\u00e4bische Waldfee inthornisiert - Naturpark Schw\u00e4bisch-Fr\u00e4nkischer Wald\",\"isPartOf\":{\"@id\":\"https:\/\/www.naturparkmagazin.de\/schwaebisch-fraenkischer-wald\/#website\"},\"datePublished\":\"2019-05-16T13:58:42+00:00\",\"dateModified\":\"2019-05-14T14:14:06+00:00\",\"author\":{\"@id\":\"https:\/\/www.naturparkmagazin.de\/schwaebisch-fraenkischer-wald\/#\/schema\/person\/f047a3702ae747fd7830cf8ac95e6066\"},\"breadcrumb\":{\"@id\":\"https:\/\/www.naturparkmagazin.de\/schwaebisch-fraenkischer-wald\/neue-schwaebische-waldfee-inthornisiert\/#breadcrumb\"},\"inLanguage\":\"de\",\"potentialAction\":[{\"@type\":\"ReadAction\",\"target\":[\"https:\/\/www.naturparkmagazin.de\/schwaebisch-fraenkischer-wald\/neue-schwaebische-waldfee-inthornisiert\/\"]}]},{\"@type\":\"BreadcrumbList\",\"@id\":\"https:\/\/www.naturparkmagazin.de\/schwaebisch-fraenkischer-wald\/neue-schwaebische-waldfee-inthornisiert\/#breadcrumb\",\"itemListElement\":[{\"@type\":\"ListItem\",\"position\":1,\"name\":\"Home\",\"item\":\"https:\/\/www.naturparkmagazin.de\/schwaebisch-fraenkischer-wald\/\"},{\"@type\":\"ListItem\",\"position\":2,\"name\":\"Neue Schw\u00e4bische Waldfee inthornisiert\"}]},{\"@type\":\"WebSite\",\"@id\":\"https:\/\/www.naturparkmagazin.de\/schwaebisch-fraenkischer-wald\/#website\",\"url\":\"https:\/\/www.naturparkmagazin.de\/schwaebisch-fraenkischer-wald\/\",\"name\":\"Naturpark Schw\u00e4bisch-Fr\u00e4nkischer Wald\",\"description\":\"\",\"potentialAction\":[{\"@type\":\"SearchAction\",\"target\":{\"@type\":\"EntryPoint\",\"urlTemplate\":\"https:\/\/www.naturparkmagazin.de\/schwaebisch-fraenkischer-wald\/?s={search_term_string}\"},\"query-input\":\"required name=search_term_string\"}],\"inLanguage\":\"de\"},{\"@type\":\"Person\",\"@id\":\"https:\/\/www.naturparkmagazin.de\/schwaebisch-fraenkischer-wald\/#\/schema\/person\/f047a3702ae747fd7830cf8ac95e6066\",\"name\":\"Naturpark-Team\",\"sameAs\":[\"http:\/\/www.naturpark-sfw.de\",\"https:\/\/www.facebook.com\/naturparkSFW\"],\"url\":\"https:\/\/www.naturparkmagazin.de\/schwaebisch-fraenkischer-wald\/author\/bernharddrixler\/\"}]}<\/script>\n<!-- \/ Yoast SEO plugin. -->","yoast_head_json":{"title":"Neue Schw\u00e4bische Waldfee inthornisiert - Naturpark Schw\u00e4bisch-Fr\u00e4nkischer Wald","robots":{"index":"index","follow":"follow","max-snippet":"max-snippet:-1","max-image-preview":"max-image-preview:large","max-video-preview":"max-video-preview:-1"},"canonical":"https:\/\/www.naturparkmagazin.de\/schwaebisch-fraenkischer-wald\/neue-schwaebische-waldfee-inthornisiert\/","og_locale":"de_DE","og_type":"article","og_title":"Neue Schw\u00e4bische Waldfee inthornisiert - Naturpark Schw\u00e4bisch-Fr\u00e4nkischer Wald","og_description":"Leonie Teresa Treml aus Murrhardt ist die siebte Schw\u00e4bische WaldFee","og_url":"https:\/\/www.naturparkmagazin.de\/schwaebisch-fraenkischer-wald\/neue-schwaebische-waldfee-inthornisiert\/","og_site_name":"Naturpark Schw\u00e4bisch-Fr\u00e4nkischer Wald","article_author":"https:\/\/www.facebook.com\/naturparkSFW","article_published_time":"2019-05-16T13:58:42+00:00","article_modified_time":"2019-05-14T14:14:06+00:00","og_image":[{"width":200,"height":200,"url":"https:\/\/www.naturparkmagazin.de\/schwaebisch-fraenkischer-wald\/wp-content\/uploads\/sites\/34\/2019-04-04-08.15.061.jpg","type":"image\/jpeg"}],"author":"Naturpark-Team","twitter_misc":{"Verfasst von":"Naturpark-Team","Gesch\u00e4tzte Lesezeit":"1\u00a0Minute"},"schema":{"@context":"https:\/\/schema.org","@graph":[{"@type":"WebPage","@id":"https:\/\/www.naturparkmagazin.de\/schwaebisch-fraenkischer-wald\/neue-schwaebische-waldfee-inthornisiert\/","url":"https:\/\/www.naturparkmagazin.de\/schwaebisch-fraenkischer-wald\/neue-schwaebische-waldfee-inthornisiert\/","name":"Neue Schw\u00e4bische Waldfee inthornisiert - Naturpark Schw\u00e4bisch-Fr\u00e4nkischer Wald","isPartOf":{"@id":"https:\/\/www.naturparkmagazin.de\/schwaebisch-fraenkischer-wald\/#website"},"datePublished":"2019-05-16T13:58:42+00:00","dateModified":"2019-05-14T14:14:06+00:00","author":{"@id":"https:\/\/www.naturparkmagazin.de\/schwaebisch-fraenkischer-wald\/#\/schema\/person\/f047a3702ae747fd7830cf8ac95e6066"},"breadcrumb":{"@id":"https:\/\/www.naturparkmagazin.de\/schwaebisch-fraenkischer-wald\/neue-schwaebische-waldfee-inthornisiert\/#breadcrumb"},"inLanguage":"de","potentialAction":[{"@type":"ReadAction","target":["https:\/\/www.naturparkmagazin.de\/schwaebisch-fraenkischer-wald\/neue-schwaebische-waldfee-inthornisiert\/"]}]},{"@type":"BreadcrumbList","@id":"https:\/\/www.naturparkmagazin.de\/schwaebisch-fraenkischer-wald\/neue-schwaebische-waldfee-inthornisiert\/#breadcrumb","itemListElement":[{"@type":"ListItem","position":1,"name":"Home","item":"https:\/\/www.naturparkmagazin.de\/schwaebisch-fraenkischer-wald\/"},{"@type":"ListItem","position":2,"name":"Neue Schw\u00e4bische Waldfee inthornisiert"}]},{"@type":"WebSite","@id":"https:\/\/www.naturparkmagazin.de\/schwaebisch-fraenkischer-wald\/#website","url":"https:\/\/www.naturparkmagazin.de\/schwaebisch-fraenkischer-wald\/","name":"Naturpark Schw\u00e4bisch-Fr\u00e4nkischer Wald","description":"","potentialAction":[{"@type":"SearchAction","target":{"@type":"EntryPoint","urlTemplate":"https:\/\/www.naturparkmagazin.de\/schwaebisch-fraenkischer-wald\/?s={search_term_string}"},"query-input":"required name=search_term_string"}],"inLanguage":"de"},{"@type":"Person","@id":"https:\/\/www.naturparkmagazin.de\/schwaebisch-fraenkischer-wald\/#\/schema\/person\/f047a3702ae747fd7830cf8ac95e6066","name":"Naturpark-Team","sameAs":["http:\/\/www.naturpark-sfw.de","https:\/\/www.facebook.com\/naturparkSFW"],"url":"https:\/\/www.naturparkmagazin.de\/schwaebisch-fraenkischer-wald\/author\/bernharddrixler\/"}]}},"_links":{"self":[{"href":"https:\/\/www.naturparkmagazin.de\/schwaebisch-fraenkischer-wald\/wp-json\/wp\/v2\/posts\/7704"}],"collection":[{"href":"https:\/\/www.naturparkmagazin.de\/schwaebisch-fraenkischer-wald\/wp-json\/wp\/v2\/posts"}],"about":[{"href":"https:\/\/www.naturparkmagazin.de\/schwaebisch-fraenkischer-wald\/wp-json\/wp\/v2\/types\/post"}],"author":[{"embeddable":true,"href":"https:\/\/www.naturparkmagazin.de\/schwaebisch-fraenkischer-wald\/wp-json\/wp\/v2\/users\/25"}],"replies":[{"embeddable":true,"href":"https:\/\/www.naturparkmagazin.de\/schwaebisch-fraenkischer-wald\/wp-json\/wp\/v2\/comments?post=7704"}],"version-history":[{"count":1,"href":"https:\/\/www.naturparkmagazin.de\/schwaebisch-fraenkischer-wald\/wp-json\/wp\/v2\/posts\/7704\/revisions"}],"predecessor-version":[{"id":7707,"href":"https:\/\/www.naturparkmagazin.de\/schwaebisch-fraenkischer-wald\/wp-json\/wp\/v2\/posts\/7704\/revisions\/7707"}],"wp:featuredmedia":[{"embeddable":true,"href":"https:\/\/www.naturparkmagazin.de\/schwaebisch-fraenkischer-wald\/wp-json\/wp\/v2\/media\/7706"}],"wp:attachment":[{"href":"https:\/\/www.naturparkmagazin.de\/schwaebisch-fraenkischer-wald\/wp-json\/wp\/v2\/media?parent=7704"}],"wp:term":[{"taxonomy":"category","embeddable":true,"href":"https:\/\/www.naturparkmagazin.de\/schwaebisch-fraenkischer-wald\/wp-json\/wp\/v2\/categories?post=7704"},{"taxonomy":"post_tag","embeddable":true,"href":"https:\/\/www.naturparkmagazin.de\/schwaebisch-fraenkischer-wald\/wp-json\/wp\/v2\/tags?post=7704"}],"curies":[{"name":"wp","href":"https:\/\/api.w.org\/{rel}","templated":true}]}}