{"id":7743,"date":"2019-06-14T08:01:37","date_gmt":"2019-06-14T06:01:37","guid":{"rendered":"https:\/\/www.naturparkmagazin.de\/schwaebisch-fraenkischer-wald\/?p=7743"},"modified":"2019-06-14T07:11:07","modified_gmt":"2019-06-14T05:11:07","slug":"liebe-leserin-lieber-leser-65","status":"publish","type":"post","link":"https:\/\/www.naturparkmagazin.de\/schwaebisch-fraenkischer-wald\/liebe-leserin-lieber-leser-65\/","title":{"rendered":"Liebe Leserin, lieber Leser,"},"content":{"rendered":"<p>herzlich willkommen zum Juli-Newsletter des Naturparks Schw\u00e4bisch-Fr\u00e4nkischer Wald!<\/p>\n<p>Sommer, Sonne, Urlaubszeit: Im Juli startet Deutschland in den Sommerurlaub. Das Juliwetter hat wesentlichen Einfluss auf die Menge und die G\u00fcte der Ernte. Dies spiegelt sich in zahlreichen Bauernregeln wider:<\/p>\n<ul>\n<li>Im Juli muss vor Hitze braten, was im September soll geraten<\/li>\n<li>Juli sch\u00f6n und klar, gibt ein gutes Bauernjahr<\/li>\n<li>Ein t\u00fcchtig Juligewitter ist gut f\u00fcr Winzer und Schnitter<\/li>\n<\/ul>\n<p>Wenn Sie einmal etwas Anderes entdecken wollen, empfehlen wir Ihnen die au\u00dfergew\u00f6hnlichen und frischen Reiseangebote in den Naturparken, die das Projekt \u201eKatzensprung\u201c gesammelt hat. Besondere Urlaubsabenteuer ganz in der N\u00e4he \u2013 klimaschonend und g\u00fcnstig. Und wenn Sie in der Naturparkregion des Schw\u00e4bisch-Fr\u00e4nkischen Waldes bleiben m\u00f6gen, dann nehmen Sie unsere Naturparkf\u00fchrer mit in faszinierende Schluchten, zu rauschenden Wasserf\u00e4llen, spannenden Familientouren und fr\u00fch morgens in den Wald.<\/p>\n<p>Diese und viele weitere Angebote finden Sie in unserem aktuellen Newsletter. Freuen Sie sich auf zahlreiche abwechslungsreiche Veranstaltungen und interessante Begegnungen.<\/p>\n<p>Wir w\u00fcnschen Ihnen eine genussvolle Zeit und viel Spa\u00df beim Erkunden und Erleben des Naturparks &#8211; <em>online<\/em> und <em>offline<\/em>!<\/p>\n<p><strong>Bernhard Drixler, Lisa Funke und Laurel Kagels<\/strong>\n<strong>Naturparkteam Schw\u00e4bisch-Fr\u00e4nkischer Wald<\/strong><\/p>\n<p><em>40 Jahre Naturpark Schw\u00e4bisch-Fr\u00e4nkischer Wald:\nNaturpark schmeckt! +++ Naturpark bl\u00fcht! +++ Naturpark klingt! +++ Naturpark bewegt! +++ Naturpark erz\u00e4hlt! +++ Naturpark feiert!<\/em><\/p>\n","protected":false},"excerpt":{"rendered":"<p>herzlich willkommen zum Juli-Newsletter des Naturparks Schw\u00e4bisch-Fr\u00e4nkischer Wald! Sommer, Sonne, Urlaubszeit: Im Juli startet Deutschland in den Sommerurlaub. Das Juliwetter hat wesentlichen Einfluss auf die Menge und die G\u00fcte der Ernte. Dies spiegelt sich in zahlreichen Bauernregeln wider: Im Juli muss vor Hitze braten, was im September soll geraten Juli sch\u00f6n und klar, gibt ein<\/p>\n","protected":false},"author":25,"featured_media":0,"comment_status":"open","ping_status":"open","sticky":false,"template":"","format":"standard","meta":[],"categories":[52],"tags":[],"yoast_head":"<!-- This site is optimized with the Yoast SEO plugin v19.10 - https:\/\/yoast.com\/wordpress\/plugins\/seo\/ -->\n<title>Liebe Leserin, lieber Leser, - Naturpark Schw\u00e4bisch-Fr\u00e4nkischer Wald<\/title>\n<meta name=\"robots\" content=\"index, follow, max-snippet:-1, max-image-preview:large, max-video-preview:-1\" \/>\n<link rel=\"canonical\" href=\"https:\/\/www.naturparkmagazin.de\/schwaebisch-fraenkischer-wald\/liebe-leserin-lieber-leser-65\/\" \/>\n<meta property=\"og:locale\" content=\"de_DE\" \/>\n<meta property=\"og:type\" content=\"article\" \/>\n<meta property=\"og:title\" content=\"Liebe Leserin, lieber Leser, - Naturpark Schw\u00e4bisch-Fr\u00e4nkischer Wald\" \/>\n<meta property=\"og:description\" content=\"herzlich willkommen zum Juli-Newsletter des Naturparks Schw\u00e4bisch-Fr\u00e4nkischer Wald! Sommer, Sonne, Urlaubszeit: Im Juli startet Deutschland in den Sommerurlaub. Das Juliwetter hat wesentlichen Einfluss auf die Menge und die G\u00fcte der Ernte. Dies spiegelt sich in zahlreichen Bauernregeln wider: Im Juli muss vor Hitze braten, was im September soll geraten Juli sch\u00f6n und klar, gibt ein\" \/>\n<meta property=\"og:url\" content=\"https:\/\/www.naturparkmagazin.de\/schwaebisch-fraenkischer-wald\/liebe-leserin-lieber-leser-65\/\" \/>\n<meta property=\"og:site_name\" content=\"Naturpark Schw\u00e4bisch-Fr\u00e4nkischer Wald\" \/>\n<meta property=\"article:author\" content=\"https:\/\/www.facebook.com\/naturparkSFW\" \/>\n<meta property=\"article:published_time\" content=\"2019-06-14T06:01:37+00:00\" \/>\n<meta property=\"article:modified_time\" content=\"2019-06-14T05:11:07+00:00\" \/>\n<meta name=\"author\" content=\"Naturpark-Team\" \/>\n<meta name=\"twitter:label1\" content=\"Verfasst von\" \/>\n\t<meta name=\"twitter:data1\" content=\"Naturpark-Team\" \/>\n\t<meta name=\"twitter:label2\" content=\"Gesch\u00e4tzte Lesezeit\" \/>\n\t<meta name=\"twitter:data2\" content=\"1\u00a0Minute\" \/>\n<script type=\"application\/ld+json\" class=\"yoast-schema-graph\">{\"@context\":\"https:\/\/schema.org\",\"@graph\":[{\"@type\":\"WebPage\",\"@id\":\"https:\/\/www.naturparkmagazin.de\/schwaebisch-fraenkischer-wald\/liebe-leserin-lieber-leser-65\/\",\"url\":\"https:\/\/www.naturparkmagazin.de\/schwaebisch-fraenkischer-wald\/liebe-leserin-lieber-leser-65\/\",\"name\":\"Liebe Leserin, lieber Leser, - Naturpark Schw\u00e4bisch-Fr\u00e4nkischer Wald\",\"isPartOf\":{\"@id\":\"https:\/\/www.naturparkmagazin.de\/schwaebisch-fraenkischer-wald\/#website\"},\"datePublished\":\"2019-06-14T06:01:37+00:00\",\"dateModified\":\"2019-06-14T05:11:07+00:00\",\"author\":{\"@id\":\"https:\/\/www.naturparkmagazin.de\/schwaebisch-fraenkischer-wald\/#\/schema\/person\/f047a3702ae747fd7830cf8ac95e6066\"},\"breadcrumb\":{\"@id\":\"https:\/\/www.naturparkmagazin.de\/schwaebisch-fraenkischer-wald\/liebe-leserin-lieber-leser-65\/#breadcrumb\"},\"inLanguage\":\"de\",\"potentialAction\":[{\"@type\":\"ReadAction\",\"target\":[\"https:\/\/www.naturparkmagazin.de\/schwaebisch-fraenkischer-wald\/liebe-leserin-lieber-leser-65\/\"]}]},{\"@type\":\"BreadcrumbList\",\"@id\":\"https:\/\/www.naturparkmagazin.de\/schwaebisch-fraenkischer-wald\/liebe-leserin-lieber-leser-65\/#breadcrumb\",\"itemListElement\":[{\"@type\":\"ListItem\",\"position\":1,\"name\":\"Home\",\"item\":\"https:\/\/www.naturparkmagazin.de\/schwaebisch-fraenkischer-wald\/\"},{\"@type\":\"ListItem\",\"position\":2,\"name\":\"Liebe Leserin, lieber Leser,\"}]},{\"@type\":\"WebSite\",\"@id\":\"https:\/\/www.naturparkmagazin.de\/schwaebisch-fraenkischer-wald\/#website\",\"url\":\"https:\/\/www.naturparkmagazin.de\/schwaebisch-fraenkischer-wald\/\",\"name\":\"Naturpark Schw\u00e4bisch-Fr\u00e4nkischer Wald\",\"description\":\"\",\"potentialAction\":[{\"@type\":\"SearchAction\",\"target\":{\"@type\":\"EntryPoint\",\"urlTemplate\":\"https:\/\/www.naturparkmagazin.de\/schwaebisch-fraenkischer-wald\/?s={search_term_string}\"},\"query-input\":\"required name=search_term_string\"}],\"inLanguage\":\"de\"},{\"@type\":\"Person\",\"@id\":\"https:\/\/www.naturparkmagazin.de\/schwaebisch-fraenkischer-wald\/#\/schema\/person\/f047a3702ae747fd7830cf8ac95e6066\",\"name\":\"Naturpark-Team\",\"sameAs\":[\"http:\/\/www.naturpark-sfw.de\",\"https:\/\/www.facebook.com\/naturparkSFW\"],\"url\":\"https:\/\/www.naturparkmagazin.de\/schwaebisch-fraenkischer-wald\/author\/bernharddrixler\/\"}]}<\/script>\n<!-- \/ Yoast SEO plugin. -->","yoast_head_json":{"title":"Liebe Leserin, lieber Leser, - Naturpark Schw\u00e4bisch-Fr\u00e4nkischer Wald","robots":{"index":"index","follow":"follow","max-snippet":"max-snippet:-1","max-image-preview":"max-image-preview:large","max-video-preview":"max-video-preview:-1"},"canonical":"https:\/\/www.naturparkmagazin.de\/schwaebisch-fraenkischer-wald\/liebe-leserin-lieber-leser-65\/","og_locale":"de_DE","og_type":"article","og_title":"Liebe Leserin, lieber Leser, - Naturpark Schw\u00e4bisch-Fr\u00e4nkischer Wald","og_description":"herzlich willkommen zum Juli-Newsletter des Naturparks Schw\u00e4bisch-Fr\u00e4nkischer Wald! Sommer, Sonne, Urlaubszeit: Im Juli startet Deutschland in den Sommerurlaub. Das Juliwetter hat wesentlichen Einfluss auf die Menge und die G\u00fcte der Ernte. Dies spiegelt sich in zahlreichen Bauernregeln wider: Im Juli muss vor Hitze braten, was im September soll geraten Juli sch\u00f6n und klar, gibt ein","og_url":"https:\/\/www.naturparkmagazin.de\/schwaebisch-fraenkischer-wald\/liebe-leserin-lieber-leser-65\/","og_site_name":"Naturpark Schw\u00e4bisch-Fr\u00e4nkischer Wald","article_author":"https:\/\/www.facebook.com\/naturparkSFW","article_published_time":"2019-06-14T06:01:37+00:00","article_modified_time":"2019-06-14T05:11:07+00:00","author":"Naturpark-Team","twitter_misc":{"Verfasst von":"Naturpark-Team","Gesch\u00e4tzte Lesezeit":"1\u00a0Minute"},"schema":{"@context":"https:\/\/schema.org","@graph":[{"@type":"WebPage","@id":"https:\/\/www.naturparkmagazin.de\/schwaebisch-fraenkischer-wald\/liebe-leserin-lieber-leser-65\/","url":"https:\/\/www.naturparkmagazin.de\/schwaebisch-fraenkischer-wald\/liebe-leserin-lieber-leser-65\/","name":"Liebe Leserin, lieber Leser, - Naturpark Schw\u00e4bisch-Fr\u00e4nkischer Wald","isPartOf":{"@id":"https:\/\/www.naturparkmagazin.de\/schwaebisch-fraenkischer-wald\/#website"},"datePublished":"2019-06-14T06:01:37+00:00","dateModified":"2019-06-14T05:11:07+00:00","author":{"@id":"https:\/\/www.naturparkmagazin.de\/schwaebisch-fraenkischer-wald\/#\/schema\/person\/f047a3702ae747fd7830cf8ac95e6066"},"breadcrumb":{"@id":"https:\/\/www.naturparkmagazin.de\/schwaebisch-fraenkischer-wald\/liebe-leserin-lieber-leser-65\/#breadcrumb"},"inLanguage":"de","potentialAction":[{"@type":"ReadAction","target":["https:\/\/www.naturparkmagazin.de\/schwaebisch-fraenkischer-wald\/liebe-leserin-lieber-leser-65\/"]}]},{"@type":"BreadcrumbList","@id":"https:\/\/www.naturparkmagazin.de\/schwaebisch-fraenkischer-wald\/liebe-leserin-lieber-leser-65\/#breadcrumb","itemListElement":[{"@type":"ListItem","position":1,"name":"Home","item":"https:\/\/www.naturparkmagazin.de\/schwaebisch-fraenkischer-wald\/"},{"@type":"ListItem","position":2,"name":"Liebe Leserin, lieber Leser,"}]},{"@type":"WebSite","@id":"https:\/\/www.naturparkmagazin.de\/schwaebisch-fraenkischer-wald\/#website","url":"https:\/\/www.naturparkmagazin.de\/schwaebisch-fraenkischer-wald\/","name":"Naturpark Schw\u00e4bisch-Fr\u00e4nkischer Wald","description":"","potentialAction":[{"@type":"SearchAction","target":{"@type":"EntryPoint","urlTemplate":"https:\/\/www.naturparkmagazin.de\/schwaebisch-fraenkischer-wald\/?s={search_term_string}"},"query-input":"required name=search_term_string"}],"inLanguage":"de"},{"@type":"Person","@id":"https:\/\/www.naturparkmagazin.de\/schwaebisch-fraenkischer-wald\/#\/schema\/person\/f047a3702ae747fd7830cf8ac95e6066","name":"Naturpark-Team","sameAs":["http:\/\/www.naturpark-sfw.de","https:\/\/www.facebook.com\/naturparkSFW"],"url":"https:\/\/www.naturparkmagazin.de\/schwaebisch-fraenkischer-wald\/author\/bernharddrixler\/"}]}},"_links":{"self":[{"href":"https:\/\/www.naturparkmagazin.de\/schwaebisch-fraenkischer-wald\/wp-json\/wp\/v2\/posts\/7743"}],"collection":[{"href":"https:\/\/www.naturparkmagazin.de\/schwaebisch-fraenkischer-wald\/wp-json\/wp\/v2\/posts"}],"about":[{"href":"https:\/\/www.naturparkmagazin.de\/schwaebisch-fraenkischer-wald\/wp-json\/wp\/v2\/types\/post"}],"author":[{"embeddable":true,"href":"https:\/\/www.naturparkmagazin.de\/schwaebisch-fraenkischer-wald\/wp-json\/wp\/v2\/users\/25"}],"replies":[{"embeddable":true,"href":"https:\/\/www.naturparkmagazin.de\/schwaebisch-fraenkischer-wald\/wp-json\/wp\/v2\/comments?post=7743"}],"version-history":[{"count":3,"href":"https:\/\/www.naturparkmagazin.de\/schwaebisch-fraenkischer-wald\/wp-json\/wp\/v2\/posts\/7743\/revisions"}],"predecessor-version":[{"id":7746,"href":"https:\/\/www.naturparkmagazin.de\/schwaebisch-fraenkischer-wald\/wp-json\/wp\/v2\/posts\/7743\/revisions\/7746"}],"wp:attachment":[{"href":"https:\/\/www.naturparkmagazin.de\/schwaebisch-fraenkischer-wald\/wp-json\/wp\/v2\/media?parent=7743"}],"wp:term":[{"taxonomy":"category","embeddable":true,"href":"https:\/\/www.naturparkmagazin.de\/schwaebisch-fraenkischer-wald\/wp-json\/wp\/v2\/categories?post=7743"},{"taxonomy":"post_tag","embeddable":true,"href":"https:\/\/www.naturparkmagazin.de\/schwaebisch-fraenkischer-wald\/wp-json\/wp\/v2\/tags?post=7743"}],"curies":[{"name":"wp","href":"https:\/\/api.w.org\/{rel}","templated":true}]}}